{"id":30814,"date":"2019-12-30T12:34:44","date_gmt":"2019-12-30T11:34:44","guid":{"rendered":"https:\/\/conversesacatalunya.cat\/la-manca-de-natalitat-ja-ha-comencat-a-deteriorar-leconomia\/"},"modified":"2020-01-02T15:49:18","modified_gmt":"2020-01-02T14:49:18","slug":"la-falta-de-natalidad-ya-ha-empezado-a-deteriorar-la-economia","status":"publish","type":"post","link":"https:\/\/conversesacatalunya.cat\/es\/la-falta-de-natalidad-ya-ha-empezado-a-deteriorar-la-economia\/","title":{"rendered":"La falta de natalidad ya ha empezado a deteriorar la econom\u00eda"},"content":{"rendered":"<p><span style=\"display: inline !important; float: none; background-color: #f5f5f5; color: rgba(0, 0, 0, 0.87); font-family: 'Roboto',arial,sans-serif; font-size: 18px; font-style: normal; font-variant: normal; font-weight: 400; letter-spacing: normal; line-height: 28px; orphans: 2; text-align: left; text-decoration: none; text-indent: 0px; text-transform: none; -webkit-text-stroke-width: 0px; white-space: pre-wrap; word-spacing: 0px;\">Ya son visibles los efectos econ\u00f3micos que ocasiona la <a href=\"https:\/\/conversesacatalunya.cat\/natalitat-mortalitat-esperanca-de-vida-catalunya-clarament-pitjor-que-madrid\/\" target=\"_blank\" rel=\"noopener noreferrer\">baja natalidad<\/a> en nuestro pa\u00eds. El Banco de Espa\u00f1a ha hecho una previsi\u00f3n del crecimiento potencial a medio y largo <strong>plazo del 1,5%<\/strong>. Hay que recordar que en los \u00faltimos a\u00f1os estaba situado en el 3%. La causa seg\u00fan la alta instancia bancaria es la demograf\u00eda, que se a\u00f1ade al paro global que viene registrando la econom\u00eda.<\/span><\/p>\n<p><span style=\"display: inline !important; float: none; background-color: #f5f5f5; color: rgba(0, 0, 0, 0.87); font-family: 'Roboto',arial,sans-serif; font-size: 18px; font-style: normal; font-variant: normal; font-weight: 400; letter-spacing: normal; line-height: 28px; orphans: 2; text-align: left; text-decoration: none; text-indent: 0px; text-transform: none; -webkit-text-stroke-width: 0px; white-space: pre-wrap; word-spacing: 0px;\">Se puede pensar que hay suficiente con que se crezca en t\u00e9rminos de renta per c\u00e1pita porque este es un indicador de prosperidad. Es una simplificaci\u00f3n excesiva, porque la <strong>cantidad total <\/strong>del crecimiento tambi\u00e9n cuenta.<\/span><\/p>\n<p><span style=\"display: inline !important; float: none; background-color: #f5f5f5; color: rgba(0, 0, 0, 0.87); font-family: 'Roboto',arial,sans-serif; font-size: 18px; font-style: normal; font-variant: normal; font-weight: 400; letter-spacing: normal; line-height: 28px; orphans: 2; text-align: left; text-decoration: none; text-indent: 0px; text-transform: none; -webkit-text-stroke-width: 0px; white-space: pre-wrap; word-spacing: 0px;\">Si la poblaci\u00f3n crece muy poco, no digamos ya si decrece, el endeudamiento que tiene el pa\u00eds, muy elevado en nuestro caso porque se acerca al 100% del PIB, se distribuye con menos personas. Tambi\u00e9n desincentiva la inversi\u00f3n productiva, porque el mercado, sobre todo en determinantes segmentos, no crece. El ejemplo paradigm\u00e1tico es el de los electrodom\u00e9sticos o todo lo relacionado con el consumo de la infancia.<\/span><\/p>\n<p><span style=\"display: inline !important; float: none; background-color: #f5f5f5; color: rgba(0, 0, 0, 0.87); font-family: 'Roboto',arial,sans-serif; font-size: 18px; font-style: normal; font-variant: normal; font-weight: 400; letter-spacing: normal; line-height: 28px; orphans: 2; text-align: left; text-decoration: none; text-indent: 0px; text-transform: none; -webkit-text-stroke-width: 0px; white-space: pre-wrap; word-spacing: 0px;\">Una poblaci\u00f3n que envejece por falta de nacimientos es <strong>propensa a la deflaci\u00f3n<\/strong>. Este es el famoso escenario japon\u00e9s, al cual se encamina gran parte de Europa y de manera destacada Espa\u00f1a, y con ella Catalu\u00f1a. Tambi\u00e9n var\u00edan las pautas de consumo e inversi\u00f3n. Se consume menos, y el riesgo desaparece cada vez m\u00e1s del horizonte inversor, porque una poblaci\u00f3n de avanzada edad lo que busca sobre todo es seguridad.<\/span><\/p>\n<p><span style=\"display: inline !important; float: none; background-color: #f5f5f5; color: rgba(0, 0, 0, 0.87); font-family: 'Roboto',arial,sans-serif; font-size: 18px; font-style: normal; font-variant: normal; font-weight: 400; letter-spacing: normal; line-height: 28px; orphans: 2; text-align: left; text-decoration: none; text-indent: 0px; text-transform: none; -webkit-text-stroke-width: 0px; white-space: pre-wrap; word-spacing: 0px;\">Pagar las pensiones en este escenario se convierte en una tarea imposible sin recortes sustanciales. En nuestro caso, su coste crece a un<strong> ritmo del 8%<\/strong> sin deflactar, es decir, sin descontar los efectos de la inflaci\u00f3n. Pues bien, el PIB en estas mismas condiciones est\u00e1 creciendo a la mitad, y si nos atenemos a la previsi\u00f3n antes indicada del Banco de Espa\u00f1a, aun <strong>crecer\u00e1 a un ritmo inferior<\/strong>.<\/span><\/p>\n<p><span style=\"display: inline !important; float: none; background-color: #f5f5f5; color: rgba(0, 0, 0, 0.87); font-family: 'Roboto',arial,sans-serif; font-size: 18px; font-style: normal; font-variant: normal; font-weight: 400; letter-spacing: normal; line-height: 28px; orphans: 2; text-align: left; text-decoration: none; text-indent: 0px; text-transform: none; -webkit-text-stroke-width: 0px; white-space: pre-wrap; word-spacing: 0px;\">En definitiva, en una poblaci\u00f3n que crece poco, significa que los costes del funcionamiento y del endeudamiento se distribuir\u00e1n entre menos gente, y la relaci\u00f3n entre jubilados y trabajadores empeora. Se puede pensar que la soluci\u00f3n est\u00e1 en mejorar la productividad y es evidente que esta es una exigencia, pero que tiene unos efectos limitados. Primero, porque es el tal\u00f3n de Aquiles de la econom\u00eda de este pa\u00eds, y segundo, porque es pr\u00e1cticamente imposible, vista la experiencia, mantenerla <strong>de manera sostenida a un ritmo del 2%<\/strong>, que ser\u00eda lo necesario.<\/span><\/p>\n<p><span style=\"display: inline !important; float: none; background-color: #f5f5f5; color: rgba(0, 0, 0, 0.87); font-family: 'Roboto',arial,sans-serif; font-size: 18px; font-style: normal; font-variant: normal; font-weight: 400; letter-spacing: normal; line-height: 28px; orphans: 2; text-align: left; text-decoration: none; text-indent: 0px; text-transform: none; -webkit-text-stroke-width: 0px; white-space: pre-wrap; word-spacing: 0px;\">Se puede pensar que la soluci\u00f3n es la inmigraci\u00f3n como sustituto de la baja natalidad. Cuando esta visi\u00f3n <strong>se hace absoluta<\/strong>, y se prescinde de toda pol\u00edtica favorable a la familia y los hijos, caso de Espa\u00f1a, se incurre en un error de muy graves consecuencias, porque la inmigraci\u00f3n debe ser vista como una respuesta necesaria pero limitada, por dos razones fundamentales.<\/span><\/p>\n<p><span style=\"display: inline !important; float: none; background-color: #f5f5f5; color: rgba(0, 0, 0, 0.87); font-family: 'Roboto',arial,sans-serif; font-size: 18px; font-style: normal; font-variant: normal; font-weight: 400; letter-spacing: normal; line-height: 28px; orphans: 2; text-align: left; text-decoration: none; text-indent: 0px; text-transform: none; -webkit-text-stroke-width: 0px; white-space: pre-wrap; word-spacing: 0px;\">La primera, porque a partir de una determinada dimensi\u00f3n se genera un impacto cultural que se traduce pol\u00edticamente. Los pa\u00edses no asumen sin reacciones, como se ve en Europa y en EE. UU., fuertes corrientes migratorias de manera continuada. Pero es que adem\u00e1s hay una poderosa raz\u00f3n econ\u00f3mica. El personal inmigrante que acude a Espa\u00f1a se caracteriza por un<strong> capital humano claramente inferior<\/strong> al aut\u00f3ctono, como lo revelan los niveles salariales que perciben.<\/span><\/p>\n<p><span style=\"display: inline !important; float: none; background-color: #f5f5f5; color: rgba(0, 0, 0, 0.87); font-family: 'Roboto',arial,sans-serif; font-size: 18px; font-style: normal; font-variant: normal; font-weight: 400; letter-spacing: normal; line-height: 28px; orphans: 2; text-align: left; text-decoration: none; text-indent: 0px; text-transform: none; -webkit-text-stroke-width: 0px; white-space: pre-wrap; word-spacing: 0px;\">Este es un hecho evidente incluso en actividades que no requieren una gran formaci\u00f3n profesional. Fij\u00e9monos en un ejemplo concreto: un camarero de planta de un hotel de 4 o 5 estrellas que haga 25 a\u00f1os que trabaja, y por tanto dotado de una amplia experiencia, puede cobrar entre 1300 y 1500 euros al mes; mientras que un camarero contratado en el momento de salir de la crisis podr\u00eda ser un mileurista. En la actualidad se sit\u00faan en los 900 euros y adem\u00e1s tienen una larga lista de espera b\u00e1sicamente formada por inmigrantes.<\/span><\/p>\n<p><span style=\"display: inline !important; float: none; background-color: #f5f5f5; color: rgba(0, 0, 0, 0.87); font-family: 'Roboto',arial,sans-serif; font-size: 18px; font-style: normal; font-variant: normal; font-weight: 400; letter-spacing: normal; line-height: 28px; orphans: 2; text-align: left; text-decoration: none; text-indent: 0px; text-transform: none; -webkit-text-stroke-width: 0px; white-space: pre-wrap; word-spacing: 0px;\">Este deterioro salarial tiene dos consecuencias. Una, el hecho que provoca, no con car\u00e1cter general, pero s\u00ed en determinados trabajos, los menos cualificados, es una <strong>presi\u00f3n a la baja de los salarios<\/strong>. La otra cuesti\u00f3n es que este proceso de sustituci\u00f3n de trabajadores aut\u00f3ctonos por for\u00e1neos de menor retribuci\u00f3n <strong>castiga las expectativas de la Seguridad Social<\/strong>, porque se jubilan personas con pensiones medias que van creciendo, mientras que las aportaciones de los nuevos ocupados son menores. Esta din\u00e1mica es otro factor que desequilibra la Seguridad Social.<\/span><\/p>\n<p><span style=\"display: inline !important; float: none; background-color: #f5f5f5; color: rgba(0, 0, 0, 0.87); font-family: 'Roboto',arial,sans-serif; font-size: 18px; font-style: normal; font-variant: normal; font-weight: 400; letter-spacing: normal; line-height: 28px; orphans: 2; text-align: left; text-decoration: none; text-indent: 0px; text-transform: none; -webkit-text-stroke-width: 0px; white-space: pre-wrap; word-spacing: 0px;\">Todav\u00eda hay una tercera consecuencia de una emigraci\u00f3n masiva, como ya vivimos a principios de siglo. La abundancia de mano de obra barata lo que hace es incentivar las actividades econ\u00f3micas de baja productividad, lo contrario de lo que necesitamos. Finalmente se produce un desequilibrio en el mercado de trabajo. Por una parte, tenemos un n\u00famero creciente de inmigrantes ocupados. En 2018 <strong>la mitad del empleo creado<\/strong> fue para inmigrantes, seg\u00fan la EPA. Este es un indicador claro de lo que apunt\u00e1bamos antes: el est\u00edmulo a la econom\u00eda de baja calificaci\u00f3n. Asimismo, se produce un paro cr\u00f3nico entre los aut\u00f3ctonos por cualificados que est\u00e9n sobre todo entre los mayores de 50 a\u00f1os, y tambi\u00e9n entre la gente joven altamente cualificada, que recurre cada vez m\u00e1s a emigrar para buscar un trabajo en consonancia a sus conocimientos.<\/span><\/p>\n<p><span style=\"display: inline !important; float: none; background-color: #f5f5f5; color: rgba(0, 0, 0, 0.87); font-family: 'Roboto',arial,sans-serif; font-size: 18px; font-style: normal; font-variant: normal; font-weight: 400; letter-spacing: normal; line-height: 28px; orphans: 2; text-align: left; text-decoration: none; text-indent: 0px; text-transform: none; -webkit-text-stroke-width: 0px; white-space: pre-wrap; word-spacing: 0px;\">Esto significa que estamos \u00abimportando\u00bb personas con retribuciones a lo largo de su periodo de vida activa, que apenas cubrir\u00e1n los costes p\u00fablicos que generan en materia de salud, pensiones y otras prestaciones, al tiempo que \u00abexportamos\u00bb j\u00f3venes universitarios sobre los que se habr\u00e1 <strong>invertido un importante gasto p\u00fablico<\/strong> a trav\u00e9s de la escuela gratuita y la universidad casi gratuita.<\/span><\/p>\n","protected":false},"excerpt":{"rendered":"<p>Ya son visibles los efectos econ\u00f3micos que ocasiona la baja natalidad en nuestro pa\u00eds. El Banco de Espa\u00f1a ha hecho una previsi\u00f3n del crecimiento potencial a medio y largo plazo del 1,5%. Hay que recordar que en los \u00faltimos a\u00f1os estaba situado en el 3%. La causa seg\u00fan la alta instancia bancaria es la demograf\u00eda, que se a\u00f1ade al paro global que viene registrando la econom\u00eda. Se puede pensar que hay suficiente con que se crezca en t\u00e9rminos de renta per c\u00e1pita porque este es un indicador de prosperidad. Es una simplificaci\u00f3n excesiva, porque la cantidad total del crecimiento tambi\u00e9n cuenta. Si la poblaci\u00f3n crece muy poco, no digamos ya si decrece, el endeudamiento que tiene el pa\u00eds, muy elevado en nuestro caso porque se acerca al 100% del PIB, se distribuye con menos personas. Tambi\u00e9n desincentiva la inversi\u00f3n productiva, porque el mercado, sobre todo en determinantes segmentos, no crece. El ejemplo paradigm\u00e1tico es el de los electrodom\u00e9sticos o todo lo relacionado con el consumo de la infancia. Una poblaci\u00f3n que envejece por falta de nacimientos es propensa a la deflaci\u00f3n. Este es el famoso escenario japon\u00e9s, al cual se encamina gran parte de Europa y de manera destacada Espa\u00f1a, y con ella Catalu\u00f1a. Tambi\u00e9n var\u00edan las pautas de consumo e inversi\u00f3n. Se consume menos, y el riesgo desaparece cada vez m\u00e1s del horizonte inversor, porque una poblaci\u00f3n de avanzada edad lo que busca sobre todo es seguridad. Pagar las pensiones en este escenario se convierte en una tarea imposible sin recortes sustanciales. En nuestro caso, su coste crece a un ritmo del 8% sin deflactar, es decir, sin descontar los efectos de la inflaci\u00f3n. Pues bien, el PIB en estas mismas condiciones est\u00e1 creciendo a la mitad, y si nos atenemos a la previsi\u00f3n antes indicada del Banco de Espa\u00f1a, aun crecer\u00e1 a un ritmo inferior. En definitiva, en una poblaci\u00f3n que crece poco, significa que los costes del funcionamiento y del endeudamiento se distribuir\u00e1n entre menos gente, y la relaci\u00f3n entre jubilados y trabajadores empeora. Se puede pensar que la soluci\u00f3n est\u00e1 en mejorar la productividad y es evidente que esta es una exigencia, pero que tiene unos efectos limitados. Primero, porque es el tal\u00f3n de Aquiles de la econom\u00eda de este pa\u00eds, y segundo, porque es pr\u00e1cticamente imposible, vista la experiencia, mantenerla de manera sostenida a un ritmo del 2%, que ser\u00eda lo necesario. Se puede pensar que la soluci\u00f3n es la inmigraci\u00f3n como sustituto de la baja natalidad. Cuando esta visi\u00f3n se hace absoluta, y se prescinde de toda pol\u00edtica favorable a la familia y los hijos, caso de Espa\u00f1a, se incurre en un error de muy graves consecuencias, porque la inmigraci\u00f3n debe ser vista como una respuesta necesaria pero limitada, por dos razones fundamentales. La primera, porque a partir de una determinada dimensi\u00f3n se genera un impacto cultural que se traduce pol\u00edticamente. Los pa\u00edses no asumen sin reacciones, como se ve en Europa y en EE. UU., fuertes corrientes migratorias de manera continuada. Pero es que adem\u00e1s hay una poderosa raz\u00f3n econ\u00f3mica. El personal inmigrante que acude a Espa\u00f1a se caracteriza por un capital humano claramente inferior al aut\u00f3ctono, como lo revelan los niveles salariales que perciben. Este es un hecho evidente incluso en actividades que no requieren una gran formaci\u00f3n profesional. Fij\u00e9monos en un ejemplo concreto: un camarero de planta de un hotel de 4 o 5 estrellas que haga 25 a\u00f1os que trabaja, y por tanto dotado de una amplia experiencia, puede cobrar entre 1300 y 1500 euros al mes; mientras que un camarero contratado en el momento de salir de la crisis podr\u00eda ser un mileurista. En la actualidad se sit\u00faan en los 900 euros y adem\u00e1s tienen una larga lista de espera b\u00e1sicamente formada por inmigrantes. Este deterioro salarial tiene dos consecuencias. Una, el hecho que provoca, no con car\u00e1cter general, pero s\u00ed en determinados trabajos, los menos cualificados, es una presi\u00f3n a la baja de los salarios. La otra cuesti\u00f3n es que este proceso de sustituci\u00f3n de trabajadores aut\u00f3ctonos por for\u00e1neos de menor retribuci\u00f3n castiga las expectativas de la Seguridad Social, porque se jubilan personas con pensiones medias que van creciendo, mientras que las aportaciones de los nuevos ocupados son menores. Esta din\u00e1mica es otro factor que desequilibra la Seguridad Social. Todav\u00eda hay una tercera consecuencia de una emigraci\u00f3n masiva, como ya vivimos a principios de siglo. La abundancia de mano de obra barata lo que hace es incentivar las actividades econ\u00f3micas de baja productividad, lo contrario de lo que necesitamos. Finalmente se produce un desequilibrio en el mercado de trabajo. Por una parte, tenemos un n\u00famero creciente de inmigrantes ocupados. En 2018 la mitad del empleo creado fue para inmigrantes, seg\u00fan la EPA. Este es un indicador claro de lo que apunt\u00e1bamos antes: el est\u00edmulo a la econom\u00eda de baja calificaci\u00f3n. Asimismo, se produce un paro cr\u00f3nico entre los aut\u00f3ctonos por cualificados que est\u00e9n sobre todo entre los mayores de 50 a\u00f1os, y tambi\u00e9n entre la gente joven altamente cualificada, que recurre cada vez m\u00e1s a emigrar para buscar un trabajo en consonancia a sus conocimientos. Esto significa que estamos \u00abimportando\u00bb personas con retribuciones a lo largo de su periodo de vida activa, que apenas cubrir\u00e1n los costes p\u00fablicos que generan en materia de salud, pensiones y otras prestaciones, al tiempo que \u00abexportamos\u00bb j\u00f3venes universitarios sobre los que se habr\u00e1 invertido un importante gasto p\u00fablico a trav\u00e9s de la escuela gratuita y la universidad casi gratuita.<\/p>\n","protected":false},"author":2,"featured_media":30693,"comment_status":"open","ping_status":"open","sticky":false,"template":"","format":"standard","meta":{"_FSMCFIC_featured_image_caption":"","_FSMCFIC_featured_image_nocaption":"","_FSMCFIC_featured_image_hide":"","footnotes":""},"categories":[806],"tags":[1312,831,1315,1316],"class_list":["post-30814","post","type-post","status-publish","format-standard","has-post-thumbnail","hentry","category-punts-claus-del-dia-es","tag-demografia-es","tag-economia-es","tag-natalidad","tag-trabajo-precario"],"yoast_head":"<!-- This site is optimized with the Yoast SEO plugin v26.8 - https:\/\/yoast.com\/product\/yoast-seo-wordpress\/ -->\n<title>La falta de natalidad ya ha empezado a deteriorar la econom\u00eda - Converses a Catalunya<\/title>\n<meta name=\"robots\" content=\"index, follow, max-snippet:-1, max-image-preview:large, max-video-preview:-1\" \/>\n<link rel=\"canonical\" href=\"https:\/\/conversesacatalunya.cat\/es\/la-falta-de-natalidad-ya-ha-empezado-a-deteriorar-la-economia\/\" \/>\n<meta property=\"og:locale\" content=\"es_ES\" \/>\n<meta property=\"og:type\" content=\"article\" \/>\n<meta property=\"og:title\" content=\"La falta de natalidad ya ha empezado a deteriorar la econom\u00eda - Converses a Catalunya\" \/>\n<meta property=\"og:description\" content=\"Ya son visibles los efectos econ\u00f3micos que ocasiona la baja natalidad en nuestro pa\u00eds. El Banco de Espa\u00f1a ha hecho una previsi\u00f3n del crecimiento potencial a medio y largo plazo del 1,5%. Hay que recordar que en los \u00faltimos a\u00f1os estaba situado en el 3%. La causa seg\u00fan la alta instancia bancaria es la demograf\u00eda, que se a\u00f1ade al paro global que viene registrando la econom\u00eda. Se puede pensar que hay suficiente con que se crezca en t\u00e9rminos de renta per c\u00e1pita porque este es un indicador de prosperidad. Es una simplificaci\u00f3n excesiva, porque la cantidad total del crecimiento tambi\u00e9n cuenta. Si la poblaci\u00f3n crece muy poco, no digamos ya si decrece, el endeudamiento que tiene el pa\u00eds, muy elevado en nuestro caso porque se acerca al 100% del PIB, se distribuye con menos personas. Tambi\u00e9n desincentiva la inversi\u00f3n productiva, porque el mercado, sobre todo en determinantes segmentos, no crece. El ejemplo paradigm\u00e1tico es el de los electrodom\u00e9sticos o todo lo relacionado con el consumo de la infancia. Una poblaci\u00f3n que envejece por falta de nacimientos es propensa a la deflaci\u00f3n. Este es el famoso escenario japon\u00e9s, al cual se encamina gran parte de Europa y de manera destacada Espa\u00f1a, y con ella Catalu\u00f1a. Tambi\u00e9n var\u00edan las pautas de consumo e inversi\u00f3n. Se consume menos, y el riesgo desaparece cada vez m\u00e1s del horizonte inversor, porque una poblaci\u00f3n de avanzada edad lo que busca sobre todo es seguridad. Pagar las pensiones en este escenario se convierte en una tarea imposible sin recortes sustanciales. En nuestro caso, su coste crece a un ritmo del 8% sin deflactar, es decir, sin descontar los efectos de la inflaci\u00f3n. Pues bien, el PIB en estas mismas condiciones est\u00e1 creciendo a la mitad, y si nos atenemos a la previsi\u00f3n antes indicada del Banco de Espa\u00f1a, aun crecer\u00e1 a un ritmo inferior. En definitiva, en una poblaci\u00f3n que crece poco, significa que los costes del funcionamiento y del endeudamiento se distribuir\u00e1n entre menos gente, y la relaci\u00f3n entre jubilados y trabajadores empeora. Se puede pensar que la soluci\u00f3n est\u00e1 en mejorar la productividad y es evidente que esta es una exigencia, pero que tiene unos efectos limitados. Primero, porque es el tal\u00f3n de Aquiles de la econom\u00eda de este pa\u00eds, y segundo, porque es pr\u00e1cticamente imposible, vista la experiencia, mantenerla de manera sostenida a un ritmo del 2%, que ser\u00eda lo necesario. Se puede pensar que la soluci\u00f3n es la inmigraci\u00f3n como sustituto de la baja natalidad. Cuando esta visi\u00f3n se hace absoluta, y se prescinde de toda pol\u00edtica favorable a la familia y los hijos, caso de Espa\u00f1a, se incurre en un error de muy graves consecuencias, porque la inmigraci\u00f3n debe ser vista como una respuesta necesaria pero limitada, por dos razones fundamentales. La primera, porque a partir de una determinada dimensi\u00f3n se genera un impacto cultural que se traduce pol\u00edticamente. Los pa\u00edses no asumen sin reacciones, como se ve en Europa y en EE. UU., fuertes corrientes migratorias de manera continuada. Pero es que adem\u00e1s hay una poderosa raz\u00f3n econ\u00f3mica. El personal inmigrante que acude a Espa\u00f1a se caracteriza por un capital humano claramente inferior al aut\u00f3ctono, como lo revelan los niveles salariales que perciben. Este es un hecho evidente incluso en actividades que no requieren una gran formaci\u00f3n profesional. Fij\u00e9monos en un ejemplo concreto: un camarero de planta de un hotel de 4 o 5 estrellas que haga 25 a\u00f1os que trabaja, y por tanto dotado de una amplia experiencia, puede cobrar entre 1300 y 1500 euros al mes; mientras que un camarero contratado en el momento de salir de la crisis podr\u00eda ser un mileurista. En la actualidad se sit\u00faan en los 900 euros y adem\u00e1s tienen una larga lista de espera b\u00e1sicamente formada por inmigrantes. Este deterioro salarial tiene dos consecuencias. Una, el hecho que provoca, no con car\u00e1cter general, pero s\u00ed en determinados trabajos, los menos cualificados, es una presi\u00f3n a la baja de los salarios. La otra cuesti\u00f3n es que este proceso de sustituci\u00f3n de trabajadores aut\u00f3ctonos por for\u00e1neos de menor retribuci\u00f3n castiga las expectativas de la Seguridad Social, porque se jubilan personas con pensiones medias que van creciendo, mientras que las aportaciones de los nuevos ocupados son menores. Esta din\u00e1mica es otro factor que desequilibra la Seguridad Social. Todav\u00eda hay una tercera consecuencia de una emigraci\u00f3n masiva, como ya vivimos a principios de siglo. La abundancia de mano de obra barata lo que hace es incentivar las actividades econ\u00f3micas de baja productividad, lo contrario de lo que necesitamos. Finalmente se produce un desequilibrio en el mercado de trabajo. Por una parte, tenemos un n\u00famero creciente de inmigrantes ocupados. En 2018 la mitad del empleo creado fue para inmigrantes, seg\u00fan la EPA. Este es un indicador claro de lo que apunt\u00e1bamos antes: el est\u00edmulo a la econom\u00eda de baja calificaci\u00f3n. Asimismo, se produce un paro cr\u00f3nico entre los aut\u00f3ctonos por cualificados que est\u00e9n sobre todo entre los mayores de 50 a\u00f1os, y tambi\u00e9n entre la gente joven altamente cualificada, que recurre cada vez m\u00e1s a emigrar para buscar un trabajo en consonancia a sus conocimientos. Esto significa que estamos \u00abimportando\u00bb personas con retribuciones a lo largo de su periodo de vida activa, que apenas cubrir\u00e1n los costes p\u00fablicos que generan en materia de salud, pensiones y otras prestaciones, al tiempo que \u00abexportamos\u00bb j\u00f3venes universitarios sobre los que se habr\u00e1 invertido un importante gasto p\u00fablico a trav\u00e9s de la escuela gratuita y la universidad casi gratuita.\" \/>\n<meta property=\"og:url\" content=\"https:\/\/conversesacatalunya.cat\/es\/la-falta-de-natalidad-ya-ha-empezado-a-deteriorar-la-economia\/\" \/>\n<meta property=\"og:site_name\" content=\"Converses a Catalunya\" \/>\n<meta property=\"article:published_time\" content=\"2019-12-30T11:34:44+00:00\" \/>\n<meta property=\"article:modified_time\" content=\"2020-01-02T14:49:18+00:00\" \/>\n<meta property=\"og:image\" content=\"https:\/\/conversesacatalunya.cat\/wp-content\/uploads\/2019\/12\/manca-de-natalitat-1.jpg\" \/>\n\t<meta property=\"og:image:width\" content=\"800\" \/>\n\t<meta property=\"og:image:height\" content=\"455\" \/>\n\t<meta property=\"og:image:type\" content=\"image\/jpeg\" \/>\n<meta name=\"author\" content=\"conversesacatalunya\" \/>\n<meta name=\"twitter:card\" content=\"summary_large_image\" \/>\n<meta name=\"twitter:label1\" content=\"Escrito por\" \/>\n\t<meta name=\"twitter:data1\" content=\"conversesacatalunya\" \/>\n\t<meta name=\"twitter:label2\" content=\"Tiempo de lectura\" \/>\n\t<meta name=\"twitter:data2\" content=\"5 minutos\" \/>\n<script type=\"application\/ld+json\" class=\"yoast-schema-graph\">{\"@context\":\"https:\/\/schema.org\",\"@graph\":[{\"@type\":\"Article\",\"@id\":\"https:\/\/conversesacatalunya.cat\/es\/la-falta-de-natalidad-ya-ha-empezado-a-deteriorar-la-economia\/#article\",\"isPartOf\":{\"@id\":\"https:\/\/conversesacatalunya.cat\/es\/la-falta-de-natalidad-ya-ha-empezado-a-deteriorar-la-economia\/\"},\"author\":{\"name\":\"conversesacatalunya\",\"@id\":\"https:\/\/conversesacatalunya.cat\/#\/schema\/person\/7e24d1e54a2785373ddcb275eae5ed99\"},\"headline\":\"La falta de natalidad ya ha empezado a deteriorar la econom\u00eda\",\"datePublished\":\"2019-12-30T11:34:44+00:00\",\"dateModified\":\"2020-01-02T14:49:18+00:00\",\"mainEntityOfPage\":{\"@id\":\"https:\/\/conversesacatalunya.cat\/es\/la-falta-de-natalidad-ya-ha-empezado-a-deteriorar-la-economia\/\"},\"wordCount\":996,\"commentCount\":1,\"image\":{\"@id\":\"https:\/\/conversesacatalunya.cat\/es\/la-falta-de-natalidad-ya-ha-empezado-a-deteriorar-la-economia\/#primaryimage\"},\"thumbnailUrl\":\"https:\/\/conversesacatalunya.cat\/wp-content\/uploads\/2019\/12\/manca-de-natalitat-1.jpg\",\"keywords\":[\"Demografia\",\"Economia\",\"Natalidad\",\"Trabajo precario\"],\"articleSection\":[\"Punts clau del dia (ES)\"],\"inLanguage\":\"es\",\"potentialAction\":[{\"@type\":\"CommentAction\",\"name\":\"Comment\",\"target\":[\"https:\/\/conversesacatalunya.cat\/es\/la-falta-de-natalidad-ya-ha-empezado-a-deteriorar-la-economia\/#respond\"]}]},{\"@type\":\"WebPage\",\"@id\":\"https:\/\/conversesacatalunya.cat\/es\/la-falta-de-natalidad-ya-ha-empezado-a-deteriorar-la-economia\/\",\"url\":\"https:\/\/conversesacatalunya.cat\/es\/la-falta-de-natalidad-ya-ha-empezado-a-deteriorar-la-economia\/\",\"name\":\"La falta de natalidad ya ha empezado a deteriorar la econom\u00eda - Converses a Catalunya\",\"isPartOf\":{\"@id\":\"https:\/\/conversesacatalunya.cat\/#website\"},\"primaryImageOfPage\":{\"@id\":\"https:\/\/conversesacatalunya.cat\/es\/la-falta-de-natalidad-ya-ha-empezado-a-deteriorar-la-economia\/#primaryimage\"},\"image\":{\"@id\":\"https:\/\/conversesacatalunya.cat\/es\/la-falta-de-natalidad-ya-ha-empezado-a-deteriorar-la-economia\/#primaryimage\"},\"thumbnailUrl\":\"https:\/\/conversesacatalunya.cat\/wp-content\/uploads\/2019\/12\/manca-de-natalitat-1.jpg\",\"datePublished\":\"2019-12-30T11:34:44+00:00\",\"dateModified\":\"2020-01-02T14:49:18+00:00\",\"author\":{\"@id\":\"https:\/\/conversesacatalunya.cat\/#\/schema\/person\/7e24d1e54a2785373ddcb275eae5ed99\"},\"breadcrumb\":{\"@id\":\"https:\/\/conversesacatalunya.cat\/es\/la-falta-de-natalidad-ya-ha-empezado-a-deteriorar-la-economia\/#breadcrumb\"},\"inLanguage\":\"es\",\"potentialAction\":[{\"@type\":\"ReadAction\",\"target\":[\"https:\/\/conversesacatalunya.cat\/es\/la-falta-de-natalidad-ya-ha-empezado-a-deteriorar-la-economia\/\"]}]},{\"@type\":\"ImageObject\",\"inLanguage\":\"es\",\"@id\":\"https:\/\/conversesacatalunya.cat\/es\/la-falta-de-natalidad-ya-ha-empezado-a-deteriorar-la-economia\/#primaryimage\",\"url\":\"https:\/\/conversesacatalunya.cat\/wp-content\/uploads\/2019\/12\/manca-de-natalitat-1.jpg\",\"contentUrl\":\"https:\/\/conversesacatalunya.cat\/wp-content\/uploads\/2019\/12\/manca-de-natalitat-1.jpg\",\"width\":800,\"height\":455,\"caption\":\"manca de natalitat\"},{\"@type\":\"BreadcrumbList\",\"@id\":\"https:\/\/conversesacatalunya.cat\/es\/la-falta-de-natalidad-ya-ha-empezado-a-deteriorar-la-economia\/#breadcrumb\",\"itemListElement\":[{\"@type\":\"ListItem\",\"position\":1,\"name\":\"Inici\",\"item\":\"https:\/\/conversesacatalunya.cat\/es\/\"},{\"@type\":\"ListItem\",\"position\":2,\"name\":\"La falta de natalidad ya ha empezado a deteriorar la econom\u00eda\"}]},{\"@type\":\"WebSite\",\"@id\":\"https:\/\/conversesacatalunya.cat\/#website\",\"url\":\"https:\/\/conversesacatalunya.cat\/\",\"name\":\"Converses a Catalunya\",\"description\":\"\",\"potentialAction\":[{\"@type\":\"SearchAction\",\"target\":{\"@type\":\"EntryPoint\",\"urlTemplate\":\"https:\/\/conversesacatalunya.cat\/?s={search_term_string}\"},\"query-input\":{\"@type\":\"PropertyValueSpecification\",\"valueRequired\":true,\"valueName\":\"search_term_string\"}}],\"inLanguage\":\"es\"},{\"@type\":\"Person\",\"@id\":\"https:\/\/conversesacatalunya.cat\/#\/schema\/person\/7e24d1e54a2785373ddcb275eae5ed99\",\"name\":\"conversesacatalunya\",\"image\":{\"@type\":\"ImageObject\",\"inLanguage\":\"es\",\"@id\":\"https:\/\/conversesacatalunya.cat\/#\/schema\/person\/image\/\",\"url\":\"https:\/\/conversesacatalunya.cat\/wp-content\/litespeed\/avatar\/febdfeeec89d950f01c748045a981dd2.jpg?ver=1777314535\",\"contentUrl\":\"https:\/\/conversesacatalunya.cat\/wp-content\/litespeed\/avatar\/febdfeeec89d950f01c748045a981dd2.jpg?ver=1777314535\",\"caption\":\"conversesacatalunya\"},\"url\":\"https:\/\/conversesacatalunya.cat\/es\/author\/carme_catala\/\"}]}<\/script>\n<!-- \/ Yoast SEO plugin. -->","yoast_head_json":{"title":"La falta de natalidad ya ha empezado a deteriorar la econom\u00eda - Converses a Catalunya","robots":{"index":"index","follow":"follow","max-snippet":"max-snippet:-1","max-image-preview":"max-image-preview:large","max-video-preview":"max-video-preview:-1"},"canonical":"https:\/\/conversesacatalunya.cat\/es\/la-falta-de-natalidad-ya-ha-empezado-a-deteriorar-la-economia\/","og_locale":"es_ES","og_type":"article","og_title":"La falta de natalidad ya ha empezado a deteriorar la econom\u00eda - Converses a Catalunya","og_description":"Ya son visibles los efectos econ\u00f3micos que ocasiona la baja natalidad en nuestro pa\u00eds. El Banco de Espa\u00f1a ha hecho una previsi\u00f3n del crecimiento potencial a medio y largo plazo del 1,5%. Hay que recordar que en los \u00faltimos a\u00f1os estaba situado en el 3%. La causa seg\u00fan la alta instancia bancaria es la demograf\u00eda, que se a\u00f1ade al paro global que viene registrando la econom\u00eda. Se puede pensar que hay suficiente con que se crezca en t\u00e9rminos de renta per c\u00e1pita porque este es un indicador de prosperidad. Es una simplificaci\u00f3n excesiva, porque la cantidad total del crecimiento tambi\u00e9n cuenta. Si la poblaci\u00f3n crece muy poco, no digamos ya si decrece, el endeudamiento que tiene el pa\u00eds, muy elevado en nuestro caso porque se acerca al 100% del PIB, se distribuye con menos personas. Tambi\u00e9n desincentiva la inversi\u00f3n productiva, porque el mercado, sobre todo en determinantes segmentos, no crece. El ejemplo paradigm\u00e1tico es el de los electrodom\u00e9sticos o todo lo relacionado con el consumo de la infancia. Una poblaci\u00f3n que envejece por falta de nacimientos es propensa a la deflaci\u00f3n. Este es el famoso escenario japon\u00e9s, al cual se encamina gran parte de Europa y de manera destacada Espa\u00f1a, y con ella Catalu\u00f1a. Tambi\u00e9n var\u00edan las pautas de consumo e inversi\u00f3n. Se consume menos, y el riesgo desaparece cada vez m\u00e1s del horizonte inversor, porque una poblaci\u00f3n de avanzada edad lo que busca sobre todo es seguridad. Pagar las pensiones en este escenario se convierte en una tarea imposible sin recortes sustanciales. En nuestro caso, su coste crece a un ritmo del 8% sin deflactar, es decir, sin descontar los efectos de la inflaci\u00f3n. Pues bien, el PIB en estas mismas condiciones est\u00e1 creciendo a la mitad, y si nos atenemos a la previsi\u00f3n antes indicada del Banco de Espa\u00f1a, aun crecer\u00e1 a un ritmo inferior. En definitiva, en una poblaci\u00f3n que crece poco, significa que los costes del funcionamiento y del endeudamiento se distribuir\u00e1n entre menos gente, y la relaci\u00f3n entre jubilados y trabajadores empeora. Se puede pensar que la soluci\u00f3n est\u00e1 en mejorar la productividad y es evidente que esta es una exigencia, pero que tiene unos efectos limitados. Primero, porque es el tal\u00f3n de Aquiles de la econom\u00eda de este pa\u00eds, y segundo, porque es pr\u00e1cticamente imposible, vista la experiencia, mantenerla de manera sostenida a un ritmo del 2%, que ser\u00eda lo necesario. Se puede pensar que la soluci\u00f3n es la inmigraci\u00f3n como sustituto de la baja natalidad. Cuando esta visi\u00f3n se hace absoluta, y se prescinde de toda pol\u00edtica favorable a la familia y los hijos, caso de Espa\u00f1a, se incurre en un error de muy graves consecuencias, porque la inmigraci\u00f3n debe ser vista como una respuesta necesaria pero limitada, por dos razones fundamentales. La primera, porque a partir de una determinada dimensi\u00f3n se genera un impacto cultural que se traduce pol\u00edticamente. Los pa\u00edses no asumen sin reacciones, como se ve en Europa y en EE. UU., fuertes corrientes migratorias de manera continuada. Pero es que adem\u00e1s hay una poderosa raz\u00f3n econ\u00f3mica. El personal inmigrante que acude a Espa\u00f1a se caracteriza por un capital humano claramente inferior al aut\u00f3ctono, como lo revelan los niveles salariales que perciben. Este es un hecho evidente incluso en actividades que no requieren una gran formaci\u00f3n profesional. Fij\u00e9monos en un ejemplo concreto: un camarero de planta de un hotel de 4 o 5 estrellas que haga 25 a\u00f1os que trabaja, y por tanto dotado de una amplia experiencia, puede cobrar entre 1300 y 1500 euros al mes; mientras que un camarero contratado en el momento de salir de la crisis podr\u00eda ser un mileurista. En la actualidad se sit\u00faan en los 900 euros y adem\u00e1s tienen una larga lista de espera b\u00e1sicamente formada por inmigrantes. Este deterioro salarial tiene dos consecuencias. Una, el hecho que provoca, no con car\u00e1cter general, pero s\u00ed en determinados trabajos, los menos cualificados, es una presi\u00f3n a la baja de los salarios. La otra cuesti\u00f3n es que este proceso de sustituci\u00f3n de trabajadores aut\u00f3ctonos por for\u00e1neos de menor retribuci\u00f3n castiga las expectativas de la Seguridad Social, porque se jubilan personas con pensiones medias que van creciendo, mientras que las aportaciones de los nuevos ocupados son menores. Esta din\u00e1mica es otro factor que desequilibra la Seguridad Social. Todav\u00eda hay una tercera consecuencia de una emigraci\u00f3n masiva, como ya vivimos a principios de siglo. La abundancia de mano de obra barata lo que hace es incentivar las actividades econ\u00f3micas de baja productividad, lo contrario de lo que necesitamos. Finalmente se produce un desequilibrio en el mercado de trabajo. Por una parte, tenemos un n\u00famero creciente de inmigrantes ocupados. En 2018 la mitad del empleo creado fue para inmigrantes, seg\u00fan la EPA. Este es un indicador claro de lo que apunt\u00e1bamos antes: el est\u00edmulo a la econom\u00eda de baja calificaci\u00f3n. Asimismo, se produce un paro cr\u00f3nico entre los aut\u00f3ctonos por cualificados que est\u00e9n sobre todo entre los mayores de 50 a\u00f1os, y tambi\u00e9n entre la gente joven altamente cualificada, que recurre cada vez m\u00e1s a emigrar para buscar un trabajo en consonancia a sus conocimientos. Esto significa que estamos \u00abimportando\u00bb personas con retribuciones a lo largo de su periodo de vida activa, que apenas cubrir\u00e1n los costes p\u00fablicos que generan en materia de salud, pensiones y otras prestaciones, al tiempo que \u00abexportamos\u00bb j\u00f3venes universitarios sobre los que se habr\u00e1 invertido un importante gasto p\u00fablico a trav\u00e9s de la escuela gratuita y la universidad casi gratuita.","og_url":"https:\/\/conversesacatalunya.cat\/es\/la-falta-de-natalidad-ya-ha-empezado-a-deteriorar-la-economia\/","og_site_name":"Converses a Catalunya","article_published_time":"2019-12-30T11:34:44+00:00","article_modified_time":"2020-01-02T14:49:18+00:00","og_image":[{"width":800,"height":455,"url":"https:\/\/conversesacatalunya.cat\/wp-content\/uploads\/2019\/12\/manca-de-natalitat-1.jpg","type":"image\/jpeg"}],"author":"conversesacatalunya","twitter_card":"summary_large_image","twitter_misc":{"Escrito por":"conversesacatalunya","Tiempo de lectura":"5 minutos"},"schema":{"@context":"https:\/\/schema.org","@graph":[{"@type":"Article","@id":"https:\/\/conversesacatalunya.cat\/es\/la-falta-de-natalidad-ya-ha-empezado-a-deteriorar-la-economia\/#article","isPartOf":{"@id":"https:\/\/conversesacatalunya.cat\/es\/la-falta-de-natalidad-ya-ha-empezado-a-deteriorar-la-economia\/"},"author":{"name":"conversesacatalunya","@id":"https:\/\/conversesacatalunya.cat\/#\/schema\/person\/7e24d1e54a2785373ddcb275eae5ed99"},"headline":"La falta de natalidad ya ha empezado a deteriorar la econom\u00eda","datePublished":"2019-12-30T11:34:44+00:00","dateModified":"2020-01-02T14:49:18+00:00","mainEntityOfPage":{"@id":"https:\/\/conversesacatalunya.cat\/es\/la-falta-de-natalidad-ya-ha-empezado-a-deteriorar-la-economia\/"},"wordCount":996,"commentCount":1,"image":{"@id":"https:\/\/conversesacatalunya.cat\/es\/la-falta-de-natalidad-ya-ha-empezado-a-deteriorar-la-economia\/#primaryimage"},"thumbnailUrl":"https:\/\/conversesacatalunya.cat\/wp-content\/uploads\/2019\/12\/manca-de-natalitat-1.jpg","keywords":["Demografia","Economia","Natalidad","Trabajo precario"],"articleSection":["Punts clau del dia (ES)"],"inLanguage":"es","potentialAction":[{"@type":"CommentAction","name":"Comment","target":["https:\/\/conversesacatalunya.cat\/es\/la-falta-de-natalidad-ya-ha-empezado-a-deteriorar-la-economia\/#respond"]}]},{"@type":"WebPage","@id":"https:\/\/conversesacatalunya.cat\/es\/la-falta-de-natalidad-ya-ha-empezado-a-deteriorar-la-economia\/","url":"https:\/\/conversesacatalunya.cat\/es\/la-falta-de-natalidad-ya-ha-empezado-a-deteriorar-la-economia\/","name":"La falta de natalidad ya ha empezado a deteriorar la econom\u00eda - Converses a Catalunya","isPartOf":{"@id":"https:\/\/conversesacatalunya.cat\/#website"},"primaryImageOfPage":{"@id":"https:\/\/conversesacatalunya.cat\/es\/la-falta-de-natalidad-ya-ha-empezado-a-deteriorar-la-economia\/#primaryimage"},"image":{"@id":"https:\/\/conversesacatalunya.cat\/es\/la-falta-de-natalidad-ya-ha-empezado-a-deteriorar-la-economia\/#primaryimage"},"thumbnailUrl":"https:\/\/conversesacatalunya.cat\/wp-content\/uploads\/2019\/12\/manca-de-natalitat-1.jpg","datePublished":"2019-12-30T11:34:44+00:00","dateModified":"2020-01-02T14:49:18+00:00","author":{"@id":"https:\/\/conversesacatalunya.cat\/#\/schema\/person\/7e24d1e54a2785373ddcb275eae5ed99"},"breadcrumb":{"@id":"https:\/\/conversesacatalunya.cat\/es\/la-falta-de-natalidad-ya-ha-empezado-a-deteriorar-la-economia\/#breadcrumb"},"inLanguage":"es","potentialAction":[{"@type":"ReadAction","target":["https:\/\/conversesacatalunya.cat\/es\/la-falta-de-natalidad-ya-ha-empezado-a-deteriorar-la-economia\/"]}]},{"@type":"ImageObject","inLanguage":"es","@id":"https:\/\/conversesacatalunya.cat\/es\/la-falta-de-natalidad-ya-ha-empezado-a-deteriorar-la-economia\/#primaryimage","url":"https:\/\/conversesacatalunya.cat\/wp-content\/uploads\/2019\/12\/manca-de-natalitat-1.jpg","contentUrl":"https:\/\/conversesacatalunya.cat\/wp-content\/uploads\/2019\/12\/manca-de-natalitat-1.jpg","width":800,"height":455,"caption":"manca de natalitat"},{"@type":"BreadcrumbList","@id":"https:\/\/conversesacatalunya.cat\/es\/la-falta-de-natalidad-ya-ha-empezado-a-deteriorar-la-economia\/#breadcrumb","itemListElement":[{"@type":"ListItem","position":1,"name":"Inici","item":"https:\/\/conversesacatalunya.cat\/es\/"},{"@type":"ListItem","position":2,"name":"La falta de natalidad ya ha empezado a deteriorar la econom\u00eda"}]},{"@type":"WebSite","@id":"https:\/\/conversesacatalunya.cat\/#website","url":"https:\/\/conversesacatalunya.cat\/","name":"Converses a Catalunya","description":"","potentialAction":[{"@type":"SearchAction","target":{"@type":"EntryPoint","urlTemplate":"https:\/\/conversesacatalunya.cat\/?s={search_term_string}"},"query-input":{"@type":"PropertyValueSpecification","valueRequired":true,"valueName":"search_term_string"}}],"inLanguage":"es"},{"@type":"Person","@id":"https:\/\/conversesacatalunya.cat\/#\/schema\/person\/7e24d1e54a2785373ddcb275eae5ed99","name":"conversesacatalunya","image":{"@type":"ImageObject","inLanguage":"es","@id":"https:\/\/conversesacatalunya.cat\/#\/schema\/person\/image\/","url":"https:\/\/conversesacatalunya.cat\/wp-content\/litespeed\/avatar\/febdfeeec89d950f01c748045a981dd2.jpg?ver=1777314535","contentUrl":"https:\/\/conversesacatalunya.cat\/wp-content\/litespeed\/avatar\/febdfeeec89d950f01c748045a981dd2.jpg?ver=1777314535","caption":"conversesacatalunya"},"url":"https:\/\/conversesacatalunya.cat\/es\/author\/carme_catala\/"}]}},"wps_subtitle":"","_links":{"self":[{"href":"https:\/\/conversesacatalunya.cat\/es\/wp-json\/wp\/v2\/posts\/30814","targetHints":{"allow":["GET"]}}],"collection":[{"href":"https:\/\/conversesacatalunya.cat\/es\/wp-json\/wp\/v2\/posts"}],"about":[{"href":"https:\/\/conversesacatalunya.cat\/es\/wp-json\/wp\/v2\/types\/post"}],"author":[{"embeddable":true,"href":"https:\/\/conversesacatalunya.cat\/es\/wp-json\/wp\/v2\/users\/2"}],"replies":[{"embeddable":true,"href":"https:\/\/conversesacatalunya.cat\/es\/wp-json\/wp\/v2\/comments?post=30814"}],"version-history":[{"count":2,"href":"https:\/\/conversesacatalunya.cat\/es\/wp-json\/wp\/v2\/posts\/30814\/revisions"}],"predecessor-version":[{"id":30815,"href":"https:\/\/conversesacatalunya.cat\/es\/wp-json\/wp\/v2\/posts\/30814\/revisions\/30815"}],"wp:featuredmedia":[{"embeddable":true,"href":"https:\/\/conversesacatalunya.cat\/es\/wp-json\/wp\/v2\/media\/30693"}],"wp:attachment":[{"href":"https:\/\/conversesacatalunya.cat\/es\/wp-json\/wp\/v2\/media?parent=30814"}],"wp:term":[{"taxonomy":"category","embeddable":true,"href":"https:\/\/conversesacatalunya.cat\/es\/wp-json\/wp\/v2\/categories?post=30814"},{"taxonomy":"post_tag","embeddable":true,"href":"https:\/\/conversesacatalunya.cat\/es\/wp-json\/wp\/v2\/tags?post=30814"}],"curies":[{"name":"wp","href":"https:\/\/api.w.org\/{rel}","templated":true}]}}