{"id":30341,"date":"2020-01-02T08:56:49","date_gmt":"2020-01-02T07:56:49","guid":{"rendered":"https:\/\/conversesacatalunya.cat\/?p=30341"},"modified":"2019-12-31T09:09:10","modified_gmt":"2019-12-31T08:09:10","slug":"la-conferencia-2020-2022-sobre-el-futuro-de-europa","status":"publish","type":"post","link":"https:\/\/conversesacatalunya.cat\/es\/la-conferencia-2020-2022-sobre-el-futuro-de-europa\/","title":{"rendered":"La conferencia 2020-2022 sobre el futuro de Europa"},"content":{"rendered":"<p><span style=\"display: inline !important; float: none; background-color: #f5f5f5; color: rgba(0, 0, 0, 0.87); font-family: 'Roboto',arial,sans-serif; font-size: 18px; font-style: normal; font-variant: normal; font-weight: 400; letter-spacing: normal; line-height: 28px; orphans: 2; text-align: left; text-decoration: none; text-indent: 0px; text-transform: none; -webkit-text-stroke-width: 0px; white-space: pre-wrap; word-spacing: 0px;\">En su discurso de presentaci\u00f3n de julio de 2019 ante el Parlamento Europeo, la nueva Presidenta de la Comisi\u00f3n Europea, <a href=\"https:\/\/conversesacatalunya.cat\/es\/conseguira-la-nueva-presidenta-de-la-comision-reactivar-europa\/\" target=\"_blank\" rel=\"noopener noreferrer\">Ursula von der Leyen,<\/a> <strong>se comprometi\u00f3 a convocar en 2020 una Conferencia sobre el Futuro de Europa, abierta a la participaci\u00f3n de toda la ciudadan\u00eda europea<\/strong>. La Conferencia se encargar\u00eda de establecer los grandes objetivos de futuro de la UE, que ser\u00edan implementados a partir del 2022. <\/span><\/p>\n<p><span style=\"display: inline !important; float: none; background-color: #f5f5f5; color: rgba(0, 0, 0, 0.87); font-family: 'Roboto',arial,sans-serif; font-size: 18px; font-style: normal; font-variant: normal; font-weight: 400; letter-spacing: normal; line-height: 28px; orphans: 2; text-align: left; text-decoration: none; text-indent: 0px; text-transform: none; -webkit-text-stroke-width: 0px; white-space: pre-wrap; word-spacing: 0px;\">No se descartan reformas institucionales importantes que necesitar\u00edan cambios en los Tratados de la UE, con la idea de mejorar el funcionamiento de las instituciones europeas, perfeccionar la democracia en el interior de la UE, recuperar la confianza de los ciudadanos y avanzar hacia la uni\u00f3n pol\u00edtica. <strong>La Conferencia se ha constituido formalmente a finales de 2019 en forma de un nuevo organismo pol\u00edtico<\/strong> formado por la Comisi\u00f3n Europea, el Consejo Europeo y el Parlamento Europeo.<\/span><\/p>\n<p><img fetchpriority=\"high\" decoding=\"async\" class=\"alignnone size-full wp-image-30723\" src=\"https:\/\/conversesacatalunya.cat\/wp-content\/uploads\/2019\/12\/Europa.jpg\" alt=\"\" width=\"275\" height=\"183\" \/><\/p>\n<p><span style=\"display: inline !important; float: none; background-color: #f5f5f5; color: rgba(0, 0, 0, 0.87); font-family: 'Roboto',arial,sans-serif; font-size: 18px; font-style: normal; font-variant: normal; font-weight: 400; letter-spacing: normal; line-height: 28px; orphans: 2; text-align: left; text-decoration: none; text-indent: 0px; text-transform: none; -webkit-text-stroke-width: 0px; white-space: pre-wrap; word-spacing: 0px;\">Esta ambiciosa iniciativa se ha visto oportunamente avalada por la presentaci\u00f3n el mes de noviembre de 2019 de un documento informal (<em>non paper<\/em>) elaborado por los dos Estados clave de la UE: Alemania y Francia. <strong>Este documento propone cinco principios gu\u00eda para la Conferencia:<\/strong> <\/span><\/p>\n<ol>\n<li><span style=\"display: inline !important; float: none; background-color: #f5f5f5; color: rgba(0, 0, 0, 0.87); font-family: 'Roboto',arial,sans-serif; font-size: 18px; font-style: normal; font-variant: normal; font-weight: 400; letter-spacing: normal; line-height: 28px; orphans: 2; text-align: left; text-decoration: none; text-indent: 0px; text-transform: none; -webkit-text-stroke-width: 0px; white-space: pre-wrap; word-spacing: 0px;\">Amplia participaci\u00f3n institucional.<\/span><\/li>\n<li><span style=\"display: inline !important; float: none; background-color: #f5f5f5; color: rgba(0, 0, 0, 0.87); font-family: 'Roboto',arial,sans-serif; font-size: 18px; font-style: normal; font-variant: normal; font-weight: 400; letter-spacing: normal; line-height: 28px; orphans: 2; text-align: left; text-decoration: none; text-indent: 0px; text-transform: none; -webkit-text-stroke-width: 0px; white-space: pre-wrap; word-spacing: 0px;\">Tratamiento de todas las cuestiones clave sobre el futuro de Europa: papel de Europa en el mundo, defensa, vecindad, migraciones, modelo econ\u00f3mico, estado del bienestar, valores europeos, etc.<\/span><\/li>\n<li><span style=\"display: inline !important; float: none; background-color: #f5f5f5; color: rgba(0, 0, 0, 0.87); font-family: 'Roboto',arial,sans-serif; font-size: 18px; font-style: normal; font-variant: normal; font-weight: 400; letter-spacing: normal; line-height: 28px; orphans: 2; text-align: left; text-decoration: none; text-indent: 0px; text-transform: none; -webkit-text-stroke-width: 0px; white-space: pre-wrap; word-spacing: 0px;\">Dos fases: una preparatoria (desde principios de 2020 hasta el verano de 2020, bajo la presidencia alemana de la UE) y una definitiva (verano de 2020 hasta primeros de 2022, bajo la presidencia francesa de la UE).<\/span><\/li>\n<li><span style=\"display: inline !important; float: none; background-color: #f5f5f5; color: rgba(0, 0, 0, 0.87); font-family: 'Roboto',arial,sans-serif; font-size: 18px; font-style: normal; font-variant: normal; font-weight: 400; letter-spacing: normal; line-height: 28px; orphans: 2; text-align: left; text-decoration: none; text-indent: 0px; text-transform: none; -webkit-text-stroke-width: 0px; white-space: pre-wrap; word-spacing: 0px;\">Plena participaci\u00f3n de la ciudadan\u00eda europea.<\/span><\/li>\n<li><span style=\"display: inline !important; float: none; background-color: #f5f5f5; color: rgba(0, 0, 0, 0.87); font-family: 'Roboto',arial,sans-serif; font-size: 18px; font-style: normal; font-variant: normal; font-weight: 400; letter-spacing: normal; line-height: 28px; orphans: 2; text-align: left; text-decoration: none; text-indent: 0px; text-transform: none; -webkit-text-stroke-width: 0px; white-space: pre-wrap; word-spacing: 0px;\">Resultados esperados: documento de recomendaciones, debate institucional y ejecuci\u00f3n de las conclusiones por parte del Consejo Europeo.<\/span><\/li>\n<\/ol>\n<p><span style=\"display: inline !important; float: none; background-color: #f5f5f5; color: rgba(0, 0, 0, 0.87); font-family: 'Roboto',arial,sans-serif; font-size: 18px; font-style: normal; font-variant: normal; font-weight: 400; letter-spacing: normal; line-height: 28px; orphans: 2; text-align: left; text-decoration: none; text-indent: 0px; text-transform: none; -webkit-text-stroke-width: 0px; white-space: pre-wrap; word-spacing: 0px;\">Analistas y medios est\u00e1n divididos sobre la posible trascendencia de la Conferencia.<strong> Los m\u00e1s proclives al proyecto han escrito que estamos ante uno de los grandes proyectos de la Comisi\u00f3n<\/strong> de Ursula von der Leyden, que ha llegado la hora de que la UE mejore su funcionamiento institucional y avance de manera decidida hacia la uni\u00f3n pol\u00edtica; se ve claro que Francia y Alemania quieren reformas importantes en el funcionamiento de la UE y por eso mismo esta Conferencia no puede fallar. <\/span><\/p>\n<p><span style=\"display: inline !important; float: none; background-color: #f5f5f5; color: rgba(0, 0, 0, 0.87); font-family: 'Roboto',arial,sans-serif; font-size: 18px; font-style: normal; font-variant: normal; font-weight: 400; letter-spacing: normal; line-height: 28px; orphans: 2; text-align: left; text-decoration: none; text-indent: 0px; text-transform: none; -webkit-text-stroke-width: 0px; white-space: pre-wrap; word-spacing: 0px;\"><strong>Los m\u00e1s cr\u00edticos argumentan que estamos ante otro intento de reforma que podr\u00eda acabar con fracaso<\/strong>, como ya fue de manera muy especial el caso del tratado constitucional que no pas\u00f3 la prueba de los referendums en los Estados miembros de la UE la 2005. Pensamos que hoy una revisi\u00f3n importante de los tratados podr\u00eda necesitar la aprobaci\u00f3n de 42 c\u00e1maras parlamentarias y de 17 tribunales de justicia nacionales, adem\u00e1s de 21 referendums en los Estados miembros.<\/span><\/p>\n<p><span style=\"display: inline !important; float: none; background-color: #f5f5f5; color: rgba(0, 0, 0, 0.87); font-family: 'Roboto',arial,sans-serif; font-size: 18px; font-style: normal; font-variant: normal; font-weight: 400; letter-spacing: normal; line-height: 28px; orphans: 2; text-align: left; text-decoration: none; text-indent: 0px; text-transform: none; -webkit-text-stroke-width: 0px; white-space: pre-wrap; word-spacing: 0px;\"><strong>Otro intento no exitoso<\/strong>, de menor trascendencia que el anterior, es <strong>el <a href=\"https:\/\/ec.europa.eu\/spain\/news\/future-of-europe_es\" target=\"_blank\" rel=\"noopener noreferrer\">Libro Blanco<\/a> sobre el futuro de la UE que public\u00f3 la Comisi\u00f3n Juncker el primero de marzo de 2017<\/strong>. Contemplaba <strong>cinco escenarios de futuro<\/strong>: 1) Seguir igual, 2) Centrarse en el mercado \u00fanico, 3) Los que quieran avanzar m\u00e1s, que lo hagan (la Europa de diferentes velocidades), 4) Hacer menos, pero de manera m\u00e1s eficiente, y 5) Hacer mucho m\u00e1s conjuntamente y avanzar de manera decidida hacia la unidad. <strong>La Declaraci\u00f3n de Roma del Consejo Europeo del 25 de marzo del 2017 se mostr\u00f3 favorable al tercer escenario, pero no fue capaz de fijar una hoja de ruta precisa.<\/strong><\/span><\/p>\n<p><span style=\"display: inline !important; float: none; background-color: #f5f5f5; color: rgba(0, 0, 0, 0.87); font-family: 'Roboto',arial,sans-serif; font-size: 18px; font-style: normal; font-variant: normal; font-weight: 400; letter-spacing: normal; line-height: 28px; orphans: 2; text-align: left; text-decoration: none; text-indent: 0px; text-transform: none; -webkit-text-stroke-width: 0px; white-space: pre-wrap; word-spacing: 0px;\">Se mire como se mire, actualmente <strong>hay cuatro elementos que pesan mucho sobre el futuro de la UE<\/strong>. Uno es <strong>la amenaza que el nacionalpopulismo<\/strong> supone tanto para la legitimidad del proyecto europeo en su conjunto como para la propia continuidad de la democracia liberal representativa en Europa. El segundo es la <strong>necesidad de gestionar el Brexit<\/strong> de manera que se llegue a una nueva relaci\u00f3n satisfactoria con el Reino Unido y, al mismo tiempo, permita a los Estados miembros restantes dentro de la UE avanzar de manera m\u00e1s decidida hacia la unidad. El tercero es que <strong>la <\/strong><\/span><span style=\"background-color: #f5f5f5; color: rgba(0, 0, 0, 0.87); font-family: Roboto, arial, sans-serif; font-size: 18px; white-space: pre-wrap;\"><strong>UE est\u00e1 demasiado alejada de sus ciudadanos<\/strong> y se ha olvidado de aquellas palabras tan esperanzadoras de Jean Monnet, seg\u00fan las cuales la integraci\u00f3n europea ven\u00eda a unir personas y no estados. El cuarto elemento es que, si<strong> la UE no avanza de manera decidida hacia la unidad<\/strong>, el futuro que le espera es la irrelevancia. <a href=\"https:\/\/en.wikipedia.org\/wiki\/Enrico_Letta\" target=\"_blank\" rel=\"noopener noreferrer\">Enrico Letta<\/a>, ex jefe de gobierno de Italia, lo expres\u00f3 as\u00ed recientemente en Barcelona: \u00abSi Europa no avanza r\u00e1pidamente hacia la unidad, s\u00f3lo le quedar\u00e1 decidir en \u00faltimo t\u00e9rmino de qui\u00e9n quiere ser colonia, si los Estados Unidos o China\u00bb.<\/span><\/p>\n<p><span style=\"display: inline !important; float: none; background-color: #f5f5f5; color: rgba(0, 0, 0, 0.87); font-family: 'Roboto',arial,sans-serif; font-size: 18px; font-style: normal; font-variant: normal; font-weight: 400; letter-spacing: normal; line-height: 28px; orphans: 2; text-align: left; text-decoration: none; text-indent: 0px; text-transform: none; -webkit-text-stroke-width: 0px; white-space: pre-wrap; word-spacing: 0px;\"><strong>La plena participaci\u00f3n de la ciudadan\u00eda en la Conferencia sobre el Futuro de Europa es una condici\u00f3n necesaria para el \u00e9xito de la Conferencia<\/strong>. Otra es naturalmente la voluntad pol\u00edtica de los Estados miembros de la UE para sacar adelante las recomendaciones que llegar\u00edan al entramado institucional europeo provenientes de la sociedad civil europea y hacer o\u00edr nuestra voz.<\/span><\/p>\n<p><span style=\"display: inline !important; float: none; background-color: #f5f5f5; color: rgba(0, 0, 0, 0.87); font-family: 'Roboto',arial,sans-serif; font-size: 18px; font-style: normal; font-variant: normal; font-weight: 400; letter-spacing: normal; line-height: 28px; orphans: 2; text-align: left; text-decoration: none; text-indent: 0px; text-transform: none; -webkit-text-stroke-width: 0px; white-space: pre-wrap; word-spacing: 0px;\">Nos encontramos ante una cuesti\u00f3n importante que tendremos que ir siguiendo con atenci\u00f3n.<\/span><\/p>\n","protected":false},"excerpt":{"rendered":"<p>En su discurso de presentaci\u00f3n de julio de 2019 ante el Parlamento Europeo, la nueva Presidenta de la Comisi\u00f3n Europea, Ursula von der Leyen, se comprometi\u00f3 a convocar en 2020 una Conferencia sobre el Futuro de Europa, abierta a la participaci\u00f3n de toda la ciudadan\u00eda europea. La Conferencia se encargar\u00eda de establecer los grandes objetivos de futuro de la UE, que ser\u00edan implementados a partir del 2022. No se descartan reformas institucionales importantes que necesitar\u00edan cambios en los Tratados de la UE, con la idea de mejorar el funcionamiento de las instituciones europeas, perfeccionar la democracia en el interior de la UE, recuperar la confianza de los ciudadanos y avanzar hacia la uni\u00f3n pol\u00edtica. La Conferencia se ha constituido formalmente a finales de 2019 en forma de un nuevo organismo pol\u00edtico formado por la Comisi\u00f3n Europea, el Consejo Europeo y el Parlamento Europeo. Esta ambiciosa iniciativa se ha visto oportunamente avalada por la presentaci\u00f3n el mes de noviembre de 2019 de un documento informal (non paper) elaborado por los dos Estados clave de la UE: Alemania y Francia. Este documento propone cinco principios gu\u00eda para la Conferencia: Amplia participaci\u00f3n institucional. Tratamiento de todas las cuestiones clave sobre el futuro de Europa: papel de Europa en el mundo, defensa, vecindad, migraciones, modelo econ\u00f3mico, estado del bienestar, valores europeos, etc. Dos fases: una preparatoria (desde principios de 2020 hasta el verano de 2020, bajo la presidencia alemana de la UE) y una definitiva (verano de 2020 hasta primeros de 2022, bajo la presidencia francesa de la UE). Plena participaci\u00f3n de la ciudadan\u00eda europea. Resultados esperados: documento de recomendaciones, debate institucional y ejecuci\u00f3n de las conclusiones por parte del Consejo Europeo. Analistas y medios est\u00e1n divididos sobre la posible trascendencia de la Conferencia. Los m\u00e1s proclives al proyecto han escrito que estamos ante uno de los grandes proyectos de la Comisi\u00f3n de Ursula von der Leyden, que ha llegado la hora de que la UE mejore su funcionamiento institucional y avance de manera decidida hacia la uni\u00f3n pol\u00edtica; se ve claro que Francia y Alemania quieren reformas importantes en el funcionamiento de la UE y por eso mismo esta Conferencia no puede fallar. Los m\u00e1s cr\u00edticos argumentan que estamos ante otro intento de reforma que podr\u00eda acabar con fracaso, como ya fue de manera muy especial el caso del tratado constitucional que no pas\u00f3 la prueba de los referendums en los Estados miembros de la UE la 2005. Pensamos que hoy una revisi\u00f3n importante de los tratados podr\u00eda necesitar la aprobaci\u00f3n de 42 c\u00e1maras parlamentarias y de 17 tribunales de justicia nacionales, adem\u00e1s de 21 referendums en los Estados miembros. Otro intento no exitoso, de menor trascendencia que el anterior, es el Libro Blanco sobre el futuro de la UE que public\u00f3 la Comisi\u00f3n Juncker el primero de marzo de 2017. Contemplaba cinco escenarios de futuro: 1) Seguir igual, 2) Centrarse en el mercado \u00fanico, 3) Los que quieran avanzar m\u00e1s, que lo hagan (la Europa de diferentes velocidades), 4) Hacer menos, pero de manera m\u00e1s eficiente, y 5) Hacer mucho m\u00e1s conjuntamente y avanzar de manera decidida hacia la unidad. La Declaraci\u00f3n de Roma del Consejo Europeo del 25 de marzo del 2017 se mostr\u00f3 favorable al tercer escenario, pero no fue capaz de fijar una hoja de ruta precisa. Se mire como se mire, actualmente hay cuatro elementos que pesan mucho sobre el futuro de la UE. Uno es la amenaza que el nacionalpopulismo supone tanto para la legitimidad del proyecto europeo en su conjunto como para la propia continuidad de la democracia liberal representativa en Europa. El segundo es la necesidad de gestionar el Brexit de manera que se llegue a una nueva relaci\u00f3n satisfactoria con el Reino Unido y, al mismo tiempo, permita a los Estados miembros restantes dentro de la UE avanzar de manera m\u00e1s decidida hacia la unidad. El tercero es que la UE est\u00e1 demasiado alejada de sus ciudadanos y se ha olvidado de aquellas palabras tan esperanzadoras de Jean Monnet, seg\u00fan las cuales la integraci\u00f3n europea ven\u00eda a unir personas y no estados. El cuarto elemento es que, si la UE no avanza de manera decidida hacia la unidad, el futuro que le espera es la irrelevancia. Enrico Letta, ex jefe de gobierno de Italia, lo expres\u00f3 as\u00ed recientemente en Barcelona: \u00abSi Europa no avanza r\u00e1pidamente hacia la unidad, s\u00f3lo le quedar\u00e1 decidir en \u00faltimo t\u00e9rmino de qui\u00e9n quiere ser colonia, si los Estados Unidos o China\u00bb. La plena participaci\u00f3n de la ciudadan\u00eda en la Conferencia sobre el Futuro de Europa es una condici\u00f3n necesaria para el \u00e9xito de la Conferencia. Otra es naturalmente la voluntad pol\u00edtica de los Estados miembros de la UE para sacar adelante las recomendaciones que llegar\u00edan al entramado institucional europeo provenientes de la sociedad civil europea y hacer o\u00edr nuestra voz. Nos encontramos ante una cuesti\u00f3n importante que tendremos que ir siguiendo con atenci\u00f3n.<\/p>\n","protected":false},"author":38,"featured_media":30393,"comment_status":"open","ping_status":"open","sticky":false,"template":"","format":"standard","meta":{"_FSMCFIC_featured_image_caption":"","_FSMCFIC_featured_image_nocaption":"","_FSMCFIC_featured_image_hide":"","footnotes":""},"categories":[798],"tags":[1285,1286,1061],"class_list":["post-30341","post","type-post","status-publish","format-standard","has-post-thumbnail","hentry","category-pro-europa-es","tag-conferencia-europea-es","tag-juncker-es","tag-ursula-von-der-leyen-es"],"yoast_head":"<!-- This site is optimized with the Yoast SEO plugin v26.8 - https:\/\/yoast.com\/product\/yoast-seo-wordpress\/ -->\n<title>La conferencia 2020-2022 sobre el futuro de Europa - Converses a Catalunya<\/title>\n<meta name=\"description\" content=\"convocar en 2020 una Conferencia sobre el Futuro de Europa, . La Conferencia se encargar\u00eda de establecer los grandes objetivos de futuro de la UE el 2022\" \/>\n<meta name=\"robots\" content=\"index, follow, max-snippet:-1, max-image-preview:large, max-video-preview:-1\" \/>\n<link rel=\"canonical\" href=\"https:\/\/conversesacatalunya.cat\/es\/la-conferencia-2020-2022-sobre-el-futuro-de-europa\/\" \/>\n<meta property=\"og:locale\" content=\"es_ES\" \/>\n<meta property=\"og:type\" content=\"article\" \/>\n<meta property=\"og:title\" content=\"La conferencia 2020-2022 sobre el futuro de Europa - Converses a Catalunya\" \/>\n<meta property=\"og:description\" content=\"convocar en 2020 una Conferencia sobre el Futuro de Europa, . La Conferencia se encargar\u00eda de establecer los grandes objetivos de futuro de la UE el 2022\" \/>\n<meta property=\"og:url\" content=\"https:\/\/conversesacatalunya.cat\/es\/la-conferencia-2020-2022-sobre-el-futuro-de-europa\/\" \/>\n<meta property=\"og:site_name\" content=\"Converses a Catalunya\" \/>\n<meta property=\"article:published_time\" content=\"2020-01-02T07:56:49+00:00\" \/>\n<meta property=\"og:image\" content=\"https:\/\/conversesacatalunya.cat\/wp-content\/uploads\/2019\/12\/34915294-bruselas-07-de-octubre-2014-edificio-del-parlamento-europeo-el-7-de-octubre-de-2014-en-bruselas-b\u00e9lgic.jpg\" \/>\n\t<meta property=\"og:image:width\" content=\"1300\" \/>\n\t<meta property=\"og:image:height\" content=\"864\" \/>\n\t<meta property=\"og:image:type\" content=\"image\/jpeg\" \/>\n<meta name=\"author\" content=\"Victor Pou\" \/>\n<meta name=\"twitter:card\" content=\"summary_large_image\" \/>\n<meta name=\"twitter:label1\" content=\"Escrito por\" \/>\n\t<meta name=\"twitter:data1\" content=\"Victor Pou\" \/>\n\t<meta name=\"twitter:label2\" content=\"Tiempo de lectura\" \/>\n\t<meta name=\"twitter:data2\" content=\"4 minutos\" \/>\n<script type=\"application\/ld+json\" class=\"yoast-schema-graph\">{\"@context\":\"https:\/\/schema.org\",\"@graph\":[{\"@type\":\"Article\",\"@id\":\"https:\/\/conversesacatalunya.cat\/es\/la-conferencia-2020-2022-sobre-el-futuro-de-europa\/#article\",\"isPartOf\":{\"@id\":\"https:\/\/conversesacatalunya.cat\/es\/la-conferencia-2020-2022-sobre-el-futuro-de-europa\/\"},\"author\":{\"name\":\"Victor Pou\",\"@id\":\"https:\/\/conversesacatalunya.cat\/#\/schema\/person\/1b0082ee920b837be791bee630d460b2\"},\"headline\":\"La conferencia 2020-2022 sobre el futuro de Europa\",\"datePublished\":\"2020-01-02T07:56:49+00:00\",\"mainEntityOfPage\":{\"@id\":\"https:\/\/conversesacatalunya.cat\/es\/la-conferencia-2020-2022-sobre-el-futuro-de-europa\/\"},\"wordCount\":854,\"commentCount\":1,\"image\":{\"@id\":\"https:\/\/conversesacatalunya.cat\/es\/la-conferencia-2020-2022-sobre-el-futuro-de-europa\/#primaryimage\"},\"thumbnailUrl\":\"https:\/\/conversesacatalunya.cat\/wp-content\/uploads\/2019\/12\/34915294-bruselas-07-de-octubre-2014-edificio-del-parlamento-europeo-el-7-de-octubre-de-2014-en-bruselas-b\u00e9lgic.jpg\",\"keywords\":[\"Confer\u00e8ncia europea\",\"Juncker\",\"Ursula von der Leyen\"],\"articleSection\":[\"Pro Europa (ES)\"],\"inLanguage\":\"es\",\"potentialAction\":[{\"@type\":\"CommentAction\",\"name\":\"Comment\",\"target\":[\"https:\/\/conversesacatalunya.cat\/es\/la-conferencia-2020-2022-sobre-el-futuro-de-europa\/#respond\"]}]},{\"@type\":\"WebPage\",\"@id\":\"https:\/\/conversesacatalunya.cat\/es\/la-conferencia-2020-2022-sobre-el-futuro-de-europa\/\",\"url\":\"https:\/\/conversesacatalunya.cat\/es\/la-conferencia-2020-2022-sobre-el-futuro-de-europa\/\",\"name\":\"La conferencia 2020-2022 sobre el futuro de Europa - Converses a Catalunya\",\"isPartOf\":{\"@id\":\"https:\/\/conversesacatalunya.cat\/#website\"},\"primaryImageOfPage\":{\"@id\":\"https:\/\/conversesacatalunya.cat\/es\/la-conferencia-2020-2022-sobre-el-futuro-de-europa\/#primaryimage\"},\"image\":{\"@id\":\"https:\/\/conversesacatalunya.cat\/es\/la-conferencia-2020-2022-sobre-el-futuro-de-europa\/#primaryimage\"},\"thumbnailUrl\":\"https:\/\/conversesacatalunya.cat\/wp-content\/uploads\/2019\/12\/34915294-bruselas-07-de-octubre-2014-edificio-del-parlamento-europeo-el-7-de-octubre-de-2014-en-bruselas-b\u00e9lgic.jpg\",\"datePublished\":\"2020-01-02T07:56:49+00:00\",\"author\":{\"@id\":\"https:\/\/conversesacatalunya.cat\/#\/schema\/person\/1b0082ee920b837be791bee630d460b2\"},\"description\":\"convocar en 2020 una Conferencia sobre el Futuro de Europa, . La Conferencia se encargar\u00eda de establecer los grandes objetivos de futuro de la UE el 2022\",\"breadcrumb\":{\"@id\":\"https:\/\/conversesacatalunya.cat\/es\/la-conferencia-2020-2022-sobre-el-futuro-de-europa\/#breadcrumb\"},\"inLanguage\":\"es\",\"potentialAction\":[{\"@type\":\"ReadAction\",\"target\":[\"https:\/\/conversesacatalunya.cat\/es\/la-conferencia-2020-2022-sobre-el-futuro-de-europa\/\"]}]},{\"@type\":\"ImageObject\",\"inLanguage\":\"es\",\"@id\":\"https:\/\/conversesacatalunya.cat\/es\/la-conferencia-2020-2022-sobre-el-futuro-de-europa\/#primaryimage\",\"url\":\"https:\/\/conversesacatalunya.cat\/wp-content\/uploads\/2019\/12\/34915294-bruselas-07-de-octubre-2014-edificio-del-parlamento-europeo-el-7-de-octubre-de-2014-en-bruselas-b\u00e9lgic.jpg\",\"contentUrl\":\"https:\/\/conversesacatalunya.cat\/wp-content\/uploads\/2019\/12\/34915294-bruselas-07-de-octubre-2014-edificio-del-parlamento-europeo-el-7-de-octubre-de-2014-en-bruselas-b\u00e9lgic.jpg\",\"width\":1300,\"height\":864},{\"@type\":\"BreadcrumbList\",\"@id\":\"https:\/\/conversesacatalunya.cat\/es\/la-conferencia-2020-2022-sobre-el-futuro-de-europa\/#breadcrumb\",\"itemListElement\":[{\"@type\":\"ListItem\",\"position\":1,\"name\":\"Inici\",\"item\":\"https:\/\/conversesacatalunya.cat\/es\/\"},{\"@type\":\"ListItem\",\"position\":2,\"name\":\"La conferencia 2020-2022 sobre el futuro de Europa\"}]},{\"@type\":\"WebSite\",\"@id\":\"https:\/\/conversesacatalunya.cat\/#website\",\"url\":\"https:\/\/conversesacatalunya.cat\/\",\"name\":\"Converses a Catalunya\",\"description\":\"\",\"potentialAction\":[{\"@type\":\"SearchAction\",\"target\":{\"@type\":\"EntryPoint\",\"urlTemplate\":\"https:\/\/conversesacatalunya.cat\/?s={search_term_string}\"},\"query-input\":{\"@type\":\"PropertyValueSpecification\",\"valueRequired\":true,\"valueName\":\"search_term_string\"}}],\"inLanguage\":\"es\"},{\"@type\":\"Person\",\"@id\":\"https:\/\/conversesacatalunya.cat\/#\/schema\/person\/1b0082ee920b837be791bee630d460b2\",\"name\":\"Victor Pou\",\"image\":{\"@type\":\"ImageObject\",\"inLanguage\":\"es\",\"@id\":\"https:\/\/conversesacatalunya.cat\/#\/schema\/person\/image\/\",\"url\":\"https:\/\/conversesacatalunya.cat\/wp-content\/litespeed\/avatar\/b9b32a5f987117ce72836d050f735d2b.jpg?ver=1777366285\",\"contentUrl\":\"https:\/\/conversesacatalunya.cat\/wp-content\/litespeed\/avatar\/b9b32a5f987117ce72836d050f735d2b.jpg?ver=1777366285\",\"caption\":\"Victor Pou\"},\"url\":\"https:\/\/conversesacatalunya.cat\/es\/author\/victor_pou\/\"}]}<\/script>\n<!-- \/ Yoast SEO plugin. -->","yoast_head_json":{"title":"La conferencia 2020-2022 sobre el futuro de Europa - Converses a Catalunya","description":"convocar en 2020 una Conferencia sobre el Futuro de Europa, . La Conferencia se encargar\u00eda de establecer los grandes objetivos de futuro de la UE el 2022","robots":{"index":"index","follow":"follow","max-snippet":"max-snippet:-1","max-image-preview":"max-image-preview:large","max-video-preview":"max-video-preview:-1"},"canonical":"https:\/\/conversesacatalunya.cat\/es\/la-conferencia-2020-2022-sobre-el-futuro-de-europa\/","og_locale":"es_ES","og_type":"article","og_title":"La conferencia 2020-2022 sobre el futuro de Europa - Converses a Catalunya","og_description":"convocar en 2020 una Conferencia sobre el Futuro de Europa, . La Conferencia se encargar\u00eda de establecer los grandes objetivos de futuro de la UE el 2022","og_url":"https:\/\/conversesacatalunya.cat\/es\/la-conferencia-2020-2022-sobre-el-futuro-de-europa\/","og_site_name":"Converses a Catalunya","article_published_time":"2020-01-02T07:56:49+00:00","og_image":[{"width":1300,"height":864,"url":"https:\/\/conversesacatalunya.cat\/wp-content\/uploads\/2019\/12\/34915294-bruselas-07-de-octubre-2014-edificio-del-parlamento-europeo-el-7-de-octubre-de-2014-en-bruselas-b\u00e9lgic.jpg","type":"image\/jpeg"}],"author":"Victor Pou","twitter_card":"summary_large_image","twitter_misc":{"Escrito por":"Victor Pou","Tiempo de lectura":"4 minutos"},"schema":{"@context":"https:\/\/schema.org","@graph":[{"@type":"Article","@id":"https:\/\/conversesacatalunya.cat\/es\/la-conferencia-2020-2022-sobre-el-futuro-de-europa\/#article","isPartOf":{"@id":"https:\/\/conversesacatalunya.cat\/es\/la-conferencia-2020-2022-sobre-el-futuro-de-europa\/"},"author":{"name":"Victor Pou","@id":"https:\/\/conversesacatalunya.cat\/#\/schema\/person\/1b0082ee920b837be791bee630d460b2"},"headline":"La conferencia 2020-2022 sobre el futuro de Europa","datePublished":"2020-01-02T07:56:49+00:00","mainEntityOfPage":{"@id":"https:\/\/conversesacatalunya.cat\/es\/la-conferencia-2020-2022-sobre-el-futuro-de-europa\/"},"wordCount":854,"commentCount":1,"image":{"@id":"https:\/\/conversesacatalunya.cat\/es\/la-conferencia-2020-2022-sobre-el-futuro-de-europa\/#primaryimage"},"thumbnailUrl":"https:\/\/conversesacatalunya.cat\/wp-content\/uploads\/2019\/12\/34915294-bruselas-07-de-octubre-2014-edificio-del-parlamento-europeo-el-7-de-octubre-de-2014-en-bruselas-b\u00e9lgic.jpg","keywords":["Confer\u00e8ncia europea","Juncker","Ursula von der Leyen"],"articleSection":["Pro Europa (ES)"],"inLanguage":"es","potentialAction":[{"@type":"CommentAction","name":"Comment","target":["https:\/\/conversesacatalunya.cat\/es\/la-conferencia-2020-2022-sobre-el-futuro-de-europa\/#respond"]}]},{"@type":"WebPage","@id":"https:\/\/conversesacatalunya.cat\/es\/la-conferencia-2020-2022-sobre-el-futuro-de-europa\/","url":"https:\/\/conversesacatalunya.cat\/es\/la-conferencia-2020-2022-sobre-el-futuro-de-europa\/","name":"La conferencia 2020-2022 sobre el futuro de Europa - Converses a Catalunya","isPartOf":{"@id":"https:\/\/conversesacatalunya.cat\/#website"},"primaryImageOfPage":{"@id":"https:\/\/conversesacatalunya.cat\/es\/la-conferencia-2020-2022-sobre-el-futuro-de-europa\/#primaryimage"},"image":{"@id":"https:\/\/conversesacatalunya.cat\/es\/la-conferencia-2020-2022-sobre-el-futuro-de-europa\/#primaryimage"},"thumbnailUrl":"https:\/\/conversesacatalunya.cat\/wp-content\/uploads\/2019\/12\/34915294-bruselas-07-de-octubre-2014-edificio-del-parlamento-europeo-el-7-de-octubre-de-2014-en-bruselas-b\u00e9lgic.jpg","datePublished":"2020-01-02T07:56:49+00:00","author":{"@id":"https:\/\/conversesacatalunya.cat\/#\/schema\/person\/1b0082ee920b837be791bee630d460b2"},"description":"convocar en 2020 una Conferencia sobre el Futuro de Europa, . La Conferencia se encargar\u00eda de establecer los grandes objetivos de futuro de la UE el 2022","breadcrumb":{"@id":"https:\/\/conversesacatalunya.cat\/es\/la-conferencia-2020-2022-sobre-el-futuro-de-europa\/#breadcrumb"},"inLanguage":"es","potentialAction":[{"@type":"ReadAction","target":["https:\/\/conversesacatalunya.cat\/es\/la-conferencia-2020-2022-sobre-el-futuro-de-europa\/"]}]},{"@type":"ImageObject","inLanguage":"es","@id":"https:\/\/conversesacatalunya.cat\/es\/la-conferencia-2020-2022-sobre-el-futuro-de-europa\/#primaryimage","url":"https:\/\/conversesacatalunya.cat\/wp-content\/uploads\/2019\/12\/34915294-bruselas-07-de-octubre-2014-edificio-del-parlamento-europeo-el-7-de-octubre-de-2014-en-bruselas-b\u00e9lgic.jpg","contentUrl":"https:\/\/conversesacatalunya.cat\/wp-content\/uploads\/2019\/12\/34915294-bruselas-07-de-octubre-2014-edificio-del-parlamento-europeo-el-7-de-octubre-de-2014-en-bruselas-b\u00e9lgic.jpg","width":1300,"height":864},{"@type":"BreadcrumbList","@id":"https:\/\/conversesacatalunya.cat\/es\/la-conferencia-2020-2022-sobre-el-futuro-de-europa\/#breadcrumb","itemListElement":[{"@type":"ListItem","position":1,"name":"Inici","item":"https:\/\/conversesacatalunya.cat\/es\/"},{"@type":"ListItem","position":2,"name":"La conferencia 2020-2022 sobre el futuro de Europa"}]},{"@type":"WebSite","@id":"https:\/\/conversesacatalunya.cat\/#website","url":"https:\/\/conversesacatalunya.cat\/","name":"Converses a Catalunya","description":"","potentialAction":[{"@type":"SearchAction","target":{"@type":"EntryPoint","urlTemplate":"https:\/\/conversesacatalunya.cat\/?s={search_term_string}"},"query-input":{"@type":"PropertyValueSpecification","valueRequired":true,"valueName":"search_term_string"}}],"inLanguage":"es"},{"@type":"Person","@id":"https:\/\/conversesacatalunya.cat\/#\/schema\/person\/1b0082ee920b837be791bee630d460b2","name":"Victor Pou","image":{"@type":"ImageObject","inLanguage":"es","@id":"https:\/\/conversesacatalunya.cat\/#\/schema\/person\/image\/","url":"https:\/\/conversesacatalunya.cat\/wp-content\/litespeed\/avatar\/b9b32a5f987117ce72836d050f735d2b.jpg?ver=1777366285","contentUrl":"https:\/\/conversesacatalunya.cat\/wp-content\/litespeed\/avatar\/b9b32a5f987117ce72836d050f735d2b.jpg?ver=1777366285","caption":"Victor Pou"},"url":"https:\/\/conversesacatalunya.cat\/es\/author\/victor_pou\/"}]}},"wps_subtitle":"Una propuesta de la nueva Comisi\u00f3n Europea avalada por Francia y Alemania","_links":{"self":[{"href":"https:\/\/conversesacatalunya.cat\/es\/wp-json\/wp\/v2\/posts\/30341","targetHints":{"allow":["GET"]}}],"collection":[{"href":"https:\/\/conversesacatalunya.cat\/es\/wp-json\/wp\/v2\/posts"}],"about":[{"href":"https:\/\/conversesacatalunya.cat\/es\/wp-json\/wp\/v2\/types\/post"}],"author":[{"embeddable":true,"href":"https:\/\/conversesacatalunya.cat\/es\/wp-json\/wp\/v2\/users\/38"}],"replies":[{"embeddable":true,"href":"https:\/\/conversesacatalunya.cat\/es\/wp-json\/wp\/v2\/comments?post=30341"}],"version-history":[{"count":7,"href":"https:\/\/conversesacatalunya.cat\/es\/wp-json\/wp\/v2\/posts\/30341\/revisions"}],"predecessor-version":[{"id":30726,"href":"https:\/\/conversesacatalunya.cat\/es\/wp-json\/wp\/v2\/posts\/30341\/revisions\/30726"}],"wp:featuredmedia":[{"embeddable":true,"href":"https:\/\/conversesacatalunya.cat\/es\/wp-json\/wp\/v2\/media\/30393"}],"wp:attachment":[{"href":"https:\/\/conversesacatalunya.cat\/es\/wp-json\/wp\/v2\/media?parent=30341"}],"wp:term":[{"taxonomy":"category","embeddable":true,"href":"https:\/\/conversesacatalunya.cat\/es\/wp-json\/wp\/v2\/categories?post=30341"},{"taxonomy":"post_tag","embeddable":true,"href":"https:\/\/conversesacatalunya.cat\/es\/wp-json\/wp\/v2\/tags?post=30341"}],"curies":[{"name":"wp","href":"https:\/\/api.w.org\/{rel}","templated":true}]}}