{"id":30267,"date":"2019-12-19T13:57:57","date_gmt":"2019-12-19T12:57:57","guid":{"rendered":"https:\/\/conversesacatalunya.cat\/immunitat-per-a-junqueras-inhabilitacio-de-torra-explota-la-complexitat-politica\/"},"modified":"2019-12-20T13:28:35","modified_gmt":"2019-12-20T12:28:35","slug":"inmunidad-para-junqueras-inhabilitacion-de-torra-explota-la-complejidad-politica","status":"publish","type":"post","link":"https:\/\/conversesacatalunya.cat\/es\/inmunidad-para-junqueras-inhabilitacion-de-torra-explota-la-complejidad-politica\/","title":{"rendered":"Inmunidad para Junqueras, inhabilitaci\u00f3n de Torra: explota la complejidad pol\u00edtica"},"content":{"rendered":"<p><span title=\"\">Este jueves<\/span> <span title=\"\">19 de diciembre<\/span> <span title=\"\">pasar\u00e1 a la<\/span> <span title=\"\">historia<\/span><span title=\"\">,<\/span> <span title=\"\">peque\u00f1a<\/span> <span title=\"\">o grande<\/span><span title=\"\">,<\/span> <span title=\"\">del conflicto<\/span> <span title=\"\">catal\u00e1n<\/span><span title=\"\">, porque en \u00e9l<\/span> <span title=\"\">han coincidido<\/span> <strong><span title=\"\">dos<\/span> <span title=\"\">decisiones<\/span> <span title=\"\">judiciales<\/span><\/strong> <span title=\"\">las repercusiones<\/span> <span title=\"\">de las cuales<\/span> <span title=\"\">no son nada<\/span> <span title=\"\">claras,<\/span> <span title=\"\">pero en<\/span> <span title=\"\">todo caso<\/span> <span title=\"\">son muy importantes<\/span><span title=\"\">.<\/span><\/p>\n<p><span title=\"\">Una de ellas<\/span> <span title=\"\">es que el<\/span> <span title=\"\">Tribunal<\/span> <span title=\"\">de Justicia<\/span> <span title=\"\">de la Uni\u00f3n<\/span> <span title=\"\">Europea<\/span> <span title=\"\">ha fallado<\/span> <span title=\"\">que<\/span> <span title=\"\">Oriol<\/span> <span title=\"\">Junqueras<\/span> <strong><span title=\"\">gozaba de<\/span> <span title=\"\">inmunidad<\/span> <\/strong><span title=\"\"><strong>parlamentaria<\/strong> tras la<\/span> <span title=\"\">proclamaci\u00f3n de<\/span> <span title=\"\">resultados de las<\/span> <span title=\"\">elecciones<\/span> <span title=\"\">europeas<\/span> <span title=\"\">del 26<\/span> <span title=\"\">de mayo<\/span><span title=\"\">,<\/span> <span title=\"\">y que el<\/span> <span title=\"\">Tribunal<\/span> <span title=\"\">Supremo<\/span> <span title=\"\">deber\u00eda<\/span> <span title=\"\">haberlo<\/span> <span title=\"\">excarcelado<\/span> <span title=\"\">a fin<\/span> <span title=\"\">de<\/span> <span title=\"\">recoger<\/span> <span title=\"\">su<\/span> <span title=\"\">acta<\/span><span title=\"\">,<\/span> <span title=\"\">y posteriormente<\/span> <span title=\"\">e inmediatamente<\/span> <span title=\"\">presentar un<\/span> <span title=\"\">suplicatorio a<\/span> <span title=\"\">la euroc\u00e1mara<\/span> <span title=\"\">para seguir<\/span> <span title=\"\">juzg\u00e1ndolo <\/span><span title=\"\">por rebeli\u00f3n<\/span> <span title=\"\">en<\/span> <span title=\"\">el juicio<\/span> <span title=\"\">del proceso<\/span> <span title=\"\">que concluy\u00f3 el<\/span> <span title=\"\">mes de junio.<\/span> <span title=\"\">Por lo tanto<\/span><span title=\"\">,<\/span> <span title=\"\">Junqueras,<\/span> <span title=\"\">ten\u00eda<\/span> <span title=\"\">derecho a<\/span> <span title=\"\">esa<\/span> <span title=\"\">inmunidad<\/span><span title=\"\">.<\/span><\/p>\n<p>Pero eso no es todo. En la l\u00ednea de la <a href=\"https:\/\/conversesacatalunya.cat\/es\/por-que-la-sentencia-europea-sobre-junqueras-puede-dificultar-las-negociaciones-de-erc\/\">informaci\u00f3n y an\u00e1lisis de lo que public\u00e1bamos el martes en Converses<\/a>, <span style=\"display: inline !important; float: none; background-color: #f5f5f5; color: rgba(0, 0, 0, 0.87); font-family: 'Roboto',arial,sans-serif; font-size: 18px; font-style: normal; font-variant: normal; font-weight: 400; letter-spacing: normal; line-height: 28px; orphans: 2; text-align: left; text-decoration: none; text-indent: 0px; text-transform: none; -webkit-text-stroke-width: 0px; white-space: pre-wrap; word-spacing: 0px;\">la sentencia de la justicia europea tambi\u00e9n determina que es la <strong>sala penal del Tribunal Supremo<\/strong> la que tiene la responsabilidad \u00abde apreciar los efectos emparejados a la inmunidad de que goza Junqueras\u00bb. En otras palabras, deja la interpretaci\u00f3n en manos de la jurisprudencia y justicia espa\u00f1ola.<\/span><\/p>\n<p><span style=\"display: inline !important; float: none; background-color: #f5f5f5; color: rgba(0, 0, 0, 0.87); font-family: 'Roboto',arial,sans-serif; font-size: 18px; font-style: normal; font-variant: normal; font-weight: 400; letter-spacing: normal; line-height: 28px; orphans: 2; text-align: left; text-decoration: none; text-indent: 0px; text-transform: none; -webkit-text-stroke-width: 0px; white-space: pre-wrap; word-spacing: 0px;\">Por tanto, no determina que en la actualidad Junqueras pueda salir en libertad para ejercer como diputado en el Parlamento Europeo. En concreto, el presidente del tribunal espa\u00f1ol, Manuel Marchena, ha dado <strong>cinco d\u00edas<\/strong> a las acusaciones, fiscal\u00eda, abogac\u00eda del estado y Vox, y a las defensas, para que presenten los correspondientes informes sobre si Junqueras ha de salir de la c\u00e1rcel para tomar el acta de eurodiputado o si, dado que la sentencia es firme, no hay lugar a devolver los autos a una situaci\u00f3n previa a \u00e9sta. Por lo tanto, el caso Junqueras se mantiene, ahora m\u00e1s complejo, y tardar\u00e1 d\u00edas en resolverse.<\/span><\/p>\n<p><span style=\"display: inline !important; float: none; background-color: #f5f5f5; color: rgba(0, 0, 0, 0.87); font-family: 'Roboto',arial,sans-serif; font-size: 18px; font-style: normal; font-variant: normal; font-weight: 400; letter-spacing: normal; line-height: 28px; orphans: 2; text-align: left; text-decoration: none; text-indent: 0px; text-transform: none; -webkit-text-stroke-width: 0px; white-space: pre-wrap; word-spacing: 0px;\">Dif\u00edcilmente se aclarar\u00e1 la determinaci\u00f3n del Supremo antes del inicio del nuevo a\u00f1o. Pero es que, adem\u00e1s, si la defensa considera que lo establecido en el Supremo vulnera la sentencia del Tribunal de Justicia de la UE, la pelota puede volver a Luxemburgo.<\/span><\/p>\n<p><span style=\"display: inline !important; float: none; background-color: #f5f5f5; color: rgba(0, 0, 0, 0.87); font-family: 'Roboto',arial,sans-serif; font-size: 18px; font-style: normal; font-variant: normal; font-weight: 400; letter-spacing: normal; line-height: 28px; orphans: 2; text-align: left; text-decoration: none; text-indent: 0px; text-transform: none; -webkit-text-stroke-width: 0px; white-space: pre-wrap; word-spacing: 0px;\">La sentencia de la justicia europea puede tener un efecto positivo sobre Puigdemont y Com\u00edn, que no pudieron acceder a su esca\u00f1o en el Parlamento Europeo porque no estaban en la lista enviada por el gobierno espa\u00f1ol ya que no hab\u00edan cumplido el tr\u00e1mite de jurar o prometer la Constituci\u00f3n espa\u00f1ola de manera presencial. Ahora puede que s\u00ed se les reconozca esta condici\u00f3n de eurodiputados, si bien hay que matizar en el sentido de que ambos est\u00e1n fugados de la justicia y sobre ellos pesan \u00f3rdenes de extradici\u00f3n. Y esta es la otra cuesti\u00f3n: el tribunal belga (que, por razones hist\u00f3ricas es poco favorable a atender casos de la justicia espa\u00f1ola) puede encontrar en el precedente de Junqueras <strong>una raz\u00f3n para negar la extradici\u00f3n<\/strong>.<\/span><\/p>\n<p><span style=\"display: inline !important; float: none; background-color: #f5f5f5; color: rgba(0, 0, 0, 0.87); font-family: 'Roboto',arial,sans-serif; font-size: 18px; font-style: normal; font-variant: normal; font-weight: 400; letter-spacing: normal; line-height: 28px; orphans: 2; text-align: left; text-decoration: none; text-indent: 0px; text-transform: none; -webkit-text-stroke-width: 0px; white-space: pre-wrap; word-spacing: 0px;\">Por si todo esto fuera poco complicado, el otro hecho judicial del d\u00eda de hoy es la <strong>inhabilitaci\u00f3n de Torra<\/strong> durante un a\u00f1o y medio por parte del Tribunal Superior de Justicia de Catalu\u00f1a. La sentencia, no por esperada, tiene menos impacto pol\u00edtico, porque a partir de hoy la Generalitat est\u00e1 presidida por una persona jur\u00eddicamente inh\u00e1bil.<\/span><\/p>\n<p><span style=\"display: inline !important; float: none; background-color: #f5f5f5; color: rgba(0, 0, 0, 0.87); font-family: 'Roboto',arial,sans-serif; font-size: 18px; font-style: normal; font-variant: normal; font-weight: 400; letter-spacing: normal; line-height: 28px; orphans: 2; text-align: left; text-decoration: none; text-indent: 0px; text-transform: none; -webkit-text-stroke-width: 0px; white-space: pre-wrap; word-spacing: 0px;\">Torra puede hacer tres cosas: delegar en el vicepresidente su mandato, superar el a\u00f1o y medio de inhabilitaci\u00f3n, dimitir y presentar un nuevo candidato al Parlamento o convocar elecciones anticipadas. Tambi\u00e9n puede ganar tiempo <strong>recurriendo la inhabilitaci\u00f3n al Tribunal Supremo<\/strong>, y esto dar\u00eda margen para un plazo que podr\u00eda ir entre unos meses, si fuera una decisi\u00f3n r\u00e1pida, hasta un a\u00f1o, que es el plazo habitual para este tipo de recursos. En todo caso, la complejidad y con ella la inestabilidad a partir de hoy se han multiplicado, porque estos hechos inciden en el horizonte electoral de Catalu\u00f1a y en el pacto de ERC con S\u00e1nchez.<\/span><\/p>\n","protected":false},"excerpt":{"rendered":"<p>Este jueves 19 de diciembre pasar\u00e1 a la historia, peque\u00f1a o grande, del conflicto catal\u00e1n, porque en \u00e9l han coincidido dos decisiones judiciales las repercusiones de las cuales no son nada claras, pero en todo caso son muy importantes. Una de ellas es que el Tribunal de Justicia de la Uni\u00f3n Europea ha fallado que Oriol Junqueras gozaba de inmunidad parlamentaria tras la proclamaci\u00f3n de resultados de las elecciones europeas del 26 de mayo, y que el Tribunal Supremo deber\u00eda haberlo excarcelado a fin de recoger su acta, y posteriormente e inmediatamente presentar un suplicatorio a la euroc\u00e1mara para seguir juzg\u00e1ndolo por rebeli\u00f3n en el juicio del proceso que concluy\u00f3 el mes de junio. Por lo tanto, Junqueras, ten\u00eda derecho a esa inmunidad. Pero eso no es todo. En la l\u00ednea de la informaci\u00f3n y an\u00e1lisis de lo que public\u00e1bamos el martes en Converses, la sentencia de la justicia europea tambi\u00e9n determina que es la sala penal del Tribunal Supremo la que tiene la responsabilidad \u00abde apreciar los efectos emparejados a la inmunidad de que goza Junqueras\u00bb. En otras palabras, deja la interpretaci\u00f3n en manos de la jurisprudencia y justicia espa\u00f1ola. Por tanto, no determina que en la actualidad Junqueras pueda salir en libertad para ejercer como diputado en el Parlamento Europeo. En concreto, el presidente del tribunal espa\u00f1ol, Manuel Marchena, ha dado cinco d\u00edas a las acusaciones, fiscal\u00eda, abogac\u00eda del estado y Vox, y a las defensas, para que presenten los correspondientes informes sobre si Junqueras ha de salir de la c\u00e1rcel para tomar el acta de eurodiputado o si, dado que la sentencia es firme, no hay lugar a devolver los autos a una situaci\u00f3n previa a \u00e9sta. Por lo tanto, el caso Junqueras se mantiene, ahora m\u00e1s complejo, y tardar\u00e1 d\u00edas en resolverse. Dif\u00edcilmente se aclarar\u00e1 la determinaci\u00f3n del Supremo antes del inicio del nuevo a\u00f1o. Pero es que, adem\u00e1s, si la defensa considera que lo establecido en el Supremo vulnera la sentencia del Tribunal de Justicia de la UE, la pelota puede volver a Luxemburgo. La sentencia de la justicia europea puede tener un efecto positivo sobre Puigdemont y Com\u00edn, que no pudieron acceder a su esca\u00f1o en el Parlamento Europeo porque no estaban en la lista enviada por el gobierno espa\u00f1ol ya que no hab\u00edan cumplido el tr\u00e1mite de jurar o prometer la Constituci\u00f3n espa\u00f1ola de manera presencial. Ahora puede que s\u00ed se les reconozca esta condici\u00f3n de eurodiputados, si bien hay que matizar en el sentido de que ambos est\u00e1n fugados de la justicia y sobre ellos pesan \u00f3rdenes de extradici\u00f3n. Y esta es la otra cuesti\u00f3n: el tribunal belga (que, por razones hist\u00f3ricas es poco favorable a atender casos de la justicia espa\u00f1ola) puede encontrar en el precedente de Junqueras una raz\u00f3n para negar la extradici\u00f3n. Por si todo esto fuera poco complicado, el otro hecho judicial del d\u00eda de hoy es la inhabilitaci\u00f3n de Torra durante un a\u00f1o y medio por parte del Tribunal Superior de Justicia de Catalu\u00f1a. La sentencia, no por esperada, tiene menos impacto pol\u00edtico, porque a partir de hoy la Generalitat est\u00e1 presidida por una persona jur\u00eddicamente inh\u00e1bil. Torra puede hacer tres cosas: delegar en el vicepresidente su mandato, superar el a\u00f1o y medio de inhabilitaci\u00f3n, dimitir y presentar un nuevo candidato al Parlamento o convocar elecciones anticipadas. Tambi\u00e9n puede ganar tiempo recurriendo la inhabilitaci\u00f3n al Tribunal Supremo, y esto dar\u00eda margen para un plazo que podr\u00eda ir entre unos meses, si fuera una decisi\u00f3n r\u00e1pida, hasta un a\u00f1o, que es el plazo habitual para este tipo de recursos. En todo caso, la complejidad y con ella la inestabilidad a partir de hoy se han multiplicado, porque estos hechos inciden en el horizonte electoral de Catalu\u00f1a y en el pacto de ERC con S\u00e1nchez.<\/p>\n","protected":false},"author":2,"featured_media":30256,"comment_status":"open","ping_status":"open","sticky":false,"template":"","format":"standard","meta":{"_FSMCFIC_featured_image_caption":"","_FSMCFIC_featured_image_nocaption":"","_FSMCFIC_featured_image_hide":"","footnotes":""},"categories":[806],"tags":[1228,1229,1131,910],"class_list":["post-30267","post","type-post","status-publish","format-standard","has-post-thumbnail","hentry","category-punts-claus-del-dia-es","tag-eleccions-europees-2019-es","tag-judici-1-o-es","tag-oriol-junqueras-es","tag-quim-torra-es"],"yoast_head":"<!-- This site is optimized with the Yoast SEO plugin v26.8 - https:\/\/yoast.com\/product\/yoast-seo-wordpress\/ -->\n<title>Inmunidad para Junqueras, inhabilitaci\u00f3n de Torra: explota la complejidad pol\u00edtica - Converses a Catalunya<\/title>\n<meta name=\"robots\" content=\"index, follow, max-snippet:-1, max-image-preview:large, max-video-preview:-1\" \/>\n<link rel=\"canonical\" href=\"https:\/\/conversesacatalunya.cat\/es\/inmunidad-para-junqueras-inhabilitacion-de-torra-explota-la-complejidad-politica\/\" \/>\n<meta property=\"og:locale\" content=\"es_ES\" \/>\n<meta property=\"og:type\" content=\"article\" \/>\n<meta property=\"og:title\" content=\"Inmunidad para Junqueras, inhabilitaci\u00f3n de Torra: explota la complejidad pol\u00edtica - Converses a Catalunya\" \/>\n<meta property=\"og:description\" content=\"Este jueves 19 de diciembre pasar\u00e1 a la historia, peque\u00f1a o grande, del conflicto catal\u00e1n, porque en \u00e9l han coincidido dos decisiones judiciales las repercusiones de las cuales no son nada claras, pero en todo caso son muy importantes. Una de ellas es que el Tribunal de Justicia de la Uni\u00f3n Europea ha fallado que Oriol Junqueras gozaba de inmunidad parlamentaria tras la proclamaci\u00f3n de resultados de las elecciones europeas del 26 de mayo, y que el Tribunal Supremo deber\u00eda haberlo excarcelado a fin de recoger su acta, y posteriormente e inmediatamente presentar un suplicatorio a la euroc\u00e1mara para seguir juzg\u00e1ndolo por rebeli\u00f3n en el juicio del proceso que concluy\u00f3 el mes de junio. Por lo tanto, Junqueras, ten\u00eda derecho a esa inmunidad. Pero eso no es todo. En la l\u00ednea de la informaci\u00f3n y an\u00e1lisis de lo que public\u00e1bamos el martes en Converses, la sentencia de la justicia europea tambi\u00e9n determina que es la sala penal del Tribunal Supremo la que tiene la responsabilidad \u00abde apreciar los efectos emparejados a la inmunidad de que goza Junqueras\u00bb. En otras palabras, deja la interpretaci\u00f3n en manos de la jurisprudencia y justicia espa\u00f1ola. Por tanto, no determina que en la actualidad Junqueras pueda salir en libertad para ejercer como diputado en el Parlamento Europeo. En concreto, el presidente del tribunal espa\u00f1ol, Manuel Marchena, ha dado cinco d\u00edas a las acusaciones, fiscal\u00eda, abogac\u00eda del estado y Vox, y a las defensas, para que presenten los correspondientes informes sobre si Junqueras ha de salir de la c\u00e1rcel para tomar el acta de eurodiputado o si, dado que la sentencia es firme, no hay lugar a devolver los autos a una situaci\u00f3n previa a \u00e9sta. Por lo tanto, el caso Junqueras se mantiene, ahora m\u00e1s complejo, y tardar\u00e1 d\u00edas en resolverse. Dif\u00edcilmente se aclarar\u00e1 la determinaci\u00f3n del Supremo antes del inicio del nuevo a\u00f1o. Pero es que, adem\u00e1s, si la defensa considera que lo establecido en el Supremo vulnera la sentencia del Tribunal de Justicia de la UE, la pelota puede volver a Luxemburgo. La sentencia de la justicia europea puede tener un efecto positivo sobre Puigdemont y Com\u00edn, que no pudieron acceder a su esca\u00f1o en el Parlamento Europeo porque no estaban en la lista enviada por el gobierno espa\u00f1ol ya que no hab\u00edan cumplido el tr\u00e1mite de jurar o prometer la Constituci\u00f3n espa\u00f1ola de manera presencial. Ahora puede que s\u00ed se les reconozca esta condici\u00f3n de eurodiputados, si bien hay que matizar en el sentido de que ambos est\u00e1n fugados de la justicia y sobre ellos pesan \u00f3rdenes de extradici\u00f3n. Y esta es la otra cuesti\u00f3n: el tribunal belga (que, por razones hist\u00f3ricas es poco favorable a atender casos de la justicia espa\u00f1ola) puede encontrar en el precedente de Junqueras una raz\u00f3n para negar la extradici\u00f3n. Por si todo esto fuera poco complicado, el otro hecho judicial del d\u00eda de hoy es la inhabilitaci\u00f3n de Torra durante un a\u00f1o y medio por parte del Tribunal Superior de Justicia de Catalu\u00f1a. La sentencia, no por esperada, tiene menos impacto pol\u00edtico, porque a partir de hoy la Generalitat est\u00e1 presidida por una persona jur\u00eddicamente inh\u00e1bil. Torra puede hacer tres cosas: delegar en el vicepresidente su mandato, superar el a\u00f1o y medio de inhabilitaci\u00f3n, dimitir y presentar un nuevo candidato al Parlamento o convocar elecciones anticipadas. Tambi\u00e9n puede ganar tiempo recurriendo la inhabilitaci\u00f3n al Tribunal Supremo, y esto dar\u00eda margen para un plazo que podr\u00eda ir entre unos meses, si fuera una decisi\u00f3n r\u00e1pida, hasta un a\u00f1o, que es el plazo habitual para este tipo de recursos. En todo caso, la complejidad y con ella la inestabilidad a partir de hoy se han multiplicado, porque estos hechos inciden en el horizonte electoral de Catalu\u00f1a y en el pacto de ERC con S\u00e1nchez.\" \/>\n<meta property=\"og:url\" content=\"https:\/\/conversesacatalunya.cat\/es\/inmunidad-para-junqueras-inhabilitacion-de-torra-explota-la-complejidad-politica\/\" \/>\n<meta property=\"og:site_name\" content=\"Converses a Catalunya\" \/>\n<meta property=\"article:published_time\" content=\"2019-12-19T12:57:57+00:00\" \/>\n<meta property=\"article:modified_time\" content=\"2019-12-20T12:28:35+00:00\" \/>\n<meta property=\"og:image\" content=\"https:\/\/conversesacatalunya.cat\/wp-content\/uploads\/2019\/12\/64540_torra_puigdemont_junqueras.jpg\" \/>\n\t<meta property=\"og:image:width\" content=\"640\" \/>\n\t<meta property=\"og:image:height\" content=\"360\" \/>\n\t<meta property=\"og:image:type\" content=\"image\/jpeg\" \/>\n<meta name=\"author\" content=\"conversesacatalunya\" \/>\n<meta name=\"twitter:card\" content=\"summary_large_image\" \/>\n<meta name=\"twitter:label1\" content=\"Escrito por\" \/>\n\t<meta name=\"twitter:data1\" content=\"conversesacatalunya\" \/>\n\t<meta name=\"twitter:label2\" content=\"Tiempo de lectura\" \/>\n\t<meta name=\"twitter:data2\" content=\"3 minutos\" \/>\n<script type=\"application\/ld+json\" class=\"yoast-schema-graph\">{\"@context\":\"https:\/\/schema.org\",\"@graph\":[{\"@type\":\"Article\",\"@id\":\"https:\/\/conversesacatalunya.cat\/es\/inmunidad-para-junqueras-inhabilitacion-de-torra-explota-la-complejidad-politica\/#article\",\"isPartOf\":{\"@id\":\"https:\/\/conversesacatalunya.cat\/es\/inmunidad-para-junqueras-inhabilitacion-de-torra-explota-la-complejidad-politica\/\"},\"author\":{\"name\":\"conversesacatalunya\",\"@id\":\"https:\/\/conversesacatalunya.cat\/#\/schema\/person\/7e24d1e54a2785373ddcb275eae5ed99\"},\"headline\":\"Inmunidad para Junqueras, inhabilitaci\u00f3n de Torra: explota la complejidad pol\u00edtica\",\"datePublished\":\"2019-12-19T12:57:57+00:00\",\"dateModified\":\"2019-12-20T12:28:35+00:00\",\"mainEntityOfPage\":{\"@id\":\"https:\/\/conversesacatalunya.cat\/es\/inmunidad-para-junqueras-inhabilitacion-de-torra-explota-la-complejidad-politica\/\"},\"wordCount\":697,\"commentCount\":0,\"image\":{\"@id\":\"https:\/\/conversesacatalunya.cat\/es\/inmunidad-para-junqueras-inhabilitacion-de-torra-explota-la-complejidad-politica\/#primaryimage\"},\"thumbnailUrl\":\"https:\/\/conversesacatalunya.cat\/wp-content\/uploads\/2019\/12\/64540_torra_puigdemont_junqueras.jpg\",\"keywords\":[\"Eleccions Europees 2019\",\"judici 1-O\",\"Oriol Junqueras\",\"Quim Torra\"],\"articleSection\":[\"Punts clau del dia (ES)\"],\"inLanguage\":\"es\",\"potentialAction\":[{\"@type\":\"CommentAction\",\"name\":\"Comment\",\"target\":[\"https:\/\/conversesacatalunya.cat\/es\/inmunidad-para-junqueras-inhabilitacion-de-torra-explota-la-complejidad-politica\/#respond\"]}]},{\"@type\":\"WebPage\",\"@id\":\"https:\/\/conversesacatalunya.cat\/es\/inmunidad-para-junqueras-inhabilitacion-de-torra-explota-la-complejidad-politica\/\",\"url\":\"https:\/\/conversesacatalunya.cat\/es\/inmunidad-para-junqueras-inhabilitacion-de-torra-explota-la-complejidad-politica\/\",\"name\":\"Inmunidad para Junqueras, inhabilitaci\u00f3n de Torra: explota la complejidad pol\u00edtica - Converses a Catalunya\",\"isPartOf\":{\"@id\":\"https:\/\/conversesacatalunya.cat\/#website\"},\"primaryImageOfPage\":{\"@id\":\"https:\/\/conversesacatalunya.cat\/es\/inmunidad-para-junqueras-inhabilitacion-de-torra-explota-la-complejidad-politica\/#primaryimage\"},\"image\":{\"@id\":\"https:\/\/conversesacatalunya.cat\/es\/inmunidad-para-junqueras-inhabilitacion-de-torra-explota-la-complejidad-politica\/#primaryimage\"},\"thumbnailUrl\":\"https:\/\/conversesacatalunya.cat\/wp-content\/uploads\/2019\/12\/64540_torra_puigdemont_junqueras.jpg\",\"datePublished\":\"2019-12-19T12:57:57+00:00\",\"dateModified\":\"2019-12-20T12:28:35+00:00\",\"author\":{\"@id\":\"https:\/\/conversesacatalunya.cat\/#\/schema\/person\/7e24d1e54a2785373ddcb275eae5ed99\"},\"breadcrumb\":{\"@id\":\"https:\/\/conversesacatalunya.cat\/es\/inmunidad-para-junqueras-inhabilitacion-de-torra-explota-la-complejidad-politica\/#breadcrumb\"},\"inLanguage\":\"es\",\"potentialAction\":[{\"@type\":\"ReadAction\",\"target\":[\"https:\/\/conversesacatalunya.cat\/es\/inmunidad-para-junqueras-inhabilitacion-de-torra-explota-la-complejidad-politica\/\"]}]},{\"@type\":\"ImageObject\",\"inLanguage\":\"es\",\"@id\":\"https:\/\/conversesacatalunya.cat\/es\/inmunidad-para-junqueras-inhabilitacion-de-torra-explota-la-complejidad-politica\/#primaryimage\",\"url\":\"https:\/\/conversesacatalunya.cat\/wp-content\/uploads\/2019\/12\/64540_torra_puigdemont_junqueras.jpg\",\"contentUrl\":\"https:\/\/conversesacatalunya.cat\/wp-content\/uploads\/2019\/12\/64540_torra_puigdemont_junqueras.jpg\",\"width\":640,\"height\":360,\"caption\":\"immunitat de Junqueras\"},{\"@type\":\"BreadcrumbList\",\"@id\":\"https:\/\/conversesacatalunya.cat\/es\/inmunidad-para-junqueras-inhabilitacion-de-torra-explota-la-complejidad-politica\/#breadcrumb\",\"itemListElement\":[{\"@type\":\"ListItem\",\"position\":1,\"name\":\"Inici\",\"item\":\"https:\/\/conversesacatalunya.cat\/es\/\"},{\"@type\":\"ListItem\",\"position\":2,\"name\":\"Inmunidad para Junqueras, inhabilitaci\u00f3n de Torra: explota la complejidad pol\u00edtica\"}]},{\"@type\":\"WebSite\",\"@id\":\"https:\/\/conversesacatalunya.cat\/#website\",\"url\":\"https:\/\/conversesacatalunya.cat\/\",\"name\":\"Converses a Catalunya\",\"description\":\"\",\"potentialAction\":[{\"@type\":\"SearchAction\",\"target\":{\"@type\":\"EntryPoint\",\"urlTemplate\":\"https:\/\/conversesacatalunya.cat\/?s={search_term_string}\"},\"query-input\":{\"@type\":\"PropertyValueSpecification\",\"valueRequired\":true,\"valueName\":\"search_term_string\"}}],\"inLanguage\":\"es\"},{\"@type\":\"Person\",\"@id\":\"https:\/\/conversesacatalunya.cat\/#\/schema\/person\/7e24d1e54a2785373ddcb275eae5ed99\",\"name\":\"conversesacatalunya\",\"image\":{\"@type\":\"ImageObject\",\"inLanguage\":\"es\",\"@id\":\"https:\/\/conversesacatalunya.cat\/#\/schema\/person\/image\/\",\"url\":\"https:\/\/conversesacatalunya.cat\/wp-content\/litespeed\/avatar\/febdfeeec89d950f01c748045a981dd2.jpg?ver=1777314535\",\"contentUrl\":\"https:\/\/conversesacatalunya.cat\/wp-content\/litespeed\/avatar\/febdfeeec89d950f01c748045a981dd2.jpg?ver=1777314535\",\"caption\":\"conversesacatalunya\"},\"url\":\"https:\/\/conversesacatalunya.cat\/es\/author\/carme_catala\/\"}]}<\/script>\n<!-- \/ Yoast SEO plugin. -->","yoast_head_json":{"title":"Inmunidad para Junqueras, inhabilitaci\u00f3n de Torra: explota la complejidad pol\u00edtica - Converses a Catalunya","robots":{"index":"index","follow":"follow","max-snippet":"max-snippet:-1","max-image-preview":"max-image-preview:large","max-video-preview":"max-video-preview:-1"},"canonical":"https:\/\/conversesacatalunya.cat\/es\/inmunidad-para-junqueras-inhabilitacion-de-torra-explota-la-complejidad-politica\/","og_locale":"es_ES","og_type":"article","og_title":"Inmunidad para Junqueras, inhabilitaci\u00f3n de Torra: explota la complejidad pol\u00edtica - Converses a Catalunya","og_description":"Este jueves 19 de diciembre pasar\u00e1 a la historia, peque\u00f1a o grande, del conflicto catal\u00e1n, porque en \u00e9l han coincidido dos decisiones judiciales las repercusiones de las cuales no son nada claras, pero en todo caso son muy importantes. Una de ellas es que el Tribunal de Justicia de la Uni\u00f3n Europea ha fallado que Oriol Junqueras gozaba de inmunidad parlamentaria tras la proclamaci\u00f3n de resultados de las elecciones europeas del 26 de mayo, y que el Tribunal Supremo deber\u00eda haberlo excarcelado a fin de recoger su acta, y posteriormente e inmediatamente presentar un suplicatorio a la euroc\u00e1mara para seguir juzg\u00e1ndolo por rebeli\u00f3n en el juicio del proceso que concluy\u00f3 el mes de junio. Por lo tanto, Junqueras, ten\u00eda derecho a esa inmunidad. Pero eso no es todo. En la l\u00ednea de la informaci\u00f3n y an\u00e1lisis de lo que public\u00e1bamos el martes en Converses, la sentencia de la justicia europea tambi\u00e9n determina que es la sala penal del Tribunal Supremo la que tiene la responsabilidad \u00abde apreciar los efectos emparejados a la inmunidad de que goza Junqueras\u00bb. En otras palabras, deja la interpretaci\u00f3n en manos de la jurisprudencia y justicia espa\u00f1ola. Por tanto, no determina que en la actualidad Junqueras pueda salir en libertad para ejercer como diputado en el Parlamento Europeo. En concreto, el presidente del tribunal espa\u00f1ol, Manuel Marchena, ha dado cinco d\u00edas a las acusaciones, fiscal\u00eda, abogac\u00eda del estado y Vox, y a las defensas, para que presenten los correspondientes informes sobre si Junqueras ha de salir de la c\u00e1rcel para tomar el acta de eurodiputado o si, dado que la sentencia es firme, no hay lugar a devolver los autos a una situaci\u00f3n previa a \u00e9sta. Por lo tanto, el caso Junqueras se mantiene, ahora m\u00e1s complejo, y tardar\u00e1 d\u00edas en resolverse. Dif\u00edcilmente se aclarar\u00e1 la determinaci\u00f3n del Supremo antes del inicio del nuevo a\u00f1o. Pero es que, adem\u00e1s, si la defensa considera que lo establecido en el Supremo vulnera la sentencia del Tribunal de Justicia de la UE, la pelota puede volver a Luxemburgo. La sentencia de la justicia europea puede tener un efecto positivo sobre Puigdemont y Com\u00edn, que no pudieron acceder a su esca\u00f1o en el Parlamento Europeo porque no estaban en la lista enviada por el gobierno espa\u00f1ol ya que no hab\u00edan cumplido el tr\u00e1mite de jurar o prometer la Constituci\u00f3n espa\u00f1ola de manera presencial. Ahora puede que s\u00ed se les reconozca esta condici\u00f3n de eurodiputados, si bien hay que matizar en el sentido de que ambos est\u00e1n fugados de la justicia y sobre ellos pesan \u00f3rdenes de extradici\u00f3n. Y esta es la otra cuesti\u00f3n: el tribunal belga (que, por razones hist\u00f3ricas es poco favorable a atender casos de la justicia espa\u00f1ola) puede encontrar en el precedente de Junqueras una raz\u00f3n para negar la extradici\u00f3n. Por si todo esto fuera poco complicado, el otro hecho judicial del d\u00eda de hoy es la inhabilitaci\u00f3n de Torra durante un a\u00f1o y medio por parte del Tribunal Superior de Justicia de Catalu\u00f1a. La sentencia, no por esperada, tiene menos impacto pol\u00edtico, porque a partir de hoy la Generalitat est\u00e1 presidida por una persona jur\u00eddicamente inh\u00e1bil. Torra puede hacer tres cosas: delegar en el vicepresidente su mandato, superar el a\u00f1o y medio de inhabilitaci\u00f3n, dimitir y presentar un nuevo candidato al Parlamento o convocar elecciones anticipadas. Tambi\u00e9n puede ganar tiempo recurriendo la inhabilitaci\u00f3n al Tribunal Supremo, y esto dar\u00eda margen para un plazo que podr\u00eda ir entre unos meses, si fuera una decisi\u00f3n r\u00e1pida, hasta un a\u00f1o, que es el plazo habitual para este tipo de recursos. En todo caso, la complejidad y con ella la inestabilidad a partir de hoy se han multiplicado, porque estos hechos inciden en el horizonte electoral de Catalu\u00f1a y en el pacto de ERC con S\u00e1nchez.","og_url":"https:\/\/conversesacatalunya.cat\/es\/inmunidad-para-junqueras-inhabilitacion-de-torra-explota-la-complejidad-politica\/","og_site_name":"Converses a Catalunya","article_published_time":"2019-12-19T12:57:57+00:00","article_modified_time":"2019-12-20T12:28:35+00:00","og_image":[{"width":640,"height":360,"url":"https:\/\/conversesacatalunya.cat\/wp-content\/uploads\/2019\/12\/64540_torra_puigdemont_junqueras.jpg","type":"image\/jpeg"}],"author":"conversesacatalunya","twitter_card":"summary_large_image","twitter_misc":{"Escrito por":"conversesacatalunya","Tiempo de lectura":"3 minutos"},"schema":{"@context":"https:\/\/schema.org","@graph":[{"@type":"Article","@id":"https:\/\/conversesacatalunya.cat\/es\/inmunidad-para-junqueras-inhabilitacion-de-torra-explota-la-complejidad-politica\/#article","isPartOf":{"@id":"https:\/\/conversesacatalunya.cat\/es\/inmunidad-para-junqueras-inhabilitacion-de-torra-explota-la-complejidad-politica\/"},"author":{"name":"conversesacatalunya","@id":"https:\/\/conversesacatalunya.cat\/#\/schema\/person\/7e24d1e54a2785373ddcb275eae5ed99"},"headline":"Inmunidad para Junqueras, inhabilitaci\u00f3n de Torra: explota la complejidad pol\u00edtica","datePublished":"2019-12-19T12:57:57+00:00","dateModified":"2019-12-20T12:28:35+00:00","mainEntityOfPage":{"@id":"https:\/\/conversesacatalunya.cat\/es\/inmunidad-para-junqueras-inhabilitacion-de-torra-explota-la-complejidad-politica\/"},"wordCount":697,"commentCount":0,"image":{"@id":"https:\/\/conversesacatalunya.cat\/es\/inmunidad-para-junqueras-inhabilitacion-de-torra-explota-la-complejidad-politica\/#primaryimage"},"thumbnailUrl":"https:\/\/conversesacatalunya.cat\/wp-content\/uploads\/2019\/12\/64540_torra_puigdemont_junqueras.jpg","keywords":["Eleccions Europees 2019","judici 1-O","Oriol Junqueras","Quim Torra"],"articleSection":["Punts clau del dia (ES)"],"inLanguage":"es","potentialAction":[{"@type":"CommentAction","name":"Comment","target":["https:\/\/conversesacatalunya.cat\/es\/inmunidad-para-junqueras-inhabilitacion-de-torra-explota-la-complejidad-politica\/#respond"]}]},{"@type":"WebPage","@id":"https:\/\/conversesacatalunya.cat\/es\/inmunidad-para-junqueras-inhabilitacion-de-torra-explota-la-complejidad-politica\/","url":"https:\/\/conversesacatalunya.cat\/es\/inmunidad-para-junqueras-inhabilitacion-de-torra-explota-la-complejidad-politica\/","name":"Inmunidad para Junqueras, inhabilitaci\u00f3n de Torra: explota la complejidad pol\u00edtica - Converses a Catalunya","isPartOf":{"@id":"https:\/\/conversesacatalunya.cat\/#website"},"primaryImageOfPage":{"@id":"https:\/\/conversesacatalunya.cat\/es\/inmunidad-para-junqueras-inhabilitacion-de-torra-explota-la-complejidad-politica\/#primaryimage"},"image":{"@id":"https:\/\/conversesacatalunya.cat\/es\/inmunidad-para-junqueras-inhabilitacion-de-torra-explota-la-complejidad-politica\/#primaryimage"},"thumbnailUrl":"https:\/\/conversesacatalunya.cat\/wp-content\/uploads\/2019\/12\/64540_torra_puigdemont_junqueras.jpg","datePublished":"2019-12-19T12:57:57+00:00","dateModified":"2019-12-20T12:28:35+00:00","author":{"@id":"https:\/\/conversesacatalunya.cat\/#\/schema\/person\/7e24d1e54a2785373ddcb275eae5ed99"},"breadcrumb":{"@id":"https:\/\/conversesacatalunya.cat\/es\/inmunidad-para-junqueras-inhabilitacion-de-torra-explota-la-complejidad-politica\/#breadcrumb"},"inLanguage":"es","potentialAction":[{"@type":"ReadAction","target":["https:\/\/conversesacatalunya.cat\/es\/inmunidad-para-junqueras-inhabilitacion-de-torra-explota-la-complejidad-politica\/"]}]},{"@type":"ImageObject","inLanguage":"es","@id":"https:\/\/conversesacatalunya.cat\/es\/inmunidad-para-junqueras-inhabilitacion-de-torra-explota-la-complejidad-politica\/#primaryimage","url":"https:\/\/conversesacatalunya.cat\/wp-content\/uploads\/2019\/12\/64540_torra_puigdemont_junqueras.jpg","contentUrl":"https:\/\/conversesacatalunya.cat\/wp-content\/uploads\/2019\/12\/64540_torra_puigdemont_junqueras.jpg","width":640,"height":360,"caption":"immunitat de Junqueras"},{"@type":"BreadcrumbList","@id":"https:\/\/conversesacatalunya.cat\/es\/inmunidad-para-junqueras-inhabilitacion-de-torra-explota-la-complejidad-politica\/#breadcrumb","itemListElement":[{"@type":"ListItem","position":1,"name":"Inici","item":"https:\/\/conversesacatalunya.cat\/es\/"},{"@type":"ListItem","position":2,"name":"Inmunidad para Junqueras, inhabilitaci\u00f3n de Torra: explota la complejidad pol\u00edtica"}]},{"@type":"WebSite","@id":"https:\/\/conversesacatalunya.cat\/#website","url":"https:\/\/conversesacatalunya.cat\/","name":"Converses a Catalunya","description":"","potentialAction":[{"@type":"SearchAction","target":{"@type":"EntryPoint","urlTemplate":"https:\/\/conversesacatalunya.cat\/?s={search_term_string}"},"query-input":{"@type":"PropertyValueSpecification","valueRequired":true,"valueName":"search_term_string"}}],"inLanguage":"es"},{"@type":"Person","@id":"https:\/\/conversesacatalunya.cat\/#\/schema\/person\/7e24d1e54a2785373ddcb275eae5ed99","name":"conversesacatalunya","image":{"@type":"ImageObject","inLanguage":"es","@id":"https:\/\/conversesacatalunya.cat\/#\/schema\/person\/image\/","url":"https:\/\/conversesacatalunya.cat\/wp-content\/litespeed\/avatar\/febdfeeec89d950f01c748045a981dd2.jpg?ver=1777314535","contentUrl":"https:\/\/conversesacatalunya.cat\/wp-content\/litespeed\/avatar\/febdfeeec89d950f01c748045a981dd2.jpg?ver=1777314535","caption":"conversesacatalunya"},"url":"https:\/\/conversesacatalunya.cat\/es\/author\/carme_catala\/"}]}},"wps_subtitle":"","_links":{"self":[{"href":"https:\/\/conversesacatalunya.cat\/es\/wp-json\/wp\/v2\/posts\/30267","targetHints":{"allow":["GET"]}}],"collection":[{"href":"https:\/\/conversesacatalunya.cat\/es\/wp-json\/wp\/v2\/posts"}],"about":[{"href":"https:\/\/conversesacatalunya.cat\/es\/wp-json\/wp\/v2\/types\/post"}],"author":[{"embeddable":true,"href":"https:\/\/conversesacatalunya.cat\/es\/wp-json\/wp\/v2\/users\/2"}],"replies":[{"embeddable":true,"href":"https:\/\/conversesacatalunya.cat\/es\/wp-json\/wp\/v2\/comments?post=30267"}],"version-history":[{"count":3,"href":"https:\/\/conversesacatalunya.cat\/es\/wp-json\/wp\/v2\/posts\/30267\/revisions"}],"predecessor-version":[{"id":30270,"href":"https:\/\/conversesacatalunya.cat\/es\/wp-json\/wp\/v2\/posts\/30267\/revisions\/30270"}],"wp:featuredmedia":[{"embeddable":true,"href":"https:\/\/conversesacatalunya.cat\/es\/wp-json\/wp\/v2\/media\/30256"}],"wp:attachment":[{"href":"https:\/\/conversesacatalunya.cat\/es\/wp-json\/wp\/v2\/media?parent=30267"}],"wp:term":[{"taxonomy":"category","embeddable":true,"href":"https:\/\/conversesacatalunya.cat\/es\/wp-json\/wp\/v2\/categories?post=30267"},{"taxonomy":"post_tag","embeddable":true,"href":"https:\/\/conversesacatalunya.cat\/es\/wp-json\/wp\/v2\/tags?post=30267"}],"curies":[{"name":"wp","href":"https:\/\/api.w.org\/{rel}","templated":true}]}}