{"id":30120,"date":"2019-12-16T13:26:44","date_gmt":"2019-12-16T12:26:44","guid":{"rendered":"https:\/\/conversesacatalunya.cat\/la-setmana-decisiva-de-sanchez\/"},"modified":"2019-12-17T08:23:23","modified_gmt":"2019-12-17T07:23:23","slug":"la-semana-decisiva-de-sanchez","status":"publish","type":"post","link":"https:\/\/conversesacatalunya.cat\/es\/la-semana-decisiva-de-sanchez\/","title":{"rendered":"La semana decisiva de S\u00e1nchez"},"content":{"rendered":"<p><span style=\"display: inline !important; float: none; background-color: #f5f5f5; color: rgba(0, 0, 0, 0.87); font-family: 'Roboto',arial,sans-serif; font-size: 18px; font-style: normal; font-variant: normal; font-weight: 400; letter-spacing: normal; line-height: 28px; orphans: 2; text-align: left; text-decoration: none; text-indent: 0px; text-transform: none; -webkit-text-stroke-width: 0px; white-space: pre-wrap; word-spacing: 0px;\">Esta semana, previa a las Navidades, se juegan bazas decisivas para garantizar la investidura de S\u00e1nchez.<\/span><\/p>\n<p><span style=\"display: inline !important; float: none; background-color: #f5f5f5; color: rgba(0, 0, 0, 0.87); font-family: 'Roboto',arial,sans-serif; font-size: 18px; font-style: normal; font-variant: normal; font-weight: 400; letter-spacing: normal; line-height: 28px; orphans: 2; text-align: left; text-decoration: none; text-indent: 0px; text-transform: none; -webkit-text-stroke-width: 0px; white-space: pre-wrap; word-spacing: 0px;\">Seg\u00fan c\u00f3mo se desplieguen las cartas, podr\u00e1 convertirse en presidente o nos veremos abocados a unas nuevas elecciones. <strong>La carrera de obst\u00e1culos comienza hoy<\/strong>, porque la justicia belga celebra una nueva vista sobre la extradici\u00f3n de Puigdemont, Com\u00edn y Puig solicitada por la justicia espa\u00f1ola.<\/span><\/p>\n<p><span style=\"display: inline !important; float: none; background-color: #f5f5f5; color: rgba(0, 0, 0, 0.87); font-family: 'Roboto',arial,sans-serif; font-size: 18px; font-style: normal; font-variant: normal; font-weight: 400; letter-spacing: normal; line-height: 28px; orphans: 2; text-align: left; text-decoration: none; text-indent: 0px; text-transform: none; -webkit-text-stroke-width: 0px; white-space: pre-wrap; word-spacing: 0px;\">Si no hay sorpresas, es previsible que se determine un nuevo aplazamiento a la espera de la sentencia que dictar\u00e1 el Tribunal de Justicia de la Uni\u00f3n Europea sobre la inmunidad como eurodiputado de Oriol Junqueras.<\/span><\/p>\n<p><span style=\"display: inline !important; float: none; background-color: #f5f5f5; color: rgba(0, 0, 0, 0.87); font-family: 'Roboto',arial,sans-serif; font-size: 18px; font-style: normal; font-variant: normal; font-weight: 400; letter-spacing: normal; line-height: 28px; orphans: 2; text-align: left; text-decoration: none; text-indent: 0px; text-transform: none; -webkit-text-stroke-width: 0px; white-space: pre-wrap; word-spacing: 0px;\"><strong>Tambi\u00e9n hoy S\u00e1nchez se re\u00fane con el PP y Cs<\/strong>. Es muy dif\u00edcil que de la primera reuni\u00f3n salga nada positivo para la investidura y todo queda a la espera de si Cs ser\u00eda capaz de ofrecerle sus votos que ser\u00edan suficientes para sacar adelante el gobierno de socialistas y Podemos sin la necesidad de los votos de ERC.<\/span><\/p>\n<p><span style=\"display: inline !important; float: none; background-color: #f5f5f5; color: rgba(0, 0, 0, 0.87); font-family: 'Roboto',arial,sans-serif; font-size: 18px; font-style: normal; font-variant: normal; font-weight: 400; letter-spacing: normal; line-height: 28px; orphans: 2; text-align: left; text-decoration: none; text-indent: 0px; text-transform: none; -webkit-text-stroke-width: 0px; white-space: pre-wrap; word-spacing: 0px;\">El martes har\u00e1 <strong>la extra\u00f1a<\/strong> rueda de llamadas a los presidentes auton\u00f3micos, que todo el mundo sabe que no tienen otra finalidad que justificar la llamada a Torra. Es una inc\u00f3gnita qu\u00e9 se puede producir en esta conversaci\u00f3n telef\u00f3nica, que en todo caso est\u00e1 lastrada por las malas relaciones personales, como consecuencia de que S\u00e1nchez no quiso contestar a las llamadas previas del presidente catal\u00e1n. El hecho de que estuviera en campa\u00f1a electoral seguramente fue determinante. Pero tambi\u00e9n nos cuenta que el candidato a la Moncloa es una persona que se mueve con criterios muy a corto plazo. Ahora le ir\u00eda muy bien que su relaci\u00f3n con Torra fuera como m\u00ednimo normal.<\/span><\/p>\n<p><span style=\"display: inline !important; float: none; background-color: #f5f5f5; color: rgba(0, 0, 0, 0.87); font-family: 'Roboto',arial,sans-serif; font-size: 18px; font-style: normal; font-variant: normal; font-weight: 400; letter-spacing: normal; line-height: 28px; orphans: 2; text-align: left; text-decoration: none; text-indent: 0px; text-transform: none; -webkit-text-stroke-width: 0px; white-space: pre-wrap; word-spacing: 0px;\"><strong>El jueves es seguramente un d\u00eda decisivo<\/strong>. Si el Tribunal Superior de Justicia de la Uni\u00f3n Europea resuelve favorablemente y Junqueras asume su condici\u00f3n plena de eurodiputado, todo ser\u00e1 m\u00e1s f\u00e1cil para el entendimiento con ERC, y posiblemente se abrir\u00e1 una nueva perspectiva, al menos en este sentido. Pero esto tambi\u00e9n significar\u00e1 un <strong>reforzamiento de las posiciones independentistas<\/strong> ante un gobierno parlamentariamente d\u00e9bil.<\/span><\/p>\n<p><span style=\"display: inline !important; float: none; background-color: #f5f5f5; color: rgba(0, 0, 0, 0.87); font-family: 'Roboto',arial,sans-serif; font-size: 18px; font-style: normal; font-variant: normal; font-weight: 400; letter-spacing: normal; line-height: 28px; orphans: 2; text-align: left; text-decoration: none; text-indent: 0px; text-transform: none; -webkit-text-stroke-width: 0px; white-space: pre-wrap; word-spacing: 0px;\">Una complicaci\u00f3n adicional es el efecto colateral favorable a Puigdemont, que podr\u00eda tambi\u00e9n llegar a disfrutar de esta condici\u00f3n y favorecer de este modo su papel pol\u00edtico. Si la sentencia es desfavorable, ERC lo tendr\u00e1 m\u00e1s dif\u00edcil para pactar, pero a la vez el bloque independentista se ver\u00e1 debilitado.<\/span><\/p>\n<p><span style=\"display: inline !important; float: none; background-color: #f5f5f5; color: rgba(0, 0, 0, 0.87); font-family: 'Roboto',arial,sans-serif; font-size: 18px; font-style: normal; font-variant: normal; font-weight: 400; letter-spacing: normal; line-height: 28px; orphans: 2; text-align: left; text-decoration: none; text-indent: 0px; text-transform: none; -webkit-text-stroke-width: 0px; white-space: pre-wrap; word-spacing: 0px;\">Y, finalmente, la explosiva semana se cerrar\u00e1 con una cita decisiva. El <strong>congreso de ERC el s\u00e1bado y domingo<\/strong>, que definir\u00e1 la estrategia a seguir. La direcci\u00f3n del partido parece tener bien amarradas las conclusiones finales, pero nunca se debe perder de vista que ERC ha sido un partido de reacciones imprevistas, si bien ahora este espontane\u00edsmo pol\u00edtico se ve atemperado por la cercan\u00eda del poder.<\/span><\/p>\n","protected":false},"excerpt":{"rendered":"<p>Esta semana, previa a las Navidades, se juegan bazas decisivas para garantizar la investidura de S\u00e1nchez. Seg\u00fan c\u00f3mo se desplieguen las cartas, podr\u00e1 convertirse en presidente o nos veremos abocados a unas nuevas elecciones. La carrera de obst\u00e1culos comienza hoy, porque la justicia belga celebra una nueva vista sobre la extradici\u00f3n de Puigdemont, Com\u00edn y Puig solicitada por la justicia espa\u00f1ola. Si no hay sorpresas, es previsible que se determine un nuevo aplazamiento a la espera de la sentencia que dictar\u00e1 el Tribunal de Justicia de la Uni\u00f3n Europea sobre la inmunidad como eurodiputado de Oriol Junqueras. Tambi\u00e9n hoy S\u00e1nchez se re\u00fane con el PP y Cs. Es muy dif\u00edcil que de la primera reuni\u00f3n salga nada positivo para la investidura y todo queda a la espera de si Cs ser\u00eda capaz de ofrecerle sus votos que ser\u00edan suficientes para sacar adelante el gobierno de socialistas y Podemos sin la necesidad de los votos de ERC. El martes har\u00e1 la extra\u00f1a rueda de llamadas a los presidentes auton\u00f3micos, que todo el mundo sabe que no tienen otra finalidad que justificar la llamada a Torra. Es una inc\u00f3gnita qu\u00e9 se puede producir en esta conversaci\u00f3n telef\u00f3nica, que en todo caso est\u00e1 lastrada por las malas relaciones personales, como consecuencia de que S\u00e1nchez no quiso contestar a las llamadas previas del presidente catal\u00e1n. El hecho de que estuviera en campa\u00f1a electoral seguramente fue determinante. Pero tambi\u00e9n nos cuenta que el candidato a la Moncloa es una persona que se mueve con criterios muy a corto plazo. Ahora le ir\u00eda muy bien que su relaci\u00f3n con Torra fuera como m\u00ednimo normal. El jueves es seguramente un d\u00eda decisivo. Si el Tribunal Superior de Justicia de la Uni\u00f3n Europea resuelve favorablemente y Junqueras asume su condici\u00f3n plena de eurodiputado, todo ser\u00e1 m\u00e1s f\u00e1cil para el entendimiento con ERC, y posiblemente se abrir\u00e1 una nueva perspectiva, al menos en este sentido. Pero esto tambi\u00e9n significar\u00e1 un reforzamiento de las posiciones independentistas ante un gobierno parlamentariamente d\u00e9bil. Una complicaci\u00f3n adicional es el efecto colateral favorable a Puigdemont, que podr\u00eda tambi\u00e9n llegar a disfrutar de esta condici\u00f3n y favorecer de este modo su papel pol\u00edtico. Si la sentencia es desfavorable, ERC lo tendr\u00e1 m\u00e1s dif\u00edcil para pactar, pero a la vez el bloque independentista se ver\u00e1 debilitado. Y, finalmente, la explosiva semana se cerrar\u00e1 con una cita decisiva. El congreso de ERC el s\u00e1bado y domingo, que definir\u00e1 la estrategia a seguir. La direcci\u00f3n del partido parece tener bien amarradas las conclusiones finales, pero nunca se debe perder de vista que ERC ha sido un partido de reacciones imprevistas, si bien ahora este espontane\u00edsmo pol\u00edtico se ve atemperado por la cercan\u00eda del poder.<\/p>\n","protected":false},"author":2,"featured_media":30100,"comment_status":"open","ping_status":"open","sticky":false,"template":"","format":"standard","meta":{"_FSMCFIC_featured_image_caption":"","_FSMCFIC_featured_image_nocaption":"","_FSMCFIC_featured_image_hide":"","footnotes":""},"categories":[806],"tags":[1201,1200,1185,1157],"class_list":["post-30120","post","type-post","status-publish","format-standard","has-post-thumbnail","hentry","category-punts-claus-del-dia-es","tag-govern-despanya-es-2","tag-govern-despanya-es","tag-investidura-sanchez-es","tag-pedro-sanchez-es"],"yoast_head":"<!-- This site is optimized with the Yoast SEO plugin v26.8 - https:\/\/yoast.com\/product\/yoast-seo-wordpress\/ -->\n<title>La semana decisiva de S\u00e1nchez - Converses a Catalunya<\/title>\n<meta name=\"description\" content=\"Aquesta setmana, pr\u00e8via a Nadal, es juguen basses decisives per garantir la investidura de S\u00e1nchez.Segons i com es despleguin les cartes podr\u00e0 esdevenir\" \/>\n<meta name=\"robots\" content=\"index, follow, max-snippet:-1, max-image-preview:large, max-video-preview:-1\" \/>\n<link rel=\"canonical\" href=\"https:\/\/conversesacatalunya.cat\/es\/la-semana-decisiva-de-sanchez\/\" \/>\n<meta property=\"og:locale\" content=\"es_ES\" \/>\n<meta property=\"og:type\" content=\"article\" \/>\n<meta property=\"og:title\" content=\"La semana decisiva de S\u00e1nchez - Converses a Catalunya\" \/>\n<meta property=\"og:description\" content=\"Aquesta setmana, pr\u00e8via a Nadal, es juguen basses decisives per garantir la investidura de S\u00e1nchez.Segons i com es despleguin les cartes podr\u00e0 esdevenir\" \/>\n<meta property=\"og:url\" content=\"https:\/\/conversesacatalunya.cat\/es\/la-semana-decisiva-de-sanchez\/\" \/>\n<meta property=\"og:site_name\" content=\"Converses a Catalunya\" \/>\n<meta property=\"article:published_time\" content=\"2019-12-16T12:26:44+00:00\" \/>\n<meta property=\"article:modified_time\" content=\"2019-12-17T07:23:23+00:00\" \/>\n<meta property=\"og:image\" content=\"https:\/\/conversesacatalunya.cat\/wp-content\/uploads\/2019\/12\/Pedro-Sanchez.jpg\" \/>\n\t<meta property=\"og:image:width\" content=\"1440\" \/>\n\t<meta property=\"og:image:height\" content=\"808\" \/>\n\t<meta property=\"og:image:type\" content=\"image\/jpeg\" \/>\n<meta name=\"author\" content=\"conversesacatalunya\" \/>\n<meta name=\"twitter:card\" content=\"summary_large_image\" \/>\n<meta name=\"twitter:label1\" content=\"Escrito por\" \/>\n\t<meta name=\"twitter:data1\" content=\"conversesacatalunya\" \/>\n\t<meta name=\"twitter:label2\" content=\"Tiempo de lectura\" \/>\n\t<meta name=\"twitter:data2\" content=\"2 minutos\" \/>\n<script type=\"application\/ld+json\" class=\"yoast-schema-graph\">{\"@context\":\"https:\/\/schema.org\",\"@graph\":[{\"@type\":\"Article\",\"@id\":\"https:\/\/conversesacatalunya.cat\/es\/la-semana-decisiva-de-sanchez\/#article\",\"isPartOf\":{\"@id\":\"https:\/\/conversesacatalunya.cat\/es\/la-semana-decisiva-de-sanchez\/\"},\"author\":{\"name\":\"conversesacatalunya\",\"@id\":\"https:\/\/conversesacatalunya.cat\/#\/schema\/person\/7e24d1e54a2785373ddcb275eae5ed99\"},\"headline\":\"La semana decisiva de S\u00e1nchez\",\"datePublished\":\"2019-12-16T12:26:44+00:00\",\"dateModified\":\"2019-12-17T07:23:23+00:00\",\"mainEntityOfPage\":{\"@id\":\"https:\/\/conversesacatalunya.cat\/es\/la-semana-decisiva-de-sanchez\/\"},\"wordCount\":498,\"commentCount\":0,\"image\":{\"@id\":\"https:\/\/conversesacatalunya.cat\/es\/la-semana-decisiva-de-sanchez\/#primaryimage\"},\"thumbnailUrl\":\"https:\/\/conversesacatalunya.cat\/wp-content\/uploads\/2019\/12\/Pedro-Sanchez.jpg\",\"keywords\":[\"Govern d'Espanya\",\"Govern d&#8217;Espanya\",\"Investidura S\u00e1nchez\",\"Pedro S\u00e1nchez\"],\"articleSection\":[\"Punts clau del dia (ES)\"],\"inLanguage\":\"es\",\"potentialAction\":[{\"@type\":\"CommentAction\",\"name\":\"Comment\",\"target\":[\"https:\/\/conversesacatalunya.cat\/es\/la-semana-decisiva-de-sanchez\/#respond\"]}]},{\"@type\":\"WebPage\",\"@id\":\"https:\/\/conversesacatalunya.cat\/es\/la-semana-decisiva-de-sanchez\/\",\"url\":\"https:\/\/conversesacatalunya.cat\/es\/la-semana-decisiva-de-sanchez\/\",\"name\":\"La semana decisiva de S\u00e1nchez - Converses a Catalunya\",\"isPartOf\":{\"@id\":\"https:\/\/conversesacatalunya.cat\/#website\"},\"primaryImageOfPage\":{\"@id\":\"https:\/\/conversesacatalunya.cat\/es\/la-semana-decisiva-de-sanchez\/#primaryimage\"},\"image\":{\"@id\":\"https:\/\/conversesacatalunya.cat\/es\/la-semana-decisiva-de-sanchez\/#primaryimage\"},\"thumbnailUrl\":\"https:\/\/conversesacatalunya.cat\/wp-content\/uploads\/2019\/12\/Pedro-Sanchez.jpg\",\"datePublished\":\"2019-12-16T12:26:44+00:00\",\"dateModified\":\"2019-12-17T07:23:23+00:00\",\"author\":{\"@id\":\"https:\/\/conversesacatalunya.cat\/#\/schema\/person\/7e24d1e54a2785373ddcb275eae5ed99\"},\"description\":\"Aquesta setmana, pr\u00e8via a Nadal, es juguen basses decisives per garantir la investidura de S\u00e1nchez.Segons i com es despleguin les cartes podr\u00e0 esdevenir\",\"breadcrumb\":{\"@id\":\"https:\/\/conversesacatalunya.cat\/es\/la-semana-decisiva-de-sanchez\/#breadcrumb\"},\"inLanguage\":\"es\",\"potentialAction\":[{\"@type\":\"ReadAction\",\"target\":[\"https:\/\/conversesacatalunya.cat\/es\/la-semana-decisiva-de-sanchez\/\"]}]},{\"@type\":\"ImageObject\",\"inLanguage\":\"es\",\"@id\":\"https:\/\/conversesacatalunya.cat\/es\/la-semana-decisiva-de-sanchez\/#primaryimage\",\"url\":\"https:\/\/conversesacatalunya.cat\/wp-content\/uploads\/2019\/12\/Pedro-Sanchez.jpg\",\"contentUrl\":\"https:\/\/conversesacatalunya.cat\/wp-content\/uploads\/2019\/12\/Pedro-Sanchez.jpg\",\"width\":1440,\"height\":808,\"caption\":\"Pedro S\u00e1nchez\"},{\"@type\":\"BreadcrumbList\",\"@id\":\"https:\/\/conversesacatalunya.cat\/es\/la-semana-decisiva-de-sanchez\/#breadcrumb\",\"itemListElement\":[{\"@type\":\"ListItem\",\"position\":1,\"name\":\"Inici\",\"item\":\"https:\/\/conversesacatalunya.cat\/es\/\"},{\"@type\":\"ListItem\",\"position\":2,\"name\":\"La semana decisiva de S\u00e1nchez\"}]},{\"@type\":\"WebSite\",\"@id\":\"https:\/\/conversesacatalunya.cat\/#website\",\"url\":\"https:\/\/conversesacatalunya.cat\/\",\"name\":\"Converses a Catalunya\",\"description\":\"\",\"potentialAction\":[{\"@type\":\"SearchAction\",\"target\":{\"@type\":\"EntryPoint\",\"urlTemplate\":\"https:\/\/conversesacatalunya.cat\/?s={search_term_string}\"},\"query-input\":{\"@type\":\"PropertyValueSpecification\",\"valueRequired\":true,\"valueName\":\"search_term_string\"}}],\"inLanguage\":\"es\"},{\"@type\":\"Person\",\"@id\":\"https:\/\/conversesacatalunya.cat\/#\/schema\/person\/7e24d1e54a2785373ddcb275eae5ed99\",\"name\":\"conversesacatalunya\",\"image\":{\"@type\":\"ImageObject\",\"inLanguage\":\"es\",\"@id\":\"https:\/\/conversesacatalunya.cat\/#\/schema\/person\/image\/\",\"url\":\"https:\/\/conversesacatalunya.cat\/wp-content\/litespeed\/avatar\/febdfeeec89d950f01c748045a981dd2.jpg?ver=1777314535\",\"contentUrl\":\"https:\/\/conversesacatalunya.cat\/wp-content\/litespeed\/avatar\/febdfeeec89d950f01c748045a981dd2.jpg?ver=1777314535\",\"caption\":\"conversesacatalunya\"},\"url\":\"https:\/\/conversesacatalunya.cat\/es\/author\/carme_catala\/\"}]}<\/script>\n<!-- \/ Yoast SEO plugin. -->","yoast_head_json":{"title":"La semana decisiva de S\u00e1nchez - Converses a Catalunya","description":"Aquesta setmana, pr\u00e8via a Nadal, es juguen basses decisives per garantir la investidura de S\u00e1nchez.Segons i com es despleguin les cartes podr\u00e0 esdevenir","robots":{"index":"index","follow":"follow","max-snippet":"max-snippet:-1","max-image-preview":"max-image-preview:large","max-video-preview":"max-video-preview:-1"},"canonical":"https:\/\/conversesacatalunya.cat\/es\/la-semana-decisiva-de-sanchez\/","og_locale":"es_ES","og_type":"article","og_title":"La semana decisiva de S\u00e1nchez - Converses a Catalunya","og_description":"Aquesta setmana, pr\u00e8via a Nadal, es juguen basses decisives per garantir la investidura de S\u00e1nchez.Segons i com es despleguin les cartes podr\u00e0 esdevenir","og_url":"https:\/\/conversesacatalunya.cat\/es\/la-semana-decisiva-de-sanchez\/","og_site_name":"Converses a Catalunya","article_published_time":"2019-12-16T12:26:44+00:00","article_modified_time":"2019-12-17T07:23:23+00:00","og_image":[{"width":1440,"height":808,"url":"https:\/\/conversesacatalunya.cat\/wp-content\/uploads\/2019\/12\/Pedro-Sanchez.jpg","type":"image\/jpeg"}],"author":"conversesacatalunya","twitter_card":"summary_large_image","twitter_misc":{"Escrito por":"conversesacatalunya","Tiempo de lectura":"2 minutos"},"schema":{"@context":"https:\/\/schema.org","@graph":[{"@type":"Article","@id":"https:\/\/conversesacatalunya.cat\/es\/la-semana-decisiva-de-sanchez\/#article","isPartOf":{"@id":"https:\/\/conversesacatalunya.cat\/es\/la-semana-decisiva-de-sanchez\/"},"author":{"name":"conversesacatalunya","@id":"https:\/\/conversesacatalunya.cat\/#\/schema\/person\/7e24d1e54a2785373ddcb275eae5ed99"},"headline":"La semana decisiva de S\u00e1nchez","datePublished":"2019-12-16T12:26:44+00:00","dateModified":"2019-12-17T07:23:23+00:00","mainEntityOfPage":{"@id":"https:\/\/conversesacatalunya.cat\/es\/la-semana-decisiva-de-sanchez\/"},"wordCount":498,"commentCount":0,"image":{"@id":"https:\/\/conversesacatalunya.cat\/es\/la-semana-decisiva-de-sanchez\/#primaryimage"},"thumbnailUrl":"https:\/\/conversesacatalunya.cat\/wp-content\/uploads\/2019\/12\/Pedro-Sanchez.jpg","keywords":["Govern d'Espanya","Govern d&#8217;Espanya","Investidura S\u00e1nchez","Pedro S\u00e1nchez"],"articleSection":["Punts clau del dia (ES)"],"inLanguage":"es","potentialAction":[{"@type":"CommentAction","name":"Comment","target":["https:\/\/conversesacatalunya.cat\/es\/la-semana-decisiva-de-sanchez\/#respond"]}]},{"@type":"WebPage","@id":"https:\/\/conversesacatalunya.cat\/es\/la-semana-decisiva-de-sanchez\/","url":"https:\/\/conversesacatalunya.cat\/es\/la-semana-decisiva-de-sanchez\/","name":"La semana decisiva de S\u00e1nchez - Converses a Catalunya","isPartOf":{"@id":"https:\/\/conversesacatalunya.cat\/#website"},"primaryImageOfPage":{"@id":"https:\/\/conversesacatalunya.cat\/es\/la-semana-decisiva-de-sanchez\/#primaryimage"},"image":{"@id":"https:\/\/conversesacatalunya.cat\/es\/la-semana-decisiva-de-sanchez\/#primaryimage"},"thumbnailUrl":"https:\/\/conversesacatalunya.cat\/wp-content\/uploads\/2019\/12\/Pedro-Sanchez.jpg","datePublished":"2019-12-16T12:26:44+00:00","dateModified":"2019-12-17T07:23:23+00:00","author":{"@id":"https:\/\/conversesacatalunya.cat\/#\/schema\/person\/7e24d1e54a2785373ddcb275eae5ed99"},"description":"Aquesta setmana, pr\u00e8via a Nadal, es juguen basses decisives per garantir la investidura de S\u00e1nchez.Segons i com es despleguin les cartes podr\u00e0 esdevenir","breadcrumb":{"@id":"https:\/\/conversesacatalunya.cat\/es\/la-semana-decisiva-de-sanchez\/#breadcrumb"},"inLanguage":"es","potentialAction":[{"@type":"ReadAction","target":["https:\/\/conversesacatalunya.cat\/es\/la-semana-decisiva-de-sanchez\/"]}]},{"@type":"ImageObject","inLanguage":"es","@id":"https:\/\/conversesacatalunya.cat\/es\/la-semana-decisiva-de-sanchez\/#primaryimage","url":"https:\/\/conversesacatalunya.cat\/wp-content\/uploads\/2019\/12\/Pedro-Sanchez.jpg","contentUrl":"https:\/\/conversesacatalunya.cat\/wp-content\/uploads\/2019\/12\/Pedro-Sanchez.jpg","width":1440,"height":808,"caption":"Pedro S\u00e1nchez"},{"@type":"BreadcrumbList","@id":"https:\/\/conversesacatalunya.cat\/es\/la-semana-decisiva-de-sanchez\/#breadcrumb","itemListElement":[{"@type":"ListItem","position":1,"name":"Inici","item":"https:\/\/conversesacatalunya.cat\/es\/"},{"@type":"ListItem","position":2,"name":"La semana decisiva de S\u00e1nchez"}]},{"@type":"WebSite","@id":"https:\/\/conversesacatalunya.cat\/#website","url":"https:\/\/conversesacatalunya.cat\/","name":"Converses a Catalunya","description":"","potentialAction":[{"@type":"SearchAction","target":{"@type":"EntryPoint","urlTemplate":"https:\/\/conversesacatalunya.cat\/?s={search_term_string}"},"query-input":{"@type":"PropertyValueSpecification","valueRequired":true,"valueName":"search_term_string"}}],"inLanguage":"es"},{"@type":"Person","@id":"https:\/\/conversesacatalunya.cat\/#\/schema\/person\/7e24d1e54a2785373ddcb275eae5ed99","name":"conversesacatalunya","image":{"@type":"ImageObject","inLanguage":"es","@id":"https:\/\/conversesacatalunya.cat\/#\/schema\/person\/image\/","url":"https:\/\/conversesacatalunya.cat\/wp-content\/litespeed\/avatar\/febdfeeec89d950f01c748045a981dd2.jpg?ver=1777314535","contentUrl":"https:\/\/conversesacatalunya.cat\/wp-content\/litespeed\/avatar\/febdfeeec89d950f01c748045a981dd2.jpg?ver=1777314535","caption":"conversesacatalunya"},"url":"https:\/\/conversesacatalunya.cat\/es\/author\/carme_catala\/"}]}},"wps_subtitle":"","_links":{"self":[{"href":"https:\/\/conversesacatalunya.cat\/es\/wp-json\/wp\/v2\/posts\/30120","targetHints":{"allow":["GET"]}}],"collection":[{"href":"https:\/\/conversesacatalunya.cat\/es\/wp-json\/wp\/v2\/posts"}],"about":[{"href":"https:\/\/conversesacatalunya.cat\/es\/wp-json\/wp\/v2\/types\/post"}],"author":[{"embeddable":true,"href":"https:\/\/conversesacatalunya.cat\/es\/wp-json\/wp\/v2\/users\/2"}],"replies":[{"embeddable":true,"href":"https:\/\/conversesacatalunya.cat\/es\/wp-json\/wp\/v2\/comments?post=30120"}],"version-history":[{"count":2,"href":"https:\/\/conversesacatalunya.cat\/es\/wp-json\/wp\/v2\/posts\/30120\/revisions"}],"predecessor-version":[{"id":30122,"href":"https:\/\/conversesacatalunya.cat\/es\/wp-json\/wp\/v2\/posts\/30120\/revisions\/30122"}],"wp:featuredmedia":[{"embeddable":true,"href":"https:\/\/conversesacatalunya.cat\/es\/wp-json\/wp\/v2\/media\/30100"}],"wp:attachment":[{"href":"https:\/\/conversesacatalunya.cat\/es\/wp-json\/wp\/v2\/media?parent=30120"}],"wp:term":[{"taxonomy":"category","embeddable":true,"href":"https:\/\/conversesacatalunya.cat\/es\/wp-json\/wp\/v2\/categories?post=30120"},{"taxonomy":"post_tag","embeddable":true,"href":"https:\/\/conversesacatalunya.cat\/es\/wp-json\/wp\/v2\/tags?post=30120"}],"curies":[{"name":"wp","href":"https:\/\/api.w.org\/{rel}","templated":true}]}}