{"id":30061,"date":"2019-12-13T13:30:50","date_gmt":"2019-12-13T12:30:50","guid":{"rendered":"https:\/\/conversesacatalunya.cat\/erc-2-jxcat-0-comenca-a-funcionar-el-pacte-dinvestidura\/"},"modified":"2019-12-13T17:09:45","modified_gmt":"2019-12-13T16:09:45","slug":"erc-2-jxcat-0-comienza-a-funcionar-el-pacto-de-investidura","status":"publish","type":"post","link":"https:\/\/conversesacatalunya.cat\/es\/erc-2-jxcat-0-comienza-a-funcionar-el-pacto-de-investidura\/","title":{"rendered":"ERC 2 &#8211; JxCat 0. Comienza a funcionar el pacto de investidura"},"content":{"rendered":"<p><span style=\"display: inline !important; float: none; background-color: #f5f5f5; color: rgba(0, 0, 0, 0.87); font-family: 'Roboto',arial,sans-serif; font-size: 18px; font-style: normal; font-variant: normal; font-weight: 400; letter-spacing: normal; line-height: 28px; orphans: 2; text-align: left; text-decoration: none; text-indent: 0px; text-transform: none; -webkit-text-stroke-width: 0px; white-space: pre-wrap; word-spacing: 0px;\">Dos informaciones aparentemente desligadas se han hecho p\u00fablicas al mismo tiempo y por v\u00edas diferentes. Una ha sido la fiscal\u00eda reconociendo ahora que se puede conceder la libertad provisional a tres de los siete detenidos los CDR acusados \u200b\u200bde terrorismo.<\/span><\/p>\n<p><span style=\"display: inline !important; float: none; background-color: #f5f5f5; color: rgba(0, 0, 0, 0.87); font-family: 'Roboto',arial,sans-serif; font-size: 18px; font-style: normal; font-variant: normal; font-weight: 400; letter-spacing: normal; line-height: 28px; orphans: 2; text-align: left; text-decoration: none; text-indent: 0px; text-transform: none; -webkit-text-stroke-width: 0px; white-space: pre-wrap; word-spacing: 0px;\">Sorprende la decisi\u00f3n, porque los presuntos delitos son tan graves y comportar\u00edan, en el caso de demostrarse la culpabilidad, penas tan altas, que resulta ins\u00f3lita la libertad provisional, aunque s\u00f3lo sea de tres de los siete. M\u00e1s a\u00fan cuando dos semanas atr\u00e1s, la misma fiscal\u00eda argumentaba que no se pod\u00eda conceder este tipo de libertad precisamente por la <strong>gravedad de los delitos<\/strong>.<\/span><\/p>\n<p><span style=\"display: inline !important; float: none; background-color: #f5f5f5; color: rgba(0, 0, 0, 0.87); font-family: 'Roboto',arial,sans-serif; font-size: 18px; font-style: normal; font-variant: normal; font-weight: 400; letter-spacing: normal; line-height: 28px; orphans: 2; text-align: left; text-decoration: none; text-indent: 0px; text-transform: none; -webkit-text-stroke-width: 0px; white-space: pre-wrap; word-spacing: 0px;\">Naturalmente que lo solicite el fiscal no significa que la Audiencia lo atienda, a no ser que presente hechos que demuestren, al menos para estos tres inculpados, que la acusaci\u00f3n inicial era infundada. No es un hecho ajeno que casi simult\u00e1neamente el Parlamento de Catalu\u00f1a con el voto de ERC pidi\u00f3 su liberaci\u00f3n.<\/span><\/p>\n<p><span style=\"display: inline !important; float: none; background-color: #f5f5f5; color: rgba(0, 0, 0, 0.87); font-family: 'Roboto',arial,sans-serif; font-size: 18px; font-style: normal; font-variant: normal; font-weight: 400; letter-spacing: normal; line-height: 28px; orphans: 2; text-align: left; text-decoration: none; text-indent: 0px; text-transform: none; -webkit-text-stroke-width: 0px; white-space: pre-wrap; word-spacing: 0px;\">Es dif\u00edcil no pensar que este gesto <strong>forma parte de la negociaci\u00f3n entre S\u00e1nchez y los republicanos<\/strong>, sobre todo de cara a sus bases para demostrar que en este di\u00e1logo se obtienen beneficios concretos para el independentismo. El gesto se ha producido, y ahora hay que ver los resultados y su incidencia pol\u00edtica.<\/span><\/p>\n<p><span style=\"display: inline !important; float: none; background-color: #f5f5f5; color: rgba(0, 0, 0, 0.87); font-family: 'Roboto',arial,sans-serif; font-size: 18px; font-style: normal; font-variant: normal; font-weight: 400; letter-spacing: normal; line-height: 28px; orphans: 2; text-align: left; text-decoration: none; text-indent: 0px; text-transform: none; -webkit-text-stroke-width: 0px; white-space: pre-wrap; word-spacing: 0px;\">En la misma l\u00ednea se puede situar el anuncio del presidente del gobierno en funciones, Pedro S\u00e1nchez, de <strong>llamar a Torra<\/strong>, si bien envuelto de las llamadas a todos los dem\u00e1s presidentes auton\u00f3micos, siguiendo un riguroso orden protocolario. De esta manera S\u00e1nchez satisfar\u00eda parcialmente la petici\u00f3n de ERC de devolver la llamada a Torra, si bien la concreci\u00f3n ha sido de perfil mucho m\u00e1s bajo, <strong>sumergida en el \u00abcaf\u00e9 para todos\u00bb<\/strong> telef\u00f3nico.<\/span><\/p>\n<p><span style=\"display: inline !important; float: none; background-color: #f5f5f5; color: rgba(0, 0, 0, 0.87); font-family: 'Roboto',arial,sans-serif; font-size: 18px; font-style: normal; font-variant: normal; font-weight: 400; letter-spacing: normal; line-height: 28px; orphans: 2; text-align: left; text-decoration: none; text-indent: 0px; text-transform: none; -webkit-text-stroke-width: 0px; white-space: pre-wrap; word-spacing: 0px;\">Naturalmente Torra, por boca de su portavoz Bud\u00f3, ya ha dicho que este hecho es insuficiente y reclama unas <strong>conversaciones pol\u00edticas de presidente a presidente<\/strong>, pero, de cara a sus bases, ERC tambi\u00e9n puede argumentar que al menos ha conseguido una grieta en un B\u00e1ltico que estaba muy helado.<\/span><\/p>\n<p><span style=\"display: inline !important; float: none; background-color: #f5f5f5; color: rgba(0, 0, 0, 0.87); font-family: 'Roboto',arial,sans-serif; font-size: 18px; font-style: normal; font-variant: normal; font-weight: 400; letter-spacing: normal; line-height: 28px; orphans: 2; text-align: left; text-decoration: none; text-indent: 0px; text-transform: none; -webkit-text-stroke-width: 0px; white-space: pre-wrap; word-spacing: 0px;\">Est\u00e1 claro que todas estas circunstancias que apuntan al acuerdo se ven enturbiadas por el problema planteado entre los dos partners del independentismo debido a la <strong>clasificaci\u00f3n penitenciaria de los presos<\/strong>. En teor\u00eda, y desde una lectura del independentismo que lucha, es razonable la cr\u00edtica a que no se haya pasado directamente al tercer grado. En definitiva, est\u00e1 en manos de la propia Generalitat.<\/span><\/p>\n<p><span style=\"display: inline !important; float: none; background-color: #f5f5f5; color: rgba(0, 0, 0, 0.87); font-family: 'Roboto',arial,sans-serif; font-size: 18px; font-style: normal; font-variant: normal; font-weight: 400; letter-spacing: normal; line-height: 28px; orphans: 2; text-align: left; text-decoration: none; text-indent: 0px; text-transform: none; -webkit-text-stroke-width: 0px; white-space: pre-wrap; word-spacing: 0px;\">Sin embargo, m\u00e1s que protestar contra ERC, a quien habr\u00eda que dirigir los ca\u00f1ones <strong>es sobre el propio Torra<\/strong>, porque el presidente tiene la facultad de ordenar a un consejero que cumpla una determinada medida que, como en este caso, tiene un elevado grado de discrecionalidad.<\/span><\/p>\n<p><span style=\"display: inline !important; float: none; background-color: #f5f5f5; color: rgba(0, 0, 0, 0.87); font-family: 'Roboto',arial,sans-serif; font-size: 18px; font-style: normal; font-variant: normal; font-weight: 400; letter-spacing: normal; line-height: 28px; orphans: 2; text-align: left; text-decoration: none; text-indent: 0px; text-transform: none; -webkit-text-stroke-width: 0px; white-space: pre-wrap; word-spacing: 0px;\">Por lo tanto, la cr\u00edtica de JxCat es en parte oportunista. El presidente de la Generalitat quiere que <strong>todos los presos pueden ser clasificados en el tercer grado<\/strong>. Pero esta decisi\u00f3n conlleva un riesgo muy importante que ERC ha querido evitar. Para el segundo grado la decisi\u00f3n se mueve en el \u00e1mbito ordinario de la justicia en cuanto a la presentaci\u00f3n de un recurso de disconformidad, de dif\u00edcil \u00e9xito en este caso. La concesi\u00f3n directa del tercer grado <strong>podr\u00eda ser recorrida por la fiscal\u00eda al Tribunal Supremo<\/strong>, con riesgo no ya de perder los beneficios que les quer\u00edan otorgar, sino de continuar una temporada m\u00e1s sin poder salir de la c\u00e1rcel.<\/span><\/p>\n","protected":false},"excerpt":{"rendered":"<p>Dos informaciones aparentemente desligadas se han hecho p\u00fablicas al mismo tiempo y por v\u00edas diferentes. Una ha sido la fiscal\u00eda reconociendo ahora que se puede conceder la libertad provisional a tres de los siete detenidos los CDR acusados \u200b\u200bde terrorismo. Sorprende la decisi\u00f3n, porque los presuntos delitos son tan graves y comportar\u00edan, en el caso de demostrarse la culpabilidad, penas tan altas, que resulta ins\u00f3lita la libertad provisional, aunque s\u00f3lo sea de tres de los siete. M\u00e1s a\u00fan cuando dos semanas atr\u00e1s, la misma fiscal\u00eda argumentaba que no se pod\u00eda conceder este tipo de libertad precisamente por la gravedad de los delitos. Naturalmente que lo solicite el fiscal no significa que la Audiencia lo atienda, a no ser que presente hechos que demuestren, al menos para estos tres inculpados, que la acusaci\u00f3n inicial era infundada. No es un hecho ajeno que casi simult\u00e1neamente el Parlamento de Catalu\u00f1a con el voto de ERC pidi\u00f3 su liberaci\u00f3n. Es dif\u00edcil no pensar que este gesto forma parte de la negociaci\u00f3n entre S\u00e1nchez y los republicanos, sobre todo de cara a sus bases para demostrar que en este di\u00e1logo se obtienen beneficios concretos para el independentismo. El gesto se ha producido, y ahora hay que ver los resultados y su incidencia pol\u00edtica. En la misma l\u00ednea se puede situar el anuncio del presidente del gobierno en funciones, Pedro S\u00e1nchez, de llamar a Torra, si bien envuelto de las llamadas a todos los dem\u00e1s presidentes auton\u00f3micos, siguiendo un riguroso orden protocolario. De esta manera S\u00e1nchez satisfar\u00eda parcialmente la petici\u00f3n de ERC de devolver la llamada a Torra, si bien la concreci\u00f3n ha sido de perfil mucho m\u00e1s bajo, sumergida en el \u00abcaf\u00e9 para todos\u00bb telef\u00f3nico. Naturalmente Torra, por boca de su portavoz Bud\u00f3, ya ha dicho que este hecho es insuficiente y reclama unas conversaciones pol\u00edticas de presidente a presidente, pero, de cara a sus bases, ERC tambi\u00e9n puede argumentar que al menos ha conseguido una grieta en un B\u00e1ltico que estaba muy helado. Est\u00e1 claro que todas estas circunstancias que apuntan al acuerdo se ven enturbiadas por el problema planteado entre los dos partners del independentismo debido a la clasificaci\u00f3n penitenciaria de los presos. En teor\u00eda, y desde una lectura del independentismo que lucha, es razonable la cr\u00edtica a que no se haya pasado directamente al tercer grado. En definitiva, est\u00e1 en manos de la propia Generalitat. Sin embargo, m\u00e1s que protestar contra ERC, a quien habr\u00eda que dirigir los ca\u00f1ones es sobre el propio Torra, porque el presidente tiene la facultad de ordenar a un consejero que cumpla una determinada medida que, como en este caso, tiene un elevado grado de discrecionalidad. Por lo tanto, la cr\u00edtica de JxCat es en parte oportunista. El presidente de la Generalitat quiere que todos los presos pueden ser clasificados en el tercer grado. Pero esta decisi\u00f3n conlleva un riesgo muy importante que ERC ha querido evitar. Para el segundo grado la decisi\u00f3n se mueve en el \u00e1mbito ordinario de la justicia en cuanto a la presentaci\u00f3n de un recurso de disconformidad, de dif\u00edcil \u00e9xito en este caso. La concesi\u00f3n directa del tercer grado podr\u00eda ser recorrida por la fiscal\u00eda al Tribunal Supremo, con riesgo no ya de perder los beneficios que les quer\u00edan otorgar, sino de continuar una temporada m\u00e1s sin poder salir de la c\u00e1rcel.<\/p>\n","protected":false},"author":2,"featured_media":30050,"comment_status":"open","ping_status":"open","sticky":false,"template":"","format":"standard","meta":{"_FSMCFIC_featured_image_caption":"","_FSMCFIC_featured_image_nocaption":"","_FSMCFIC_featured_image_hide":"","footnotes":""},"categories":[806],"tags":[1108,1185,910],"class_list":["post-30061","post","type-post","status-publish","format-standard","has-post-thumbnail","hentry","category-punts-claus-del-dia-es","tag-erc-es","tag-investidura-sanchez-es","tag-quim-torra-es"],"yoast_head":"<!-- This site is optimized with the Yoast SEO plugin v26.8 - https:\/\/yoast.com\/product\/yoast-seo-wordpress\/ -->\n<title>ERC 2 - JxCat 0. Comienza a funcionar el pacto de investidura - Converses a Catalunya<\/title>\n<meta name=\"robots\" content=\"index, follow, max-snippet:-1, max-image-preview:large, max-video-preview:-1\" \/>\n<link rel=\"canonical\" href=\"https:\/\/conversesacatalunya.cat\/es\/erc-2-jxcat-0-comienza-a-funcionar-el-pacto-de-investidura\/\" \/>\n<meta property=\"og:locale\" content=\"es_ES\" \/>\n<meta property=\"og:type\" content=\"article\" \/>\n<meta property=\"og:title\" content=\"ERC 2 - JxCat 0. Comienza a funcionar el pacto de investidura - Converses a Catalunya\" \/>\n<meta property=\"og:description\" content=\"Dos informaciones aparentemente desligadas se han hecho p\u00fablicas al mismo tiempo y por v\u00edas diferentes. Una ha sido la fiscal\u00eda reconociendo ahora que se puede conceder la libertad provisional a tres de los siete detenidos los CDR acusados \u200b\u200bde terrorismo. Sorprende la decisi\u00f3n, porque los presuntos delitos son tan graves y comportar\u00edan, en el caso de demostrarse la culpabilidad, penas tan altas, que resulta ins\u00f3lita la libertad provisional, aunque s\u00f3lo sea de tres de los siete. M\u00e1s a\u00fan cuando dos semanas atr\u00e1s, la misma fiscal\u00eda argumentaba que no se pod\u00eda conceder este tipo de libertad precisamente por la gravedad de los delitos. Naturalmente que lo solicite el fiscal no significa que la Audiencia lo atienda, a no ser que presente hechos que demuestren, al menos para estos tres inculpados, que la acusaci\u00f3n inicial era infundada. No es un hecho ajeno que casi simult\u00e1neamente el Parlamento de Catalu\u00f1a con el voto de ERC pidi\u00f3 su liberaci\u00f3n. Es dif\u00edcil no pensar que este gesto forma parte de la negociaci\u00f3n entre S\u00e1nchez y los republicanos, sobre todo de cara a sus bases para demostrar que en este di\u00e1logo se obtienen beneficios concretos para el independentismo. El gesto se ha producido, y ahora hay que ver los resultados y su incidencia pol\u00edtica. En la misma l\u00ednea se puede situar el anuncio del presidente del gobierno en funciones, Pedro S\u00e1nchez, de llamar a Torra, si bien envuelto de las llamadas a todos los dem\u00e1s presidentes auton\u00f3micos, siguiendo un riguroso orden protocolario. De esta manera S\u00e1nchez satisfar\u00eda parcialmente la petici\u00f3n de ERC de devolver la llamada a Torra, si bien la concreci\u00f3n ha sido de perfil mucho m\u00e1s bajo, sumergida en el \u00abcaf\u00e9 para todos\u00bb telef\u00f3nico. Naturalmente Torra, por boca de su portavoz Bud\u00f3, ya ha dicho que este hecho es insuficiente y reclama unas conversaciones pol\u00edticas de presidente a presidente, pero, de cara a sus bases, ERC tambi\u00e9n puede argumentar que al menos ha conseguido una grieta en un B\u00e1ltico que estaba muy helado. Est\u00e1 claro que todas estas circunstancias que apuntan al acuerdo se ven enturbiadas por el problema planteado entre los dos partners del independentismo debido a la clasificaci\u00f3n penitenciaria de los presos. En teor\u00eda, y desde una lectura del independentismo que lucha, es razonable la cr\u00edtica a que no se haya pasado directamente al tercer grado. En definitiva, est\u00e1 en manos de la propia Generalitat. Sin embargo, m\u00e1s que protestar contra ERC, a quien habr\u00eda que dirigir los ca\u00f1ones es sobre el propio Torra, porque el presidente tiene la facultad de ordenar a un consejero que cumpla una determinada medida que, como en este caso, tiene un elevado grado de discrecionalidad. Por lo tanto, la cr\u00edtica de JxCat es en parte oportunista. El presidente de la Generalitat quiere que todos los presos pueden ser clasificados en el tercer grado. Pero esta decisi\u00f3n conlleva un riesgo muy importante que ERC ha querido evitar. Para el segundo grado la decisi\u00f3n se mueve en el \u00e1mbito ordinario de la justicia en cuanto a la presentaci\u00f3n de un recurso de disconformidad, de dif\u00edcil \u00e9xito en este caso. La concesi\u00f3n directa del tercer grado podr\u00eda ser recorrida por la fiscal\u00eda al Tribunal Supremo, con riesgo no ya de perder los beneficios que les quer\u00edan otorgar, sino de continuar una temporada m\u00e1s sin poder salir de la c\u00e1rcel.\" \/>\n<meta property=\"og:url\" content=\"https:\/\/conversesacatalunya.cat\/es\/erc-2-jxcat-0-comienza-a-funcionar-el-pacto-de-investidura\/\" \/>\n<meta property=\"og:site_name\" content=\"Converses a Catalunya\" \/>\n<meta property=\"article:published_time\" content=\"2019-12-13T12:30:50+00:00\" \/>\n<meta property=\"article:modified_time\" content=\"2019-12-13T16:09:45+00:00\" \/>\n<meta property=\"og:image\" content=\"https:\/\/conversesacatalunya.cat\/wp-content\/uploads\/2019\/12\/Torra-Aragones-ERC-JxCat-Parlament_2111198924_57690783_651x366.jpg\" \/>\n\t<meta property=\"og:image:width\" content=\"651\" \/>\n\t<meta property=\"og:image:height\" content=\"366\" \/>\n\t<meta property=\"og:image:type\" content=\"image\/jpeg\" \/>\n<meta name=\"author\" content=\"conversesacatalunya\" \/>\n<meta name=\"twitter:card\" content=\"summary_large_image\" \/>\n<meta name=\"twitter:label1\" content=\"Escrito por\" \/>\n\t<meta name=\"twitter:data1\" content=\"conversesacatalunya\" \/>\n\t<meta name=\"twitter:label2\" content=\"Tiempo de lectura\" \/>\n\t<meta name=\"twitter:data2\" content=\"3 minutos\" \/>\n<script type=\"application\/ld+json\" class=\"yoast-schema-graph\">{\"@context\":\"https:\/\/schema.org\",\"@graph\":[{\"@type\":\"Article\",\"@id\":\"https:\/\/conversesacatalunya.cat\/es\/erc-2-jxcat-0-comienza-a-funcionar-el-pacto-de-investidura\/#article\",\"isPartOf\":{\"@id\":\"https:\/\/conversesacatalunya.cat\/es\/erc-2-jxcat-0-comienza-a-funcionar-el-pacto-de-investidura\/\"},\"author\":{\"name\":\"conversesacatalunya\",\"@id\":\"https:\/\/conversesacatalunya.cat\/#\/schema\/person\/7e24d1e54a2785373ddcb275eae5ed99\"},\"headline\":\"ERC 2 &#8211; JxCat 0. Comienza a funcionar el pacto de investidura\",\"datePublished\":\"2019-12-13T12:30:50+00:00\",\"dateModified\":\"2019-12-13T16:09:45+00:00\",\"mainEntityOfPage\":{\"@id\":\"https:\/\/conversesacatalunya.cat\/es\/erc-2-jxcat-0-comienza-a-funcionar-el-pacto-de-investidura\/\"},\"wordCount\":611,\"commentCount\":0,\"image\":{\"@id\":\"https:\/\/conversesacatalunya.cat\/es\/erc-2-jxcat-0-comienza-a-funcionar-el-pacto-de-investidura\/#primaryimage\"},\"thumbnailUrl\":\"https:\/\/conversesacatalunya.cat\/wp-content\/uploads\/2019\/12\/Torra-Aragones-ERC-JxCat-Parlament_2111198924_57690783_651x366.jpg\",\"keywords\":[\"ERC\",\"Investidura S\u00e1nchez\",\"Quim Torra\"],\"articleSection\":[\"Punts clau del dia (ES)\"],\"inLanguage\":\"es\",\"potentialAction\":[{\"@type\":\"CommentAction\",\"name\":\"Comment\",\"target\":[\"https:\/\/conversesacatalunya.cat\/es\/erc-2-jxcat-0-comienza-a-funcionar-el-pacto-de-investidura\/#respond\"]}]},{\"@type\":\"WebPage\",\"@id\":\"https:\/\/conversesacatalunya.cat\/es\/erc-2-jxcat-0-comienza-a-funcionar-el-pacto-de-investidura\/\",\"url\":\"https:\/\/conversesacatalunya.cat\/es\/erc-2-jxcat-0-comienza-a-funcionar-el-pacto-de-investidura\/\",\"name\":\"ERC 2 - JxCat 0. Comienza a funcionar el pacto de investidura - Converses a Catalunya\",\"isPartOf\":{\"@id\":\"https:\/\/conversesacatalunya.cat\/#website\"},\"primaryImageOfPage\":{\"@id\":\"https:\/\/conversesacatalunya.cat\/es\/erc-2-jxcat-0-comienza-a-funcionar-el-pacto-de-investidura\/#primaryimage\"},\"image\":{\"@id\":\"https:\/\/conversesacatalunya.cat\/es\/erc-2-jxcat-0-comienza-a-funcionar-el-pacto-de-investidura\/#primaryimage\"},\"thumbnailUrl\":\"https:\/\/conversesacatalunya.cat\/wp-content\/uploads\/2019\/12\/Torra-Aragones-ERC-JxCat-Parlament_2111198924_57690783_651x366.jpg\",\"datePublished\":\"2019-12-13T12:30:50+00:00\",\"dateModified\":\"2019-12-13T16:09:45+00:00\",\"author\":{\"@id\":\"https:\/\/conversesacatalunya.cat\/#\/schema\/person\/7e24d1e54a2785373ddcb275eae5ed99\"},\"breadcrumb\":{\"@id\":\"https:\/\/conversesacatalunya.cat\/es\/erc-2-jxcat-0-comienza-a-funcionar-el-pacto-de-investidura\/#breadcrumb\"},\"inLanguage\":\"es\",\"potentialAction\":[{\"@type\":\"ReadAction\",\"target\":[\"https:\/\/conversesacatalunya.cat\/es\/erc-2-jxcat-0-comienza-a-funcionar-el-pacto-de-investidura\/\"]}]},{\"@type\":\"ImageObject\",\"inLanguage\":\"es\",\"@id\":\"https:\/\/conversesacatalunya.cat\/es\/erc-2-jxcat-0-comienza-a-funcionar-el-pacto-de-investidura\/#primaryimage\",\"url\":\"https:\/\/conversesacatalunya.cat\/wp-content\/uploads\/2019\/12\/Torra-Aragones-ERC-JxCat-Parlament_2111198924_57690783_651x366.jpg\",\"contentUrl\":\"https:\/\/conversesacatalunya.cat\/wp-content\/uploads\/2019\/12\/Torra-Aragones-ERC-JxCat-Parlament_2111198924_57690783_651x366.jpg\",\"width\":651,\"height\":366,\"caption\":\"Pacte d'investidura\"},{\"@type\":\"BreadcrumbList\",\"@id\":\"https:\/\/conversesacatalunya.cat\/es\/erc-2-jxcat-0-comienza-a-funcionar-el-pacto-de-investidura\/#breadcrumb\",\"itemListElement\":[{\"@type\":\"ListItem\",\"position\":1,\"name\":\"Inici\",\"item\":\"https:\/\/conversesacatalunya.cat\/es\/\"},{\"@type\":\"ListItem\",\"position\":2,\"name\":\"ERC 2 &#8211; JxCat 0. Comienza a funcionar el pacto de investidura\"}]},{\"@type\":\"WebSite\",\"@id\":\"https:\/\/conversesacatalunya.cat\/#website\",\"url\":\"https:\/\/conversesacatalunya.cat\/\",\"name\":\"Converses a Catalunya\",\"description\":\"\",\"potentialAction\":[{\"@type\":\"SearchAction\",\"target\":{\"@type\":\"EntryPoint\",\"urlTemplate\":\"https:\/\/conversesacatalunya.cat\/?s={search_term_string}\"},\"query-input\":{\"@type\":\"PropertyValueSpecification\",\"valueRequired\":true,\"valueName\":\"search_term_string\"}}],\"inLanguage\":\"es\"},{\"@type\":\"Person\",\"@id\":\"https:\/\/conversesacatalunya.cat\/#\/schema\/person\/7e24d1e54a2785373ddcb275eae5ed99\",\"name\":\"conversesacatalunya\",\"image\":{\"@type\":\"ImageObject\",\"inLanguage\":\"es\",\"@id\":\"https:\/\/conversesacatalunya.cat\/#\/schema\/person\/image\/\",\"url\":\"https:\/\/conversesacatalunya.cat\/wp-content\/litespeed\/avatar\/febdfeeec89d950f01c748045a981dd2.jpg?ver=1777314535\",\"contentUrl\":\"https:\/\/conversesacatalunya.cat\/wp-content\/litespeed\/avatar\/febdfeeec89d950f01c748045a981dd2.jpg?ver=1777314535\",\"caption\":\"conversesacatalunya\"},\"url\":\"https:\/\/conversesacatalunya.cat\/es\/author\/carme_catala\/\"}]}<\/script>\n<!-- \/ Yoast SEO plugin. -->","yoast_head_json":{"title":"ERC 2 - JxCat 0. Comienza a funcionar el pacto de investidura - Converses a Catalunya","robots":{"index":"index","follow":"follow","max-snippet":"max-snippet:-1","max-image-preview":"max-image-preview:large","max-video-preview":"max-video-preview:-1"},"canonical":"https:\/\/conversesacatalunya.cat\/es\/erc-2-jxcat-0-comienza-a-funcionar-el-pacto-de-investidura\/","og_locale":"es_ES","og_type":"article","og_title":"ERC 2 - JxCat 0. Comienza a funcionar el pacto de investidura - Converses a Catalunya","og_description":"Dos informaciones aparentemente desligadas se han hecho p\u00fablicas al mismo tiempo y por v\u00edas diferentes. Una ha sido la fiscal\u00eda reconociendo ahora que se puede conceder la libertad provisional a tres de los siete detenidos los CDR acusados \u200b\u200bde terrorismo. Sorprende la decisi\u00f3n, porque los presuntos delitos son tan graves y comportar\u00edan, en el caso de demostrarse la culpabilidad, penas tan altas, que resulta ins\u00f3lita la libertad provisional, aunque s\u00f3lo sea de tres de los siete. M\u00e1s a\u00fan cuando dos semanas atr\u00e1s, la misma fiscal\u00eda argumentaba que no se pod\u00eda conceder este tipo de libertad precisamente por la gravedad de los delitos. Naturalmente que lo solicite el fiscal no significa que la Audiencia lo atienda, a no ser que presente hechos que demuestren, al menos para estos tres inculpados, que la acusaci\u00f3n inicial era infundada. No es un hecho ajeno que casi simult\u00e1neamente el Parlamento de Catalu\u00f1a con el voto de ERC pidi\u00f3 su liberaci\u00f3n. Es dif\u00edcil no pensar que este gesto forma parte de la negociaci\u00f3n entre S\u00e1nchez y los republicanos, sobre todo de cara a sus bases para demostrar que en este di\u00e1logo se obtienen beneficios concretos para el independentismo. El gesto se ha producido, y ahora hay que ver los resultados y su incidencia pol\u00edtica. En la misma l\u00ednea se puede situar el anuncio del presidente del gobierno en funciones, Pedro S\u00e1nchez, de llamar a Torra, si bien envuelto de las llamadas a todos los dem\u00e1s presidentes auton\u00f3micos, siguiendo un riguroso orden protocolario. De esta manera S\u00e1nchez satisfar\u00eda parcialmente la petici\u00f3n de ERC de devolver la llamada a Torra, si bien la concreci\u00f3n ha sido de perfil mucho m\u00e1s bajo, sumergida en el \u00abcaf\u00e9 para todos\u00bb telef\u00f3nico. Naturalmente Torra, por boca de su portavoz Bud\u00f3, ya ha dicho que este hecho es insuficiente y reclama unas conversaciones pol\u00edticas de presidente a presidente, pero, de cara a sus bases, ERC tambi\u00e9n puede argumentar que al menos ha conseguido una grieta en un B\u00e1ltico que estaba muy helado. Est\u00e1 claro que todas estas circunstancias que apuntan al acuerdo se ven enturbiadas por el problema planteado entre los dos partners del independentismo debido a la clasificaci\u00f3n penitenciaria de los presos. En teor\u00eda, y desde una lectura del independentismo que lucha, es razonable la cr\u00edtica a que no se haya pasado directamente al tercer grado. En definitiva, est\u00e1 en manos de la propia Generalitat. Sin embargo, m\u00e1s que protestar contra ERC, a quien habr\u00eda que dirigir los ca\u00f1ones es sobre el propio Torra, porque el presidente tiene la facultad de ordenar a un consejero que cumpla una determinada medida que, como en este caso, tiene un elevado grado de discrecionalidad. Por lo tanto, la cr\u00edtica de JxCat es en parte oportunista. El presidente de la Generalitat quiere que todos los presos pueden ser clasificados en el tercer grado. Pero esta decisi\u00f3n conlleva un riesgo muy importante que ERC ha querido evitar. Para el segundo grado la decisi\u00f3n se mueve en el \u00e1mbito ordinario de la justicia en cuanto a la presentaci\u00f3n de un recurso de disconformidad, de dif\u00edcil \u00e9xito en este caso. La concesi\u00f3n directa del tercer grado podr\u00eda ser recorrida por la fiscal\u00eda al Tribunal Supremo, con riesgo no ya de perder los beneficios que les quer\u00edan otorgar, sino de continuar una temporada m\u00e1s sin poder salir de la c\u00e1rcel.","og_url":"https:\/\/conversesacatalunya.cat\/es\/erc-2-jxcat-0-comienza-a-funcionar-el-pacto-de-investidura\/","og_site_name":"Converses a Catalunya","article_published_time":"2019-12-13T12:30:50+00:00","article_modified_time":"2019-12-13T16:09:45+00:00","og_image":[{"width":651,"height":366,"url":"https:\/\/conversesacatalunya.cat\/wp-content\/uploads\/2019\/12\/Torra-Aragones-ERC-JxCat-Parlament_2111198924_57690783_651x366.jpg","type":"image\/jpeg"}],"author":"conversesacatalunya","twitter_card":"summary_large_image","twitter_misc":{"Escrito por":"conversesacatalunya","Tiempo de lectura":"3 minutos"},"schema":{"@context":"https:\/\/schema.org","@graph":[{"@type":"Article","@id":"https:\/\/conversesacatalunya.cat\/es\/erc-2-jxcat-0-comienza-a-funcionar-el-pacto-de-investidura\/#article","isPartOf":{"@id":"https:\/\/conversesacatalunya.cat\/es\/erc-2-jxcat-0-comienza-a-funcionar-el-pacto-de-investidura\/"},"author":{"name":"conversesacatalunya","@id":"https:\/\/conversesacatalunya.cat\/#\/schema\/person\/7e24d1e54a2785373ddcb275eae5ed99"},"headline":"ERC 2 &#8211; JxCat 0. Comienza a funcionar el pacto de investidura","datePublished":"2019-12-13T12:30:50+00:00","dateModified":"2019-12-13T16:09:45+00:00","mainEntityOfPage":{"@id":"https:\/\/conversesacatalunya.cat\/es\/erc-2-jxcat-0-comienza-a-funcionar-el-pacto-de-investidura\/"},"wordCount":611,"commentCount":0,"image":{"@id":"https:\/\/conversesacatalunya.cat\/es\/erc-2-jxcat-0-comienza-a-funcionar-el-pacto-de-investidura\/#primaryimage"},"thumbnailUrl":"https:\/\/conversesacatalunya.cat\/wp-content\/uploads\/2019\/12\/Torra-Aragones-ERC-JxCat-Parlament_2111198924_57690783_651x366.jpg","keywords":["ERC","Investidura S\u00e1nchez","Quim Torra"],"articleSection":["Punts clau del dia (ES)"],"inLanguage":"es","potentialAction":[{"@type":"CommentAction","name":"Comment","target":["https:\/\/conversesacatalunya.cat\/es\/erc-2-jxcat-0-comienza-a-funcionar-el-pacto-de-investidura\/#respond"]}]},{"@type":"WebPage","@id":"https:\/\/conversesacatalunya.cat\/es\/erc-2-jxcat-0-comienza-a-funcionar-el-pacto-de-investidura\/","url":"https:\/\/conversesacatalunya.cat\/es\/erc-2-jxcat-0-comienza-a-funcionar-el-pacto-de-investidura\/","name":"ERC 2 - JxCat 0. Comienza a funcionar el pacto de investidura - Converses a Catalunya","isPartOf":{"@id":"https:\/\/conversesacatalunya.cat\/#website"},"primaryImageOfPage":{"@id":"https:\/\/conversesacatalunya.cat\/es\/erc-2-jxcat-0-comienza-a-funcionar-el-pacto-de-investidura\/#primaryimage"},"image":{"@id":"https:\/\/conversesacatalunya.cat\/es\/erc-2-jxcat-0-comienza-a-funcionar-el-pacto-de-investidura\/#primaryimage"},"thumbnailUrl":"https:\/\/conversesacatalunya.cat\/wp-content\/uploads\/2019\/12\/Torra-Aragones-ERC-JxCat-Parlament_2111198924_57690783_651x366.jpg","datePublished":"2019-12-13T12:30:50+00:00","dateModified":"2019-12-13T16:09:45+00:00","author":{"@id":"https:\/\/conversesacatalunya.cat\/#\/schema\/person\/7e24d1e54a2785373ddcb275eae5ed99"},"breadcrumb":{"@id":"https:\/\/conversesacatalunya.cat\/es\/erc-2-jxcat-0-comienza-a-funcionar-el-pacto-de-investidura\/#breadcrumb"},"inLanguage":"es","potentialAction":[{"@type":"ReadAction","target":["https:\/\/conversesacatalunya.cat\/es\/erc-2-jxcat-0-comienza-a-funcionar-el-pacto-de-investidura\/"]}]},{"@type":"ImageObject","inLanguage":"es","@id":"https:\/\/conversesacatalunya.cat\/es\/erc-2-jxcat-0-comienza-a-funcionar-el-pacto-de-investidura\/#primaryimage","url":"https:\/\/conversesacatalunya.cat\/wp-content\/uploads\/2019\/12\/Torra-Aragones-ERC-JxCat-Parlament_2111198924_57690783_651x366.jpg","contentUrl":"https:\/\/conversesacatalunya.cat\/wp-content\/uploads\/2019\/12\/Torra-Aragones-ERC-JxCat-Parlament_2111198924_57690783_651x366.jpg","width":651,"height":366,"caption":"Pacte d'investidura"},{"@type":"BreadcrumbList","@id":"https:\/\/conversesacatalunya.cat\/es\/erc-2-jxcat-0-comienza-a-funcionar-el-pacto-de-investidura\/#breadcrumb","itemListElement":[{"@type":"ListItem","position":1,"name":"Inici","item":"https:\/\/conversesacatalunya.cat\/es\/"},{"@type":"ListItem","position":2,"name":"ERC 2 &#8211; JxCat 0. Comienza a funcionar el pacto de investidura"}]},{"@type":"WebSite","@id":"https:\/\/conversesacatalunya.cat\/#website","url":"https:\/\/conversesacatalunya.cat\/","name":"Converses a Catalunya","description":"","potentialAction":[{"@type":"SearchAction","target":{"@type":"EntryPoint","urlTemplate":"https:\/\/conversesacatalunya.cat\/?s={search_term_string}"},"query-input":{"@type":"PropertyValueSpecification","valueRequired":true,"valueName":"search_term_string"}}],"inLanguage":"es"},{"@type":"Person","@id":"https:\/\/conversesacatalunya.cat\/#\/schema\/person\/7e24d1e54a2785373ddcb275eae5ed99","name":"conversesacatalunya","image":{"@type":"ImageObject","inLanguage":"es","@id":"https:\/\/conversesacatalunya.cat\/#\/schema\/person\/image\/","url":"https:\/\/conversesacatalunya.cat\/wp-content\/litespeed\/avatar\/febdfeeec89d950f01c748045a981dd2.jpg?ver=1777314535","contentUrl":"https:\/\/conversesacatalunya.cat\/wp-content\/litespeed\/avatar\/febdfeeec89d950f01c748045a981dd2.jpg?ver=1777314535","caption":"conversesacatalunya"},"url":"https:\/\/conversesacatalunya.cat\/es\/author\/carme_catala\/"}]}},"wps_subtitle":"","_links":{"self":[{"href":"https:\/\/conversesacatalunya.cat\/es\/wp-json\/wp\/v2\/posts\/30061","targetHints":{"allow":["GET"]}}],"collection":[{"href":"https:\/\/conversesacatalunya.cat\/es\/wp-json\/wp\/v2\/posts"}],"about":[{"href":"https:\/\/conversesacatalunya.cat\/es\/wp-json\/wp\/v2\/types\/post"}],"author":[{"embeddable":true,"href":"https:\/\/conversesacatalunya.cat\/es\/wp-json\/wp\/v2\/users\/2"}],"replies":[{"embeddable":true,"href":"https:\/\/conversesacatalunya.cat\/es\/wp-json\/wp\/v2\/comments?post=30061"}],"version-history":[{"count":2,"href":"https:\/\/conversesacatalunya.cat\/es\/wp-json\/wp\/v2\/posts\/30061\/revisions"}],"predecessor-version":[{"id":30063,"href":"https:\/\/conversesacatalunya.cat\/es\/wp-json\/wp\/v2\/posts\/30061\/revisions\/30063"}],"wp:featuredmedia":[{"embeddable":true,"href":"https:\/\/conversesacatalunya.cat\/es\/wp-json\/wp\/v2\/media\/30050"}],"wp:attachment":[{"href":"https:\/\/conversesacatalunya.cat\/es\/wp-json\/wp\/v2\/media?parent=30061"}],"wp:term":[{"taxonomy":"category","embeddable":true,"href":"https:\/\/conversesacatalunya.cat\/es\/wp-json\/wp\/v2\/categories?post=30061"},{"taxonomy":"post_tag","embeddable":true,"href":"https:\/\/conversesacatalunya.cat\/es\/wp-json\/wp\/v2\/tags?post=30061"}],"curies":[{"name":"wp","href":"https:\/\/api.w.org\/{rel}","templated":true}]}}