{"id":30017,"date":"2019-12-12T16:05:11","date_gmt":"2019-12-12T15:05:11","guid":{"rendered":"https:\/\/conversesacatalunya.cat\/quan-dimitira-rafael-ribo-sindic-de-greuges\/"},"modified":"2019-12-12T22:05:11","modified_gmt":"2019-12-12T21:05:11","slug":"cuando-dimitira-rafael-ribo-sindic-de-greuges","status":"publish","type":"post","link":"https:\/\/conversesacatalunya.cat\/es\/cuando-dimitira-rafael-ribo-sindic-de-greuges\/","title":{"rendered":"\u00bfCu\u00e1ndo dimitir\u00e1 Rafael Rib\u00f3, S\u00edndic de Greuges?"},"content":{"rendered":"<p><a href=\"https:\/\/es.wikipedia.org\/wiki\/Rafael_Rib%C3%B3\" target=\"_blank\" rel=\"noopener noreferrer\">Rafael Rib\u00f3<\/a> <span style=\"display: inline !important; float: none; background-color: #f5f5f5; border-collapse: collapse; color: #333333; font-family: 'Open Sans',Helvetica,Arial,sans-serif; font-size: 16px; font-style: normal; font-variant: normal; font-weight: 300; letter-spacing: normal; line-height: 1.7; orphans: 2; text-align: left; text-decoration: none; text-indent: 0px; text-transform: none; -webkit-text-stroke-width: 0px; white-space: normal; word-spacing: 0px;\">hace 15 a\u00f1os que es S\u00edndic de Greuges, no tanto porque haya sido repetidamente escogido por el Parlamento, sino porque la par\u00e1lisis institucional que tenaza Catalu\u00f1a impide el cu\u00f3rum necesario para sustituirlo, y mientras va tirando. No parece apropiado que un cargo que tiene que estar marcado por su car\u00e1cter de neutralidad pol\u00edtica y alejado de todo partidismo se mantenga tantos a\u00f1os en el puesto.<\/span><\/p>\n<p><span style=\"display: inline !important; float: none; background-color: #f5f5f5; border-collapse: collapse; color: #333333; font-family: 'Open Sans',Helvetica,Arial,sans-serif; font-size: 16px; font-style: normal; font-variant: normal; font-weight: 300; letter-spacing: normal; line-height: 1.7; orphans: 2; text-align: left; text-decoration: none; text-indent: 0px; text-transform: none; -webkit-text-stroke-width: 0px; white-space: normal; word-spacing: 0px;\">Esto solo ser\u00eda justificable, y todav\u00eda con reservas, si fuera el resultado de una reiterada y ampliamente mayoritaria renovaci\u00f3n de confianza por parte del Parlamento, pero ya hemos visto que no se trata de esto. <strong>A lo largo de tantos a\u00f1os<\/strong> es l\u00f3gico que se produzca un desgaste y una falta de credibilidad, situaci\u00f3n que solo se resuelve haciendo entrar nuevos aires en la Sindicatura, pero mientras persista el bloqueo esto no ser\u00e1 posible y por tanto el \u00fanico camino razonable es que <strong>Rib\u00f3 se vaya a casa<\/strong>.<\/span><\/p>\n<p><span style=\"display: inline !important; float: none; background-color: #f5f5f5; border-collapse: collapse; color: #333333; font-family: 'Open Sans',Helvetica,Arial,sans-serif; font-size: 16px; font-style: normal; font-variant: normal; font-weight: 300; letter-spacing: normal; line-height: 1.7; orphans: 2; text-align: left; text-decoration: none; text-indent: 0px; text-transform: none; -webkit-text-stroke-width: 0px; white-space: normal; word-spacing: 0px;\">Su cargo, adem\u00e1s, se ha visto en los \u00faltimos tiempos manchado <\/span><span style=\"display: inline !important; float: none; background-color: #f5f5f5; border-collapse: collapse; color: #333333; font-family: 'Open Sans',Helvetica,Arial,sans-serif; font-size: 16px; font-style: normal; font-variant: normal; font-weight: 300; letter-spacing: normal; line-height: 1.7; orphans: 2; text-align: left; text-decoration: none; text-indent: 0px; text-transform: none; -webkit-text-stroke-width: 0px; white-space: normal; word-spacing: 0px;\">por algunos <strong>esc\u00e1ndalos<\/strong><\/span><span style=\"display: inline !important; float: none; background-color: #f5f5f5; border-collapse: collapse; color: #333333; font-family: 'Open Sans',Helvetica,Arial,sans-serif; font-size: 16px; font-style: normal; font-variant: normal; font-weight: 300; letter-spacing: normal; line-height: 1.7; orphans: 2; text-align: left; text-decoration: none; text-indent: 0px; text-transform: none; -webkit-text-stroke-width: 0px; white-space: normal; word-spacing: 0px;\">. El m\u00e1s reciente es el de disfrutar de una especie de \u201ceconom\u00eda de escala\u201d, como es el vuelo privado y la asistencia a un partido de la Copa de Europa del F\u00fatbol Club Barcelona gracias a la gentileza de un empresario vinculado al <strong>esc\u00e1ndalo del 3%<\/strong> de CDC. Esto solo ya tendr\u00eda que haberle llevado a presentar su renuncia sin prejuzgar culpabilidad de ning\u00fan tipo. Y todav\u00eda habr\u00eda sido m\u00e1s l\u00f3gico que el Parlamento la hubiera forzado. Pero, una vez m\u00e1s, el bloqueo impide que la m\u00e1s alta instituci\u00f3n de Catalu\u00f1a funcione con normalidad.<\/span><\/p>\n<p><span style=\"display: inline !important; float: none; background-color: #f5f5f5; border-collapse: collapse; color: #333333; font-family: 'Open Sans',Helvetica,Arial,sans-serif; font-size: 16px; font-style: normal; font-variant: normal; font-weight: 300; letter-spacing: normal; line-height: 1.7; orphans: 2; text-align: left; text-decoration: none; text-indent: 0px; text-transform: none; -webkit-text-stroke-width: 0px; white-space: normal; word-spacing: 0px;\">Pero Rib\u00f3, que es un hombre de esc\u00e1ndalos tambi\u00e9n propiciados por una cierta agresividad y partidismo verbal, ha provocado <strong>el \u00faltimo<\/strong> atribuyendo el colapso y las largas lista de espera de la sanidad catalana a los <strong>pacientes que vienen a Catalu\u00f1a procedentes otras comunidades aut\u00f3nomas<\/strong>. As\u00ed lo ha formulado en unas recientes declaraciones, y a pesar de que los medios de comunicaci\u00f3n de todo tipo y condici\u00f3n le han hecho ver el grave error de su apreciaci\u00f3n, el S\u00edndic no se ha desdicho de sus palabras.<\/span><\/p>\n<p><span style=\"display: inline !important; float: none; background-color: #f5f5f5; border-collapse: collapse; color: #333333; font-family: 'Open Sans',Helvetica,Arial,sans-serif; font-size: 16px; font-style: normal; font-variant: normal; font-weight: 300; letter-spacing: normal; line-height: 1.7; orphans: 2; text-align: left; text-decoration: none; text-indent: 0px; text-transform: none; -webkit-text-stroke-width: 0px; white-space: normal; word-spacing: 0px;\"><strong>Dif\u00edcilmente puede defender a la ciudadan\u00eda<\/strong> quien parte de estos apriorismos<\/span><span style=\"display: inline !important; float: none; background-color: #f5f5f5; border-collapse: collapse; color: #333333; font-family: 'Open Sans',Helvetica,Arial,sans-serif; font-size: 16px; font-style: normal; font-variant: normal; font-weight: 300; letter-spacing: normal; line-height: 1.7; orphans: 2; text-align: left; text-decoration: none; text-indent: 0px; text-transform: none; -webkit-text-stroke-width: 0px; white-space: normal; word-spacing: 0px;\">, y m\u00e1s cuando se trata de cuestiones sobre las cuales existen <strong>datos muy concretos<\/strong> que reflejan que la afluencia de otros lugares es una cifra m\u00ednima de la asistencia total que no llega ni siquiera al 2%. Pero Rib\u00f3 apuesta siempre por defender al gobierno, en lugar de defender los intereses de los ciudadanos.<\/span><\/p>\n<p><iframe data-src=\"https:\/\/www.youtube.com\/embed\/DhB7gPAG5mk\" width=\"640\" height=\"360\" frameborder=\"0\" allowfullscreen=\"allowfullscreen\" src=\"data:image\/svg+xml;base64,PHN2ZyB3aWR0aD0iMSIgaGVpZ2h0PSIxIiB4bWxucz0iaHR0cDovL3d3dy53My5vcmcvMjAwMC9zdmciPjwvc3ZnPg==\" class=\"lazyload\" data-load-mode=\"1\"><\/iframe><\/p>\n<p><span style=\"display: inline !important; float: none; background-color: #f5f5f5; border-collapse: collapse; color: #333333; font-family: 'Open Sans',Helvetica,Arial,sans-serif; font-size: 16px; font-style: normal; font-variant: normal; font-weight: 300; letter-spacing: normal; line-height: 1.7; orphans: 2; text-align: left; text-decoration: none; text-indent: 0px; text-transform: none; -webkit-text-stroke-width: 0px; white-space: normal; word-spacing: 0px;\">El hecho de que Catalu\u00f1a tenga la tasa m\u00e1s alta de espera para una intervenci\u00f3n, 23,32 personas por cada 1.000 habitantes, cuando la media espa\u00f1ola es de 14,85, es debido simplemente a que no se asignan suficientes recursos. Y no sirve la excusa de la financiaci\u00f3n, porque comunidades peor situadas, caso del Pa\u00eds Valenciano, nos pasan delante. Lo que sucede es que Sanidad, que es con diferencia el presupuesto m\u00e1s grande de la Generalitat, es el financiador de todo lo que no tiene buen encaje en el sistema de financiaci\u00f3n.<\/span><\/p>\n<p><span style=\"display: inline !important; float: none; background-color: #f5f5f5; border-collapse: collapse; color: #333333; font-family: 'Open Sans',Helvetica,Arial,sans-serif; font-size: 16px; font-style: normal; font-variant: normal; font-weight: 300; letter-spacing: normal; line-height: 1.7; orphans: 2; text-align: left; text-decoration: none; text-indent: 0px; text-transform: none; -webkit-text-stroke-width: 0px; white-space: normal; word-spacing: 0px;\">Este es un vicio cr\u00f3nico que se remonta a los inicios del gobierno y que se acentu\u00f3 cuando Artur Mas aplic\u00f3 un recorte muy grande a los recursos sanitarios, <strong>1.600 millones de euros de reducci\u00f3n en 2014<\/strong>. Se han perdido <strong>un millar de camas y se redujeron 800 m\u00e9dicos de atenci\u00f3n primaria<\/strong>, que se han recuperado, pero solo en parte, como siguen denunciando los facultativos de la sanidad p\u00fablica. <\/span><\/p>\n<p><span style=\"display: inline !important; float: none; background-color: #f5f5f5; border-collapse: collapse; color: #333333; font-family: 'Open Sans',Helvetica,Arial,sans-serif; font-size: 16px; font-style: normal; font-variant: normal; font-weight: 300; letter-spacing: normal; line-height: 1.7; orphans: 2; text-align: left; text-decoration: none; text-indent: 0px; text-transform: none; -webkit-text-stroke-width: 0px; white-space: normal; word-spacing: 0px;\"><strong>En la actualidad en Catalu\u00f1a hay 450 m\u00e9dicos por cada 100.000 habitantes<\/strong>. Para equipararnos a la media espa\u00f1ola de 476, <strong>har\u00edan falta<\/strong> <strong>casi 2.000 m\u00e9dicos m\u00e1s<\/strong>.<\/span><\/p>\n<p><span style=\"display: inline !important; float: none; background-color: #f5f5f5; border-collapse: collapse; color: #333333; font-family: 'Open Sans',Helvetica,Arial,sans-serif; font-size: 16px; font-style: normal; font-variant: normal; font-weight: 300; letter-spacing: normal; line-height: 1.7; orphans: 2; text-align: left; text-decoration: none; text-indent: 0px; text-transform: none; -webkit-text-stroke-width: 0px; white-space: normal; word-spacing: 0px;\">Todo esto Rib\u00f3 lo sabe o lo tendr\u00eda que saber, pero a \u00e9l le interesa descargar al gobierno. El paso del tiempo hace que las personas se instalen, y para un S\u00edndico la mejor instalaci\u00f3n es <strong>tratar bien a los que mandan<\/strong>. Y as\u00ed lo hace Rafael Rib\u00f3.<\/span><\/p>\n<p><span style=\"display: inline !important; float: none; background-color: #f5f5f5; border-collapse: collapse; color: #333333; font-family: 'Open Sans',Helvetica,Arial,sans-serif; font-size: 16px; font-style: normal; font-variant: normal; font-weight: 300; letter-spacing: normal; line-height: 1.7; orphans: 2; text-align: left; text-decoration: none; text-indent: 0px; text-transform: none; -webkit-text-stroke-width: 0px; white-space: normal; word-spacing: 0px;\">Por ejemplo, es ins\u00f3lito que las intensas trombas de agua que provocaron importantes destrozos en la Cuenca del <\/span>Francol\u00ed<span style=\"display: inline !important; float: none; background-color: #f5f5f5; border-collapse: collapse; color: #333333; font-family: 'Open Sans',Helvetica,Arial,sans-serif; font-size: 16px; font-style: normal; font-variant: normal; font-weight: 300; letter-spacing: normal; line-height: 1.7; orphans: 2; text-align: left; text-decoration: none; text-indent: 0px; text-transform: none; -webkit-text-stroke-width: 0px; white-space: normal; word-spacing: 0px;\"> cuando se dispon\u00eda de previsiones meteorol\u00f3gicas muy precisas, no hayan tenido como consecuencia la <\/span>apertura<span style=\"display: inline !important; float: none; background-color: #f5f5f5; border-collapse: collapse; color: #333333; font-family: 'Open Sans',Helvetica,Arial,sans-serif; font-size: 16px; font-style: normal; font-variant: normal; font-weight: 300; letter-spacing: normal; line-height: 1.7; orphans: 2; text-align: left; text-decoration: none; text-indent: 0px; text-transform: none; -webkit-text-stroke-width: 0px; white-space: normal; word-spacing: 0px;\"> de un expediente informativo por parte de la Sindicatura para averiguar por qu\u00e9 no se adoptaron las medidas de prevenci\u00f3n que habr\u00edan atenuado el tr\u00e1gico impacto.<\/span><\/p>\n","protected":false},"excerpt":{"rendered":"<p>Rafael Rib\u00f3 hace 15 a\u00f1os que es S\u00edndic de Greuges, no tanto porque haya sido repetidamente escogido por el Parlamento, sino porque la par\u00e1lisis institucional que tenaza Catalu\u00f1a impide el cu\u00f3rum necesario para sustituirlo, y mientras va tirando. No parece apropiado que un cargo que tiene que estar marcado por su car\u00e1cter de neutralidad pol\u00edtica y alejado de todo partidismo se mantenga tantos a\u00f1os en el puesto. Esto solo ser\u00eda justificable, y todav\u00eda con reservas, si fuera el resultado de una reiterada y ampliamente mayoritaria renovaci\u00f3n de confianza por parte del Parlamento, pero ya hemos visto que no se trata de esto. A lo largo de tantos a\u00f1os es l\u00f3gico que se produzca un desgaste y una falta de credibilidad, situaci\u00f3n que solo se resuelve haciendo entrar nuevos aires en la Sindicatura, pero mientras persista el bloqueo esto no ser\u00e1 posible y por tanto el \u00fanico camino razonable es que Rib\u00f3 se vaya a casa. Su cargo, adem\u00e1s, se ha visto en los \u00faltimos tiempos manchado por algunos esc\u00e1ndalos. El m\u00e1s reciente es el de disfrutar de una especie de \u201ceconom\u00eda de escala\u201d, como es el vuelo privado y la asistencia a un partido de la Copa de Europa del F\u00fatbol Club Barcelona gracias a la gentileza de un empresario vinculado al esc\u00e1ndalo del 3% de CDC. Esto solo ya tendr\u00eda que haberle llevado a presentar su renuncia sin prejuzgar culpabilidad de ning\u00fan tipo. Y todav\u00eda habr\u00eda sido m\u00e1s l\u00f3gico que el Parlamento la hubiera forzado. Pero, una vez m\u00e1s, el bloqueo impide que la m\u00e1s alta instituci\u00f3n de Catalu\u00f1a funcione con normalidad. Pero Rib\u00f3, que es un hombre de esc\u00e1ndalos tambi\u00e9n propiciados por una cierta agresividad y partidismo verbal, ha provocado el \u00faltimo atribuyendo el colapso y las largas lista de espera de la sanidad catalana a los pacientes que vienen a Catalu\u00f1a procedentes otras comunidades aut\u00f3nomas. As\u00ed lo ha formulado en unas recientes declaraciones, y a pesar de que los medios de comunicaci\u00f3n de todo tipo y condici\u00f3n le han hecho ver el grave error de su apreciaci\u00f3n, el S\u00edndic no se ha desdicho de sus palabras. Dif\u00edcilmente puede defender a la ciudadan\u00eda quien parte de estos apriorismos, y m\u00e1s cuando se trata de cuestiones sobre las cuales existen datos muy concretos que reflejan que la afluencia de otros lugares es una cifra m\u00ednima de la asistencia total que no llega ni siquiera al 2%. Pero Rib\u00f3 apuesta siempre por defender al gobierno, en lugar de defender los intereses de los ciudadanos. El hecho de que Catalu\u00f1a tenga la tasa m\u00e1s alta de espera para una intervenci\u00f3n, 23,32 personas por cada 1.000 habitantes, cuando la media espa\u00f1ola es de 14,85, es debido simplemente a que no se asignan suficientes recursos. Y no sirve la excusa de la financiaci\u00f3n, porque comunidades peor situadas, caso del Pa\u00eds Valenciano, nos pasan delante. Lo que sucede es que Sanidad, que es con diferencia el presupuesto m\u00e1s grande de la Generalitat, es el financiador de todo lo que no tiene buen encaje en el sistema de financiaci\u00f3n. Este es un vicio cr\u00f3nico que se remonta a los inicios del gobierno y que se acentu\u00f3 cuando Artur Mas aplic\u00f3 un recorte muy grande a los recursos sanitarios, 1.600 millones de euros de reducci\u00f3n en 2014. Se han perdido un millar de camas y se redujeron 800 m\u00e9dicos de atenci\u00f3n primaria, que se han recuperado, pero solo en parte, como siguen denunciando los facultativos de la sanidad p\u00fablica. En la actualidad en Catalu\u00f1a hay 450 m\u00e9dicos por cada 100.000 habitantes. Para equipararnos a la media espa\u00f1ola de 476, har\u00edan falta casi 2.000 m\u00e9dicos m\u00e1s. Todo esto Rib\u00f3 lo sabe o lo tendr\u00eda que saber, pero a \u00e9l le interesa descargar al gobierno. El paso del tiempo hace que las personas se instalen, y para un S\u00edndico la mejor instalaci\u00f3n es tratar bien a los que mandan. Y as\u00ed lo hace Rafael Rib\u00f3. Por ejemplo, es ins\u00f3lito que las intensas trombas de agua que provocaron importantes destrozos en la Cuenca del Francol\u00ed cuando se dispon\u00eda de previsiones meteorol\u00f3gicas muy precisas, no hayan tenido como consecuencia la apertura de un expediente informativo por parte de la Sindicatura para averiguar por qu\u00e9 no se adoptaron las medidas de prevenci\u00f3n que habr\u00edan atenuado el tr\u00e1gico impacto.<\/p>\n","protected":false},"author":2,"featured_media":29958,"comment_status":"open","ping_status":"open","sticky":false,"template":"","format":"standard","meta":{"_FSMCFIC_featured_image_caption":"","_FSMCFIC_featured_image_nocaption":"","_FSMCFIC_featured_image_hide":"","footnotes":""},"categories":[806],"tags":[1176,1177,1178],"class_list":["post-30017","post","type-post","status-publish","format-standard","has-post-thumbnail","hentry","category-punts-claus-del-dia-es","tag-rafael-ribo-es","tag-sanitat-es","tag-sindic-de-greuges-es"],"yoast_head":"<!-- This site is optimized with the Yoast SEO plugin v26.8 - https:\/\/yoast.com\/product\/yoast-seo-wordpress\/ -->\n<title>\u00bfCu\u00e1ndo dimitir\u00e1 Rafael Rib\u00f3, S\u00edndic de Greuges? - Converses a Catalunya<\/title>\n<meta name=\"robots\" content=\"index, follow, max-snippet:-1, max-image-preview:large, max-video-preview:-1\" \/>\n<link rel=\"canonical\" href=\"https:\/\/conversesacatalunya.cat\/es\/cuando-dimitira-rafael-ribo-sindic-de-greuges\/\" \/>\n<meta property=\"og:locale\" content=\"es_ES\" \/>\n<meta property=\"og:type\" content=\"article\" \/>\n<meta property=\"og:title\" content=\"\u00bfCu\u00e1ndo dimitir\u00e1 Rafael Rib\u00f3, S\u00edndic de Greuges? - Converses a Catalunya\" \/>\n<meta property=\"og:description\" content=\"Rafael Rib\u00f3 hace 15 a\u00f1os que es S\u00edndic de Greuges, no tanto porque haya sido repetidamente escogido por el Parlamento, sino porque la par\u00e1lisis institucional que tenaza Catalu\u00f1a impide el cu\u00f3rum necesario para sustituirlo, y mientras va tirando. No parece apropiado que un cargo que tiene que estar marcado por su car\u00e1cter de neutralidad pol\u00edtica y alejado de todo partidismo se mantenga tantos a\u00f1os en el puesto. Esto solo ser\u00eda justificable, y todav\u00eda con reservas, si fuera el resultado de una reiterada y ampliamente mayoritaria renovaci\u00f3n de confianza por parte del Parlamento, pero ya hemos visto que no se trata de esto. A lo largo de tantos a\u00f1os es l\u00f3gico que se produzca un desgaste y una falta de credibilidad, situaci\u00f3n que solo se resuelve haciendo entrar nuevos aires en la Sindicatura, pero mientras persista el bloqueo esto no ser\u00e1 posible y por tanto el \u00fanico camino razonable es que Rib\u00f3 se vaya a casa. Su cargo, adem\u00e1s, se ha visto en los \u00faltimos tiempos manchado por algunos esc\u00e1ndalos. El m\u00e1s reciente es el de disfrutar de una especie de \u201ceconom\u00eda de escala\u201d, como es el vuelo privado y la asistencia a un partido de la Copa de Europa del F\u00fatbol Club Barcelona gracias a la gentileza de un empresario vinculado al esc\u00e1ndalo del 3% de CDC. Esto solo ya tendr\u00eda que haberle llevado a presentar su renuncia sin prejuzgar culpabilidad de ning\u00fan tipo. Y todav\u00eda habr\u00eda sido m\u00e1s l\u00f3gico que el Parlamento la hubiera forzado. Pero, una vez m\u00e1s, el bloqueo impide que la m\u00e1s alta instituci\u00f3n de Catalu\u00f1a funcione con normalidad. Pero Rib\u00f3, que es un hombre de esc\u00e1ndalos tambi\u00e9n propiciados por una cierta agresividad y partidismo verbal, ha provocado el \u00faltimo atribuyendo el colapso y las largas lista de espera de la sanidad catalana a los pacientes que vienen a Catalu\u00f1a procedentes otras comunidades aut\u00f3nomas. As\u00ed lo ha formulado en unas recientes declaraciones, y a pesar de que los medios de comunicaci\u00f3n de todo tipo y condici\u00f3n le han hecho ver el grave error de su apreciaci\u00f3n, el S\u00edndic no se ha desdicho de sus palabras. Dif\u00edcilmente puede defender a la ciudadan\u00eda quien parte de estos apriorismos, y m\u00e1s cuando se trata de cuestiones sobre las cuales existen datos muy concretos que reflejan que la afluencia de otros lugares es una cifra m\u00ednima de la asistencia total que no llega ni siquiera al 2%. Pero Rib\u00f3 apuesta siempre por defender al gobierno, en lugar de defender los intereses de los ciudadanos. El hecho de que Catalu\u00f1a tenga la tasa m\u00e1s alta de espera para una intervenci\u00f3n, 23,32 personas por cada 1.000 habitantes, cuando la media espa\u00f1ola es de 14,85, es debido simplemente a que no se asignan suficientes recursos. Y no sirve la excusa de la financiaci\u00f3n, porque comunidades peor situadas, caso del Pa\u00eds Valenciano, nos pasan delante. Lo que sucede es que Sanidad, que es con diferencia el presupuesto m\u00e1s grande de la Generalitat, es el financiador de todo lo que no tiene buen encaje en el sistema de financiaci\u00f3n. Este es un vicio cr\u00f3nico que se remonta a los inicios del gobierno y que se acentu\u00f3 cuando Artur Mas aplic\u00f3 un recorte muy grande a los recursos sanitarios, 1.600 millones de euros de reducci\u00f3n en 2014. Se han perdido un millar de camas y se redujeron 800 m\u00e9dicos de atenci\u00f3n primaria, que se han recuperado, pero solo en parte, como siguen denunciando los facultativos de la sanidad p\u00fablica. En la actualidad en Catalu\u00f1a hay 450 m\u00e9dicos por cada 100.000 habitantes. Para equipararnos a la media espa\u00f1ola de 476, har\u00edan falta casi 2.000 m\u00e9dicos m\u00e1s. Todo esto Rib\u00f3 lo sabe o lo tendr\u00eda que saber, pero a \u00e9l le interesa descargar al gobierno. El paso del tiempo hace que las personas se instalen, y para un S\u00edndico la mejor instalaci\u00f3n es tratar bien a los que mandan. Y as\u00ed lo hace Rafael Rib\u00f3. Por ejemplo, es ins\u00f3lito que las intensas trombas de agua que provocaron importantes destrozos en la Cuenca del Francol\u00ed cuando se dispon\u00eda de previsiones meteorol\u00f3gicas muy precisas, no hayan tenido como consecuencia la apertura de un expediente informativo por parte de la Sindicatura para averiguar por qu\u00e9 no se adoptaron las medidas de prevenci\u00f3n que habr\u00edan atenuado el tr\u00e1gico impacto.\" \/>\n<meta property=\"og:url\" content=\"https:\/\/conversesacatalunya.cat\/es\/cuando-dimitira-rafael-ribo-sindic-de-greuges\/\" \/>\n<meta property=\"og:site_name\" content=\"Converses a Catalunya\" \/>\n<meta property=\"article:published_time\" content=\"2019-12-12T15:05:11+00:00\" \/>\n<meta property=\"article:modified_time\" content=\"2019-12-12T21:05:11+00:00\" \/>\n<meta property=\"og:image\" content=\"https:\/\/conversesacatalunya.cat\/wp-content\/uploads\/2019\/12\/rafael-Rib\u00f3.jpg\" \/>\n\t<meta property=\"og:image:width\" content=\"1200\" \/>\n\t<meta property=\"og:image:height\" content=\"675\" \/>\n\t<meta property=\"og:image:type\" content=\"image\/jpeg\" \/>\n<meta name=\"author\" content=\"conversesacatalunya\" \/>\n<meta name=\"twitter:card\" content=\"summary_large_image\" \/>\n<meta name=\"twitter:label1\" content=\"Escrito por\" \/>\n\t<meta name=\"twitter:data1\" content=\"conversesacatalunya\" \/>\n\t<meta name=\"twitter:label2\" content=\"Tiempo de lectura\" \/>\n\t<meta name=\"twitter:data2\" content=\"4 minutos\" \/>\n<script type=\"application\/ld+json\" class=\"yoast-schema-graph\">{\"@context\":\"https:\/\/schema.org\",\"@graph\":[{\"@type\":\"Article\",\"@id\":\"https:\/\/conversesacatalunya.cat\/es\/cuando-dimitira-rafael-ribo-sindic-de-greuges\/#article\",\"isPartOf\":{\"@id\":\"https:\/\/conversesacatalunya.cat\/es\/cuando-dimitira-rafael-ribo-sindic-de-greuges\/\"},\"author\":{\"name\":\"conversesacatalunya\",\"@id\":\"https:\/\/conversesacatalunya.cat\/#\/schema\/person\/7e24d1e54a2785373ddcb275eae5ed99\"},\"headline\":\"\u00bfCu\u00e1ndo dimitir\u00e1 Rafael Rib\u00f3, S\u00edndic de Greuges?\",\"datePublished\":\"2019-12-12T15:05:11+00:00\",\"dateModified\":\"2019-12-12T21:05:11+00:00\",\"mainEntityOfPage\":{\"@id\":\"https:\/\/conversesacatalunya.cat\/es\/cuando-dimitira-rafael-ribo-sindic-de-greuges\/\"},\"wordCount\":773,\"commentCount\":0,\"image\":{\"@id\":\"https:\/\/conversesacatalunya.cat\/es\/cuando-dimitira-rafael-ribo-sindic-de-greuges\/#primaryimage\"},\"thumbnailUrl\":\"https:\/\/conversesacatalunya.cat\/wp-content\/uploads\/2019\/12\/rafael-Rib\u00f3.jpg\",\"keywords\":[\"Rafael Rib\u00f3\",\"Sanitat\",\"S\u00edndic de greuges\"],\"articleSection\":[\"Punts clau del dia (ES)\"],\"inLanguage\":\"es\",\"potentialAction\":[{\"@type\":\"CommentAction\",\"name\":\"Comment\",\"target\":[\"https:\/\/conversesacatalunya.cat\/es\/cuando-dimitira-rafael-ribo-sindic-de-greuges\/#respond\"]}]},{\"@type\":\"WebPage\",\"@id\":\"https:\/\/conversesacatalunya.cat\/es\/cuando-dimitira-rafael-ribo-sindic-de-greuges\/\",\"url\":\"https:\/\/conversesacatalunya.cat\/es\/cuando-dimitira-rafael-ribo-sindic-de-greuges\/\",\"name\":\"\u00bfCu\u00e1ndo dimitir\u00e1 Rafael Rib\u00f3, S\u00edndic de Greuges? - Converses a Catalunya\",\"isPartOf\":{\"@id\":\"https:\/\/conversesacatalunya.cat\/#website\"},\"primaryImageOfPage\":{\"@id\":\"https:\/\/conversesacatalunya.cat\/es\/cuando-dimitira-rafael-ribo-sindic-de-greuges\/#primaryimage\"},\"image\":{\"@id\":\"https:\/\/conversesacatalunya.cat\/es\/cuando-dimitira-rafael-ribo-sindic-de-greuges\/#primaryimage\"},\"thumbnailUrl\":\"https:\/\/conversesacatalunya.cat\/wp-content\/uploads\/2019\/12\/rafael-Rib\u00f3.jpg\",\"datePublished\":\"2019-12-12T15:05:11+00:00\",\"dateModified\":\"2019-12-12T21:05:11+00:00\",\"author\":{\"@id\":\"https:\/\/conversesacatalunya.cat\/#\/schema\/person\/7e24d1e54a2785373ddcb275eae5ed99\"},\"breadcrumb\":{\"@id\":\"https:\/\/conversesacatalunya.cat\/es\/cuando-dimitira-rafael-ribo-sindic-de-greuges\/#breadcrumb\"},\"inLanguage\":\"es\",\"potentialAction\":[{\"@type\":\"ReadAction\",\"target\":[\"https:\/\/conversesacatalunya.cat\/es\/cuando-dimitira-rafael-ribo-sindic-de-greuges\/\"]}]},{\"@type\":\"ImageObject\",\"inLanguage\":\"es\",\"@id\":\"https:\/\/conversesacatalunya.cat\/es\/cuando-dimitira-rafael-ribo-sindic-de-greuges\/#primaryimage\",\"url\":\"https:\/\/conversesacatalunya.cat\/wp-content\/uploads\/2019\/12\/rafael-Rib\u00f3.jpg\",\"contentUrl\":\"https:\/\/conversesacatalunya.cat\/wp-content\/uploads\/2019\/12\/rafael-Rib\u00f3.jpg\",\"width\":1200,\"height\":675,\"caption\":\"Rafael Rib\u00f3\"},{\"@type\":\"BreadcrumbList\",\"@id\":\"https:\/\/conversesacatalunya.cat\/es\/cuando-dimitira-rafael-ribo-sindic-de-greuges\/#breadcrumb\",\"itemListElement\":[{\"@type\":\"ListItem\",\"position\":1,\"name\":\"Inici\",\"item\":\"https:\/\/conversesacatalunya.cat\/es\/\"},{\"@type\":\"ListItem\",\"position\":2,\"name\":\"\u00bfCu\u00e1ndo dimitir\u00e1 Rafael Rib\u00f3, S\u00edndic de Greuges?\"}]},{\"@type\":\"WebSite\",\"@id\":\"https:\/\/conversesacatalunya.cat\/#website\",\"url\":\"https:\/\/conversesacatalunya.cat\/\",\"name\":\"Converses a Catalunya\",\"description\":\"\",\"potentialAction\":[{\"@type\":\"SearchAction\",\"target\":{\"@type\":\"EntryPoint\",\"urlTemplate\":\"https:\/\/conversesacatalunya.cat\/?s={search_term_string}\"},\"query-input\":{\"@type\":\"PropertyValueSpecification\",\"valueRequired\":true,\"valueName\":\"search_term_string\"}}],\"inLanguage\":\"es\"},{\"@type\":\"Person\",\"@id\":\"https:\/\/conversesacatalunya.cat\/#\/schema\/person\/7e24d1e54a2785373ddcb275eae5ed99\",\"name\":\"conversesacatalunya\",\"image\":{\"@type\":\"ImageObject\",\"inLanguage\":\"es\",\"@id\":\"https:\/\/conversesacatalunya.cat\/#\/schema\/person\/image\/\",\"url\":\"https:\/\/conversesacatalunya.cat\/wp-content\/litespeed\/avatar\/febdfeeec89d950f01c748045a981dd2.jpg?ver=1777314535\",\"contentUrl\":\"https:\/\/conversesacatalunya.cat\/wp-content\/litespeed\/avatar\/febdfeeec89d950f01c748045a981dd2.jpg?ver=1777314535\",\"caption\":\"conversesacatalunya\"},\"url\":\"https:\/\/conversesacatalunya.cat\/es\/author\/carme_catala\/\"}]}<\/script>\n<!-- \/ Yoast SEO plugin. -->","yoast_head_json":{"title":"\u00bfCu\u00e1ndo dimitir\u00e1 Rafael Rib\u00f3, S\u00edndic de Greuges? - Converses a Catalunya","robots":{"index":"index","follow":"follow","max-snippet":"max-snippet:-1","max-image-preview":"max-image-preview:large","max-video-preview":"max-video-preview:-1"},"canonical":"https:\/\/conversesacatalunya.cat\/es\/cuando-dimitira-rafael-ribo-sindic-de-greuges\/","og_locale":"es_ES","og_type":"article","og_title":"\u00bfCu\u00e1ndo dimitir\u00e1 Rafael Rib\u00f3, S\u00edndic de Greuges? - Converses a Catalunya","og_description":"Rafael Rib\u00f3 hace 15 a\u00f1os que es S\u00edndic de Greuges, no tanto porque haya sido repetidamente escogido por el Parlamento, sino porque la par\u00e1lisis institucional que tenaza Catalu\u00f1a impide el cu\u00f3rum necesario para sustituirlo, y mientras va tirando. No parece apropiado que un cargo que tiene que estar marcado por su car\u00e1cter de neutralidad pol\u00edtica y alejado de todo partidismo se mantenga tantos a\u00f1os en el puesto. Esto solo ser\u00eda justificable, y todav\u00eda con reservas, si fuera el resultado de una reiterada y ampliamente mayoritaria renovaci\u00f3n de confianza por parte del Parlamento, pero ya hemos visto que no se trata de esto. A lo largo de tantos a\u00f1os es l\u00f3gico que se produzca un desgaste y una falta de credibilidad, situaci\u00f3n que solo se resuelve haciendo entrar nuevos aires en la Sindicatura, pero mientras persista el bloqueo esto no ser\u00e1 posible y por tanto el \u00fanico camino razonable es que Rib\u00f3 se vaya a casa. Su cargo, adem\u00e1s, se ha visto en los \u00faltimos tiempos manchado por algunos esc\u00e1ndalos. El m\u00e1s reciente es el de disfrutar de una especie de \u201ceconom\u00eda de escala\u201d, como es el vuelo privado y la asistencia a un partido de la Copa de Europa del F\u00fatbol Club Barcelona gracias a la gentileza de un empresario vinculado al esc\u00e1ndalo del 3% de CDC. Esto solo ya tendr\u00eda que haberle llevado a presentar su renuncia sin prejuzgar culpabilidad de ning\u00fan tipo. Y todav\u00eda habr\u00eda sido m\u00e1s l\u00f3gico que el Parlamento la hubiera forzado. Pero, una vez m\u00e1s, el bloqueo impide que la m\u00e1s alta instituci\u00f3n de Catalu\u00f1a funcione con normalidad. Pero Rib\u00f3, que es un hombre de esc\u00e1ndalos tambi\u00e9n propiciados por una cierta agresividad y partidismo verbal, ha provocado el \u00faltimo atribuyendo el colapso y las largas lista de espera de la sanidad catalana a los pacientes que vienen a Catalu\u00f1a procedentes otras comunidades aut\u00f3nomas. As\u00ed lo ha formulado en unas recientes declaraciones, y a pesar de que los medios de comunicaci\u00f3n de todo tipo y condici\u00f3n le han hecho ver el grave error de su apreciaci\u00f3n, el S\u00edndic no se ha desdicho de sus palabras. Dif\u00edcilmente puede defender a la ciudadan\u00eda quien parte de estos apriorismos, y m\u00e1s cuando se trata de cuestiones sobre las cuales existen datos muy concretos que reflejan que la afluencia de otros lugares es una cifra m\u00ednima de la asistencia total que no llega ni siquiera al 2%. Pero Rib\u00f3 apuesta siempre por defender al gobierno, en lugar de defender los intereses de los ciudadanos. El hecho de que Catalu\u00f1a tenga la tasa m\u00e1s alta de espera para una intervenci\u00f3n, 23,32 personas por cada 1.000 habitantes, cuando la media espa\u00f1ola es de 14,85, es debido simplemente a que no se asignan suficientes recursos. Y no sirve la excusa de la financiaci\u00f3n, porque comunidades peor situadas, caso del Pa\u00eds Valenciano, nos pasan delante. Lo que sucede es que Sanidad, que es con diferencia el presupuesto m\u00e1s grande de la Generalitat, es el financiador de todo lo que no tiene buen encaje en el sistema de financiaci\u00f3n. Este es un vicio cr\u00f3nico que se remonta a los inicios del gobierno y que se acentu\u00f3 cuando Artur Mas aplic\u00f3 un recorte muy grande a los recursos sanitarios, 1.600 millones de euros de reducci\u00f3n en 2014. Se han perdido un millar de camas y se redujeron 800 m\u00e9dicos de atenci\u00f3n primaria, que se han recuperado, pero solo en parte, como siguen denunciando los facultativos de la sanidad p\u00fablica. En la actualidad en Catalu\u00f1a hay 450 m\u00e9dicos por cada 100.000 habitantes. Para equipararnos a la media espa\u00f1ola de 476, har\u00edan falta casi 2.000 m\u00e9dicos m\u00e1s. Todo esto Rib\u00f3 lo sabe o lo tendr\u00eda que saber, pero a \u00e9l le interesa descargar al gobierno. El paso del tiempo hace que las personas se instalen, y para un S\u00edndico la mejor instalaci\u00f3n es tratar bien a los que mandan. Y as\u00ed lo hace Rafael Rib\u00f3. Por ejemplo, es ins\u00f3lito que las intensas trombas de agua que provocaron importantes destrozos en la Cuenca del Francol\u00ed cuando se dispon\u00eda de previsiones meteorol\u00f3gicas muy precisas, no hayan tenido como consecuencia la apertura de un expediente informativo por parte de la Sindicatura para averiguar por qu\u00e9 no se adoptaron las medidas de prevenci\u00f3n que habr\u00edan atenuado el tr\u00e1gico impacto.","og_url":"https:\/\/conversesacatalunya.cat\/es\/cuando-dimitira-rafael-ribo-sindic-de-greuges\/","og_site_name":"Converses a Catalunya","article_published_time":"2019-12-12T15:05:11+00:00","article_modified_time":"2019-12-12T21:05:11+00:00","og_image":[{"width":1200,"height":675,"url":"https:\/\/conversesacatalunya.cat\/wp-content\/uploads\/2019\/12\/rafael-Rib\u00f3.jpg","type":"image\/jpeg"}],"author":"conversesacatalunya","twitter_card":"summary_large_image","twitter_misc":{"Escrito por":"conversesacatalunya","Tiempo de lectura":"4 minutos"},"schema":{"@context":"https:\/\/schema.org","@graph":[{"@type":"Article","@id":"https:\/\/conversesacatalunya.cat\/es\/cuando-dimitira-rafael-ribo-sindic-de-greuges\/#article","isPartOf":{"@id":"https:\/\/conversesacatalunya.cat\/es\/cuando-dimitira-rafael-ribo-sindic-de-greuges\/"},"author":{"name":"conversesacatalunya","@id":"https:\/\/conversesacatalunya.cat\/#\/schema\/person\/7e24d1e54a2785373ddcb275eae5ed99"},"headline":"\u00bfCu\u00e1ndo dimitir\u00e1 Rafael Rib\u00f3, S\u00edndic de Greuges?","datePublished":"2019-12-12T15:05:11+00:00","dateModified":"2019-12-12T21:05:11+00:00","mainEntityOfPage":{"@id":"https:\/\/conversesacatalunya.cat\/es\/cuando-dimitira-rafael-ribo-sindic-de-greuges\/"},"wordCount":773,"commentCount":0,"image":{"@id":"https:\/\/conversesacatalunya.cat\/es\/cuando-dimitira-rafael-ribo-sindic-de-greuges\/#primaryimage"},"thumbnailUrl":"https:\/\/conversesacatalunya.cat\/wp-content\/uploads\/2019\/12\/rafael-Rib\u00f3.jpg","keywords":["Rafael Rib\u00f3","Sanitat","S\u00edndic de greuges"],"articleSection":["Punts clau del dia (ES)"],"inLanguage":"es","potentialAction":[{"@type":"CommentAction","name":"Comment","target":["https:\/\/conversesacatalunya.cat\/es\/cuando-dimitira-rafael-ribo-sindic-de-greuges\/#respond"]}]},{"@type":"WebPage","@id":"https:\/\/conversesacatalunya.cat\/es\/cuando-dimitira-rafael-ribo-sindic-de-greuges\/","url":"https:\/\/conversesacatalunya.cat\/es\/cuando-dimitira-rafael-ribo-sindic-de-greuges\/","name":"\u00bfCu\u00e1ndo dimitir\u00e1 Rafael Rib\u00f3, S\u00edndic de Greuges? - Converses a Catalunya","isPartOf":{"@id":"https:\/\/conversesacatalunya.cat\/#website"},"primaryImageOfPage":{"@id":"https:\/\/conversesacatalunya.cat\/es\/cuando-dimitira-rafael-ribo-sindic-de-greuges\/#primaryimage"},"image":{"@id":"https:\/\/conversesacatalunya.cat\/es\/cuando-dimitira-rafael-ribo-sindic-de-greuges\/#primaryimage"},"thumbnailUrl":"https:\/\/conversesacatalunya.cat\/wp-content\/uploads\/2019\/12\/rafael-Rib\u00f3.jpg","datePublished":"2019-12-12T15:05:11+00:00","dateModified":"2019-12-12T21:05:11+00:00","author":{"@id":"https:\/\/conversesacatalunya.cat\/#\/schema\/person\/7e24d1e54a2785373ddcb275eae5ed99"},"breadcrumb":{"@id":"https:\/\/conversesacatalunya.cat\/es\/cuando-dimitira-rafael-ribo-sindic-de-greuges\/#breadcrumb"},"inLanguage":"es","potentialAction":[{"@type":"ReadAction","target":["https:\/\/conversesacatalunya.cat\/es\/cuando-dimitira-rafael-ribo-sindic-de-greuges\/"]}]},{"@type":"ImageObject","inLanguage":"es","@id":"https:\/\/conversesacatalunya.cat\/es\/cuando-dimitira-rafael-ribo-sindic-de-greuges\/#primaryimage","url":"https:\/\/conversesacatalunya.cat\/wp-content\/uploads\/2019\/12\/rafael-Rib\u00f3.jpg","contentUrl":"https:\/\/conversesacatalunya.cat\/wp-content\/uploads\/2019\/12\/rafael-Rib\u00f3.jpg","width":1200,"height":675,"caption":"Rafael Rib\u00f3"},{"@type":"BreadcrumbList","@id":"https:\/\/conversesacatalunya.cat\/es\/cuando-dimitira-rafael-ribo-sindic-de-greuges\/#breadcrumb","itemListElement":[{"@type":"ListItem","position":1,"name":"Inici","item":"https:\/\/conversesacatalunya.cat\/es\/"},{"@type":"ListItem","position":2,"name":"\u00bfCu\u00e1ndo dimitir\u00e1 Rafael Rib\u00f3, S\u00edndic de Greuges?"}]},{"@type":"WebSite","@id":"https:\/\/conversesacatalunya.cat\/#website","url":"https:\/\/conversesacatalunya.cat\/","name":"Converses a Catalunya","description":"","potentialAction":[{"@type":"SearchAction","target":{"@type":"EntryPoint","urlTemplate":"https:\/\/conversesacatalunya.cat\/?s={search_term_string}"},"query-input":{"@type":"PropertyValueSpecification","valueRequired":true,"valueName":"search_term_string"}}],"inLanguage":"es"},{"@type":"Person","@id":"https:\/\/conversesacatalunya.cat\/#\/schema\/person\/7e24d1e54a2785373ddcb275eae5ed99","name":"conversesacatalunya","image":{"@type":"ImageObject","inLanguage":"es","@id":"https:\/\/conversesacatalunya.cat\/#\/schema\/person\/image\/","url":"https:\/\/conversesacatalunya.cat\/wp-content\/litespeed\/avatar\/febdfeeec89d950f01c748045a981dd2.jpg?ver=1777314535","contentUrl":"https:\/\/conversesacatalunya.cat\/wp-content\/litespeed\/avatar\/febdfeeec89d950f01c748045a981dd2.jpg?ver=1777314535","caption":"conversesacatalunya"},"url":"https:\/\/conversesacatalunya.cat\/es\/author\/carme_catala\/"}]}},"wps_subtitle":"","_links":{"self":[{"href":"https:\/\/conversesacatalunya.cat\/es\/wp-json\/wp\/v2\/posts\/30017","targetHints":{"allow":["GET"]}}],"collection":[{"href":"https:\/\/conversesacatalunya.cat\/es\/wp-json\/wp\/v2\/posts"}],"about":[{"href":"https:\/\/conversesacatalunya.cat\/es\/wp-json\/wp\/v2\/types\/post"}],"author":[{"embeddable":true,"href":"https:\/\/conversesacatalunya.cat\/es\/wp-json\/wp\/v2\/users\/2"}],"replies":[{"embeddable":true,"href":"https:\/\/conversesacatalunya.cat\/es\/wp-json\/wp\/v2\/comments?post=30017"}],"version-history":[{"count":3,"href":"https:\/\/conversesacatalunya.cat\/es\/wp-json\/wp\/v2\/posts\/30017\/revisions"}],"predecessor-version":[{"id":30020,"href":"https:\/\/conversesacatalunya.cat\/es\/wp-json\/wp\/v2\/posts\/30017\/revisions\/30020"}],"wp:featuredmedia":[{"embeddable":true,"href":"https:\/\/conversesacatalunya.cat\/es\/wp-json\/wp\/v2\/media\/29958"}],"wp:attachment":[{"href":"https:\/\/conversesacatalunya.cat\/es\/wp-json\/wp\/v2\/media?parent=30017"}],"wp:term":[{"taxonomy":"category","embeddable":true,"href":"https:\/\/conversesacatalunya.cat\/es\/wp-json\/wp\/v2\/categories?post=30017"},{"taxonomy":"post_tag","embeddable":true,"href":"https:\/\/conversesacatalunya.cat\/es\/wp-json\/wp\/v2\/tags?post=30017"}],"curies":[{"name":"wp","href":"https:\/\/api.w.org\/{rel}","templated":true}]}}