{"id":29752,"date":"2019-12-09T10:06:18","date_gmt":"2019-12-09T09:06:18","guid":{"rendered":"https:\/\/conversesacatalunya.cat\/?p=29752"},"modified":"2024-01-22T14:22:26","modified_gmt":"2024-01-22T13:22:26","slug":"hacia-la-accion","status":"publish","type":"post","link":"https:\/\/conversesacatalunya.cat\/es\/hacia-la-accion\/","title":{"rendered":"Hacia la acci\u00f3n"},"content":{"rendered":"<p>Hace unos d\u00edas fui a Abacus interesado por <strong>el libro \u00abToda la Verdad\u00bb<\/strong>, uno de los \u00faltimos libros sobre el proceso, escrito conjuntamente por un grupo de periodistas con buen curr\u00edculum. No quiero hablar del libro, que estoy terminando y me ha interesado mucho. Lo que me llam\u00f3 la atenci\u00f3n es la cantidad inmensa de libros publicados sobre el tema que hab\u00eda en la secci\u00f3n. Ya lo sab\u00eda, pero verlos todos juntos impresiona. Juristas, polit\u00f3logos, catedr\u00e1ticos, pol\u00edticos, escritores, periodistas, los encarcelados, los exiliados, opiniones reflexivas, cr\u00f3nicas de hechos, estudios acad\u00e9micos, memorias, cr\u00edticas, autocr\u00edticas, &#8230; Y no hablemos de los miles de art\u00edculos de opini\u00f3n de la prensa diaria y digital. Imposible estar al corriente del contenido de toda esta avalancha literaria.<\/p>\n<p>No s\u00e9 si en la historia reciente, digamos sociol\u00f3gica o pol\u00edtica, hay alg\u00fan fen\u00f3meno comparable. Quiz\u00e1s s\u00f3lo la t\u00edpica secci\u00f3n de libros sobre la autoestima y el desarrollo personal, que tambi\u00e9n tiene una gran oferta en cada librer\u00eda. Dudo que el mercado sea capaz de absorber tanta p\u00e1gina escrita, aunque pienso que en el caso de la literatura sobre el proceso la principal intenci\u00f3n no es mercantilista. <strong>Es una cuesti\u00f3n pol\u00edtica de primer orden<\/strong>. Especialmente despu\u00e9s del juicio y de la discutida sentencia, todos los principales protagonistas han querido dar su opini\u00f3n. Es impresionante la abundancia y la riqueza de muchas reflexiones hechas alrededor de estos \u00faltimos a\u00f1os de pol\u00edtica catalana, junto con el esfuerzo para sistematizarlas y ponerlas por escrito.<\/p>\n<p>No estoy en condiciones de concluir si ya se ha dicho todo, pero es claramente un tema que, habiendo merecido el inter\u00e9s de tanta y tan diversa gente, deben quedar pocos elementos significativos por analizar y todo el mundo que ha querido reflexionar en voz alta ya lo ha hecho. Incluso \u00faltimamente <strong>Rajoy<\/strong> le ha dedicado una buena parte de su reciente libro de memorias. Hay mucho material de referencia, si se quiere utilizar.<\/p>\n<p>Actualmente parece que entre todos hemos agotado el mecanismo de las elecciones para dirimir nuestras diferencias en cuanto al marco de convivencia, ahora toca poner el esfuerzo de cada uno para reforzarla.<\/p>\n<p>En t\u00e9rminos pol\u00edticos, esto quiere decir hacer todo lo posible para <strong>construir una coalici\u00f3n de gobierno en torno a la opci\u00f3n mayoritaria<\/strong>, con quien sea, y para dejarla gobernar. Me cuesta mucho considerar argumentaciones como la del ex presidente Rajoy cuando dice que es peor un gobierno condicionado por un determinado partido catal\u00e1n que unas terceras elecciones. Que imprudente y f\u00e1cil es generar miedo.<\/p>\n<p>En Catalu\u00f1a tanto los partidarios de un soberanismo, extremo o compartido, como los de un unionismo, estricto o laxo, hemos convivido hasta ahora y, nos esperan todav\u00eda unos buenos a\u00f1os de pr\u00e1ctica convivencial. La pena, sin embargo, es que este necesario esfuerzo com\u00fan lo tengamos que hacer en <strong>un entorno de prisioneros y exiliados por acciones pol\u00edticas<\/strong>, que con la opini\u00f3n de injusticia de muchos se a\u00f1ade el sentimiento de desolaci\u00f3n de casi todos. Grandes dificultades, pero grandes necesidades.<\/p>\n<p>El libro que he mencionado al principio reprocha <strong>el viejo mito de S\u00edsifo<\/strong> para comparar los pasos recorridos hasta ahora por la corriente independentista. S\u00edsifo, condenado por los dioses a arrastrar pecho arriba una piedra, que antes de llegar a la cima rodaba inexorablemente hacia abajo, obligando al pobre S\u00edsifo a volver. En la historia humana, las repeticiones, los \u00abLooc\u00bb nunca son id\u00e9nticos. <strong>Keynes<\/strong>, simplificando, tambi\u00e9n era partidario de que el gobierno pagara por hacer hoyos y volverlos a tapar si era necesario, y eso en econom\u00eda est\u00e1 descrito como pol\u00edtica de demanda.<\/p>\n<p>Esforzarse no es nunca improductivo. Subiendo piedras, haciendo hoyos o procurando establecer unas mejores relaciones entre nosotros no perderemos nunca el tiempo. Celebro que el otro gran partido soberanista catal\u00e1n se plantee tambi\u00e9n dar una oportunidad generosa a la <strong>investidura del candidato S\u00e1nchez<\/strong>. Y tambi\u00e9n me gustar\u00eda a la\u00a0 gobernabilidad.<\/p>\n<p>La convivencia tambi\u00e9n se ejemplifica desde arriba.<\/p>\n","protected":false},"excerpt":{"rendered":"<p>Hace unos d\u00edas fui a Abacus interesado por el libro \u00abToda la Verdad\u00bb, uno de los \u00faltimos libros sobre el proceso, escrito conjuntamente por un grupo de periodistas con buen curr\u00edculum. No quiero hablar del libro, que estoy terminando y me ha interesado mucho. Lo que me llam\u00f3 la atenci\u00f3n es la cantidad inmensa de libros publicados sobre el tema que hab\u00eda en la secci\u00f3n. Ya lo sab\u00eda, pero verlos todos juntos impresiona. Juristas, polit\u00f3logos, catedr\u00e1ticos, pol\u00edticos, escritores, periodistas, los encarcelados, los exiliados, opiniones reflexivas, cr\u00f3nicas de hechos, estudios acad\u00e9micos, memorias, cr\u00edticas, autocr\u00edticas, &#8230; Y no hablemos de los miles de art\u00edculos de opini\u00f3n de la prensa diaria y digital. Imposible estar al corriente del contenido de toda esta avalancha literaria. No s\u00e9 si en la historia reciente, digamos sociol\u00f3gica o pol\u00edtica, hay alg\u00fan fen\u00f3meno comparable. Quiz\u00e1s s\u00f3lo la t\u00edpica secci\u00f3n de libros sobre la autoestima y el desarrollo personal, que tambi\u00e9n tiene una gran oferta en cada librer\u00eda. Dudo que el mercado sea capaz de absorber tanta p\u00e1gina escrita, aunque pienso que en el caso de la literatura sobre el proceso la principal intenci\u00f3n no es mercantilista. Es una cuesti\u00f3n pol\u00edtica de primer orden. Especialmente despu\u00e9s del juicio y de la discutida sentencia, todos los principales protagonistas han querido dar su opini\u00f3n. Es impresionante la abundancia y la riqueza de muchas reflexiones hechas alrededor de estos \u00faltimos a\u00f1os de pol\u00edtica catalana, junto con el esfuerzo para sistematizarlas y ponerlas por escrito. No estoy en condiciones de concluir si ya se ha dicho todo, pero es claramente un tema que, habiendo merecido el inter\u00e9s de tanta y tan diversa gente, deben quedar pocos elementos significativos por analizar y todo el mundo que ha querido reflexionar en voz alta ya lo ha hecho. Incluso \u00faltimamente Rajoy le ha dedicado una buena parte de su reciente libro de memorias. Hay mucho material de referencia, si se quiere utilizar. Actualmente parece que entre todos hemos agotado el mecanismo de las elecciones para dirimir nuestras diferencias en cuanto al marco de convivencia, ahora toca poner el esfuerzo de cada uno para reforzarla. En t\u00e9rminos pol\u00edticos, esto quiere decir hacer todo lo posible para construir una coalici\u00f3n de gobierno en torno a la opci\u00f3n mayoritaria, con quien sea, y para dejarla gobernar. Me cuesta mucho considerar argumentaciones como la del ex presidente Rajoy cuando dice que es peor un gobierno condicionado por un determinado partido catal\u00e1n que unas terceras elecciones. Que imprudente y f\u00e1cil es generar miedo. En Catalu\u00f1a tanto los partidarios de un soberanismo, extremo o compartido, como los de un unionismo, estricto o laxo, hemos convivido hasta ahora y, nos esperan todav\u00eda unos buenos a\u00f1os de pr\u00e1ctica convivencial. La pena, sin embargo, es que este necesario esfuerzo com\u00fan lo tengamos que hacer en un entorno de prisioneros y exiliados por acciones pol\u00edticas, que con la opini\u00f3n de injusticia de muchos se a\u00f1ade el sentimiento de desolaci\u00f3n de casi todos. Grandes dificultades, pero grandes necesidades. El libro que he mencionado al principio reprocha el viejo mito de S\u00edsifo para comparar los pasos recorridos hasta ahora por la corriente independentista. S\u00edsifo, condenado por los dioses a arrastrar pecho arriba una piedra, que antes de llegar a la cima rodaba inexorablemente hacia abajo, obligando al pobre S\u00edsifo a volver. En la historia humana, las repeticiones, los \u00abLooc\u00bb nunca son id\u00e9nticos. Keynes, simplificando, tambi\u00e9n era partidario de que el gobierno pagara por hacer hoyos y volverlos a tapar si era necesario, y eso en econom\u00eda est\u00e1 descrito como pol\u00edtica de demanda. Esforzarse no es nunca improductivo. Subiendo piedras, haciendo hoyos o procurando establecer unas mejores relaciones entre nosotros no perderemos nunca el tiempo. Celebro que el otro gran partido soberanista catal\u00e1n se plantee tambi\u00e9n dar una oportunidad generosa a la investidura del candidato S\u00e1nchez. Y tambi\u00e9n me gustar\u00eda a la\u00a0 gobernabilidad. La convivencia tambi\u00e9n se ejemplifica desde arriba.<\/p>\n","protected":false},"author":8,"featured_media":29749,"comment_status":"open","ping_status":"open","sticky":false,"template":"","format":"standard","meta":{"_FSMCFIC_featured_image_caption":"","_FSMCFIC_featured_image_nocaption":"","_FSMCFIC_featured_image_hide":"","footnotes":""},"categories":[804],"tags":[900,1116,1117],"class_list":["post-29752","post","type-post","status-publish","format-standard","has-post-thumbnail","hentry","category-opinem-es","tag-proceso-catalan","tag-rajoy","tag-sanchez-es"],"yoast_head":"<!-- This site is optimized with the Yoast SEO plugin v26.8 - https:\/\/yoast.com\/product\/yoast-seo-wordpress\/ -->\n<title>Hacia la acci\u00f3n - Converses a Catalunya<\/title>\n<meta name=\"description\" content=\"el libro \u00abToda la Verdad\u00bb, uno de los \u00faltimos libros sobre el proceso, escrito conjuntamente por un grupo de periodistas con un buen curr\u00edculum\" \/>\n<meta name=\"robots\" content=\"index, follow, max-snippet:-1, max-image-preview:large, max-video-preview:-1\" \/>\n<link rel=\"canonical\" href=\"https:\/\/conversesacatalunya.cat\/es\/hacia-la-accion\/\" \/>\n<meta property=\"og:locale\" content=\"es_ES\" \/>\n<meta property=\"og:type\" content=\"article\" \/>\n<meta property=\"og:title\" content=\"Hacia la acci\u00f3n - Converses a Catalunya\" \/>\n<meta property=\"og:description\" content=\"el libro \u00abToda la Verdad\u00bb, uno de los \u00faltimos libros sobre el proceso, escrito conjuntamente por un grupo de periodistas con un buen curr\u00edculum\" \/>\n<meta property=\"og:url\" content=\"https:\/\/conversesacatalunya.cat\/es\/hacia-la-accion\/\" \/>\n<meta property=\"og:site_name\" content=\"Converses a Catalunya\" \/>\n<meta property=\"article:published_time\" content=\"2019-12-09T09:06:18+00:00\" \/>\n<meta property=\"article:modified_time\" content=\"2024-01-22T13:22:26+00:00\" \/>\n<meta property=\"og:image\" content=\"https:\/\/conversesacatalunya.cat\/wp-content\/uploads\/2019\/12\/Portada-libro-Tota-veritat_EDIIMA20191025_0488_21.jpg\" \/>\n\t<meta property=\"og:image:width\" content=\"643\" \/>\n\t<meta property=\"og:image:height\" content=\"658\" \/>\n\t<meta property=\"og:image:type\" content=\"image\/jpeg\" \/>\n<meta name=\"author\" content=\"Sim\u00f3 Aliana\" \/>\n<meta name=\"twitter:card\" content=\"summary_large_image\" \/>\n<meta name=\"twitter:label1\" content=\"Escrito por\" \/>\n\t<meta name=\"twitter:data1\" content=\"Sim\u00f3 Aliana\" \/>\n\t<meta name=\"twitter:label2\" content=\"Tiempo de lectura\" \/>\n\t<meta name=\"twitter:data2\" content=\"4 minutos\" \/>\n<script type=\"application\/ld+json\" class=\"yoast-schema-graph\">{\"@context\":\"https:\/\/schema.org\",\"@graph\":[{\"@type\":\"Article\",\"@id\":\"https:\/\/conversesacatalunya.cat\/es\/hacia-la-accion\/#article\",\"isPartOf\":{\"@id\":\"https:\/\/conversesacatalunya.cat\/es\/hacia-la-accion\/\"},\"author\":{\"name\":\"Sim\u00f3 Aliana\",\"@id\":\"https:\/\/conversesacatalunya.cat\/#\/schema\/person\/77790a453e2d07e6aad33cfc1b0be728\"},\"headline\":\"Hacia la acci\u00f3n\",\"datePublished\":\"2019-12-09T09:06:18+00:00\",\"dateModified\":\"2024-01-22T13:22:26+00:00\",\"mainEntityOfPage\":{\"@id\":\"https:\/\/conversesacatalunya.cat\/es\/hacia-la-accion\/\"},\"wordCount\":706,\"commentCount\":0,\"image\":{\"@id\":\"https:\/\/conversesacatalunya.cat\/es\/hacia-la-accion\/#primaryimage\"},\"thumbnailUrl\":\"https:\/\/conversesacatalunya.cat\/wp-content\/uploads\/2019\/12\/Portada-libro-Tota-veritat_EDIIMA20191025_0488_21.jpg\",\"keywords\":[\"Proceso catal\u00e1n\",\"Rajoy\",\"S\u00e1nchez\"],\"articleSection\":[\"Opinem (ES)\"],\"inLanguage\":\"es\",\"potentialAction\":[{\"@type\":\"CommentAction\",\"name\":\"Comment\",\"target\":[\"https:\/\/conversesacatalunya.cat\/es\/hacia-la-accion\/#respond\"]}]},{\"@type\":\"WebPage\",\"@id\":\"https:\/\/conversesacatalunya.cat\/es\/hacia-la-accion\/\",\"url\":\"https:\/\/conversesacatalunya.cat\/es\/hacia-la-accion\/\",\"name\":\"Hacia la acci\u00f3n - Converses a Catalunya\",\"isPartOf\":{\"@id\":\"https:\/\/conversesacatalunya.cat\/#website\"},\"primaryImageOfPage\":{\"@id\":\"https:\/\/conversesacatalunya.cat\/es\/hacia-la-accion\/#primaryimage\"},\"image\":{\"@id\":\"https:\/\/conversesacatalunya.cat\/es\/hacia-la-accion\/#primaryimage\"},\"thumbnailUrl\":\"https:\/\/conversesacatalunya.cat\/wp-content\/uploads\/2019\/12\/Portada-libro-Tota-veritat_EDIIMA20191025_0488_21.jpg\",\"datePublished\":\"2019-12-09T09:06:18+00:00\",\"dateModified\":\"2024-01-22T13:22:26+00:00\",\"author\":{\"@id\":\"https:\/\/conversesacatalunya.cat\/#\/schema\/person\/77790a453e2d07e6aad33cfc1b0be728\"},\"description\":\"el libro \u00abToda la Verdad\u00bb, uno de los \u00faltimos libros sobre el proceso, escrito conjuntamente por un grupo de periodistas con un buen curr\u00edculum\",\"breadcrumb\":{\"@id\":\"https:\/\/conversesacatalunya.cat\/es\/hacia-la-accion\/#breadcrumb\"},\"inLanguage\":\"es\",\"potentialAction\":[{\"@type\":\"ReadAction\",\"target\":[\"https:\/\/conversesacatalunya.cat\/es\/hacia-la-accion\/\"]}]},{\"@type\":\"ImageObject\",\"inLanguage\":\"es\",\"@id\":\"https:\/\/conversesacatalunya.cat\/es\/hacia-la-accion\/#primaryimage\",\"url\":\"https:\/\/conversesacatalunya.cat\/wp-content\/uploads\/2019\/12\/Portada-libro-Tota-veritat_EDIIMA20191025_0488_21.jpg\",\"contentUrl\":\"https:\/\/conversesacatalunya.cat\/wp-content\/uploads\/2019\/12\/Portada-libro-Tota-veritat_EDIIMA20191025_0488_21.jpg\",\"width\":643,\"height\":658},{\"@type\":\"BreadcrumbList\",\"@id\":\"https:\/\/conversesacatalunya.cat\/es\/hacia-la-accion\/#breadcrumb\",\"itemListElement\":[{\"@type\":\"ListItem\",\"position\":1,\"name\":\"Inici\",\"item\":\"https:\/\/conversesacatalunya.cat\/es\/\"},{\"@type\":\"ListItem\",\"position\":2,\"name\":\"Hacia la acci\u00f3n\"}]},{\"@type\":\"WebSite\",\"@id\":\"https:\/\/conversesacatalunya.cat\/#website\",\"url\":\"https:\/\/conversesacatalunya.cat\/\",\"name\":\"Converses a Catalunya\",\"description\":\"\",\"potentialAction\":[{\"@type\":\"SearchAction\",\"target\":{\"@type\":\"EntryPoint\",\"urlTemplate\":\"https:\/\/conversesacatalunya.cat\/?s={search_term_string}\"},\"query-input\":{\"@type\":\"PropertyValueSpecification\",\"valueRequired\":true,\"valueName\":\"search_term_string\"}}],\"inLanguage\":\"es\"},{\"@type\":\"Person\",\"@id\":\"https:\/\/conversesacatalunya.cat\/#\/schema\/person\/77790a453e2d07e6aad33cfc1b0be728\",\"name\":\"Sim\u00f3 Aliana\",\"image\":{\"@type\":\"ImageObject\",\"inLanguage\":\"es\",\"@id\":\"https:\/\/conversesacatalunya.cat\/#\/schema\/person\/image\/\",\"url\":\"https:\/\/conversesacatalunya.cat\/wp-content\/litespeed\/avatar\/f90a4f00da41d066ca9be5e72cddec48.jpg?ver=1777384733\",\"contentUrl\":\"https:\/\/conversesacatalunya.cat\/wp-content\/litespeed\/avatar\/f90a4f00da41d066ca9be5e72cddec48.jpg?ver=1777384733\",\"caption\":\"Sim\u00f3 Aliana\"},\"url\":\"https:\/\/conversesacatalunya.cat\/es\/author\/simo-aliana\/\"}]}<\/script>\n<!-- \/ Yoast SEO plugin. -->","yoast_head_json":{"title":"Hacia la acci\u00f3n - Converses a Catalunya","description":"el libro \u00abToda la Verdad\u00bb, uno de los \u00faltimos libros sobre el proceso, escrito conjuntamente por un grupo de periodistas con un buen curr\u00edculum","robots":{"index":"index","follow":"follow","max-snippet":"max-snippet:-1","max-image-preview":"max-image-preview:large","max-video-preview":"max-video-preview:-1"},"canonical":"https:\/\/conversesacatalunya.cat\/es\/hacia-la-accion\/","og_locale":"es_ES","og_type":"article","og_title":"Hacia la acci\u00f3n - Converses a Catalunya","og_description":"el libro \u00abToda la Verdad\u00bb, uno de los \u00faltimos libros sobre el proceso, escrito conjuntamente por un grupo de periodistas con un buen curr\u00edculum","og_url":"https:\/\/conversesacatalunya.cat\/es\/hacia-la-accion\/","og_site_name":"Converses a Catalunya","article_published_time":"2019-12-09T09:06:18+00:00","article_modified_time":"2024-01-22T13:22:26+00:00","og_image":[{"width":643,"height":658,"url":"https:\/\/conversesacatalunya.cat\/wp-content\/uploads\/2019\/12\/Portada-libro-Tota-veritat_EDIIMA20191025_0488_21.jpg","type":"image\/jpeg"}],"author":"Sim\u00f3 Aliana","twitter_card":"summary_large_image","twitter_misc":{"Escrito por":"Sim\u00f3 Aliana","Tiempo de lectura":"4 minutos"},"schema":{"@context":"https:\/\/schema.org","@graph":[{"@type":"Article","@id":"https:\/\/conversesacatalunya.cat\/es\/hacia-la-accion\/#article","isPartOf":{"@id":"https:\/\/conversesacatalunya.cat\/es\/hacia-la-accion\/"},"author":{"name":"Sim\u00f3 Aliana","@id":"https:\/\/conversesacatalunya.cat\/#\/schema\/person\/77790a453e2d07e6aad33cfc1b0be728"},"headline":"Hacia la acci\u00f3n","datePublished":"2019-12-09T09:06:18+00:00","dateModified":"2024-01-22T13:22:26+00:00","mainEntityOfPage":{"@id":"https:\/\/conversesacatalunya.cat\/es\/hacia-la-accion\/"},"wordCount":706,"commentCount":0,"image":{"@id":"https:\/\/conversesacatalunya.cat\/es\/hacia-la-accion\/#primaryimage"},"thumbnailUrl":"https:\/\/conversesacatalunya.cat\/wp-content\/uploads\/2019\/12\/Portada-libro-Tota-veritat_EDIIMA20191025_0488_21.jpg","keywords":["Proceso catal\u00e1n","Rajoy","S\u00e1nchez"],"articleSection":["Opinem (ES)"],"inLanguage":"es","potentialAction":[{"@type":"CommentAction","name":"Comment","target":["https:\/\/conversesacatalunya.cat\/es\/hacia-la-accion\/#respond"]}]},{"@type":"WebPage","@id":"https:\/\/conversesacatalunya.cat\/es\/hacia-la-accion\/","url":"https:\/\/conversesacatalunya.cat\/es\/hacia-la-accion\/","name":"Hacia la acci\u00f3n - Converses a Catalunya","isPartOf":{"@id":"https:\/\/conversesacatalunya.cat\/#website"},"primaryImageOfPage":{"@id":"https:\/\/conversesacatalunya.cat\/es\/hacia-la-accion\/#primaryimage"},"image":{"@id":"https:\/\/conversesacatalunya.cat\/es\/hacia-la-accion\/#primaryimage"},"thumbnailUrl":"https:\/\/conversesacatalunya.cat\/wp-content\/uploads\/2019\/12\/Portada-libro-Tota-veritat_EDIIMA20191025_0488_21.jpg","datePublished":"2019-12-09T09:06:18+00:00","dateModified":"2024-01-22T13:22:26+00:00","author":{"@id":"https:\/\/conversesacatalunya.cat\/#\/schema\/person\/77790a453e2d07e6aad33cfc1b0be728"},"description":"el libro \u00abToda la Verdad\u00bb, uno de los \u00faltimos libros sobre el proceso, escrito conjuntamente por un grupo de periodistas con un buen curr\u00edculum","breadcrumb":{"@id":"https:\/\/conversesacatalunya.cat\/es\/hacia-la-accion\/#breadcrumb"},"inLanguage":"es","potentialAction":[{"@type":"ReadAction","target":["https:\/\/conversesacatalunya.cat\/es\/hacia-la-accion\/"]}]},{"@type":"ImageObject","inLanguage":"es","@id":"https:\/\/conversesacatalunya.cat\/es\/hacia-la-accion\/#primaryimage","url":"https:\/\/conversesacatalunya.cat\/wp-content\/uploads\/2019\/12\/Portada-libro-Tota-veritat_EDIIMA20191025_0488_21.jpg","contentUrl":"https:\/\/conversesacatalunya.cat\/wp-content\/uploads\/2019\/12\/Portada-libro-Tota-veritat_EDIIMA20191025_0488_21.jpg","width":643,"height":658},{"@type":"BreadcrumbList","@id":"https:\/\/conversesacatalunya.cat\/es\/hacia-la-accion\/#breadcrumb","itemListElement":[{"@type":"ListItem","position":1,"name":"Inici","item":"https:\/\/conversesacatalunya.cat\/es\/"},{"@type":"ListItem","position":2,"name":"Hacia la acci\u00f3n"}]},{"@type":"WebSite","@id":"https:\/\/conversesacatalunya.cat\/#website","url":"https:\/\/conversesacatalunya.cat\/","name":"Converses a Catalunya","description":"","potentialAction":[{"@type":"SearchAction","target":{"@type":"EntryPoint","urlTemplate":"https:\/\/conversesacatalunya.cat\/?s={search_term_string}"},"query-input":{"@type":"PropertyValueSpecification","valueRequired":true,"valueName":"search_term_string"}}],"inLanguage":"es"},{"@type":"Person","@id":"https:\/\/conversesacatalunya.cat\/#\/schema\/person\/77790a453e2d07e6aad33cfc1b0be728","name":"Sim\u00f3 Aliana","image":{"@type":"ImageObject","inLanguage":"es","@id":"https:\/\/conversesacatalunya.cat\/#\/schema\/person\/image\/","url":"https:\/\/conversesacatalunya.cat\/wp-content\/litespeed\/avatar\/f90a4f00da41d066ca9be5e72cddec48.jpg?ver=1777384733","contentUrl":"https:\/\/conversesacatalunya.cat\/wp-content\/litespeed\/avatar\/f90a4f00da41d066ca9be5e72cddec48.jpg?ver=1777384733","caption":"Sim\u00f3 Aliana"},"url":"https:\/\/conversesacatalunya.cat\/es\/author\/simo-aliana\/"}]}},"wps_subtitle":"","_links":{"self":[{"href":"https:\/\/conversesacatalunya.cat\/es\/wp-json\/wp\/v2\/posts\/29752","targetHints":{"allow":["GET"]}}],"collection":[{"href":"https:\/\/conversesacatalunya.cat\/es\/wp-json\/wp\/v2\/posts"}],"about":[{"href":"https:\/\/conversesacatalunya.cat\/es\/wp-json\/wp\/v2\/types\/post"}],"author":[{"embeddable":true,"href":"https:\/\/conversesacatalunya.cat\/es\/wp-json\/wp\/v2\/users\/8"}],"replies":[{"embeddable":true,"href":"https:\/\/conversesacatalunya.cat\/es\/wp-json\/wp\/v2\/comments?post=29752"}],"version-history":[{"count":3,"href":"https:\/\/conversesacatalunya.cat\/es\/wp-json\/wp\/v2\/posts\/29752\/revisions"}],"predecessor-version":[{"id":29757,"href":"https:\/\/conversesacatalunya.cat\/es\/wp-json\/wp\/v2\/posts\/29752\/revisions\/29757"}],"wp:featuredmedia":[{"embeddable":true,"href":"https:\/\/conversesacatalunya.cat\/es\/wp-json\/wp\/v2\/media\/29749"}],"wp:attachment":[{"href":"https:\/\/conversesacatalunya.cat\/es\/wp-json\/wp\/v2\/media?parent=29752"}],"wp:term":[{"taxonomy":"category","embeddable":true,"href":"https:\/\/conversesacatalunya.cat\/es\/wp-json\/wp\/v2\/categories?post=29752"},{"taxonomy":"post_tag","embeddable":true,"href":"https:\/\/conversesacatalunya.cat\/es\/wp-json\/wp\/v2\/tags?post=29752"}],"curies":[{"name":"wp","href":"https:\/\/api.w.org\/{rel}","templated":true}]}}