{"id":29720,"date":"2019-12-05T13:39:40","date_gmt":"2019-12-05T12:39:40","guid":{"rendered":"https:\/\/conversesacatalunya.cat\/noves-tarifes-del-transport-metropolita-la-familia-palma-com-sempre\/"},"modified":"2019-12-05T15:03:28","modified_gmt":"2019-12-05T14:03:28","slug":"nuevas-tarifas-del-transporte-metropolitano-la-familia-palma-como-siempre","status":"publish","type":"post","link":"https:\/\/conversesacatalunya.cat\/es\/nuevas-tarifas-del-transporte-metropolitano-la-familia-palma-como-siempre\/","title":{"rendered":"Nuevas tarifas del transporte metropolitano. La familia palma\u2026 como siempre"},"content":{"rendered":"<p><span style=\"display: inline !important; float: none; background-color: #f5f5f5; border-collapse: collapse; color: #333333; font-family: 'Open Sans',Helvetica,Arial,sans-serif; font-size: 16px; font-style: normal; font-variant: normal; font-weight: 300; letter-spacing: normal; line-height: 1.7; orphans: 2; text-align: left; text-decoration: none; text-indent: 0px; text-transform: none; -webkit-text-stroke-width: 0px; white-space: normal; word-spacing: 0px;\">La Autoritat Metropolitana del Transport (<\/span>ATM)<span style=\"display: inline !important; float: none; background-color: #f5f5f5; border-collapse: collapse; color: #333333; font-family: 'Open Sans',Helvetica,Arial,sans-serif; font-size: 16px; font-style: normal; font-variant: normal; font-weight: 300; letter-spacing: normal; line-height: 1.7; orphans: 2; text-align: left; text-decoration: none; text-indent: 0px; text-transform: none; -webkit-text-stroke-width: 0px; white-space: normal; word-spacing: 0px;\">, de la cual son titulares la Generalitat, el Ayuntamiento de Barcelona y el \u00e1rea Metropolitana de Barcelona (CON), ha cambiado no solo las tarifas del transporte p\u00fablico, sino tambi\u00e9n su naturaleza.<\/span><\/p>\n<p><span style=\"display: inline !important; float: none; background-color: #f5f5f5; border-collapse: collapse; color: #333333; font-family: 'Open Sans',Helvetica,Arial,sans-serif; font-size: 16px; font-style: normal; font-variant: normal; font-weight: 300; letter-spacing: normal; line-height: 1.7; orphans: 2; text-align: left; text-decoration: none; text-indent: 0px; text-transform: none; -webkit-text-stroke-width: 0px; white-space: normal; word-spacing: 0px;\">La nueva regulaci\u00f3n para el 2020 se presenta como una sustancial reducci\u00f3n de la tarifa de la <strong>T-Mes y la T-50\/30<\/strong> al pasar a la <strong>T-Usual<\/strong>, que significar\u00e1 un beneficio para aquellas personas que de manera cotidiana utilizan el transporte p\u00fablico, y esto est\u00e1 bien. La <strong>T-10<\/strong> desaparece y es sustituida por la <strong>T-Casual<\/strong>. Ambas tienen derecho al mismo n\u00famero de viajes, 10, pero recibe un incremento importante de 1,15 euros. Tambi\u00e9n se crea la <strong>T-Grup<\/strong> para 70 viajes en 30 d\u00edas y que est\u00e1 pensada para una utilizaci\u00f3n ocasional por parte de grupos. Su coste ser\u00e1 de 79,45 euros. La<strong> T-Jove<\/strong> se reduce sensiblemente y en la Zona 1 costar\u00e1 80 euros, en lugar de los 105 actuales. Para las 6 zonas la reducci\u00f3n todav\u00eda se har\u00e1 sentir m\u00e1s, puesto que pasar\u00e1 de 300 euros a 222,25. En contrapartida, el <strong>billete sencillo<\/strong> se encarece y pasa de 2,20 euros a 2,40.<\/span><\/p>\n<p><span style=\"display: inline !important; float: none; background-color: #f5f5f5; border-collapse: collapse; color: #333333; font-family: 'Open Sans',Helvetica,Arial,sans-serif; font-size: 16px; font-style: normal; font-variant: normal; font-weight: 300; letter-spacing: normal; line-height: 1.7; orphans: 2; text-align: left; text-decoration: none; text-indent: 0px; text-transform: none; -webkit-text-stroke-width: 0px; white-space: normal; word-spacing: 0px;\">Hasta aqu\u00ed, y con la descripci\u00f3n hecha, nada a criticar, porque se favorece a las personas que hacen un mayor uso del transporte p\u00fablico y los j\u00f3venes.<\/span><\/p>\n<p><span style=\"display: inline !important; float: none; background-color: #f5f5f5; border-collapse: collapse; color: #333333; font-family: 'Open Sans',Helvetica,Arial,sans-serif; font-size: 16px; font-style: normal; font-variant: normal; font-weight: 300; letter-spacing: normal; line-height: 1.7; orphans: 2; text-align: left; text-decoration: none; text-indent: 0px; text-transform: none; -webkit-text-stroke-width: 0px; white-space: normal; word-spacing: 0px;\">Aun as\u00ed, s\u00ed que hay una observaci\u00f3n sobre la extinta T-10. Parece como si la visi\u00f3n de la <\/span>ATM<span style=\"display: inline !important; float: none; background-color: #f5f5f5; border-collapse: collapse; color: #333333; font-family: 'Open Sans',Helvetica,Arial,sans-serif; font-size: 16px; font-style: normal; font-variant: normal; font-weight: 300; letter-spacing: normal; line-height: 1.7; orphans: 2; text-align: left; text-decoration: none; text-indent: 0px; text-transform: none; -webkit-text-stroke-width: 0px; white-space: normal; word-spacing: 0px;\"> fuera que esta tarjeta es un tipo de complemento que utiliza la gente que usa habitualmente su coche. Y esto es un error, porque el principal usuario es aquel que<strong> se desplaza a pie<\/strong> y que, en determinadas ocasiones, por raz\u00f3n de tiempo o porque la distancia es excesiva o por inclemencia meteorol\u00f3gica, lleva la tarjeta de reserva y utiliza entonces el transporte p\u00fablico.<\/span><\/p>\n<p><span style=\"display: inline !important; float: none; background-color: #f5f5f5; border-collapse: collapse; color: #333333; font-family: 'Open Sans',Helvetica,Arial,sans-serif; font-size: 16px; font-style: normal; font-variant: normal; font-weight: 300; letter-spacing: normal; line-height: 1.7; orphans: 2; text-align: left; text-decoration: none; text-indent: 0px; text-transform: none; -webkit-text-stroke-width: 0px; white-space: normal; word-spacing: 0px;\">Por lo tanto, lo que est\u00e1 haciendo la autoridad metropolitana -digamos las cosas por su nombre, el consejero Calvet y la alcaldesa Colau- es <strong>penalizar el desplazamiento a pie<\/strong>, porque o bien le saldr\u00e1 m\u00e1s caro o bien disuadir\u00e1 a la persona de andar para se refugie en la T-Usual, que solo es rentable con un uso diario del metro o autob\u00fas. Es un flaco servicio a la habitabilidad de la ciudad y a la salud de sus habitantes. En lugar de estimular a andar, lo desincentivan.<\/span><\/p>\n<p><span style=\"display: inline !important; float: none; background-color: #f5f5f5; border-collapse: collapse; color: #333333; font-family: 'Open Sans',Helvetica,Arial,sans-serif; font-size: 16px; font-style: normal; font-variant: normal; font-weight: 300; letter-spacing: normal; line-height: 1.7; orphans: 2; text-align: left; text-decoration: none; text-indent: 0px; text-transform: none; -webkit-text-stroke-width: 0px; white-space: normal; word-spacing: 0px;\">M\u00e1s grave es todav\u00eda el hecho que <strong>afecta de lleno a las familias<\/strong>, que todas las nuevas tarjetas, excepto como es l\u00f3gico la T-Grup, que est\u00e1 pensada para un uso muy espec\u00edfico, son de<strong> uso uninominal<\/strong>, DNI del usuario incluido. Por lo tanto, se habr\u00e1 acabado aquello de que la madre acompa\u00f1a al hijo a la escuela y con una misma tarjeta consume dos viajes, o que en una familia a uno se le ha agotado el n\u00famero de viajes y el hermano o la madre le deja la suya para aquella urgencia. En definitiva, <strong>se habr\u00e1 hecho m\u00e1s dif\u00edcil la vida de las familias en relaci\u00f3n con el transporte p\u00fablico.<\/strong><\/span><\/p>\n<p><span style=\"display: inline !important; float: none; background-color: #f5f5f5; border-collapse: collapse; color: #333333; font-family: 'Open Sans',Helvetica,Arial,sans-serif; font-size: 16px; font-style: normal; font-variant: normal; font-weight: 300; letter-spacing: normal; line-height: 1.7; orphans: 2; text-align: left; text-decoration: none; text-indent: 0px; text-transform: none; -webkit-text-stroke-width: 0px; white-space: normal; word-spacing: 0px;\">La pregunta es: \u00bfpor qu\u00e9? La respuesta es doble: porque <strong>nuestros gobernantes nunca piensan en t\u00e9rminos de familia cuando definen sus pol\u00edticas<\/strong>, y que no se nos diga que las monoparentales y las numerosas tienen un trato m\u00e1s favorable. \u00a1Solo faltar\u00eda! Y, adem\u00e1s, son la excepci\u00f3n a la regla familiar. La otra raz\u00f3n es sencillamente recaudatoria. De este modo compensan la rebaja a la T-Casual forzando que se multipliquen el n\u00famero de tarjetas que se expiden<\/span><\/p>\n<p><span style=\"display: inline !important; float: none; background-color: #f5f5f5; border-collapse: collapse; color: #333333; font-family: 'Open Sans',Helvetica,Arial,sans-serif; font-size: 16px; font-style: normal; font-variant: normal; font-weight: 300; letter-spacing: normal; line-height: 1.7; orphans: 2; text-align: left; text-decoration: none; text-indent: 0px; text-transform: none; -webkit-text-stroke-width: 0px; white-space: normal; word-spacing: 0px;\">Una vez m\u00e1s, el gobierno municipal de <\/span>Ada<span style=\"display: inline !important; float: none; background-color: #f5f5f5; border-collapse: collapse; color: #333333; font-family: 'Open Sans',Helvetica,Arial,sans-serif; font-size: 16px; font-style: normal; font-variant: normal; font-weight: 300; letter-spacing: normal; line-height: 1.7; orphans: 2; text-align: left; text-decoration: none; text-indent: 0px; text-transform: none; -webkit-text-stroke-width: 0px; white-space: normal; word-spacing: 0px;\"> Colau y el gobierno de Catalu\u00f1a nos crean problemas a la hora de quererlos resolver. No pinta bien.<\/span><\/p>\n","protected":false},"excerpt":{"rendered":"<p>La Autoritat Metropolitana del Transport (ATM), de la cual son titulares la Generalitat, el Ayuntamiento de Barcelona y el \u00e1rea Metropolitana de Barcelona (CON), ha cambiado no solo las tarifas del transporte p\u00fablico, sino tambi\u00e9n su naturaleza. La nueva regulaci\u00f3n para el 2020 se presenta como una sustancial reducci\u00f3n de la tarifa de la T-Mes y la T-50\/30 al pasar a la T-Usual, que significar\u00e1 un beneficio para aquellas personas que de manera cotidiana utilizan el transporte p\u00fablico, y esto est\u00e1 bien. La T-10 desaparece y es sustituida por la T-Casual. Ambas tienen derecho al mismo n\u00famero de viajes, 10, pero recibe un incremento importante de 1,15 euros. Tambi\u00e9n se crea la T-Grup para 70 viajes en 30 d\u00edas y que est\u00e1 pensada para una utilizaci\u00f3n ocasional por parte de grupos. Su coste ser\u00e1 de 79,45 euros. La T-Jove se reduce sensiblemente y en la Zona 1 costar\u00e1 80 euros, en lugar de los 105 actuales. Para las 6 zonas la reducci\u00f3n todav\u00eda se har\u00e1 sentir m\u00e1s, puesto que pasar\u00e1 de 300 euros a 222,25. En contrapartida, el billete sencillo se encarece y pasa de 2,20 euros a 2,40. Hasta aqu\u00ed, y con la descripci\u00f3n hecha, nada a criticar, porque se favorece a las personas que hacen un mayor uso del transporte p\u00fablico y los j\u00f3venes. Aun as\u00ed, s\u00ed que hay una observaci\u00f3n sobre la extinta T-10. Parece como si la visi\u00f3n de la ATM fuera que esta tarjeta es un tipo de complemento que utiliza la gente que usa habitualmente su coche. Y esto es un error, porque el principal usuario es aquel que se desplaza a pie y que, en determinadas ocasiones, por raz\u00f3n de tiempo o porque la distancia es excesiva o por inclemencia meteorol\u00f3gica, lleva la tarjeta de reserva y utiliza entonces el transporte p\u00fablico. Por lo tanto, lo que est\u00e1 haciendo la autoridad metropolitana -digamos las cosas por su nombre, el consejero Calvet y la alcaldesa Colau- es penalizar el desplazamiento a pie, porque o bien le saldr\u00e1 m\u00e1s caro o bien disuadir\u00e1 a la persona de andar para se refugie en la T-Usual, que solo es rentable con un uso diario del metro o autob\u00fas. Es un flaco servicio a la habitabilidad de la ciudad y a la salud de sus habitantes. En lugar de estimular a andar, lo desincentivan. M\u00e1s grave es todav\u00eda el hecho que afecta de lleno a las familias, que todas las nuevas tarjetas, excepto como es l\u00f3gico la T-Grup, que est\u00e1 pensada para un uso muy espec\u00edfico, son de uso uninominal, DNI del usuario incluido. Por lo tanto, se habr\u00e1 acabado aquello de que la madre acompa\u00f1a al hijo a la escuela y con una misma tarjeta consume dos viajes, o que en una familia a uno se le ha agotado el n\u00famero de viajes y el hermano o la madre le deja la suya para aquella urgencia. En definitiva, se habr\u00e1 hecho m\u00e1s dif\u00edcil la vida de las familias en relaci\u00f3n con el transporte p\u00fablico. La pregunta es: \u00bfpor qu\u00e9? La respuesta es doble: porque nuestros gobernantes nunca piensan en t\u00e9rminos de familia cuando definen sus pol\u00edticas, y que no se nos diga que las monoparentales y las numerosas tienen un trato m\u00e1s favorable. \u00a1Solo faltar\u00eda! Y, adem\u00e1s, son la excepci\u00f3n a la regla familiar. La otra raz\u00f3n es sencillamente recaudatoria. De este modo compensan la rebaja a la T-Casual forzando que se multipliquen el n\u00famero de tarjetas que se expiden Una vez m\u00e1s, el gobierno municipal de Ada Colau y el gobierno de Catalu\u00f1a nos crean problemas a la hora de quererlos resolver. No pinta bien.<\/p>\n","protected":false},"author":2,"featured_media":29706,"comment_status":"open","ping_status":"open","sticky":false,"template":"","format":"standard","meta":{"_FSMCFIC_featured_image_caption":"","_FSMCFIC_featured_image_nocaption":"","_FSMCFIC_featured_image_hide":"","footnotes":""},"categories":[3787,806],"tags":[948],"class_list":["post-29720","post","type-post","status-publish","format-standard","has-post-thumbnail","hentry","category-expedient-barcelona-es","category-punts-claus-del-dia-es","tag-ajuntament-de-barcelona-es"],"yoast_head":"<!-- This site is optimized with the Yoast SEO plugin v26.8 - https:\/\/yoast.com\/product\/yoast-seo-wordpress\/ -->\n<title>Nuevas tarifas del transporte metropolitano. La familia palma\u2026 como siempre - Converses a Catalunya<\/title>\n<meta name=\"robots\" content=\"index, follow, max-snippet:-1, max-image-preview:large, max-video-preview:-1\" \/>\n<link rel=\"canonical\" href=\"https:\/\/conversesacatalunya.cat\/es\/nuevas-tarifas-del-transporte-metropolitano-la-familia-palma-como-siempre\/\" \/>\n<meta property=\"og:locale\" content=\"es_ES\" \/>\n<meta property=\"og:type\" content=\"article\" \/>\n<meta property=\"og:title\" content=\"Nuevas tarifas del transporte metropolitano. La familia palma\u2026 como siempre - Converses a Catalunya\" \/>\n<meta property=\"og:description\" content=\"La Autoritat Metropolitana del Transport (ATM), de la cual son titulares la Generalitat, el Ayuntamiento de Barcelona y el \u00e1rea Metropolitana de Barcelona (CON), ha cambiado no solo las tarifas del transporte p\u00fablico, sino tambi\u00e9n su naturaleza. La nueva regulaci\u00f3n para el 2020 se presenta como una sustancial reducci\u00f3n de la tarifa de la T-Mes y la T-50\/30 al pasar a la T-Usual, que significar\u00e1 un beneficio para aquellas personas que de manera cotidiana utilizan el transporte p\u00fablico, y esto est\u00e1 bien. La T-10 desaparece y es sustituida por la T-Casual. Ambas tienen derecho al mismo n\u00famero de viajes, 10, pero recibe un incremento importante de 1,15 euros. Tambi\u00e9n se crea la T-Grup para 70 viajes en 30 d\u00edas y que est\u00e1 pensada para una utilizaci\u00f3n ocasional por parte de grupos. Su coste ser\u00e1 de 79,45 euros. La T-Jove se reduce sensiblemente y en la Zona 1 costar\u00e1 80 euros, en lugar de los 105 actuales. Para las 6 zonas la reducci\u00f3n todav\u00eda se har\u00e1 sentir m\u00e1s, puesto que pasar\u00e1 de 300 euros a 222,25. En contrapartida, el billete sencillo se encarece y pasa de 2,20 euros a 2,40. Hasta aqu\u00ed, y con la descripci\u00f3n hecha, nada a criticar, porque se favorece a las personas que hacen un mayor uso del transporte p\u00fablico y los j\u00f3venes. Aun as\u00ed, s\u00ed que hay una observaci\u00f3n sobre la extinta T-10. Parece como si la visi\u00f3n de la ATM fuera que esta tarjeta es un tipo de complemento que utiliza la gente que usa habitualmente su coche. Y esto es un error, porque el principal usuario es aquel que se desplaza a pie y que, en determinadas ocasiones, por raz\u00f3n de tiempo o porque la distancia es excesiva o por inclemencia meteorol\u00f3gica, lleva la tarjeta de reserva y utiliza entonces el transporte p\u00fablico. Por lo tanto, lo que est\u00e1 haciendo la autoridad metropolitana -digamos las cosas por su nombre, el consejero Calvet y la alcaldesa Colau- es penalizar el desplazamiento a pie, porque o bien le saldr\u00e1 m\u00e1s caro o bien disuadir\u00e1 a la persona de andar para se refugie en la T-Usual, que solo es rentable con un uso diario del metro o autob\u00fas. Es un flaco servicio a la habitabilidad de la ciudad y a la salud de sus habitantes. En lugar de estimular a andar, lo desincentivan. M\u00e1s grave es todav\u00eda el hecho que afecta de lleno a las familias, que todas las nuevas tarjetas, excepto como es l\u00f3gico la T-Grup, que est\u00e1 pensada para un uso muy espec\u00edfico, son de uso uninominal, DNI del usuario incluido. Por lo tanto, se habr\u00e1 acabado aquello de que la madre acompa\u00f1a al hijo a la escuela y con una misma tarjeta consume dos viajes, o que en una familia a uno se le ha agotado el n\u00famero de viajes y el hermano o la madre le deja la suya para aquella urgencia. En definitiva, se habr\u00e1 hecho m\u00e1s dif\u00edcil la vida de las familias en relaci\u00f3n con el transporte p\u00fablico. La pregunta es: \u00bfpor qu\u00e9? La respuesta es doble: porque nuestros gobernantes nunca piensan en t\u00e9rminos de familia cuando definen sus pol\u00edticas, y que no se nos diga que las monoparentales y las numerosas tienen un trato m\u00e1s favorable. \u00a1Solo faltar\u00eda! Y, adem\u00e1s, son la excepci\u00f3n a la regla familiar. La otra raz\u00f3n es sencillamente recaudatoria. De este modo compensan la rebaja a la T-Casual forzando que se multipliquen el n\u00famero de tarjetas que se expiden Una vez m\u00e1s, el gobierno municipal de Ada Colau y el gobierno de Catalu\u00f1a nos crean problemas a la hora de quererlos resolver. No pinta bien.\" \/>\n<meta property=\"og:url\" content=\"https:\/\/conversesacatalunya.cat\/es\/nuevas-tarifas-del-transporte-metropolitano-la-familia-palma-como-siempre\/\" \/>\n<meta property=\"og:site_name\" content=\"Converses a Catalunya\" \/>\n<meta property=\"article:published_time\" content=\"2019-12-05T12:39:40+00:00\" \/>\n<meta property=\"article:modified_time\" content=\"2019-12-05T14:03:28+00:00\" \/>\n<meta property=\"og:image\" content=\"https:\/\/conversesacatalunya.cat\/wp-content\/uploads\/2019\/12\/T-10-1.jpg\" \/>\n\t<meta property=\"og:image:width\" content=\"573\" \/>\n\t<meta property=\"og:image:height\" content=\"370\" \/>\n\t<meta property=\"og:image:type\" content=\"image\/jpeg\" \/>\n<meta name=\"author\" content=\"conversesacatalunya\" \/>\n<meta name=\"twitter:card\" content=\"summary_large_image\" \/>\n<meta name=\"twitter:label1\" content=\"Escrito por\" \/>\n\t<meta name=\"twitter:data1\" content=\"conversesacatalunya\" \/>\n\t<meta name=\"twitter:label2\" content=\"Tiempo de lectura\" \/>\n\t<meta name=\"twitter:data2\" content=\"3 minutos\" \/>\n<script type=\"application\/ld+json\" class=\"yoast-schema-graph\">{\"@context\":\"https:\/\/schema.org\",\"@graph\":[{\"@type\":\"Article\",\"@id\":\"https:\/\/conversesacatalunya.cat\/es\/nuevas-tarifas-del-transporte-metropolitano-la-familia-palma-como-siempre\/#article\",\"isPartOf\":{\"@id\":\"https:\/\/conversesacatalunya.cat\/es\/nuevas-tarifas-del-transporte-metropolitano-la-familia-palma-como-siempre\/\"},\"author\":{\"name\":\"conversesacatalunya\",\"@id\":\"https:\/\/conversesacatalunya.cat\/#\/schema\/person\/7e24d1e54a2785373ddcb275eae5ed99\"},\"headline\":\"Nuevas tarifas del transporte metropolitano. La familia palma\u2026 como siempre\",\"datePublished\":\"2019-12-05T12:39:40+00:00\",\"dateModified\":\"2019-12-05T14:03:28+00:00\",\"mainEntityOfPage\":{\"@id\":\"https:\/\/conversesacatalunya.cat\/es\/nuevas-tarifas-del-transporte-metropolitano-la-familia-palma-como-siempre\/\"},\"wordCount\":637,\"commentCount\":0,\"image\":{\"@id\":\"https:\/\/conversesacatalunya.cat\/es\/nuevas-tarifas-del-transporte-metropolitano-la-familia-palma-como-siempre\/#primaryimage\"},\"thumbnailUrl\":\"https:\/\/conversesacatalunya.cat\/wp-content\/uploads\/2019\/12\/T-10-1.jpg\",\"keywords\":[\"Ajuntament de Barcelona\"],\"articleSection\":[\"Expedient Barcelona (ES)\",\"Punts clau del dia (ES)\"],\"inLanguage\":\"es\",\"potentialAction\":[{\"@type\":\"CommentAction\",\"name\":\"Comment\",\"target\":[\"https:\/\/conversesacatalunya.cat\/es\/nuevas-tarifas-del-transporte-metropolitano-la-familia-palma-como-siempre\/#respond\"]}]},{\"@type\":\"WebPage\",\"@id\":\"https:\/\/conversesacatalunya.cat\/es\/nuevas-tarifas-del-transporte-metropolitano-la-familia-palma-como-siempre\/\",\"url\":\"https:\/\/conversesacatalunya.cat\/es\/nuevas-tarifas-del-transporte-metropolitano-la-familia-palma-como-siempre\/\",\"name\":\"Nuevas tarifas del transporte metropolitano. La familia palma\u2026 como siempre - Converses a Catalunya\",\"isPartOf\":{\"@id\":\"https:\/\/conversesacatalunya.cat\/#website\"},\"primaryImageOfPage\":{\"@id\":\"https:\/\/conversesacatalunya.cat\/es\/nuevas-tarifas-del-transporte-metropolitano-la-familia-palma-como-siempre\/#primaryimage\"},\"image\":{\"@id\":\"https:\/\/conversesacatalunya.cat\/es\/nuevas-tarifas-del-transporte-metropolitano-la-familia-palma-como-siempre\/#primaryimage\"},\"thumbnailUrl\":\"https:\/\/conversesacatalunya.cat\/wp-content\/uploads\/2019\/12\/T-10-1.jpg\",\"datePublished\":\"2019-12-05T12:39:40+00:00\",\"dateModified\":\"2019-12-05T14:03:28+00:00\",\"author\":{\"@id\":\"https:\/\/conversesacatalunya.cat\/#\/schema\/person\/7e24d1e54a2785373ddcb275eae5ed99\"},\"breadcrumb\":{\"@id\":\"https:\/\/conversesacatalunya.cat\/es\/nuevas-tarifas-del-transporte-metropolitano-la-familia-palma-como-siempre\/#breadcrumb\"},\"inLanguage\":\"es\",\"potentialAction\":[{\"@type\":\"ReadAction\",\"target\":[\"https:\/\/conversesacatalunya.cat\/es\/nuevas-tarifas-del-transporte-metropolitano-la-familia-palma-como-siempre\/\"]}]},{\"@type\":\"ImageObject\",\"inLanguage\":\"es\",\"@id\":\"https:\/\/conversesacatalunya.cat\/es\/nuevas-tarifas-del-transporte-metropolitano-la-familia-palma-como-siempre\/#primaryimage\",\"url\":\"https:\/\/conversesacatalunya.cat\/wp-content\/uploads\/2019\/12\/T-10-1.jpg\",\"contentUrl\":\"https:\/\/conversesacatalunya.cat\/wp-content\/uploads\/2019\/12\/T-10-1.jpg\",\"width\":573,\"height\":370,\"caption\":\"transport metropolit\u00e0\"},{\"@type\":\"BreadcrumbList\",\"@id\":\"https:\/\/conversesacatalunya.cat\/es\/nuevas-tarifas-del-transporte-metropolitano-la-familia-palma-como-siempre\/#breadcrumb\",\"itemListElement\":[{\"@type\":\"ListItem\",\"position\":1,\"name\":\"Inici\",\"item\":\"https:\/\/conversesacatalunya.cat\/es\/\"},{\"@type\":\"ListItem\",\"position\":2,\"name\":\"Nuevas tarifas del transporte metropolitano. La familia palma\u2026 como siempre\"}]},{\"@type\":\"WebSite\",\"@id\":\"https:\/\/conversesacatalunya.cat\/#website\",\"url\":\"https:\/\/conversesacatalunya.cat\/\",\"name\":\"Converses a Catalunya\",\"description\":\"\",\"potentialAction\":[{\"@type\":\"SearchAction\",\"target\":{\"@type\":\"EntryPoint\",\"urlTemplate\":\"https:\/\/conversesacatalunya.cat\/?s={search_term_string}\"},\"query-input\":{\"@type\":\"PropertyValueSpecification\",\"valueRequired\":true,\"valueName\":\"search_term_string\"}}],\"inLanguage\":\"es\"},{\"@type\":\"Person\",\"@id\":\"https:\/\/conversesacatalunya.cat\/#\/schema\/person\/7e24d1e54a2785373ddcb275eae5ed99\",\"name\":\"conversesacatalunya\",\"image\":{\"@type\":\"ImageObject\",\"inLanguage\":\"es\",\"@id\":\"https:\/\/conversesacatalunya.cat\/#\/schema\/person\/image\/\",\"url\":\"https:\/\/conversesacatalunya.cat\/wp-content\/litespeed\/avatar\/febdfeeec89d950f01c748045a981dd2.jpg?ver=1777314535\",\"contentUrl\":\"https:\/\/conversesacatalunya.cat\/wp-content\/litespeed\/avatar\/febdfeeec89d950f01c748045a981dd2.jpg?ver=1777314535\",\"caption\":\"conversesacatalunya\"},\"url\":\"https:\/\/conversesacatalunya.cat\/es\/author\/carme_catala\/\"}]}<\/script>\n<!-- \/ Yoast SEO plugin. -->","yoast_head_json":{"title":"Nuevas tarifas del transporte metropolitano. La familia palma\u2026 como siempre - Converses a Catalunya","robots":{"index":"index","follow":"follow","max-snippet":"max-snippet:-1","max-image-preview":"max-image-preview:large","max-video-preview":"max-video-preview:-1"},"canonical":"https:\/\/conversesacatalunya.cat\/es\/nuevas-tarifas-del-transporte-metropolitano-la-familia-palma-como-siempre\/","og_locale":"es_ES","og_type":"article","og_title":"Nuevas tarifas del transporte metropolitano. La familia palma\u2026 como siempre - Converses a Catalunya","og_description":"La Autoritat Metropolitana del Transport (ATM), de la cual son titulares la Generalitat, el Ayuntamiento de Barcelona y el \u00e1rea Metropolitana de Barcelona (CON), ha cambiado no solo las tarifas del transporte p\u00fablico, sino tambi\u00e9n su naturaleza. La nueva regulaci\u00f3n para el 2020 se presenta como una sustancial reducci\u00f3n de la tarifa de la T-Mes y la T-50\/30 al pasar a la T-Usual, que significar\u00e1 un beneficio para aquellas personas que de manera cotidiana utilizan el transporte p\u00fablico, y esto est\u00e1 bien. La T-10 desaparece y es sustituida por la T-Casual. Ambas tienen derecho al mismo n\u00famero de viajes, 10, pero recibe un incremento importante de 1,15 euros. Tambi\u00e9n se crea la T-Grup para 70 viajes en 30 d\u00edas y que est\u00e1 pensada para una utilizaci\u00f3n ocasional por parte de grupos. Su coste ser\u00e1 de 79,45 euros. La T-Jove se reduce sensiblemente y en la Zona 1 costar\u00e1 80 euros, en lugar de los 105 actuales. Para las 6 zonas la reducci\u00f3n todav\u00eda se har\u00e1 sentir m\u00e1s, puesto que pasar\u00e1 de 300 euros a 222,25. En contrapartida, el billete sencillo se encarece y pasa de 2,20 euros a 2,40. Hasta aqu\u00ed, y con la descripci\u00f3n hecha, nada a criticar, porque se favorece a las personas que hacen un mayor uso del transporte p\u00fablico y los j\u00f3venes. Aun as\u00ed, s\u00ed que hay una observaci\u00f3n sobre la extinta T-10. Parece como si la visi\u00f3n de la ATM fuera que esta tarjeta es un tipo de complemento que utiliza la gente que usa habitualmente su coche. Y esto es un error, porque el principal usuario es aquel que se desplaza a pie y que, en determinadas ocasiones, por raz\u00f3n de tiempo o porque la distancia es excesiva o por inclemencia meteorol\u00f3gica, lleva la tarjeta de reserva y utiliza entonces el transporte p\u00fablico. Por lo tanto, lo que est\u00e1 haciendo la autoridad metropolitana -digamos las cosas por su nombre, el consejero Calvet y la alcaldesa Colau- es penalizar el desplazamiento a pie, porque o bien le saldr\u00e1 m\u00e1s caro o bien disuadir\u00e1 a la persona de andar para se refugie en la T-Usual, que solo es rentable con un uso diario del metro o autob\u00fas. Es un flaco servicio a la habitabilidad de la ciudad y a la salud de sus habitantes. En lugar de estimular a andar, lo desincentivan. M\u00e1s grave es todav\u00eda el hecho que afecta de lleno a las familias, que todas las nuevas tarjetas, excepto como es l\u00f3gico la T-Grup, que est\u00e1 pensada para un uso muy espec\u00edfico, son de uso uninominal, DNI del usuario incluido. Por lo tanto, se habr\u00e1 acabado aquello de que la madre acompa\u00f1a al hijo a la escuela y con una misma tarjeta consume dos viajes, o que en una familia a uno se le ha agotado el n\u00famero de viajes y el hermano o la madre le deja la suya para aquella urgencia. En definitiva, se habr\u00e1 hecho m\u00e1s dif\u00edcil la vida de las familias en relaci\u00f3n con el transporte p\u00fablico. La pregunta es: \u00bfpor qu\u00e9? La respuesta es doble: porque nuestros gobernantes nunca piensan en t\u00e9rminos de familia cuando definen sus pol\u00edticas, y que no se nos diga que las monoparentales y las numerosas tienen un trato m\u00e1s favorable. \u00a1Solo faltar\u00eda! Y, adem\u00e1s, son la excepci\u00f3n a la regla familiar. La otra raz\u00f3n es sencillamente recaudatoria. De este modo compensan la rebaja a la T-Casual forzando que se multipliquen el n\u00famero de tarjetas que se expiden Una vez m\u00e1s, el gobierno municipal de Ada Colau y el gobierno de Catalu\u00f1a nos crean problemas a la hora de quererlos resolver. No pinta bien.","og_url":"https:\/\/conversesacatalunya.cat\/es\/nuevas-tarifas-del-transporte-metropolitano-la-familia-palma-como-siempre\/","og_site_name":"Converses a Catalunya","article_published_time":"2019-12-05T12:39:40+00:00","article_modified_time":"2019-12-05T14:03:28+00:00","og_image":[{"width":573,"height":370,"url":"https:\/\/conversesacatalunya.cat\/wp-content\/uploads\/2019\/12\/T-10-1.jpg","type":"image\/jpeg"}],"author":"conversesacatalunya","twitter_card":"summary_large_image","twitter_misc":{"Escrito por":"conversesacatalunya","Tiempo de lectura":"3 minutos"},"schema":{"@context":"https:\/\/schema.org","@graph":[{"@type":"Article","@id":"https:\/\/conversesacatalunya.cat\/es\/nuevas-tarifas-del-transporte-metropolitano-la-familia-palma-como-siempre\/#article","isPartOf":{"@id":"https:\/\/conversesacatalunya.cat\/es\/nuevas-tarifas-del-transporte-metropolitano-la-familia-palma-como-siempre\/"},"author":{"name":"conversesacatalunya","@id":"https:\/\/conversesacatalunya.cat\/#\/schema\/person\/7e24d1e54a2785373ddcb275eae5ed99"},"headline":"Nuevas tarifas del transporte metropolitano. La familia palma\u2026 como siempre","datePublished":"2019-12-05T12:39:40+00:00","dateModified":"2019-12-05T14:03:28+00:00","mainEntityOfPage":{"@id":"https:\/\/conversesacatalunya.cat\/es\/nuevas-tarifas-del-transporte-metropolitano-la-familia-palma-como-siempre\/"},"wordCount":637,"commentCount":0,"image":{"@id":"https:\/\/conversesacatalunya.cat\/es\/nuevas-tarifas-del-transporte-metropolitano-la-familia-palma-como-siempre\/#primaryimage"},"thumbnailUrl":"https:\/\/conversesacatalunya.cat\/wp-content\/uploads\/2019\/12\/T-10-1.jpg","keywords":["Ajuntament de Barcelona"],"articleSection":["Expedient Barcelona (ES)","Punts clau del dia (ES)"],"inLanguage":"es","potentialAction":[{"@type":"CommentAction","name":"Comment","target":["https:\/\/conversesacatalunya.cat\/es\/nuevas-tarifas-del-transporte-metropolitano-la-familia-palma-como-siempre\/#respond"]}]},{"@type":"WebPage","@id":"https:\/\/conversesacatalunya.cat\/es\/nuevas-tarifas-del-transporte-metropolitano-la-familia-palma-como-siempre\/","url":"https:\/\/conversesacatalunya.cat\/es\/nuevas-tarifas-del-transporte-metropolitano-la-familia-palma-como-siempre\/","name":"Nuevas tarifas del transporte metropolitano. La familia palma\u2026 como siempre - Converses a Catalunya","isPartOf":{"@id":"https:\/\/conversesacatalunya.cat\/#website"},"primaryImageOfPage":{"@id":"https:\/\/conversesacatalunya.cat\/es\/nuevas-tarifas-del-transporte-metropolitano-la-familia-palma-como-siempre\/#primaryimage"},"image":{"@id":"https:\/\/conversesacatalunya.cat\/es\/nuevas-tarifas-del-transporte-metropolitano-la-familia-palma-como-siempre\/#primaryimage"},"thumbnailUrl":"https:\/\/conversesacatalunya.cat\/wp-content\/uploads\/2019\/12\/T-10-1.jpg","datePublished":"2019-12-05T12:39:40+00:00","dateModified":"2019-12-05T14:03:28+00:00","author":{"@id":"https:\/\/conversesacatalunya.cat\/#\/schema\/person\/7e24d1e54a2785373ddcb275eae5ed99"},"breadcrumb":{"@id":"https:\/\/conversesacatalunya.cat\/es\/nuevas-tarifas-del-transporte-metropolitano-la-familia-palma-como-siempre\/#breadcrumb"},"inLanguage":"es","potentialAction":[{"@type":"ReadAction","target":["https:\/\/conversesacatalunya.cat\/es\/nuevas-tarifas-del-transporte-metropolitano-la-familia-palma-como-siempre\/"]}]},{"@type":"ImageObject","inLanguage":"es","@id":"https:\/\/conversesacatalunya.cat\/es\/nuevas-tarifas-del-transporte-metropolitano-la-familia-palma-como-siempre\/#primaryimage","url":"https:\/\/conversesacatalunya.cat\/wp-content\/uploads\/2019\/12\/T-10-1.jpg","contentUrl":"https:\/\/conversesacatalunya.cat\/wp-content\/uploads\/2019\/12\/T-10-1.jpg","width":573,"height":370,"caption":"transport metropolit\u00e0"},{"@type":"BreadcrumbList","@id":"https:\/\/conversesacatalunya.cat\/es\/nuevas-tarifas-del-transporte-metropolitano-la-familia-palma-como-siempre\/#breadcrumb","itemListElement":[{"@type":"ListItem","position":1,"name":"Inici","item":"https:\/\/conversesacatalunya.cat\/es\/"},{"@type":"ListItem","position":2,"name":"Nuevas tarifas del transporte metropolitano. La familia palma\u2026 como siempre"}]},{"@type":"WebSite","@id":"https:\/\/conversesacatalunya.cat\/#website","url":"https:\/\/conversesacatalunya.cat\/","name":"Converses a Catalunya","description":"","potentialAction":[{"@type":"SearchAction","target":{"@type":"EntryPoint","urlTemplate":"https:\/\/conversesacatalunya.cat\/?s={search_term_string}"},"query-input":{"@type":"PropertyValueSpecification","valueRequired":true,"valueName":"search_term_string"}}],"inLanguage":"es"},{"@type":"Person","@id":"https:\/\/conversesacatalunya.cat\/#\/schema\/person\/7e24d1e54a2785373ddcb275eae5ed99","name":"conversesacatalunya","image":{"@type":"ImageObject","inLanguage":"es","@id":"https:\/\/conversesacatalunya.cat\/#\/schema\/person\/image\/","url":"https:\/\/conversesacatalunya.cat\/wp-content\/litespeed\/avatar\/febdfeeec89d950f01c748045a981dd2.jpg?ver=1777314535","contentUrl":"https:\/\/conversesacatalunya.cat\/wp-content\/litespeed\/avatar\/febdfeeec89d950f01c748045a981dd2.jpg?ver=1777314535","caption":"conversesacatalunya"},"url":"https:\/\/conversesacatalunya.cat\/es\/author\/carme_catala\/"}]}},"wps_subtitle":"","_links":{"self":[{"href":"https:\/\/conversesacatalunya.cat\/es\/wp-json\/wp\/v2\/posts\/29720","targetHints":{"allow":["GET"]}}],"collection":[{"href":"https:\/\/conversesacatalunya.cat\/es\/wp-json\/wp\/v2\/posts"}],"about":[{"href":"https:\/\/conversesacatalunya.cat\/es\/wp-json\/wp\/v2\/types\/post"}],"author":[{"embeddable":true,"href":"https:\/\/conversesacatalunya.cat\/es\/wp-json\/wp\/v2\/users\/2"}],"replies":[{"embeddable":true,"href":"https:\/\/conversesacatalunya.cat\/es\/wp-json\/wp\/v2\/comments?post=29720"}],"version-history":[{"count":2,"href":"https:\/\/conversesacatalunya.cat\/es\/wp-json\/wp\/v2\/posts\/29720\/revisions"}],"predecessor-version":[{"id":29724,"href":"https:\/\/conversesacatalunya.cat\/es\/wp-json\/wp\/v2\/posts\/29720\/revisions\/29724"}],"wp:featuredmedia":[{"embeddable":true,"href":"https:\/\/conversesacatalunya.cat\/es\/wp-json\/wp\/v2\/media\/29706"}],"wp:attachment":[{"href":"https:\/\/conversesacatalunya.cat\/es\/wp-json\/wp\/v2\/media?parent=29720"}],"wp:term":[{"taxonomy":"category","embeddable":true,"href":"https:\/\/conversesacatalunya.cat\/es\/wp-json\/wp\/v2\/categories?post=29720"},{"taxonomy":"post_tag","embeddable":true,"href":"https:\/\/conversesacatalunya.cat\/es\/wp-json\/wp\/v2\/tags?post=29720"}],"curies":[{"name":"wp","href":"https:\/\/api.w.org\/{rel}","templated":true}]}}