{"id":29639,"date":"2019-12-03T22:24:11","date_gmt":"2019-12-03T21:24:11","guid":{"rendered":"https:\/\/conversesacatalunya.cat\/70-anys-otan-necessitat-redefinir\/"},"modified":"2019-12-04T16:07:16","modified_gmt":"2019-12-04T15:07:16","slug":"70-anos-de-la-otan-la-urgente-necesidad-de-redefinir-la-alianza","status":"publish","type":"post","link":"https:\/\/conversesacatalunya.cat\/es\/70-anos-de-la-otan-la-urgente-necesidad-de-redefinir-la-alianza\/","title":{"rendered":"70 a\u00f1os de la OTAN: la urgente necesidad de redefinir la Alianza"},"content":{"rendered":"<p align=\"justify\"><span style=\"display: inline !important; float: none; background-color: #f5f5f5; border-collapse: collapse; color: #333333; font-family: 'Open Sans',Helvetica,Arial,sans-serif; font-size: 16px; font-style: normal; font-variant: normal; font-weight: 300; letter-spacing: normal; line-height: 1.7; orphans: 2; text-align: left; text-decoration: none; text-indent: 0px; text-transform: none; -webkit-text-stroke-width: 0px; white-space: normal; word-spacing: 0px;\">La Alianza Atl\u00e1ntica cumple este a\u00f1o 70 a\u00f1os. Pero de estos, los \u00faltimos 30 se han caracterizado por una b\u00fasqueda constante de sentido en un mundo que le hab\u00eda retirado su sola raz\u00f3n de ser: la Uni\u00f3n Sovi\u00e9tica.<\/span><\/p>\n<p align=\"justify\"><span style=\"display: inline !important; float: none; background-color: #f5f5f5; border-collapse: collapse; color: #333333; font-family: 'Open Sans',Helvetica,Arial,sans-serif; font-size: 16px; font-style: normal; font-variant: normal; font-weight: 300; letter-spacing: normal; line-height: 1.7; orphans: 2; text-align: left; text-decoration: none; text-indent: 0px; text-transform: none; -webkit-text-stroke-width: 0px; white-space: normal; word-spacing: 0px;\">Las tres d\u00e9cadas postsovi\u00e9ticas han pasado factura a la OTAN, los problemas de la cual parecen haber llegado a su punto de maduraci\u00f3n estos \u00faltimos 3 a\u00f1os.<\/span><\/p>\n<p align=\"justify\"><span style=\"display: inline !important; float: none; background-color: #f5f5f5; border-collapse: collapse; color: #333333; font-family: 'Open Sans',Helvetica,Arial,sans-serif; font-size: 16px; font-style: normal; font-variant: normal; font-weight: 300; letter-spacing: normal; line-height: 1.7; orphans: 2; text-align: left; text-decoration: none; text-indent: 0px; text-transform: none; -webkit-text-stroke-width: 0px; white-space: normal; word-spacing: 0px;\">El primero en plantear crudamente dudas sobre la Alianza fue Donald Trump, quien en 2016 <a href=\"https:\/\/www.nbcnews.com\/politics\/2016-election\/donald-trump-remarks-nato-trigger-alarm-bells-europe-n613911\" target=\"_blank\" rel=\"noopener noreferrer\">dej\u00f3 la puerta abierta<\/a> a la posibilidad de no socorrer militarmente a los pa\u00edses b\u00e1lticos en caso de una agresi\u00f3n rusa. <\/span><\/p>\n<p align=\"justify\"><span style=\"display: inline !important; float: none; background-color: #f5f5f5; border-collapse: collapse; color: #333333; font-family: 'Open Sans',Helvetica,Arial,sans-serif; font-size: 16px; font-style: normal; font-variant: normal; font-weight: 300; letter-spacing: normal; line-height: 1.7; orphans: 2; text-align: left; text-decoration: none; text-indent: 0px; text-transform: none; -webkit-text-stroke-width: 0px; white-space: normal; word-spacing: 0px;\">El segundo cr\u00edtico fue <a href=\"https:\/\/www.reuters.com\/article\/us-russia-turkey-missiles\/russia-hopes-to-agree-new-s-400-missile-deal-with-turkey-next-year-idUSKBN1Y00GH\" target=\"_blank\" rel=\"noopener noreferrer\">Turqu\u00eda<\/a>, al acercarse a Rusia durante la guerra civil siria <\/span><span style=\"display: inline !important; float: none; background-color: #f5f5f5; border-collapse: collapse; color: #333333; font-family: 'Open Sans',Helvetica,Arial,sans-serif; font-size: 16px; font-style: normal; font-variant: normal; font-weight: 300; letter-spacing: normal; line-height: 1.7; orphans: 2; text-align: left; text-decoration: none; text-indent: 0px; text-transform: none; -webkit-text-stroke-width: 0px; white-space: normal; word-spacing: 0px;\">y anunciar pocos meses m\u00e1s tarde la compra en Mosc\u00fa de sistemas de defensa a\u00e9rea de largo alcance S-400. Algo incompatible con la pol\u00edtica de <\/span>interoperabilidad<span style=\"display: inline !important; float: none; background-color: #f5f5f5; border-collapse: collapse; color: #333333; font-family: 'Open Sans',Helvetica,Arial,sans-serif; font-size: 16px; font-style: normal; font-variant: normal; font-weight: 300; letter-spacing: normal; line-height: 1.7; orphans: 2; text-align: left; text-decoration: none; text-indent: 0px; text-transform: none; -webkit-text-stroke-width: 0px; white-space: normal; word-spacing: 0px;\"> de las fuerzas armadas de la Alianza. <\/span><\/p>\n<p align=\"justify\"><span style=\"display: inline !important; float: none; background-color: #f5f5f5; border-collapse: collapse; color: #333333; font-family: 'Open Sans',Helvetica,Arial,sans-serif; font-size: 16px; font-style: normal; font-variant: normal; font-weight: 300; letter-spacing: normal; line-height: 1.7; orphans: 2; text-align: left; text-decoration: none; text-indent: 0px; text-transform: none; -webkit-text-stroke-width: 0px; white-space: normal; word-spacing: 0px;\">El \u00faltimo en sumarse a la lista ha sido el presidente franc\u00e9s Emmanuel <\/span>Macron<span style=\"display: inline !important; float: none; background-color: #f5f5f5; border-collapse: collapse; color: #333333; font-family: 'Open Sans',Helvetica,Arial,sans-serif; font-size: 16px; font-style: normal; font-variant: normal; font-weight: 300; letter-spacing: normal; line-height: 1.7; orphans: 2; text-align: left; text-decoration: none; text-indent: 0px; text-transform: none; -webkit-text-stroke-width: 0px; white-space: normal; word-spacing: 0px;\">. El mandatario galo ha <a href=\"https:\/\/www.lavanguardia.com\/internacional\/20191108\/471448286128\/macron-otan-muerte-cerebral.html\" target=\"_blank\" rel=\"noopener noreferrer\">declarado<\/a>, tan solo d\u00edas antes de la cumbre conmemorativa de los 70 a\u00f1os de la OTAN en Londres, que la Alianza se encuentra actualmente en estado de \u00abmuerte cerebral\u00bb. <\/span>Macron<span style=\"display: inline !important; float: none; background-color: #f5f5f5; border-collapse: collapse; color: #333333; font-family: 'Open Sans',Helvetica,Arial,sans-serif; font-size: 16px; font-style: normal; font-variant: normal; font-weight: 300; letter-spacing: normal; line-height: 1.7; orphans: 2; text-align: left; text-decoration: none; text-indent: 0px; text-transform: none; -webkit-text-stroke-width: 0px; white-space: normal; word-spacing: 0px;\"> critic\u00f3 particularmente a Trump y la inestabilidad que est\u00e1 causando seg\u00fan \u00e9l su presidencia para el futuro de la Alianza.<\/span><\/p>\n<p align=\"justify\"><span style=\"display: inline !important; float: none; background-color: #f5f5f5; border-collapse: collapse; color: #333333; font-family: 'Open Sans',Helvetica,Arial,sans-serif; font-size: 16px; font-style: normal; font-variant: normal; font-weight: 300; letter-spacing: normal; line-height: 1.7; orphans: 2; text-align: left; text-decoration: none; text-indent: 0px; text-transform: none; -webkit-text-stroke-width: 0px; white-space: normal; word-spacing: 0px;\">Este \u00faltimo episodio ha tenido de todos modos el efecto curioso de reunir a los miembros de la OTAN contra <\/span>Macron<span style=\"display: inline !important; float: none; background-color: #f5f5f5; border-collapse: collapse; color: #333333; font-family: 'Open Sans',Helvetica,Arial,sans-serif; font-size: 16px; font-style: normal; font-variant: normal; font-weight: 300; letter-spacing: normal; line-height: 1.7; orphans: 2; text-align: left; text-decoration: none; text-indent: 0px; text-transform: none; -webkit-text-stroke-width: 0px; white-space: normal; word-spacing: 0px;\">. Empezando por Trump, quien <a href=\"https:\/\/www.politico.eu\/article\/allies-unite-to-defend-nato-against-emmanuel-macron-donald-trump-jens-stoltenberg-brain-death\/\" target=\"_blank\" rel=\"noopener noreferrer\">ha afirmado<\/a> que el comentario de su hom\u00f3logo franc\u00e9s es \u00abmuy insultante para las fuerzas armadas de muchos pa\u00edses\u00bb. El presidente turco Erdogan respondi\u00f3 a <\/span>Macron<span style=\"display: inline !important; float: none; background-color: #f5f5f5; border-collapse: collapse; color: #333333; font-family: 'Open Sans',Helvetica,Arial,sans-serif; font-size: 16px; font-style: normal; font-variant: normal; font-weight: 300; letter-spacing: normal; line-height: 1.7; orphans: 2; text-align: left; text-decoration: none; text-indent: 0px; text-transform: none; -webkit-text-stroke-width: 0px; white-space: normal; word-spacing: 0px;\"> que es \u00e9l quien tiene un problema de muerte cerebral. <\/span><\/p>\n<p align=\"justify\"><span style=\"display: inline !important; float: none; background-color: #f5f5f5; border-collapse: collapse; color: #333333; font-family: 'Open Sans',Helvetica,Arial,sans-serif; font-size: 16px; font-style: normal; font-variant: normal; font-weight: 300; letter-spacing: normal; line-height: 1.7; orphans: 2; text-align: left; text-decoration: none; text-indent: 0px; text-transform: none; -webkit-text-stroke-width: 0px; white-space: normal; word-spacing: 0px;\">Despu\u00e9s de una larga d\u00e9cada de desgaste de la Alianza al seguir casi a rega\u00f1adientes a Washington en su \u00abguerra contra el terror\u00bb, el conflicto ucraniano de 2014 pareci\u00f3 dar aire a la OTAN. En efecto, muchos pol\u00edticos y comentaristas atlantistas vieron en la escalada de tensiones con Rusia una renovada oportunidad para reactivar la Alianza y recuperar su funci\u00f3n original de dique de contenci\u00f3n de Mosc\u00fa. <\/span><\/p>\n<p align=\"justify\"><span style=\"display: inline !important; float: none; background-color: #f5f5f5; border-collapse: collapse; color: #333333; font-family: 'Open Sans',Helvetica,Arial,sans-serif; font-size: 16px; font-style: normal; font-variant: normal; font-weight: 300; letter-spacing: normal; line-height: 1.7; orphans: 2; text-align: left; text-decoration: none; text-indent: 0px; text-transform: none; -webkit-text-stroke-width: 0px; white-space: normal; word-spacing: 0px;\">No obstante, cinco a\u00f1os despu\u00e9s ha quedado claro que Occidente no se encuentra inmerso en una nueva guerra fr\u00eda contra Rusia. En este sentido, la inc\u00f3moda declaraci\u00f3n del presidente franc\u00e9s al afirmar que \u00abRusia no es un enemigo de la OTAN\u00bb no parece ir tan errada como algunos podr\u00edan pensar. <\/span><\/p>\n<p align=\"justify\"><span style=\"display: inline !important; float: none; background-color: #f5f5f5; border-collapse: collapse; color: #333333; font-family: 'Open Sans',Helvetica,Arial,sans-serif; font-size: 16px; font-style: normal; font-variant: normal; font-weight: 300; letter-spacing: normal; line-height: 1.7; orphans: 2; text-align: left; text-decoration: none; text-indent: 0px; text-transform: none; -webkit-text-stroke-width: 0px; white-space: normal; word-spacing: 0px;\">La provocaci\u00f3n de <\/span>Macron<span style=\"display: inline !important; float: none; background-color: #f5f5f5; border-collapse: collapse; color: #333333; font-family: 'Open Sans',Helvetica,Arial,sans-serif; font-size: 16px; font-style: normal; font-variant: normal; font-weight: 300; letter-spacing: normal; line-height: 1.7; orphans: 2; text-align: left; text-decoration: none; text-indent: 0px; text-transform: none; -webkit-text-stroke-width: 0px; white-space: normal; word-spacing: 0px;\"> tendr\u00eda que hacer reflexionar a los l\u00edderes presentes en la cumbre de la OTAN de Londres sobre la necesidad de adaptar seriamente la Alianza al mundo actual. Un trabajo pesado puesto que las prioridades de defensa de sus socios son cada vez m\u00e1s diferentes. <\/span><\/p>\n<p align=\"justify\"><span style=\"display: inline !important; float: none; background-color: #f5f5f5; border-collapse: collapse; color: #333333; font-family: 'Open Sans',Helvetica,Arial,sans-serif; font-size: 16px; font-style: normal; font-variant: normal; font-weight: 300; letter-spacing: normal; line-height: 1.7; orphans: 2; text-align: left; text-decoration: none; text-indent: 0px; text-transform: none; -webkit-text-stroke-width: 0px; white-space: normal; word-spacing: 0px;\">Para los nuevos miembros incorporados a partir de los a\u00f1os 90, como Polonia y las rep\u00fablicas b\u00e1lticas, Rusia sigue siendo la amenaza n\u00famero 1. Para los pa\u00edses de la Europa Occidental y del sur, como Francia o Espa\u00f1a, la principal amenaza a la seguridad es la inestabilidad en \u00c1frica. <\/span><\/p>\n<p align=\"justify\"><span style=\"display: inline !important; float: none; background-color: #f5f5f5; border-collapse: collapse; color: #333333; font-family: 'Open Sans',Helvetica,Arial,sans-serif; font-size: 16px; font-style: normal; font-variant: normal; font-weight: 300; letter-spacing: normal; line-height: 1.7; orphans: 2; text-align: left; text-decoration: none; text-indent: 0px; text-transform: none; -webkit-text-stroke-width: 0px; white-space: normal; word-spacing: 0px;\">A diferencia de la ayuda que reciben los pa\u00edses del este para hacer frente a Rusia, Par\u00eds no ve c\u00f3mo la OTAN est\u00e1 contribuyendo en su esfuerzo b\u00e9lico al sur del S\u00e1hara. Un teatro de operaciones primordial para la seguridad europea y donde recientemente 13 soldados franceses <a href=\"https:\/\/www.france24.com\/es\/20191202-homenaje-soldados-francia-mali-sahel\" target=\"_blank\" rel=\"noopener noreferrer\">han perdido la vida<\/a>.<\/span><\/p>\n","protected":false},"excerpt":{"rendered":"<p>La Alianza Atl\u00e1ntica cumple este a\u00f1o 70 a\u00f1os. Pero de estos, los \u00faltimos 30 se han caracterizado por una b\u00fasqueda constante de sentido en un mundo que le hab\u00eda retirado su sola raz\u00f3n de ser: la Uni\u00f3n Sovi\u00e9tica. Las tres d\u00e9cadas postsovi\u00e9ticas han pasado factura a la OTAN, los problemas de la cual parecen haber llegado a su punto de maduraci\u00f3n estos \u00faltimos 3 a\u00f1os. El primero en plantear crudamente dudas sobre la Alianza fue Donald Trump, quien en 2016 dej\u00f3 la puerta abierta a la posibilidad de no socorrer militarmente a los pa\u00edses b\u00e1lticos en caso de una agresi\u00f3n rusa. El segundo cr\u00edtico fue Turqu\u00eda, al acercarse a Rusia durante la guerra civil siria y anunciar pocos meses m\u00e1s tarde la compra en Mosc\u00fa de sistemas de defensa a\u00e9rea de largo alcance S-400. Algo incompatible con la pol\u00edtica de interoperabilidad de las fuerzas armadas de la Alianza. El \u00faltimo en sumarse a la lista ha sido el presidente franc\u00e9s Emmanuel Macron. El mandatario galo ha declarado, tan solo d\u00edas antes de la cumbre conmemorativa de los 70 a\u00f1os de la OTAN en Londres, que la Alianza se encuentra actualmente en estado de \u00abmuerte cerebral\u00bb. Macron critic\u00f3 particularmente a Trump y la inestabilidad que est\u00e1 causando seg\u00fan \u00e9l su presidencia para el futuro de la Alianza. Este \u00faltimo episodio ha tenido de todos modos el efecto curioso de reunir a los miembros de la OTAN contra Macron. Empezando por Trump, quien ha afirmado que el comentario de su hom\u00f3logo franc\u00e9s es \u00abmuy insultante para las fuerzas armadas de muchos pa\u00edses\u00bb. El presidente turco Erdogan respondi\u00f3 a Macron que es \u00e9l quien tiene un problema de muerte cerebral. Despu\u00e9s de una larga d\u00e9cada de desgaste de la Alianza al seguir casi a rega\u00f1adientes a Washington en su \u00abguerra contra el terror\u00bb, el conflicto ucraniano de 2014 pareci\u00f3 dar aire a la OTAN. En efecto, muchos pol\u00edticos y comentaristas atlantistas vieron en la escalada de tensiones con Rusia una renovada oportunidad para reactivar la Alianza y recuperar su funci\u00f3n original de dique de contenci\u00f3n de Mosc\u00fa. No obstante, cinco a\u00f1os despu\u00e9s ha quedado claro que Occidente no se encuentra inmerso en una nueva guerra fr\u00eda contra Rusia. En este sentido, la inc\u00f3moda declaraci\u00f3n del presidente franc\u00e9s al afirmar que \u00abRusia no es un enemigo de la OTAN\u00bb no parece ir tan errada como algunos podr\u00edan pensar. La provocaci\u00f3n de Macron tendr\u00eda que hacer reflexionar a los l\u00edderes presentes en la cumbre de la OTAN de Londres sobre la necesidad de adaptar seriamente la Alianza al mundo actual. Un trabajo pesado puesto que las prioridades de defensa de sus socios son cada vez m\u00e1s diferentes. Para los nuevos miembros incorporados a partir de los a\u00f1os 90, como Polonia y las rep\u00fablicas b\u00e1lticas, Rusia sigue siendo la amenaza n\u00famero 1. Para los pa\u00edses de la Europa Occidental y del sur, como Francia o Espa\u00f1a, la principal amenaza a la seguridad es la inestabilidad en \u00c1frica. A diferencia de la ayuda que reciben los pa\u00edses del este para hacer frente a Rusia, Par\u00eds no ve c\u00f3mo la OTAN est\u00e1 contribuyendo en su esfuerzo b\u00e9lico al sur del S\u00e1hara. Un teatro de operaciones primordial para la seguridad europea y donde recientemente 13 soldados franceses han perdido la vida.<\/p>\n","protected":false},"author":67,"featured_media":29536,"comment_status":"open","ping_status":"open","sticky":false,"template":"","format":"standard","meta":{"_FSMCFIC_featured_image_caption":"","_FSMCFIC_featured_image_nocaption":"","_FSMCFIC_featured_image_hide":"","footnotes":""},"categories":[806],"tags":[1089,1090,1091,1059,1092,1093,967,1094],"class_list":["post-29639","post","type-post","status-publish","format-standard","has-post-thumbnail","hentry","category-punts-claus-del-dia-es","tag-defensa-es","tag-franca-es","tag-macron-es","tag-otan-es","tag-russia-es","tag-seguretat-es","tag-trump-es","tag-turquia-es"],"yoast_head":"<!-- This site is optimized with the Yoast SEO plugin v26.8 - https:\/\/yoast.com\/product\/yoast-seo-wordpress\/ -->\n<title>70 a\u00f1os de la OTAN: la urgente necesidad de redefinir la Alianza - Converses a Catalunya<\/title>\n<meta name=\"robots\" content=\"index, follow, max-snippet:-1, max-image-preview:large, max-video-preview:-1\" \/>\n<link rel=\"canonical\" href=\"https:\/\/conversesacatalunya.cat\/es\/70-anos-de-la-otan-la-urgente-necesidad-de-redefinir-la-alianza\/\" \/>\n<meta property=\"og:locale\" content=\"es_ES\" \/>\n<meta property=\"og:type\" content=\"article\" \/>\n<meta property=\"og:title\" content=\"70 a\u00f1os de la OTAN: la urgente necesidad de redefinir la Alianza - Converses a Catalunya\" \/>\n<meta property=\"og:description\" content=\"La Alianza Atl\u00e1ntica cumple este a\u00f1o 70 a\u00f1os. Pero de estos, los \u00faltimos 30 se han caracterizado por una b\u00fasqueda constante de sentido en un mundo que le hab\u00eda retirado su sola raz\u00f3n de ser: la Uni\u00f3n Sovi\u00e9tica. Las tres d\u00e9cadas postsovi\u00e9ticas han pasado factura a la OTAN, los problemas de la cual parecen haber llegado a su punto de maduraci\u00f3n estos \u00faltimos 3 a\u00f1os. El primero en plantear crudamente dudas sobre la Alianza fue Donald Trump, quien en 2016 dej\u00f3 la puerta abierta a la posibilidad de no socorrer militarmente a los pa\u00edses b\u00e1lticos en caso de una agresi\u00f3n rusa. El segundo cr\u00edtico fue Turqu\u00eda, al acercarse a Rusia durante la guerra civil siria y anunciar pocos meses m\u00e1s tarde la compra en Mosc\u00fa de sistemas de defensa a\u00e9rea de largo alcance S-400. Algo incompatible con la pol\u00edtica de interoperabilidad de las fuerzas armadas de la Alianza. El \u00faltimo en sumarse a la lista ha sido el presidente franc\u00e9s Emmanuel Macron. El mandatario galo ha declarado, tan solo d\u00edas antes de la cumbre conmemorativa de los 70 a\u00f1os de la OTAN en Londres, que la Alianza se encuentra actualmente en estado de \u00abmuerte cerebral\u00bb. Macron critic\u00f3 particularmente a Trump y la inestabilidad que est\u00e1 causando seg\u00fan \u00e9l su presidencia para el futuro de la Alianza. Este \u00faltimo episodio ha tenido de todos modos el efecto curioso de reunir a los miembros de la OTAN contra Macron. Empezando por Trump, quien ha afirmado que el comentario de su hom\u00f3logo franc\u00e9s es \u00abmuy insultante para las fuerzas armadas de muchos pa\u00edses\u00bb. El presidente turco Erdogan respondi\u00f3 a Macron que es \u00e9l quien tiene un problema de muerte cerebral. Despu\u00e9s de una larga d\u00e9cada de desgaste de la Alianza al seguir casi a rega\u00f1adientes a Washington en su \u00abguerra contra el terror\u00bb, el conflicto ucraniano de 2014 pareci\u00f3 dar aire a la OTAN. En efecto, muchos pol\u00edticos y comentaristas atlantistas vieron en la escalada de tensiones con Rusia una renovada oportunidad para reactivar la Alianza y recuperar su funci\u00f3n original de dique de contenci\u00f3n de Mosc\u00fa. No obstante, cinco a\u00f1os despu\u00e9s ha quedado claro que Occidente no se encuentra inmerso en una nueva guerra fr\u00eda contra Rusia. En este sentido, la inc\u00f3moda declaraci\u00f3n del presidente franc\u00e9s al afirmar que \u00abRusia no es un enemigo de la OTAN\u00bb no parece ir tan errada como algunos podr\u00edan pensar. La provocaci\u00f3n de Macron tendr\u00eda que hacer reflexionar a los l\u00edderes presentes en la cumbre de la OTAN de Londres sobre la necesidad de adaptar seriamente la Alianza al mundo actual. Un trabajo pesado puesto que las prioridades de defensa de sus socios son cada vez m\u00e1s diferentes. Para los nuevos miembros incorporados a partir de los a\u00f1os 90, como Polonia y las rep\u00fablicas b\u00e1lticas, Rusia sigue siendo la amenaza n\u00famero 1. Para los pa\u00edses de la Europa Occidental y del sur, como Francia o Espa\u00f1a, la principal amenaza a la seguridad es la inestabilidad en \u00c1frica. A diferencia de la ayuda que reciben los pa\u00edses del este para hacer frente a Rusia, Par\u00eds no ve c\u00f3mo la OTAN est\u00e1 contribuyendo en su esfuerzo b\u00e9lico al sur del S\u00e1hara. Un teatro de operaciones primordial para la seguridad europea y donde recientemente 13 soldados franceses han perdido la vida.\" \/>\n<meta property=\"og:url\" content=\"https:\/\/conversesacatalunya.cat\/es\/70-anos-de-la-otan-la-urgente-necesidad-de-redefinir-la-alianza\/\" \/>\n<meta property=\"og:site_name\" content=\"Converses a Catalunya\" \/>\n<meta property=\"article:published_time\" content=\"2019-12-03T21:24:11+00:00\" \/>\n<meta property=\"article:modified_time\" content=\"2019-12-04T15:07:16+00:00\" \/>\n<meta property=\"og:image\" content=\"https:\/\/conversesacatalunya.cat\/wp-content\/uploads\/2019\/12\/otan.jpg\" \/>\n\t<meta property=\"og:image:width\" content=\"2048\" \/>\n\t<meta property=\"og:image:height\" content=\"1365\" \/>\n\t<meta property=\"og:image:type\" content=\"image\/jpeg\" \/>\n<meta name=\"author\" content=\"conversesacatalunya\" \/>\n<meta name=\"twitter:card\" content=\"summary_large_image\" \/>\n<meta name=\"twitter:label1\" content=\"Escrito por\" \/>\n\t<meta name=\"twitter:data1\" content=\"conversesacatalunya\" \/>\n\t<meta name=\"twitter:label2\" content=\"Tiempo de lectura\" \/>\n\t<meta name=\"twitter:data2\" content=\"3 minutos\" \/>\n<script type=\"application\/ld+json\" class=\"yoast-schema-graph\">{\"@context\":\"https:\/\/schema.org\",\"@graph\":[{\"@type\":\"Article\",\"@id\":\"https:\/\/conversesacatalunya.cat\/es\/70-anos-de-la-otan-la-urgente-necesidad-de-redefinir-la-alianza\/#article\",\"isPartOf\":{\"@id\":\"https:\/\/conversesacatalunya.cat\/es\/70-anos-de-la-otan-la-urgente-necesidad-de-redefinir-la-alianza\/\"},\"author\":{\"name\":\"conversesacatalunya\",\"@id\":\"https:\/\/conversesacatalunya.cat\/#\/schema\/person\/c5a8ffe796b1512764aeb6d6d6fa0fc7\"},\"headline\":\"70 a\u00f1os de la OTAN: la urgente necesidad de redefinir la Alianza\",\"datePublished\":\"2019-12-03T21:24:11+00:00\",\"dateModified\":\"2019-12-04T15:07:16+00:00\",\"mainEntityOfPage\":{\"@id\":\"https:\/\/conversesacatalunya.cat\/es\/70-anos-de-la-otan-la-urgente-necesidad-de-redefinir-la-alianza\/\"},\"wordCount\":600,\"commentCount\":0,\"image\":{\"@id\":\"https:\/\/conversesacatalunya.cat\/es\/70-anos-de-la-otan-la-urgente-necesidad-de-redefinir-la-alianza\/#primaryimage\"},\"thumbnailUrl\":\"https:\/\/conversesacatalunya.cat\/wp-content\/uploads\/2019\/12\/otan.jpg\",\"keywords\":[\"defensa\",\"Fran\u00e7a\",\"Macron\",\"OTAN\",\"R\u00fassia\",\"seguretat\",\"Trump\",\"Turquia\"],\"articleSection\":[\"Punts clau del dia (ES)\"],\"inLanguage\":\"es\",\"potentialAction\":[{\"@type\":\"CommentAction\",\"name\":\"Comment\",\"target\":[\"https:\/\/conversesacatalunya.cat\/es\/70-anos-de-la-otan-la-urgente-necesidad-de-redefinir-la-alianza\/#respond\"]}]},{\"@type\":\"WebPage\",\"@id\":\"https:\/\/conversesacatalunya.cat\/es\/70-anos-de-la-otan-la-urgente-necesidad-de-redefinir-la-alianza\/\",\"url\":\"https:\/\/conversesacatalunya.cat\/es\/70-anos-de-la-otan-la-urgente-necesidad-de-redefinir-la-alianza\/\",\"name\":\"70 a\u00f1os de la OTAN: la urgente necesidad de redefinir la Alianza - Converses a Catalunya\",\"isPartOf\":{\"@id\":\"https:\/\/conversesacatalunya.cat\/#website\"},\"primaryImageOfPage\":{\"@id\":\"https:\/\/conversesacatalunya.cat\/es\/70-anos-de-la-otan-la-urgente-necesidad-de-redefinir-la-alianza\/#primaryimage\"},\"image\":{\"@id\":\"https:\/\/conversesacatalunya.cat\/es\/70-anos-de-la-otan-la-urgente-necesidad-de-redefinir-la-alianza\/#primaryimage\"},\"thumbnailUrl\":\"https:\/\/conversesacatalunya.cat\/wp-content\/uploads\/2019\/12\/otan.jpg\",\"datePublished\":\"2019-12-03T21:24:11+00:00\",\"dateModified\":\"2019-12-04T15:07:16+00:00\",\"author\":{\"@id\":\"https:\/\/conversesacatalunya.cat\/#\/schema\/person\/c5a8ffe796b1512764aeb6d6d6fa0fc7\"},\"breadcrumb\":{\"@id\":\"https:\/\/conversesacatalunya.cat\/es\/70-anos-de-la-otan-la-urgente-necesidad-de-redefinir-la-alianza\/#breadcrumb\"},\"inLanguage\":\"es\",\"potentialAction\":[{\"@type\":\"ReadAction\",\"target\":[\"https:\/\/conversesacatalunya.cat\/es\/70-anos-de-la-otan-la-urgente-necesidad-de-redefinir-la-alianza\/\"]}]},{\"@type\":\"ImageObject\",\"inLanguage\":\"es\",\"@id\":\"https:\/\/conversesacatalunya.cat\/es\/70-anos-de-la-otan-la-urgente-necesidad-de-redefinir-la-alianza\/#primaryimage\",\"url\":\"https:\/\/conversesacatalunya.cat\/wp-content\/uploads\/2019\/12\/otan.jpg\",\"contentUrl\":\"https:\/\/conversesacatalunya.cat\/wp-content\/uploads\/2019\/12\/otan.jpg\",\"width\":2048,\"height\":1365},{\"@type\":\"BreadcrumbList\",\"@id\":\"https:\/\/conversesacatalunya.cat\/es\/70-anos-de-la-otan-la-urgente-necesidad-de-redefinir-la-alianza\/#breadcrumb\",\"itemListElement\":[{\"@type\":\"ListItem\",\"position\":1,\"name\":\"Inici\",\"item\":\"https:\/\/conversesacatalunya.cat\/es\/\"},{\"@type\":\"ListItem\",\"position\":2,\"name\":\"70 a\u00f1os de la OTAN: la urgente necesidad de redefinir la Alianza\"}]},{\"@type\":\"WebSite\",\"@id\":\"https:\/\/conversesacatalunya.cat\/#website\",\"url\":\"https:\/\/conversesacatalunya.cat\/\",\"name\":\"Converses a Catalunya\",\"description\":\"\",\"potentialAction\":[{\"@type\":\"SearchAction\",\"target\":{\"@type\":\"EntryPoint\",\"urlTemplate\":\"https:\/\/conversesacatalunya.cat\/?s={search_term_string}\"},\"query-input\":{\"@type\":\"PropertyValueSpecification\",\"valueRequired\":true,\"valueName\":\"search_term_string\"}}],\"inLanguage\":\"es\"},{\"@type\":\"Person\",\"@id\":\"https:\/\/conversesacatalunya.cat\/#\/schema\/person\/c5a8ffe796b1512764aeb6d6d6fa0fc7\",\"name\":\"conversesacatalunya\",\"image\":{\"@type\":\"ImageObject\",\"inLanguage\":\"es\",\"@id\":\"https:\/\/conversesacatalunya.cat\/#\/schema\/person\/image\/\",\"url\":\"https:\/\/conversesacatalunya.cat\/wp-content\/litespeed\/avatar\/02659ee938034c59a151ae106ade943e.jpg?ver=1777656597\",\"contentUrl\":\"https:\/\/conversesacatalunya.cat\/wp-content\/litespeed\/avatar\/02659ee938034c59a151ae106ade943e.jpg?ver=1777656597\",\"caption\":\"conversesacatalunya\"},\"url\":\"https:\/\/conversesacatalunya.cat\/es\/author\/carles_lopez\/\"}]}<\/script>\n<!-- \/ Yoast SEO plugin. -->","yoast_head_json":{"title":"70 a\u00f1os de la OTAN: la urgente necesidad de redefinir la Alianza - Converses a Catalunya","robots":{"index":"index","follow":"follow","max-snippet":"max-snippet:-1","max-image-preview":"max-image-preview:large","max-video-preview":"max-video-preview:-1"},"canonical":"https:\/\/conversesacatalunya.cat\/es\/70-anos-de-la-otan-la-urgente-necesidad-de-redefinir-la-alianza\/","og_locale":"es_ES","og_type":"article","og_title":"70 a\u00f1os de la OTAN: la urgente necesidad de redefinir la Alianza - Converses a Catalunya","og_description":"La Alianza Atl\u00e1ntica cumple este a\u00f1o 70 a\u00f1os. Pero de estos, los \u00faltimos 30 se han caracterizado por una b\u00fasqueda constante de sentido en un mundo que le hab\u00eda retirado su sola raz\u00f3n de ser: la Uni\u00f3n Sovi\u00e9tica. Las tres d\u00e9cadas postsovi\u00e9ticas han pasado factura a la OTAN, los problemas de la cual parecen haber llegado a su punto de maduraci\u00f3n estos \u00faltimos 3 a\u00f1os. El primero en plantear crudamente dudas sobre la Alianza fue Donald Trump, quien en 2016 dej\u00f3 la puerta abierta a la posibilidad de no socorrer militarmente a los pa\u00edses b\u00e1lticos en caso de una agresi\u00f3n rusa. El segundo cr\u00edtico fue Turqu\u00eda, al acercarse a Rusia durante la guerra civil siria y anunciar pocos meses m\u00e1s tarde la compra en Mosc\u00fa de sistemas de defensa a\u00e9rea de largo alcance S-400. Algo incompatible con la pol\u00edtica de interoperabilidad de las fuerzas armadas de la Alianza. El \u00faltimo en sumarse a la lista ha sido el presidente franc\u00e9s Emmanuel Macron. El mandatario galo ha declarado, tan solo d\u00edas antes de la cumbre conmemorativa de los 70 a\u00f1os de la OTAN en Londres, que la Alianza se encuentra actualmente en estado de \u00abmuerte cerebral\u00bb. Macron critic\u00f3 particularmente a Trump y la inestabilidad que est\u00e1 causando seg\u00fan \u00e9l su presidencia para el futuro de la Alianza. Este \u00faltimo episodio ha tenido de todos modos el efecto curioso de reunir a los miembros de la OTAN contra Macron. Empezando por Trump, quien ha afirmado que el comentario de su hom\u00f3logo franc\u00e9s es \u00abmuy insultante para las fuerzas armadas de muchos pa\u00edses\u00bb. El presidente turco Erdogan respondi\u00f3 a Macron que es \u00e9l quien tiene un problema de muerte cerebral. Despu\u00e9s de una larga d\u00e9cada de desgaste de la Alianza al seguir casi a rega\u00f1adientes a Washington en su \u00abguerra contra el terror\u00bb, el conflicto ucraniano de 2014 pareci\u00f3 dar aire a la OTAN. En efecto, muchos pol\u00edticos y comentaristas atlantistas vieron en la escalada de tensiones con Rusia una renovada oportunidad para reactivar la Alianza y recuperar su funci\u00f3n original de dique de contenci\u00f3n de Mosc\u00fa. No obstante, cinco a\u00f1os despu\u00e9s ha quedado claro que Occidente no se encuentra inmerso en una nueva guerra fr\u00eda contra Rusia. En este sentido, la inc\u00f3moda declaraci\u00f3n del presidente franc\u00e9s al afirmar que \u00abRusia no es un enemigo de la OTAN\u00bb no parece ir tan errada como algunos podr\u00edan pensar. La provocaci\u00f3n de Macron tendr\u00eda que hacer reflexionar a los l\u00edderes presentes en la cumbre de la OTAN de Londres sobre la necesidad de adaptar seriamente la Alianza al mundo actual. Un trabajo pesado puesto que las prioridades de defensa de sus socios son cada vez m\u00e1s diferentes. Para los nuevos miembros incorporados a partir de los a\u00f1os 90, como Polonia y las rep\u00fablicas b\u00e1lticas, Rusia sigue siendo la amenaza n\u00famero 1. Para los pa\u00edses de la Europa Occidental y del sur, como Francia o Espa\u00f1a, la principal amenaza a la seguridad es la inestabilidad en \u00c1frica. A diferencia de la ayuda que reciben los pa\u00edses del este para hacer frente a Rusia, Par\u00eds no ve c\u00f3mo la OTAN est\u00e1 contribuyendo en su esfuerzo b\u00e9lico al sur del S\u00e1hara. Un teatro de operaciones primordial para la seguridad europea y donde recientemente 13 soldados franceses han perdido la vida.","og_url":"https:\/\/conversesacatalunya.cat\/es\/70-anos-de-la-otan-la-urgente-necesidad-de-redefinir-la-alianza\/","og_site_name":"Converses a Catalunya","article_published_time":"2019-12-03T21:24:11+00:00","article_modified_time":"2019-12-04T15:07:16+00:00","og_image":[{"width":2048,"height":1365,"url":"https:\/\/conversesacatalunya.cat\/wp-content\/uploads\/2019\/12\/otan.jpg","type":"image\/jpeg"}],"author":"conversesacatalunya","twitter_card":"summary_large_image","twitter_misc":{"Escrito por":"conversesacatalunya","Tiempo de lectura":"3 minutos"},"schema":{"@context":"https:\/\/schema.org","@graph":[{"@type":"Article","@id":"https:\/\/conversesacatalunya.cat\/es\/70-anos-de-la-otan-la-urgente-necesidad-de-redefinir-la-alianza\/#article","isPartOf":{"@id":"https:\/\/conversesacatalunya.cat\/es\/70-anos-de-la-otan-la-urgente-necesidad-de-redefinir-la-alianza\/"},"author":{"name":"conversesacatalunya","@id":"https:\/\/conversesacatalunya.cat\/#\/schema\/person\/c5a8ffe796b1512764aeb6d6d6fa0fc7"},"headline":"70 a\u00f1os de la OTAN: la urgente necesidad de redefinir la Alianza","datePublished":"2019-12-03T21:24:11+00:00","dateModified":"2019-12-04T15:07:16+00:00","mainEntityOfPage":{"@id":"https:\/\/conversesacatalunya.cat\/es\/70-anos-de-la-otan-la-urgente-necesidad-de-redefinir-la-alianza\/"},"wordCount":600,"commentCount":0,"image":{"@id":"https:\/\/conversesacatalunya.cat\/es\/70-anos-de-la-otan-la-urgente-necesidad-de-redefinir-la-alianza\/#primaryimage"},"thumbnailUrl":"https:\/\/conversesacatalunya.cat\/wp-content\/uploads\/2019\/12\/otan.jpg","keywords":["defensa","Fran\u00e7a","Macron","OTAN","R\u00fassia","seguretat","Trump","Turquia"],"articleSection":["Punts clau del dia (ES)"],"inLanguage":"es","potentialAction":[{"@type":"CommentAction","name":"Comment","target":["https:\/\/conversesacatalunya.cat\/es\/70-anos-de-la-otan-la-urgente-necesidad-de-redefinir-la-alianza\/#respond"]}]},{"@type":"WebPage","@id":"https:\/\/conversesacatalunya.cat\/es\/70-anos-de-la-otan-la-urgente-necesidad-de-redefinir-la-alianza\/","url":"https:\/\/conversesacatalunya.cat\/es\/70-anos-de-la-otan-la-urgente-necesidad-de-redefinir-la-alianza\/","name":"70 a\u00f1os de la OTAN: la urgente necesidad de redefinir la Alianza - Converses a Catalunya","isPartOf":{"@id":"https:\/\/conversesacatalunya.cat\/#website"},"primaryImageOfPage":{"@id":"https:\/\/conversesacatalunya.cat\/es\/70-anos-de-la-otan-la-urgente-necesidad-de-redefinir-la-alianza\/#primaryimage"},"image":{"@id":"https:\/\/conversesacatalunya.cat\/es\/70-anos-de-la-otan-la-urgente-necesidad-de-redefinir-la-alianza\/#primaryimage"},"thumbnailUrl":"https:\/\/conversesacatalunya.cat\/wp-content\/uploads\/2019\/12\/otan.jpg","datePublished":"2019-12-03T21:24:11+00:00","dateModified":"2019-12-04T15:07:16+00:00","author":{"@id":"https:\/\/conversesacatalunya.cat\/#\/schema\/person\/c5a8ffe796b1512764aeb6d6d6fa0fc7"},"breadcrumb":{"@id":"https:\/\/conversesacatalunya.cat\/es\/70-anos-de-la-otan-la-urgente-necesidad-de-redefinir-la-alianza\/#breadcrumb"},"inLanguage":"es","potentialAction":[{"@type":"ReadAction","target":["https:\/\/conversesacatalunya.cat\/es\/70-anos-de-la-otan-la-urgente-necesidad-de-redefinir-la-alianza\/"]}]},{"@type":"ImageObject","inLanguage":"es","@id":"https:\/\/conversesacatalunya.cat\/es\/70-anos-de-la-otan-la-urgente-necesidad-de-redefinir-la-alianza\/#primaryimage","url":"https:\/\/conversesacatalunya.cat\/wp-content\/uploads\/2019\/12\/otan.jpg","contentUrl":"https:\/\/conversesacatalunya.cat\/wp-content\/uploads\/2019\/12\/otan.jpg","width":2048,"height":1365},{"@type":"BreadcrumbList","@id":"https:\/\/conversesacatalunya.cat\/es\/70-anos-de-la-otan-la-urgente-necesidad-de-redefinir-la-alianza\/#breadcrumb","itemListElement":[{"@type":"ListItem","position":1,"name":"Inici","item":"https:\/\/conversesacatalunya.cat\/es\/"},{"@type":"ListItem","position":2,"name":"70 a\u00f1os de la OTAN: la urgente necesidad de redefinir la Alianza"}]},{"@type":"WebSite","@id":"https:\/\/conversesacatalunya.cat\/#website","url":"https:\/\/conversesacatalunya.cat\/","name":"Converses a Catalunya","description":"","potentialAction":[{"@type":"SearchAction","target":{"@type":"EntryPoint","urlTemplate":"https:\/\/conversesacatalunya.cat\/?s={search_term_string}"},"query-input":{"@type":"PropertyValueSpecification","valueRequired":true,"valueName":"search_term_string"}}],"inLanguage":"es"},{"@type":"Person","@id":"https:\/\/conversesacatalunya.cat\/#\/schema\/person\/c5a8ffe796b1512764aeb6d6d6fa0fc7","name":"conversesacatalunya","image":{"@type":"ImageObject","inLanguage":"es","@id":"https:\/\/conversesacatalunya.cat\/#\/schema\/person\/image\/","url":"https:\/\/conversesacatalunya.cat\/wp-content\/litespeed\/avatar\/02659ee938034c59a151ae106ade943e.jpg?ver=1777656597","contentUrl":"https:\/\/conversesacatalunya.cat\/wp-content\/litespeed\/avatar\/02659ee938034c59a151ae106ade943e.jpg?ver=1777656597","caption":"conversesacatalunya"},"url":"https:\/\/conversesacatalunya.cat\/es\/author\/carles_lopez\/"}]}},"wps_subtitle":"La Alianza Atl\u00e1ntica necesita r\u00e1pidamente encontrar una raz\u00f3n de ser o implosionar\u00e1 por las diferencias cada vez m\u00e1s importantes entre sus miembros","_links":{"self":[{"href":"https:\/\/conversesacatalunya.cat\/es\/wp-json\/wp\/v2\/posts\/29639","targetHints":{"allow":["GET"]}}],"collection":[{"href":"https:\/\/conversesacatalunya.cat\/es\/wp-json\/wp\/v2\/posts"}],"about":[{"href":"https:\/\/conversesacatalunya.cat\/es\/wp-json\/wp\/v2\/types\/post"}],"author":[{"embeddable":true,"href":"https:\/\/conversesacatalunya.cat\/es\/wp-json\/wp\/v2\/users\/67"}],"replies":[{"embeddable":true,"href":"https:\/\/conversesacatalunya.cat\/es\/wp-json\/wp\/v2\/comments?post=29639"}],"version-history":[{"count":7,"href":"https:\/\/conversesacatalunya.cat\/es\/wp-json\/wp\/v2\/posts\/29639\/revisions"}],"predecessor-version":[{"id":29646,"href":"https:\/\/conversesacatalunya.cat\/es\/wp-json\/wp\/v2\/posts\/29639\/revisions\/29646"}],"wp:featuredmedia":[{"embeddable":true,"href":"https:\/\/conversesacatalunya.cat\/es\/wp-json\/wp\/v2\/media\/29536"}],"wp:attachment":[{"href":"https:\/\/conversesacatalunya.cat\/es\/wp-json\/wp\/v2\/media?parent=29639"}],"wp:term":[{"taxonomy":"category","embeddable":true,"href":"https:\/\/conversesacatalunya.cat\/es\/wp-json\/wp\/v2\/categories?post=29639"},{"taxonomy":"post_tag","embeddable":true,"href":"https:\/\/conversesacatalunya.cat\/es\/wp-json\/wp\/v2\/tags?post=29639"}],"curies":[{"name":"wp","href":"https:\/\/api.w.org\/{rel}","templated":true}]}}