{"id":29492,"date":"2019-12-03T13:31:38","date_gmt":"2019-12-03T12:31:38","guid":{"rendered":"https:\/\/conversesacatalunya.cat\/laura-borras-una-candidata-en-la-corda-fluixa\/"},"modified":"2019-12-03T16:22:56","modified_gmt":"2019-12-03T15:22:56","slug":"laura-borras-una-candidata-en-la-cuerda-floja","status":"publish","type":"post","link":"https:\/\/conversesacatalunya.cat\/es\/laura-borras-una-candidata-en-la-cuerda-floja\/","title":{"rendered":"Laura Borr\u00e0s, una candidata en la cuerda floja"},"content":{"rendered":"<p><span style=\"display: inline !important; float: none; background-color: #f5f5f5; border-collapse: collapse; color: #333333; font-family: 'Open Sans',Helvetica,Arial,sans-serif; font-size: 16px; font-style: normal; font-variant: normal; font-weight: 300; letter-spacing: normal; line-height: 1.7; orphans: 2; text-align: left; text-decoration: none; text-indent: 0px; text-transform: none; -webkit-text-stroke-width: 0px; white-space: normal; word-spacing: 0px;\">Laura Borr\u00e0s, persona de confianza de Torra y Puigdemont, y posible candidata a la presidencia de la Generalitat si al final se descartara al expresidente, tiene una dif\u00edcil papeleta a consecuencia del <strong>procedimiento judicial<\/strong> que tiene abierto por unas presuntas contrataciones fraudulentas llevadas a cabo cuando dirig\u00eda la Instituci\u00f3 de les Lletres Catalanes.<\/span><\/p>\n<p><span style=\"display: inline !important; float: none; background-color: #f5f5f5; border-collapse: collapse; color: #333333; font-family: 'Open Sans',Helvetica,Arial,sans-serif; font-size: 16px; font-style: normal; font-variant: normal; font-weight: 300; letter-spacing: normal; line-height: 1.7; orphans: 2; text-align: left; text-decoration: none; text-indent: 0px; text-transform: none; -webkit-text-stroke-width: 0px; white-space: normal; word-spacing: 0px;\">La exposici\u00f3n razonada que ha enviado una juez de Barcelona al Tribunal Supremo, porque se trata de una persona aforada, contiene numerosos comunicados entre Laura Borr\u00e0s y el posible beneficiario de los contratos irregulares y amigo de la diputada, <\/span><strong>Isa\u00edas<\/strong><span style=\"display: inline !important; float: none; background-color: #f5f5f5; border-collapse: collapse; color: #333333; font-family: 'Open Sans',Helvetica,Arial,sans-serif; font-size: 16px; font-style: normal; font-variant: normal; font-weight: 300; letter-spacing: normal; line-height: 1.7; orphans: 2; text-align: left; text-decoration: none; text-indent: 0px; text-transform: none; -webkit-text-stroke-width: 0px; white-space: normal; word-spacing: 0px;\"><strong> Herrero<\/strong>, que podr\u00edan constituir indicios suficientes para determinar su investigaci\u00f3n.<\/span><\/p>\n<p><span style=\"display: inline !important; float: none; background-color: #f5f5f5; border-collapse: collapse; color: #333333; font-family: 'Open Sans',Helvetica,Arial,sans-serif; font-size: 16px; font-style: normal; font-variant: normal; font-weight: 300; letter-spacing: normal; line-height: 1.7; orphans: 2; text-align: left; text-decoration: none; text-indent: 0px; text-transform: none; -webkit-text-stroke-width: 0px; white-space: normal; word-spacing: 0px;\">Concretamente, la causa penal contra Borr\u00e0s incorpora los delitos de <strong>prevaricaci\u00f3n, malversaci\u00f3n, fraude y falsedad documental<\/strong> con motivo de haber adjudicado a dedo 18 contratos menores de 18.000 euros, y que por lo tanto no tienen que sujetarse a concurso p\u00fablico. La jueza considera que en realidad esta diversidad de contratos responde a haber efectuado una fragmentaci\u00f3n de un solo contrato a fin de proceder a la contrataci\u00f3n directa a causa del menor importe.<\/span><\/p>\n<p><span style=\"display: inline !important; float: none; background-color: #f5f5f5; border-collapse: collapse; color: #333333; font-family: 'Open Sans',Helvetica,Arial,sans-serif; font-size: 16px; font-style: normal; font-variant: normal; font-weight: 300; letter-spacing: normal; line-height: 1.7; orphans: 2; text-align: left; text-decoration: none; text-indent: 0px; text-transform: none; -webkit-text-stroke-width: 0px; white-space: normal; word-spacing: 0px;\">Laura Borr\u00e0s siempre ha negado estas acusaciones y en los \u00faltimos tiempos incluso ha hablado de persecuci\u00f3n pol\u00edtica, pero en su comparecencia a la Comisi\u00f3n del Parlamento, cuando ya era consejera de Cultura, para abordar esta cuesti\u00f3n se limit\u00f3 a hablar <strong>solo de tres contrataciones<\/strong>, y no del conjunto por el cual se la acusa.<\/span><\/p>\n<p><span style=\"display: inline !important; float: none; background-color: #f5f5f5; border-collapse: collapse; color: #333333; font-family: 'Open Sans',Helvetica,Arial,sans-serif; font-size: 16px; font-style: normal; font-variant: normal; font-weight: 300; letter-spacing: normal; line-height: 1.7; orphans: 2; text-align: left; text-decoration: none; text-indent: 0px; text-transform: none; -webkit-text-stroke-width: 0px; white-space: normal; word-spacing: 0px;\">A partir de la presunci\u00f3n de inocencia que siempre se tiene que formular, hay que decir que la acusaci\u00f3n contra Laura Borr\u00e0s responde a una pr\u00e1ctica hist\u00f3ricamente muy extendida en las administraciones a fin de facilitar la contrataci\u00f3n de empresas o personas predeterminadas, sin acudir al concurso p\u00fablico. Hay que tener en cuenta que operar de este modo no siempre es por raz\u00f3n de un presunto beneficio econ\u00f3mico, sino que sencillamente se quiere garantizar por razones de confianza, que aquel sujeto pueda llevar a cabo el encargo y no est\u00e9 sometido a la incertidumbre del concurso.<\/span><\/p>\n<p><span style=\"display: inline !important; float: none; background-color: #f5f5f5; border-collapse: collapse; color: #333333; font-family: 'Open Sans',Helvetica,Arial,sans-serif; font-size: 16px; font-style: normal; font-variant: normal; font-weight: 300; letter-spacing: normal; line-height: 1.7; orphans: 2; text-align: left; text-decoration: none; text-indent: 0px; text-transform: none; -webkit-text-stroke-width: 0px; white-space: normal; word-spacing: 0px;\">Para conseguir este fin, <strong>se<\/strong> <strong>divide la materia a concursar en varios contratos<\/strong> diferentes con denominaciones espec\u00edficas inferiores a los 18.000 euros, y entonces se pide al interesado que se ponga de acuerdo con otras dos empresas o personas para que acompa\u00f1en a su oferta con otras dos de presupuesto superior o m\u00e1s incompletas. De este modo la administraci\u00f3n tiene sobre la mesa un planteamiento formalmente perfecto: una contrataci\u00f3n directa en la que adem\u00e1s puede escoger entre tres candidatos. Exactamente este est\u00e1ndar en el procedimiento es por el que la jueza <strong>acusa a Laura Borr\u00e0s<\/strong>.<\/span><\/p>\n<p><span style=\"display: inline !important; float: none; background-color: #f5f5f5; border-collapse: collapse; color: #333333; font-family: 'Open Sans',Helvetica,Arial,sans-serif; font-size: 16px; font-style: normal; font-variant: normal; font-weight: 300; letter-spacing: normal; line-height: 1.7; orphans: 2; text-align: left; text-decoration: none; text-indent: 0px; text-transform: none; -webkit-text-stroke-width: 0px; white-space: normal; word-spacing: 0px;\">Hay que decir que si algunos de los delitos que se le imputan acabaran confirm\u00e1ndose, la dejar\u00edan fuera de la pol\u00edtica, porque el delito de prevaricaci\u00f3n comporta de 9 a 15 a\u00f1os de inhabilitaci\u00f3n, el de malversaci\u00f3n de 2 a 6 a\u00f1os de prisi\u00f3n y una inhabilitaci\u00f3n de 6 a 10 a\u00f1os, y el de estafa puede comportar un encarcelamiento de 6 meses a 3 a\u00f1os y, en el supuesto de que sea agravada, de 1 a 6 a\u00f1os. Cualquiera de estos supuestos penales, en el caso de acreditarse, dejar\u00edan fuera de juego a Laura Borr\u00e0s.<\/span><\/p>\n","protected":false},"excerpt":{"rendered":"<p>Laura Borr\u00e0s, persona de confianza de Torra y Puigdemont, y posible candidata a la presidencia de la Generalitat si al final se descartara al expresidente, tiene una dif\u00edcil papeleta a consecuencia del procedimiento judicial que tiene abierto por unas presuntas contrataciones fraudulentas llevadas a cabo cuando dirig\u00eda la Instituci\u00f3 de les Lletres Catalanes. La exposici\u00f3n razonada que ha enviado una juez de Barcelona al Tribunal Supremo, porque se trata de una persona aforada, contiene numerosos comunicados entre Laura Borr\u00e0s y el posible beneficiario de los contratos irregulares y amigo de la diputada, Isa\u00edas Herrero, que podr\u00edan constituir indicios suficientes para determinar su investigaci\u00f3n. Concretamente, la causa penal contra Borr\u00e0s incorpora los delitos de prevaricaci\u00f3n, malversaci\u00f3n, fraude y falsedad documental con motivo de haber adjudicado a dedo 18 contratos menores de 18.000 euros, y que por lo tanto no tienen que sujetarse a concurso p\u00fablico. La jueza considera que en realidad esta diversidad de contratos responde a haber efectuado una fragmentaci\u00f3n de un solo contrato a fin de proceder a la contrataci\u00f3n directa a causa del menor importe. Laura Borr\u00e0s siempre ha negado estas acusaciones y en los \u00faltimos tiempos incluso ha hablado de persecuci\u00f3n pol\u00edtica, pero en su comparecencia a la Comisi\u00f3n del Parlamento, cuando ya era consejera de Cultura, para abordar esta cuesti\u00f3n se limit\u00f3 a hablar solo de tres contrataciones, y no del conjunto por el cual se la acusa. A partir de la presunci\u00f3n de inocencia que siempre se tiene que formular, hay que decir que la acusaci\u00f3n contra Laura Borr\u00e0s responde a una pr\u00e1ctica hist\u00f3ricamente muy extendida en las administraciones a fin de facilitar la contrataci\u00f3n de empresas o personas predeterminadas, sin acudir al concurso p\u00fablico. Hay que tener en cuenta que operar de este modo no siempre es por raz\u00f3n de un presunto beneficio econ\u00f3mico, sino que sencillamente se quiere garantizar por razones de confianza, que aquel sujeto pueda llevar a cabo el encargo y no est\u00e9 sometido a la incertidumbre del concurso. Para conseguir este fin, se divide la materia a concursar en varios contratos diferentes con denominaciones espec\u00edficas inferiores a los 18.000 euros, y entonces se pide al interesado que se ponga de acuerdo con otras dos empresas o personas para que acompa\u00f1en a su oferta con otras dos de presupuesto superior o m\u00e1s incompletas. De este modo la administraci\u00f3n tiene sobre la mesa un planteamiento formalmente perfecto: una contrataci\u00f3n directa en la que adem\u00e1s puede escoger entre tres candidatos. Exactamente este est\u00e1ndar en el procedimiento es por el que la jueza acusa a Laura Borr\u00e0s. Hay que decir que si algunos de los delitos que se le imputan acabaran confirm\u00e1ndose, la dejar\u00edan fuera de la pol\u00edtica, porque el delito de prevaricaci\u00f3n comporta de 9 a 15 a\u00f1os de inhabilitaci\u00f3n, el de malversaci\u00f3n de 2 a 6 a\u00f1os de prisi\u00f3n y una inhabilitaci\u00f3n de 6 a 10 a\u00f1os, y el de estafa puede comportar un encarcelamiento de 6 meses a 3 a\u00f1os y, en el supuesto de que sea agravada, de 1 a 6 a\u00f1os. Cualquiera de estos supuestos penales, en el caso de acreditarse, dejar\u00edan fuera de juego a Laura Borr\u00e0s.<\/p>\n","protected":false},"author":2,"featured_media":29489,"comment_status":"open","ping_status":"open","sticky":false,"template":"","format":"standard","meta":{"_FSMCFIC_featured_image_caption":"","_FSMCFIC_featured_image_nocaption":"","_FSMCFIC_featured_image_hide":"","footnotes":""},"categories":[806],"tags":[1075],"class_list":["post-29492","post","type-post","status-publish","format-standard","has-post-thumbnail","hentry","category-punts-claus-del-dia-es","tag-laura-borras-es"],"yoast_head":"<!-- This site is optimized with the Yoast SEO plugin v26.8 - https:\/\/yoast.com\/product\/yoast-seo-wordpress\/ -->\n<title>Laura Borr\u00e0s, una candidata en la cuerda floja - Converses a Catalunya<\/title>\n<meta name=\"robots\" content=\"index, follow, max-snippet:-1, max-image-preview:large, max-video-preview:-1\" \/>\n<link rel=\"canonical\" href=\"https:\/\/conversesacatalunya.cat\/es\/laura-borras-una-candidata-en-la-cuerda-floja\/\" \/>\n<meta property=\"og:locale\" content=\"es_ES\" \/>\n<meta property=\"og:type\" content=\"article\" \/>\n<meta property=\"og:title\" content=\"Laura Borr\u00e0s, una candidata en la cuerda floja - Converses a Catalunya\" \/>\n<meta property=\"og:description\" content=\"Laura Borr\u00e0s, persona de confianza de Torra y Puigdemont, y posible candidata a la presidencia de la Generalitat si al final se descartara al expresidente, tiene una dif\u00edcil papeleta a consecuencia del procedimiento judicial que tiene abierto por unas presuntas contrataciones fraudulentas llevadas a cabo cuando dirig\u00eda la Instituci\u00f3 de les Lletres Catalanes. La exposici\u00f3n razonada que ha enviado una juez de Barcelona al Tribunal Supremo, porque se trata de una persona aforada, contiene numerosos comunicados entre Laura Borr\u00e0s y el posible beneficiario de los contratos irregulares y amigo de la diputada, Isa\u00edas Herrero, que podr\u00edan constituir indicios suficientes para determinar su investigaci\u00f3n. Concretamente, la causa penal contra Borr\u00e0s incorpora los delitos de prevaricaci\u00f3n, malversaci\u00f3n, fraude y falsedad documental con motivo de haber adjudicado a dedo 18 contratos menores de 18.000 euros, y que por lo tanto no tienen que sujetarse a concurso p\u00fablico. La jueza considera que en realidad esta diversidad de contratos responde a haber efectuado una fragmentaci\u00f3n de un solo contrato a fin de proceder a la contrataci\u00f3n directa a causa del menor importe. Laura Borr\u00e0s siempre ha negado estas acusaciones y en los \u00faltimos tiempos incluso ha hablado de persecuci\u00f3n pol\u00edtica, pero en su comparecencia a la Comisi\u00f3n del Parlamento, cuando ya era consejera de Cultura, para abordar esta cuesti\u00f3n se limit\u00f3 a hablar solo de tres contrataciones, y no del conjunto por el cual se la acusa. A partir de la presunci\u00f3n de inocencia que siempre se tiene que formular, hay que decir que la acusaci\u00f3n contra Laura Borr\u00e0s responde a una pr\u00e1ctica hist\u00f3ricamente muy extendida en las administraciones a fin de facilitar la contrataci\u00f3n de empresas o personas predeterminadas, sin acudir al concurso p\u00fablico. Hay que tener en cuenta que operar de este modo no siempre es por raz\u00f3n de un presunto beneficio econ\u00f3mico, sino que sencillamente se quiere garantizar por razones de confianza, que aquel sujeto pueda llevar a cabo el encargo y no est\u00e9 sometido a la incertidumbre del concurso. Para conseguir este fin, se divide la materia a concursar en varios contratos diferentes con denominaciones espec\u00edficas inferiores a los 18.000 euros, y entonces se pide al interesado que se ponga de acuerdo con otras dos empresas o personas para que acompa\u00f1en a su oferta con otras dos de presupuesto superior o m\u00e1s incompletas. De este modo la administraci\u00f3n tiene sobre la mesa un planteamiento formalmente perfecto: una contrataci\u00f3n directa en la que adem\u00e1s puede escoger entre tres candidatos. Exactamente este est\u00e1ndar en el procedimiento es por el que la jueza acusa a Laura Borr\u00e0s. Hay que decir que si algunos de los delitos que se le imputan acabaran confirm\u00e1ndose, la dejar\u00edan fuera de la pol\u00edtica, porque el delito de prevaricaci\u00f3n comporta de 9 a 15 a\u00f1os de inhabilitaci\u00f3n, el de malversaci\u00f3n de 2 a 6 a\u00f1os de prisi\u00f3n y una inhabilitaci\u00f3n de 6 a 10 a\u00f1os, y el de estafa puede comportar un encarcelamiento de 6 meses a 3 a\u00f1os y, en el supuesto de que sea agravada, de 1 a 6 a\u00f1os. Cualquiera de estos supuestos penales, en el caso de acreditarse, dejar\u00edan fuera de juego a Laura Borr\u00e0s.\" \/>\n<meta property=\"og:url\" content=\"https:\/\/conversesacatalunya.cat\/es\/laura-borras-una-candidata-en-la-cuerda-floja\/\" \/>\n<meta property=\"og:site_name\" content=\"Converses a Catalunya\" \/>\n<meta property=\"article:published_time\" content=\"2019-12-03T12:31:38+00:00\" \/>\n<meta property=\"article:modified_time\" content=\"2019-12-03T15:22:56+00:00\" \/>\n<meta property=\"og:image\" content=\"https:\/\/conversesacatalunya.cat\/wp-content\/uploads\/2019\/12\/laura-borras.jpeg\" \/>\n\t<meta property=\"og:image:width\" content=\"1000\" \/>\n\t<meta property=\"og:image:height\" content=\"528\" \/>\n\t<meta property=\"og:image:type\" content=\"image\/jpeg\" \/>\n<meta name=\"author\" content=\"conversesacatalunya\" \/>\n<meta name=\"twitter:card\" content=\"summary_large_image\" \/>\n<meta name=\"twitter:label1\" content=\"Escrito por\" \/>\n\t<meta name=\"twitter:data1\" content=\"conversesacatalunya\" \/>\n\t<meta name=\"twitter:label2\" content=\"Tiempo de lectura\" \/>\n\t<meta name=\"twitter:data2\" content=\"3 minutos\" \/>\n<script type=\"application\/ld+json\" class=\"yoast-schema-graph\">{\"@context\":\"https:\/\/schema.org\",\"@graph\":[{\"@type\":\"Article\",\"@id\":\"https:\/\/conversesacatalunya.cat\/es\/laura-borras-una-candidata-en-la-cuerda-floja\/#article\",\"isPartOf\":{\"@id\":\"https:\/\/conversesacatalunya.cat\/es\/laura-borras-una-candidata-en-la-cuerda-floja\/\"},\"author\":{\"name\":\"conversesacatalunya\",\"@id\":\"https:\/\/conversesacatalunya.cat\/#\/schema\/person\/7e24d1e54a2785373ddcb275eae5ed99\"},\"headline\":\"Laura Borr\u00e0s, una candidata en la cuerda floja\",\"datePublished\":\"2019-12-03T12:31:38+00:00\",\"dateModified\":\"2019-12-03T15:22:56+00:00\",\"mainEntityOfPage\":{\"@id\":\"https:\/\/conversesacatalunya.cat\/es\/laura-borras-una-candidata-en-la-cuerda-floja\/\"},\"wordCount\":566,\"commentCount\":0,\"image\":{\"@id\":\"https:\/\/conversesacatalunya.cat\/es\/laura-borras-una-candidata-en-la-cuerda-floja\/#primaryimage\"},\"thumbnailUrl\":\"https:\/\/conversesacatalunya.cat\/wp-content\/uploads\/2019\/12\/laura-borras.jpeg\",\"keywords\":[\"Laura Borr\u00e0s\"],\"articleSection\":[\"Punts clau del dia (ES)\"],\"inLanguage\":\"es\",\"potentialAction\":[{\"@type\":\"CommentAction\",\"name\":\"Comment\",\"target\":[\"https:\/\/conversesacatalunya.cat\/es\/laura-borras-una-candidata-en-la-cuerda-floja\/#respond\"]}]},{\"@type\":\"WebPage\",\"@id\":\"https:\/\/conversesacatalunya.cat\/es\/laura-borras-una-candidata-en-la-cuerda-floja\/\",\"url\":\"https:\/\/conversesacatalunya.cat\/es\/laura-borras-una-candidata-en-la-cuerda-floja\/\",\"name\":\"Laura Borr\u00e0s, una candidata en la cuerda floja - Converses a Catalunya\",\"isPartOf\":{\"@id\":\"https:\/\/conversesacatalunya.cat\/#website\"},\"primaryImageOfPage\":{\"@id\":\"https:\/\/conversesacatalunya.cat\/es\/laura-borras-una-candidata-en-la-cuerda-floja\/#primaryimage\"},\"image\":{\"@id\":\"https:\/\/conversesacatalunya.cat\/es\/laura-borras-una-candidata-en-la-cuerda-floja\/#primaryimage\"},\"thumbnailUrl\":\"https:\/\/conversesacatalunya.cat\/wp-content\/uploads\/2019\/12\/laura-borras.jpeg\",\"datePublished\":\"2019-12-03T12:31:38+00:00\",\"dateModified\":\"2019-12-03T15:22:56+00:00\",\"author\":{\"@id\":\"https:\/\/conversesacatalunya.cat\/#\/schema\/person\/7e24d1e54a2785373ddcb275eae5ed99\"},\"breadcrumb\":{\"@id\":\"https:\/\/conversesacatalunya.cat\/es\/laura-borras-una-candidata-en-la-cuerda-floja\/#breadcrumb\"},\"inLanguage\":\"es\",\"potentialAction\":[{\"@type\":\"ReadAction\",\"target\":[\"https:\/\/conversesacatalunya.cat\/es\/laura-borras-una-candidata-en-la-cuerda-floja\/\"]}]},{\"@type\":\"ImageObject\",\"inLanguage\":\"es\",\"@id\":\"https:\/\/conversesacatalunya.cat\/es\/laura-borras-una-candidata-en-la-cuerda-floja\/#primaryimage\",\"url\":\"https:\/\/conversesacatalunya.cat\/wp-content\/uploads\/2019\/12\/laura-borras.jpeg\",\"contentUrl\":\"https:\/\/conversesacatalunya.cat\/wp-content\/uploads\/2019\/12\/laura-borras.jpeg\",\"width\":1000,\"height\":528,\"caption\":\"Laura Borr\u00e0s\"},{\"@type\":\"BreadcrumbList\",\"@id\":\"https:\/\/conversesacatalunya.cat\/es\/laura-borras-una-candidata-en-la-cuerda-floja\/#breadcrumb\",\"itemListElement\":[{\"@type\":\"ListItem\",\"position\":1,\"name\":\"Inici\",\"item\":\"https:\/\/conversesacatalunya.cat\/es\/\"},{\"@type\":\"ListItem\",\"position\":2,\"name\":\"Laura Borr\u00e0s, una candidata en la cuerda floja\"}]},{\"@type\":\"WebSite\",\"@id\":\"https:\/\/conversesacatalunya.cat\/#website\",\"url\":\"https:\/\/conversesacatalunya.cat\/\",\"name\":\"Converses a Catalunya\",\"description\":\"\",\"potentialAction\":[{\"@type\":\"SearchAction\",\"target\":{\"@type\":\"EntryPoint\",\"urlTemplate\":\"https:\/\/conversesacatalunya.cat\/?s={search_term_string}\"},\"query-input\":{\"@type\":\"PropertyValueSpecification\",\"valueRequired\":true,\"valueName\":\"search_term_string\"}}],\"inLanguage\":\"es\"},{\"@type\":\"Person\",\"@id\":\"https:\/\/conversesacatalunya.cat\/#\/schema\/person\/7e24d1e54a2785373ddcb275eae5ed99\",\"name\":\"conversesacatalunya\",\"image\":{\"@type\":\"ImageObject\",\"inLanguage\":\"es\",\"@id\":\"https:\/\/conversesacatalunya.cat\/#\/schema\/person\/image\/\",\"url\":\"https:\/\/conversesacatalunya.cat\/wp-content\/litespeed\/avatar\/febdfeeec89d950f01c748045a981dd2.jpg?ver=1777314535\",\"contentUrl\":\"https:\/\/conversesacatalunya.cat\/wp-content\/litespeed\/avatar\/febdfeeec89d950f01c748045a981dd2.jpg?ver=1777314535\",\"caption\":\"conversesacatalunya\"},\"url\":\"https:\/\/conversesacatalunya.cat\/es\/author\/carme_catala\/\"}]}<\/script>\n<!-- \/ Yoast SEO plugin. -->","yoast_head_json":{"title":"Laura Borr\u00e0s, una candidata en la cuerda floja - Converses a Catalunya","robots":{"index":"index","follow":"follow","max-snippet":"max-snippet:-1","max-image-preview":"max-image-preview:large","max-video-preview":"max-video-preview:-1"},"canonical":"https:\/\/conversesacatalunya.cat\/es\/laura-borras-una-candidata-en-la-cuerda-floja\/","og_locale":"es_ES","og_type":"article","og_title":"Laura Borr\u00e0s, una candidata en la cuerda floja - Converses a Catalunya","og_description":"Laura Borr\u00e0s, persona de confianza de Torra y Puigdemont, y posible candidata a la presidencia de la Generalitat si al final se descartara al expresidente, tiene una dif\u00edcil papeleta a consecuencia del procedimiento judicial que tiene abierto por unas presuntas contrataciones fraudulentas llevadas a cabo cuando dirig\u00eda la Instituci\u00f3 de les Lletres Catalanes. La exposici\u00f3n razonada que ha enviado una juez de Barcelona al Tribunal Supremo, porque se trata de una persona aforada, contiene numerosos comunicados entre Laura Borr\u00e0s y el posible beneficiario de los contratos irregulares y amigo de la diputada, Isa\u00edas Herrero, que podr\u00edan constituir indicios suficientes para determinar su investigaci\u00f3n. Concretamente, la causa penal contra Borr\u00e0s incorpora los delitos de prevaricaci\u00f3n, malversaci\u00f3n, fraude y falsedad documental con motivo de haber adjudicado a dedo 18 contratos menores de 18.000 euros, y que por lo tanto no tienen que sujetarse a concurso p\u00fablico. La jueza considera que en realidad esta diversidad de contratos responde a haber efectuado una fragmentaci\u00f3n de un solo contrato a fin de proceder a la contrataci\u00f3n directa a causa del menor importe. Laura Borr\u00e0s siempre ha negado estas acusaciones y en los \u00faltimos tiempos incluso ha hablado de persecuci\u00f3n pol\u00edtica, pero en su comparecencia a la Comisi\u00f3n del Parlamento, cuando ya era consejera de Cultura, para abordar esta cuesti\u00f3n se limit\u00f3 a hablar solo de tres contrataciones, y no del conjunto por el cual se la acusa. A partir de la presunci\u00f3n de inocencia que siempre se tiene que formular, hay que decir que la acusaci\u00f3n contra Laura Borr\u00e0s responde a una pr\u00e1ctica hist\u00f3ricamente muy extendida en las administraciones a fin de facilitar la contrataci\u00f3n de empresas o personas predeterminadas, sin acudir al concurso p\u00fablico. Hay que tener en cuenta que operar de este modo no siempre es por raz\u00f3n de un presunto beneficio econ\u00f3mico, sino que sencillamente se quiere garantizar por razones de confianza, que aquel sujeto pueda llevar a cabo el encargo y no est\u00e9 sometido a la incertidumbre del concurso. Para conseguir este fin, se divide la materia a concursar en varios contratos diferentes con denominaciones espec\u00edficas inferiores a los 18.000 euros, y entonces se pide al interesado que se ponga de acuerdo con otras dos empresas o personas para que acompa\u00f1en a su oferta con otras dos de presupuesto superior o m\u00e1s incompletas. De este modo la administraci\u00f3n tiene sobre la mesa un planteamiento formalmente perfecto: una contrataci\u00f3n directa en la que adem\u00e1s puede escoger entre tres candidatos. Exactamente este est\u00e1ndar en el procedimiento es por el que la jueza acusa a Laura Borr\u00e0s. Hay que decir que si algunos de los delitos que se le imputan acabaran confirm\u00e1ndose, la dejar\u00edan fuera de la pol\u00edtica, porque el delito de prevaricaci\u00f3n comporta de 9 a 15 a\u00f1os de inhabilitaci\u00f3n, el de malversaci\u00f3n de 2 a 6 a\u00f1os de prisi\u00f3n y una inhabilitaci\u00f3n de 6 a 10 a\u00f1os, y el de estafa puede comportar un encarcelamiento de 6 meses a 3 a\u00f1os y, en el supuesto de que sea agravada, de 1 a 6 a\u00f1os. Cualquiera de estos supuestos penales, en el caso de acreditarse, dejar\u00edan fuera de juego a Laura Borr\u00e0s.","og_url":"https:\/\/conversesacatalunya.cat\/es\/laura-borras-una-candidata-en-la-cuerda-floja\/","og_site_name":"Converses a Catalunya","article_published_time":"2019-12-03T12:31:38+00:00","article_modified_time":"2019-12-03T15:22:56+00:00","og_image":[{"width":1000,"height":528,"url":"https:\/\/conversesacatalunya.cat\/wp-content\/uploads\/2019\/12\/laura-borras.jpeg","type":"image\/jpeg"}],"author":"conversesacatalunya","twitter_card":"summary_large_image","twitter_misc":{"Escrito por":"conversesacatalunya","Tiempo de lectura":"3 minutos"},"schema":{"@context":"https:\/\/schema.org","@graph":[{"@type":"Article","@id":"https:\/\/conversesacatalunya.cat\/es\/laura-borras-una-candidata-en-la-cuerda-floja\/#article","isPartOf":{"@id":"https:\/\/conversesacatalunya.cat\/es\/laura-borras-una-candidata-en-la-cuerda-floja\/"},"author":{"name":"conversesacatalunya","@id":"https:\/\/conversesacatalunya.cat\/#\/schema\/person\/7e24d1e54a2785373ddcb275eae5ed99"},"headline":"Laura Borr\u00e0s, una candidata en la cuerda floja","datePublished":"2019-12-03T12:31:38+00:00","dateModified":"2019-12-03T15:22:56+00:00","mainEntityOfPage":{"@id":"https:\/\/conversesacatalunya.cat\/es\/laura-borras-una-candidata-en-la-cuerda-floja\/"},"wordCount":566,"commentCount":0,"image":{"@id":"https:\/\/conversesacatalunya.cat\/es\/laura-borras-una-candidata-en-la-cuerda-floja\/#primaryimage"},"thumbnailUrl":"https:\/\/conversesacatalunya.cat\/wp-content\/uploads\/2019\/12\/laura-borras.jpeg","keywords":["Laura Borr\u00e0s"],"articleSection":["Punts clau del dia (ES)"],"inLanguage":"es","potentialAction":[{"@type":"CommentAction","name":"Comment","target":["https:\/\/conversesacatalunya.cat\/es\/laura-borras-una-candidata-en-la-cuerda-floja\/#respond"]}]},{"@type":"WebPage","@id":"https:\/\/conversesacatalunya.cat\/es\/laura-borras-una-candidata-en-la-cuerda-floja\/","url":"https:\/\/conversesacatalunya.cat\/es\/laura-borras-una-candidata-en-la-cuerda-floja\/","name":"Laura Borr\u00e0s, una candidata en la cuerda floja - Converses a Catalunya","isPartOf":{"@id":"https:\/\/conversesacatalunya.cat\/#website"},"primaryImageOfPage":{"@id":"https:\/\/conversesacatalunya.cat\/es\/laura-borras-una-candidata-en-la-cuerda-floja\/#primaryimage"},"image":{"@id":"https:\/\/conversesacatalunya.cat\/es\/laura-borras-una-candidata-en-la-cuerda-floja\/#primaryimage"},"thumbnailUrl":"https:\/\/conversesacatalunya.cat\/wp-content\/uploads\/2019\/12\/laura-borras.jpeg","datePublished":"2019-12-03T12:31:38+00:00","dateModified":"2019-12-03T15:22:56+00:00","author":{"@id":"https:\/\/conversesacatalunya.cat\/#\/schema\/person\/7e24d1e54a2785373ddcb275eae5ed99"},"breadcrumb":{"@id":"https:\/\/conversesacatalunya.cat\/es\/laura-borras-una-candidata-en-la-cuerda-floja\/#breadcrumb"},"inLanguage":"es","potentialAction":[{"@type":"ReadAction","target":["https:\/\/conversesacatalunya.cat\/es\/laura-borras-una-candidata-en-la-cuerda-floja\/"]}]},{"@type":"ImageObject","inLanguage":"es","@id":"https:\/\/conversesacatalunya.cat\/es\/laura-borras-una-candidata-en-la-cuerda-floja\/#primaryimage","url":"https:\/\/conversesacatalunya.cat\/wp-content\/uploads\/2019\/12\/laura-borras.jpeg","contentUrl":"https:\/\/conversesacatalunya.cat\/wp-content\/uploads\/2019\/12\/laura-borras.jpeg","width":1000,"height":528,"caption":"Laura Borr\u00e0s"},{"@type":"BreadcrumbList","@id":"https:\/\/conversesacatalunya.cat\/es\/laura-borras-una-candidata-en-la-cuerda-floja\/#breadcrumb","itemListElement":[{"@type":"ListItem","position":1,"name":"Inici","item":"https:\/\/conversesacatalunya.cat\/es\/"},{"@type":"ListItem","position":2,"name":"Laura Borr\u00e0s, una candidata en la cuerda floja"}]},{"@type":"WebSite","@id":"https:\/\/conversesacatalunya.cat\/#website","url":"https:\/\/conversesacatalunya.cat\/","name":"Converses a Catalunya","description":"","potentialAction":[{"@type":"SearchAction","target":{"@type":"EntryPoint","urlTemplate":"https:\/\/conversesacatalunya.cat\/?s={search_term_string}"},"query-input":{"@type":"PropertyValueSpecification","valueRequired":true,"valueName":"search_term_string"}}],"inLanguage":"es"},{"@type":"Person","@id":"https:\/\/conversesacatalunya.cat\/#\/schema\/person\/7e24d1e54a2785373ddcb275eae5ed99","name":"conversesacatalunya","image":{"@type":"ImageObject","inLanguage":"es","@id":"https:\/\/conversesacatalunya.cat\/#\/schema\/person\/image\/","url":"https:\/\/conversesacatalunya.cat\/wp-content\/litespeed\/avatar\/febdfeeec89d950f01c748045a981dd2.jpg?ver=1777314535","contentUrl":"https:\/\/conversesacatalunya.cat\/wp-content\/litespeed\/avatar\/febdfeeec89d950f01c748045a981dd2.jpg?ver=1777314535","caption":"conversesacatalunya"},"url":"https:\/\/conversesacatalunya.cat\/es\/author\/carme_catala\/"}]}},"wps_subtitle":"","_links":{"self":[{"href":"https:\/\/conversesacatalunya.cat\/es\/wp-json\/wp\/v2\/posts\/29492","targetHints":{"allow":["GET"]}}],"collection":[{"href":"https:\/\/conversesacatalunya.cat\/es\/wp-json\/wp\/v2\/posts"}],"about":[{"href":"https:\/\/conversesacatalunya.cat\/es\/wp-json\/wp\/v2\/types\/post"}],"author":[{"embeddable":true,"href":"https:\/\/conversesacatalunya.cat\/es\/wp-json\/wp\/v2\/users\/2"}],"replies":[{"embeddable":true,"href":"https:\/\/conversesacatalunya.cat\/es\/wp-json\/wp\/v2\/comments?post=29492"}],"version-history":[{"count":2,"href":"https:\/\/conversesacatalunya.cat\/es\/wp-json\/wp\/v2\/posts\/29492\/revisions"}],"predecessor-version":[{"id":29494,"href":"https:\/\/conversesacatalunya.cat\/es\/wp-json\/wp\/v2\/posts\/29492\/revisions\/29494"}],"wp:featuredmedia":[{"embeddable":true,"href":"https:\/\/conversesacatalunya.cat\/es\/wp-json\/wp\/v2\/media\/29489"}],"wp:attachment":[{"href":"https:\/\/conversesacatalunya.cat\/es\/wp-json\/wp\/v2\/media?parent=29492"}],"wp:term":[{"taxonomy":"category","embeddable":true,"href":"https:\/\/conversesacatalunya.cat\/es\/wp-json\/wp\/v2\/categories?post=29492"},{"taxonomy":"post_tag","embeddable":true,"href":"https:\/\/conversesacatalunya.cat\/es\/wp-json\/wp\/v2\/tags?post=29492"}],"curies":[{"name":"wp","href":"https:\/\/api.w.org\/{rel}","templated":true}]}}