{"id":29309,"date":"2019-11-28T11:47:46","date_gmt":"2019-11-28T10:47:46","guid":{"rendered":"https:\/\/conversesacatalunya.cat\/habitatge-la-gran-promesa-no-complida-dada-colau\/"},"modified":"2019-11-28T16:38:24","modified_gmt":"2019-11-28T15:38:24","slug":"vivienda-la-gran-promesa-no-cumplida-de-ada-colau","status":"publish","type":"post","link":"https:\/\/conversesacatalunya.cat\/es\/vivienda-la-gran-promesa-no-cumplida-de-ada-colau\/","title":{"rendered":"Vivienda, la gran promesa no cumplida de Ada Colau"},"content":{"rendered":"<p><span style=\"display: inline !important; float: none; background-color: #f5f5f5; border-collapse: collapse; color: #333333; font-family: 'Open Sans',Helvetica,Arial,sans-serif; font-size: 16px; font-style: normal; font-variant: normal; font-weight: 300; letter-spacing: normal; line-height: 1.7; orphans: 2; text-align: left; text-decoration: none; text-indent: 0px; text-transform: none; -webkit-text-stroke-width: 0px; white-space: normal; word-spacing: 0px;\">Una de las grandes ense\u00f1as de la campa\u00f1a electoral de <\/span>Ada<span style=\"display: inline !important; float: none; background-color: #f5f5f5; border-collapse: collapse; color: #333333; font-family: 'Open Sans',Helvetica,Arial,sans-serif; font-size: 16px; font-style: normal; font-variant: normal; font-weight: 300; letter-spacing: normal; line-height: 1.7; orphans: 2; text-align: left; text-decoration: none; text-indent: 0px; text-transform: none; -webkit-text-stroke-width: 0px; white-space: normal; word-spacing: 0px;\"> Colau en la primera legislatura, determinante para llegar a la alcald\u00eda, fue la de <strong>luchar por una vivienda al alcance de todo el mundo<\/strong>. Lo que significaba <strong>promover la construcci\u00f3n de <a href=\"https:\/\/conversesacatalunya.cat\/per-que-funciona-tan-malament-habitatge-social-a-catalunya\/\" target=\"_blank\" rel=\"noopener noreferrer\">vivienda social<\/a><\/strong> y llegar a ejercer un cierto control en los <strong>precios del alquiler<\/strong>.<\/span><\/p>\n<p><span style=\"display: inline !important; float: none; background-color: #f5f5f5; border-collapse: collapse; color: #333333; font-family: 'Open Sans',Helvetica,Arial,sans-serif; font-size: 16px; font-style: normal; font-variant: normal; font-weight: 300; letter-spacing: normal; line-height: 1.7; orphans: 2; text-align: left; text-decoration: none; text-indent: 0px; text-transform: none; -webkit-text-stroke-width: 0px; white-space: normal; word-spacing: 0px;\">La construcci\u00f3n de viviendas ha sido hasta ahora exigua y no solo por un problema de recursos, sino tambi\u00e9n de <strong>capacidad de gesti\u00f3n<\/strong>. Pero es que adem\u00e1s el <a href=\"https:\/\/conversesacatalunya.cat\/el-lloguer-arriba-a-maxims-historics\/\" target=\"_blank\" rel=\"noopener noreferrer\">precio del alquiler<\/a> <strong>ha continuado escalando<\/strong> hasta l\u00edmites estratosf\u00e9ricos, de forma que en la actualidad ya superan en mucho el m\u00e1ximo del boom en la ciudad de Barcelona, que se situaba en 813 euros al mes en 2008. Esta cifra ya fue superada en 2017 llegando a los 877,3 euros al mes, y la evoluci\u00f3n ha continuado al alza de manera implacable hasta los actuales 956,5 euros al mes.<\/span><\/p>\n<p><span style=\"display: inline !important; float: none; background-color: #f5f5f5; border-collapse: collapse; color: #333333; font-family: 'Open Sans',Helvetica,Arial,sans-serif; font-size: 16px; font-style: normal; font-variant: normal; font-weight: 300; letter-spacing: normal; line-height: 1.7; orphans: 2; text-align: left; text-decoration: none; text-indent: 0px; text-transform: none; -webkit-text-stroke-width: 0px; white-space: normal; word-spacing: 0px;\">El aumento ha sido generalizado en todos los barrios de Barcelona, porque aquella cifra es el precio medio. Tres distritos la superan ampliamente: el Eixample (1.066,8 euros\/mes), Le<\/span><span style=\"display: inline !important; float: none; background-color: #f5f5f5; border-collapse: collapse; color: #333333; font-family: 'Open Sans',Helvetica,Arial,sans-serif; font-size: 16px; font-style: normal; font-variant: normal; font-weight: 300; letter-spacing: normal; line-height: 1.7; orphans: 2; text-align: left; text-decoration: none; text-indent: 0px; text-transform: none; -webkit-text-stroke-width: 0px; white-space: normal; word-spacing: 0px;\">s Corts (1.121,4 euros\/mes) y Sarri\u00e0-Sant Gervasi (1.282,1 euros\/mes). Otros tres distritos se sit\u00faan por encima de la cifra de los 900 euros, concretamente Ciutat Vella (941,9 euros\/mes), Gr\u00e0cia (938,7 euros\/mes) y Sant Mart\u00ed (927,7 euros\/mes).<\/span><\/p>\n<p><span style=\"display: inline !important; float: none; background-color: #f5f5f5; border-collapse: collapse; color: #333333; font-family: 'Open Sans',Helvetica,Arial,sans-serif; font-size: 16px; font-style: normal; font-variant: normal; font-weight: 300; letter-spacing: normal; line-height: 1.7; orphans: 2; text-align: left; text-decoration: none; text-indent: 0px; text-transform: none; -webkit-text-stroke-width: 0px; white-space: normal; word-spacing: 0px;\">Desde el a\u00f1o 2000, la ciudad ha sufrido un <strong>incremento del 134,3%<\/strong>. Y han sido los distritos de mayor renta Sarri\u00e0-Sant Gervasi y Les Corts donde la subida ha sido m\u00e1s moderada, 103,1% y 97,5% respectivamente. El mayor aumento se ha dado en <strong>Ciutat Vella<\/strong>, de forma que este distrito ha pasado de ser el que ten\u00eda los precios de alquiler m\u00e1s bajos en 2000 (325,2 euros\/mes), por detr\u00e1s de Nou Barris (330,9 euros\/mes), a ocupar la cuarta posici\u00f3n justo por detr\u00e1s del Eixample.<\/span><\/p>\n<p><span style=\"display: inline !important; float: none; background-color: #f5f5f5; border-collapse: collapse; color: #333333; font-family: 'Open Sans',Helvetica,Arial,sans-serif; font-size: 16px; font-style: normal; font-variant: normal; font-weight: 300; letter-spacing: normal; line-height: 1.7; orphans: 2; text-align: left; text-decoration: none; text-indent: 0px; text-transform: none; -webkit-text-stroke-width: 0px; white-space: normal; word-spacing: 0px;\">Se ha producido un proceso de <\/span>gentrificaci\u00f3n<span style=\"display: inline !important; float: none; background-color: #f5f5f5; border-collapse: collapse; color: #333333; font-family: 'Open Sans',Helvetica,Arial,sans-serif; font-size: 16px; font-style: normal; font-variant: normal; font-weight: 300; letter-spacing: normal; line-height: 1.7; orphans: 2; text-align: left; text-decoration: none; text-indent: 0px; text-transform: none; -webkit-text-stroke-width: 0px; white-space: normal; word-spacing: 0px;\"> acelerado que no solo tiene que ver con el desplazamiento generado por los nuevos residentes, sino que est\u00e1 muy conectado al impacto de los <strong>pisos tur\u00edsticos<\/strong> que han revalorizado la zona al considerarla \u201cpintoresca\u201d. Este resultado expulsa a la gente que viv\u00eda en ella y que precisamente se caracteriza por ser de las de menores ingresos de la ciudad.<\/span><\/p>\n<p><span style=\"display: inline !important; float: none; background-color: #f5f5f5; border-collapse: collapse; color: #333333; font-family: 'Open Sans',Helvetica,Arial,sans-serif; font-size: 16px; font-style: normal; font-variant: normal; font-weight: 300; letter-spacing: normal; line-height: 1.7; orphans: 2; text-align: left; text-decoration: none; text-indent: 0px; text-transform: none; -webkit-text-stroke-width: 0px; white-space: normal; word-spacing: 0px;\">Hay un <strong>fracaso municipal<\/strong> en estas din\u00e1micas tan radicales y r\u00e1pidas para lo que es el tiempo hist\u00f3rico de una urbe. Fracaso en la capacidad de contenci\u00f3n, que seguramente era dif\u00edcil de llevar a cabo, pero fracaso tambi\u00e9n en las medidas de <strong>paliaci\u00f3n y de ayuda a la poblaci\u00f3n afectada<\/strong>.<\/span><\/p>\n<p><span style=\"display: inline !important; float: none; background-color: #f5f5f5; border-collapse: collapse; color: #333333; font-family: 'Open Sans',Helvetica,Arial,sans-serif; font-size: 16px; font-style: normal; font-variant: normal; font-weight: 300; letter-spacing: normal; line-height: 1.7; orphans: 2; text-align: left; text-decoration: none; text-indent: 0px; text-transform: none; -webkit-text-stroke-width: 0px; white-space: normal; word-spacing: 0px;\">Ahora se ve claramente que la bandera que levant\u00f3 Colau con la vivienda era demag\u00f3gica, puesto que escapaba de las posibilidades del Ayuntamiento. Pero esto no invalida la cr\u00edtica, que en todo caso es una cr\u00edtica precisamente al uso de la demagogia para escalar posiciones pol\u00edticas. Ni es excusa la dificultad para justificar la incapacidad de aplicar aquellas medidas, que si no resuelven el problema al menos aten\u00faan sus aspectos m\u00e1s negativos sobre el conjunto de la poblaci\u00f3n.<\/span><\/p>\n","protected":false},"excerpt":{"rendered":"<p>Una de las grandes ense\u00f1as de la campa\u00f1a electoral de Ada Colau en la primera legislatura, determinante para llegar a la alcald\u00eda, fue la de luchar por una vivienda al alcance de todo el mundo. Lo que significaba promover la construcci\u00f3n de vivienda social y llegar a ejercer un cierto control en los precios del alquiler. La construcci\u00f3n de viviendas ha sido hasta ahora exigua y no solo por un problema de recursos, sino tambi\u00e9n de capacidad de gesti\u00f3n. Pero es que adem\u00e1s el precio del alquiler ha continuado escalando hasta l\u00edmites estratosf\u00e9ricos, de forma que en la actualidad ya superan en mucho el m\u00e1ximo del boom en la ciudad de Barcelona, que se situaba en 813 euros al mes en 2008. Esta cifra ya fue superada en 2017 llegando a los 877,3 euros al mes, y la evoluci\u00f3n ha continuado al alza de manera implacable hasta los actuales 956,5 euros al mes. El aumento ha sido generalizado en todos los barrios de Barcelona, porque aquella cifra es el precio medio. Tres distritos la superan ampliamente: el Eixample (1.066,8 euros\/mes), Les Corts (1.121,4 euros\/mes) y Sarri\u00e0-Sant Gervasi (1.282,1 euros\/mes). Otros tres distritos se sit\u00faan por encima de la cifra de los 900 euros, concretamente Ciutat Vella (941,9 euros\/mes), Gr\u00e0cia (938,7 euros\/mes) y Sant Mart\u00ed (927,7 euros\/mes). Desde el a\u00f1o 2000, la ciudad ha sufrido un incremento del 134,3%. Y han sido los distritos de mayor renta Sarri\u00e0-Sant Gervasi y Les Corts donde la subida ha sido m\u00e1s moderada, 103,1% y 97,5% respectivamente. El mayor aumento se ha dado en Ciutat Vella, de forma que este distrito ha pasado de ser el que ten\u00eda los precios de alquiler m\u00e1s bajos en 2000 (325,2 euros\/mes), por detr\u00e1s de Nou Barris (330,9 euros\/mes), a ocupar la cuarta posici\u00f3n justo por detr\u00e1s del Eixample. Se ha producido un proceso de gentrificaci\u00f3n acelerado que no solo tiene que ver con el desplazamiento generado por los nuevos residentes, sino que est\u00e1 muy conectado al impacto de los pisos tur\u00edsticos que han revalorizado la zona al considerarla \u201cpintoresca\u201d. Este resultado expulsa a la gente que viv\u00eda en ella y que precisamente se caracteriza por ser de las de menores ingresos de la ciudad. Hay un fracaso municipal en estas din\u00e1micas tan radicales y r\u00e1pidas para lo que es el tiempo hist\u00f3rico de una urbe. Fracaso en la capacidad de contenci\u00f3n, que seguramente era dif\u00edcil de llevar a cabo, pero fracaso tambi\u00e9n en las medidas de paliaci\u00f3n y de ayuda a la poblaci\u00f3n afectada. Ahora se ve claramente que la bandera que levant\u00f3 Colau con la vivienda era demag\u00f3gica, puesto que escapaba de las posibilidades del Ayuntamiento. Pero esto no invalida la cr\u00edtica, que en todo caso es una cr\u00edtica precisamente al uso de la demagogia para escalar posiciones pol\u00edticas. Ni es excusa la dificultad para justificar la incapacidad de aplicar aquellas medidas, que si no resuelven el problema al menos aten\u00faan sus aspectos m\u00e1s negativos sobre el conjunto de la poblaci\u00f3n.<\/p>\n","protected":false},"author":2,"featured_media":29288,"comment_status":"open","ping_status":"open","sticky":false,"template":"","format":"standard","meta":{"_FSMCFIC_featured_image_caption":"","_FSMCFIC_featured_image_nocaption":"","_FSMCFIC_featured_image_hide":"","footnotes":""},"categories":[3787,806],"tags":[889,1026,1036,1037,1035],"class_list":["post-29309","post","type-post","status-publish","format-standard","has-post-thumbnail","hentry","category-expedient-barcelona-es","category-punts-claus-del-dia-es","tag-barcelona-es","tag-habitatge-es","tag-pisos-turisticos","tag-precios-alquiler","tag-vivienda"],"yoast_head":"<!-- This site is optimized with the Yoast SEO plugin v26.8 - https:\/\/yoast.com\/product\/yoast-seo-wordpress\/ -->\n<title>Vivienda, la gran promesa no cumplida de Ada Colau<\/title>\n<meta name=\"description\" content=\"Una de les grans ensenyes de la primera campanya electoral d\u2019Ada Colau va ser la de lluitar per un habitatge a l\u2019abast de tothom\" \/>\n<meta name=\"robots\" content=\"index, follow, max-snippet:-1, max-image-preview:large, max-video-preview:-1\" \/>\n<link rel=\"canonical\" href=\"https:\/\/conversesacatalunya.cat\/es\/vivienda-la-gran-promesa-no-cumplida-de-ada-colau\/\" \/>\n<meta property=\"og:locale\" content=\"es_ES\" \/>\n<meta property=\"og:type\" content=\"article\" \/>\n<meta property=\"og:title\" content=\"Vivienda, la gran promesa no cumplida de Ada Colau\" \/>\n<meta property=\"og:description\" content=\"Una de les grans ensenyes de la primera campanya electoral d\u2019Ada Colau va ser la de lluitar per un habitatge a l\u2019abast de tothom\" \/>\n<meta property=\"og:url\" content=\"https:\/\/conversesacatalunya.cat\/es\/vivienda-la-gran-promesa-no-cumplida-de-ada-colau\/\" \/>\n<meta property=\"og:site_name\" content=\"Converses a Catalunya\" \/>\n<meta property=\"article:published_time\" content=\"2019-11-28T10:47:46+00:00\" \/>\n<meta property=\"article:modified_time\" content=\"2019-11-28T15:38:24+00:00\" \/>\n<meta property=\"og:image\" content=\"https:\/\/conversesacatalunya.cat\/wp-content\/uploads\/2019\/11\/habitatge-barcelona.jpg\" \/>\n\t<meta property=\"og:image:width\" content=\"1200\" \/>\n\t<meta property=\"og:image:height\" content=\"800\" \/>\n\t<meta property=\"og:image:type\" content=\"image\/jpeg\" \/>\n<meta name=\"author\" content=\"conversesacatalunya\" \/>\n<meta name=\"twitter:card\" content=\"summary_large_image\" \/>\n<meta name=\"twitter:label1\" content=\"Escrito por\" \/>\n\t<meta name=\"twitter:data1\" content=\"conversesacatalunya\" \/>\n\t<meta name=\"twitter:label2\" content=\"Tiempo de lectura\" \/>\n\t<meta name=\"twitter:data2\" content=\"3 minutos\" \/>\n<script type=\"application\/ld+json\" class=\"yoast-schema-graph\">{\"@context\":\"https:\/\/schema.org\",\"@graph\":[{\"@type\":\"Article\",\"@id\":\"https:\/\/conversesacatalunya.cat\/es\/vivienda-la-gran-promesa-no-cumplida-de-ada-colau\/#article\",\"isPartOf\":{\"@id\":\"https:\/\/conversesacatalunya.cat\/es\/vivienda-la-gran-promesa-no-cumplida-de-ada-colau\/\"},\"author\":{\"name\":\"conversesacatalunya\",\"@id\":\"https:\/\/conversesacatalunya.cat\/#\/schema\/person\/7e24d1e54a2785373ddcb275eae5ed99\"},\"headline\":\"Vivienda, la gran promesa no cumplida de Ada Colau\",\"datePublished\":\"2019-11-28T10:47:46+00:00\",\"dateModified\":\"2019-11-28T15:38:24+00:00\",\"mainEntityOfPage\":{\"@id\":\"https:\/\/conversesacatalunya.cat\/es\/vivienda-la-gran-promesa-no-cumplida-de-ada-colau\/\"},\"wordCount\":534,\"commentCount\":0,\"image\":{\"@id\":\"https:\/\/conversesacatalunya.cat\/es\/vivienda-la-gran-promesa-no-cumplida-de-ada-colau\/#primaryimage\"},\"thumbnailUrl\":\"https:\/\/conversesacatalunya.cat\/wp-content\/uploads\/2019\/11\/habitatge-barcelona.jpg\",\"keywords\":[\"Barcelona\",\"Habitatge\",\"pisos tur\u00edsticos\",\"Precios alquiler\",\"vivienda\"],\"articleSection\":[\"Expedient Barcelona (ES)\",\"Punts clau del dia (ES)\"],\"inLanguage\":\"es\",\"potentialAction\":[{\"@type\":\"CommentAction\",\"name\":\"Comment\",\"target\":[\"https:\/\/conversesacatalunya.cat\/es\/vivienda-la-gran-promesa-no-cumplida-de-ada-colau\/#respond\"]}]},{\"@type\":\"WebPage\",\"@id\":\"https:\/\/conversesacatalunya.cat\/es\/vivienda-la-gran-promesa-no-cumplida-de-ada-colau\/\",\"url\":\"https:\/\/conversesacatalunya.cat\/es\/vivienda-la-gran-promesa-no-cumplida-de-ada-colau\/\",\"name\":\"Vivienda, la gran promesa no cumplida de Ada Colau\",\"isPartOf\":{\"@id\":\"https:\/\/conversesacatalunya.cat\/#website\"},\"primaryImageOfPage\":{\"@id\":\"https:\/\/conversesacatalunya.cat\/es\/vivienda-la-gran-promesa-no-cumplida-de-ada-colau\/#primaryimage\"},\"image\":{\"@id\":\"https:\/\/conversesacatalunya.cat\/es\/vivienda-la-gran-promesa-no-cumplida-de-ada-colau\/#primaryimage\"},\"thumbnailUrl\":\"https:\/\/conversesacatalunya.cat\/wp-content\/uploads\/2019\/11\/habitatge-barcelona.jpg\",\"datePublished\":\"2019-11-28T10:47:46+00:00\",\"dateModified\":\"2019-11-28T15:38:24+00:00\",\"author\":{\"@id\":\"https:\/\/conversesacatalunya.cat\/#\/schema\/person\/7e24d1e54a2785373ddcb275eae5ed99\"},\"description\":\"Una de les grans ensenyes de la primera campanya electoral d\u2019Ada Colau va ser la de lluitar per un habitatge a l\u2019abast de tothom\",\"breadcrumb\":{\"@id\":\"https:\/\/conversesacatalunya.cat\/es\/vivienda-la-gran-promesa-no-cumplida-de-ada-colau\/#breadcrumb\"},\"inLanguage\":\"es\",\"potentialAction\":[{\"@type\":\"ReadAction\",\"target\":[\"https:\/\/conversesacatalunya.cat\/es\/vivienda-la-gran-promesa-no-cumplida-de-ada-colau\/\"]}]},{\"@type\":\"ImageObject\",\"inLanguage\":\"es\",\"@id\":\"https:\/\/conversesacatalunya.cat\/es\/vivienda-la-gran-promesa-no-cumplida-de-ada-colau\/#primaryimage\",\"url\":\"https:\/\/conversesacatalunya.cat\/wp-content\/uploads\/2019\/11\/habitatge-barcelona.jpg\",\"contentUrl\":\"https:\/\/conversesacatalunya.cat\/wp-content\/uploads\/2019\/11\/habitatge-barcelona.jpg\",\"width\":1200,\"height\":800,\"caption\":\"habitatge\"},{\"@type\":\"BreadcrumbList\",\"@id\":\"https:\/\/conversesacatalunya.cat\/es\/vivienda-la-gran-promesa-no-cumplida-de-ada-colau\/#breadcrumb\",\"itemListElement\":[{\"@type\":\"ListItem\",\"position\":1,\"name\":\"Inici\",\"item\":\"https:\/\/conversesacatalunya.cat\/es\/\"},{\"@type\":\"ListItem\",\"position\":2,\"name\":\"Vivienda, la gran promesa no cumplida de Ada Colau\"}]},{\"@type\":\"WebSite\",\"@id\":\"https:\/\/conversesacatalunya.cat\/#website\",\"url\":\"https:\/\/conversesacatalunya.cat\/\",\"name\":\"Converses a Catalunya\",\"description\":\"\",\"potentialAction\":[{\"@type\":\"SearchAction\",\"target\":{\"@type\":\"EntryPoint\",\"urlTemplate\":\"https:\/\/conversesacatalunya.cat\/?s={search_term_string}\"},\"query-input\":{\"@type\":\"PropertyValueSpecification\",\"valueRequired\":true,\"valueName\":\"search_term_string\"}}],\"inLanguage\":\"es\"},{\"@type\":\"Person\",\"@id\":\"https:\/\/conversesacatalunya.cat\/#\/schema\/person\/7e24d1e54a2785373ddcb275eae5ed99\",\"name\":\"conversesacatalunya\",\"image\":{\"@type\":\"ImageObject\",\"inLanguage\":\"es\",\"@id\":\"https:\/\/conversesacatalunya.cat\/#\/schema\/person\/image\/\",\"url\":\"https:\/\/conversesacatalunya.cat\/wp-content\/litespeed\/avatar\/febdfeeec89d950f01c748045a981dd2.jpg?ver=1777314535\",\"contentUrl\":\"https:\/\/conversesacatalunya.cat\/wp-content\/litespeed\/avatar\/febdfeeec89d950f01c748045a981dd2.jpg?ver=1777314535\",\"caption\":\"conversesacatalunya\"},\"url\":\"https:\/\/conversesacatalunya.cat\/es\/author\/carme_catala\/\"}]}<\/script>\n<!-- \/ Yoast SEO plugin. -->","yoast_head_json":{"title":"Vivienda, la gran promesa no cumplida de Ada Colau","description":"Una de les grans ensenyes de la primera campanya electoral d\u2019Ada Colau va ser la de lluitar per un habitatge a l\u2019abast de tothom","robots":{"index":"index","follow":"follow","max-snippet":"max-snippet:-1","max-image-preview":"max-image-preview:large","max-video-preview":"max-video-preview:-1"},"canonical":"https:\/\/conversesacatalunya.cat\/es\/vivienda-la-gran-promesa-no-cumplida-de-ada-colau\/","og_locale":"es_ES","og_type":"article","og_title":"Vivienda, la gran promesa no cumplida de Ada Colau","og_description":"Una de les grans ensenyes de la primera campanya electoral d\u2019Ada Colau va ser la de lluitar per un habitatge a l\u2019abast de tothom","og_url":"https:\/\/conversesacatalunya.cat\/es\/vivienda-la-gran-promesa-no-cumplida-de-ada-colau\/","og_site_name":"Converses a Catalunya","article_published_time":"2019-11-28T10:47:46+00:00","article_modified_time":"2019-11-28T15:38:24+00:00","og_image":[{"width":1200,"height":800,"url":"https:\/\/conversesacatalunya.cat\/wp-content\/uploads\/2019\/11\/habitatge-barcelona.jpg","type":"image\/jpeg"}],"author":"conversesacatalunya","twitter_card":"summary_large_image","twitter_misc":{"Escrito por":"conversesacatalunya","Tiempo de lectura":"3 minutos"},"schema":{"@context":"https:\/\/schema.org","@graph":[{"@type":"Article","@id":"https:\/\/conversesacatalunya.cat\/es\/vivienda-la-gran-promesa-no-cumplida-de-ada-colau\/#article","isPartOf":{"@id":"https:\/\/conversesacatalunya.cat\/es\/vivienda-la-gran-promesa-no-cumplida-de-ada-colau\/"},"author":{"name":"conversesacatalunya","@id":"https:\/\/conversesacatalunya.cat\/#\/schema\/person\/7e24d1e54a2785373ddcb275eae5ed99"},"headline":"Vivienda, la gran promesa no cumplida de Ada Colau","datePublished":"2019-11-28T10:47:46+00:00","dateModified":"2019-11-28T15:38:24+00:00","mainEntityOfPage":{"@id":"https:\/\/conversesacatalunya.cat\/es\/vivienda-la-gran-promesa-no-cumplida-de-ada-colau\/"},"wordCount":534,"commentCount":0,"image":{"@id":"https:\/\/conversesacatalunya.cat\/es\/vivienda-la-gran-promesa-no-cumplida-de-ada-colau\/#primaryimage"},"thumbnailUrl":"https:\/\/conversesacatalunya.cat\/wp-content\/uploads\/2019\/11\/habitatge-barcelona.jpg","keywords":["Barcelona","Habitatge","pisos tur\u00edsticos","Precios alquiler","vivienda"],"articleSection":["Expedient Barcelona (ES)","Punts clau del dia (ES)"],"inLanguage":"es","potentialAction":[{"@type":"CommentAction","name":"Comment","target":["https:\/\/conversesacatalunya.cat\/es\/vivienda-la-gran-promesa-no-cumplida-de-ada-colau\/#respond"]}]},{"@type":"WebPage","@id":"https:\/\/conversesacatalunya.cat\/es\/vivienda-la-gran-promesa-no-cumplida-de-ada-colau\/","url":"https:\/\/conversesacatalunya.cat\/es\/vivienda-la-gran-promesa-no-cumplida-de-ada-colau\/","name":"Vivienda, la gran promesa no cumplida de Ada Colau","isPartOf":{"@id":"https:\/\/conversesacatalunya.cat\/#website"},"primaryImageOfPage":{"@id":"https:\/\/conversesacatalunya.cat\/es\/vivienda-la-gran-promesa-no-cumplida-de-ada-colau\/#primaryimage"},"image":{"@id":"https:\/\/conversesacatalunya.cat\/es\/vivienda-la-gran-promesa-no-cumplida-de-ada-colau\/#primaryimage"},"thumbnailUrl":"https:\/\/conversesacatalunya.cat\/wp-content\/uploads\/2019\/11\/habitatge-barcelona.jpg","datePublished":"2019-11-28T10:47:46+00:00","dateModified":"2019-11-28T15:38:24+00:00","author":{"@id":"https:\/\/conversesacatalunya.cat\/#\/schema\/person\/7e24d1e54a2785373ddcb275eae5ed99"},"description":"Una de les grans ensenyes de la primera campanya electoral d\u2019Ada Colau va ser la de lluitar per un habitatge a l\u2019abast de tothom","breadcrumb":{"@id":"https:\/\/conversesacatalunya.cat\/es\/vivienda-la-gran-promesa-no-cumplida-de-ada-colau\/#breadcrumb"},"inLanguage":"es","potentialAction":[{"@type":"ReadAction","target":["https:\/\/conversesacatalunya.cat\/es\/vivienda-la-gran-promesa-no-cumplida-de-ada-colau\/"]}]},{"@type":"ImageObject","inLanguage":"es","@id":"https:\/\/conversesacatalunya.cat\/es\/vivienda-la-gran-promesa-no-cumplida-de-ada-colau\/#primaryimage","url":"https:\/\/conversesacatalunya.cat\/wp-content\/uploads\/2019\/11\/habitatge-barcelona.jpg","contentUrl":"https:\/\/conversesacatalunya.cat\/wp-content\/uploads\/2019\/11\/habitatge-barcelona.jpg","width":1200,"height":800,"caption":"habitatge"},{"@type":"BreadcrumbList","@id":"https:\/\/conversesacatalunya.cat\/es\/vivienda-la-gran-promesa-no-cumplida-de-ada-colau\/#breadcrumb","itemListElement":[{"@type":"ListItem","position":1,"name":"Inici","item":"https:\/\/conversesacatalunya.cat\/es\/"},{"@type":"ListItem","position":2,"name":"Vivienda, la gran promesa no cumplida de Ada Colau"}]},{"@type":"WebSite","@id":"https:\/\/conversesacatalunya.cat\/#website","url":"https:\/\/conversesacatalunya.cat\/","name":"Converses a Catalunya","description":"","potentialAction":[{"@type":"SearchAction","target":{"@type":"EntryPoint","urlTemplate":"https:\/\/conversesacatalunya.cat\/?s={search_term_string}"},"query-input":{"@type":"PropertyValueSpecification","valueRequired":true,"valueName":"search_term_string"}}],"inLanguage":"es"},{"@type":"Person","@id":"https:\/\/conversesacatalunya.cat\/#\/schema\/person\/7e24d1e54a2785373ddcb275eae5ed99","name":"conversesacatalunya","image":{"@type":"ImageObject","inLanguage":"es","@id":"https:\/\/conversesacatalunya.cat\/#\/schema\/person\/image\/","url":"https:\/\/conversesacatalunya.cat\/wp-content\/litespeed\/avatar\/febdfeeec89d950f01c748045a981dd2.jpg?ver=1777314535","contentUrl":"https:\/\/conversesacatalunya.cat\/wp-content\/litespeed\/avatar\/febdfeeec89d950f01c748045a981dd2.jpg?ver=1777314535","caption":"conversesacatalunya"},"url":"https:\/\/conversesacatalunya.cat\/es\/author\/carme_catala\/"}]}},"wps_subtitle":"","_links":{"self":[{"href":"https:\/\/conversesacatalunya.cat\/es\/wp-json\/wp\/v2\/posts\/29309","targetHints":{"allow":["GET"]}}],"collection":[{"href":"https:\/\/conversesacatalunya.cat\/es\/wp-json\/wp\/v2\/posts"}],"about":[{"href":"https:\/\/conversesacatalunya.cat\/es\/wp-json\/wp\/v2\/types\/post"}],"author":[{"embeddable":true,"href":"https:\/\/conversesacatalunya.cat\/es\/wp-json\/wp\/v2\/users\/2"}],"replies":[{"embeddable":true,"href":"https:\/\/conversesacatalunya.cat\/es\/wp-json\/wp\/v2\/comments?post=29309"}],"version-history":[{"count":4,"href":"https:\/\/conversesacatalunya.cat\/es\/wp-json\/wp\/v2\/posts\/29309\/revisions"}],"predecessor-version":[{"id":29318,"href":"https:\/\/conversesacatalunya.cat\/es\/wp-json\/wp\/v2\/posts\/29309\/revisions\/29318"}],"wp:featuredmedia":[{"embeddable":true,"href":"https:\/\/conversesacatalunya.cat\/es\/wp-json\/wp\/v2\/media\/29288"}],"wp:attachment":[{"href":"https:\/\/conversesacatalunya.cat\/es\/wp-json\/wp\/v2\/media?parent=29309"}],"wp:term":[{"taxonomy":"category","embeddable":true,"href":"https:\/\/conversesacatalunya.cat\/es\/wp-json\/wp\/v2\/categories?post=29309"},{"taxonomy":"post_tag","embeddable":true,"href":"https:\/\/conversesacatalunya.cat\/es\/wp-json\/wp\/v2\/tags?post=29309"}],"curies":[{"name":"wp","href":"https:\/\/api.w.org\/{rel}","templated":true}]}}