{"id":29129,"date":"2019-11-25T12:55:10","date_gmt":"2019-11-25T11:55:10","guid":{"rendered":"https:\/\/conversesacatalunya.cat\/debatem-sobre-el-referendum-i-la-seva-significacio-politica\/"},"modified":"2019-11-25T15:45:02","modified_gmt":"2019-11-25T14:45:02","slug":"debatimos-sobre-el-referendum-y-su-significacion-politica","status":"publish","type":"post","link":"https:\/\/conversesacatalunya.cat\/es\/debatimos-sobre-el-referendum-y-su-significacion-politica\/","title":{"rendered":"Debatimos sobre el refer\u00e9ndum y su significaci\u00f3n pol\u00edtica"},"content":{"rendered":"<p><span style=\"display: inline !important; float: none; background-color: #f5f5f5; border-collapse: collapse; color: #333333; font-family: 'Open Sans',Helvetica,Arial,sans-serif; font-size: 16px; font-style: normal; font-variant: normal; font-weight: 300; letter-spacing: normal; line-height: 1.7; orphans: 2; text-align: left; text-decoration: none; text-indent: 0px; text-transform: none; -webkit-text-stroke-width: 0px; white-space: normal; word-spacing: 0px;\">El independentismo apela al refer\u00e9ndum como si no <\/span>hubi\u00e9ramos <span style=\"display: inline !important; float: none; background-color: #f5f5f5; border-collapse: collapse; color: #333333; font-family: 'Open Sans',Helvetica,Arial,sans-serif; font-size: 16px; font-style: normal; font-variant: normal; font-weight: 300; letter-spacing: normal; line-height: 1.7; orphans: 2; text-align: left; text-decoration: none; text-indent: 0px; text-transform: none; -webkit-text-stroke-width: 0px; white-space: normal; word-spacing: 0px;\">ejercido nunca el voto y nos tuviera que <strong>descubrir<\/strong> cu\u00e1l es la realidad pol\u00edtica que queremos los catalanes. Como si este pa\u00eds fuera Timor Oriental antes de liberarse de Indonesia. Pero la realidad -siempre la realidad- es otra.<\/span><\/p>\n<p><span style=\"display: inline !important; float: none; background-color: #f5f5f5; border-collapse: collapse; color: #333333; font-family: 'Open Sans',Helvetica,Arial,sans-serif; font-size: 16px; font-style: normal; font-variant: normal; font-weight: 300; letter-spacing: normal; line-height: 1.7; orphans: 2; text-align: left; text-decoration: none; text-indent: 0px; text-transform: none; -webkit-text-stroke-width: 0px; white-space: normal; word-spacing: 0px;\">Nos autodeterminamos <\/span><span style=\"display: inline !important; float: none; background-color: #f5f5f5; border-collapse: collapse; color: #333333; font-family: 'Open Sans',Helvetica,Arial,sans-serif; font-size: 16px; font-style: normal; font-variant: normal; font-weight: 300; letter-spacing: normal; line-height: 1.7; orphans: 2; text-align: left; text-decoration: none; text-indent: 0px; text-transform: none; -webkit-text-stroke-width: 0px; white-space: normal; word-spacing: 0px;\">en cada ocasi\u00f3n que hemos votado, y queda fuera de toda cuesti\u00f3n que como m\u00ednimo es as\u00ed a partir del momento en que se <strong>calificaron las elecciones de 2015 como plebiscitarias<\/strong>. A partir del momento en que la independencia es la raz\u00f3n principal\u00edsima del voto; de hecho, viene de antes porque partidos independentistas<span style=\"background-color: #ffffff; font-family: -apple-system,BlinkMacSystemFont,'Segoe UI',Roboto,Oxygen-Sans,Ubuntu,Cantarell,'Helvetica Neue',sans-serif;\">,<\/span><\/span><span style=\"display: inline !important; float: none; background-color: #f5f5f5; border-collapse: collapse; color: #333333; font-family: 'Open Sans',Helvetica,Arial,sans-serif; font-size: 16px; font-style: normal; font-variant: normal; font-weight: 300; letter-spacing: normal; line-height: 1.7; orphans: 2; text-align: left; text-decoration: none; text-indent: 0px; text-transform: none; -webkit-text-stroke-width: 0px; white-space: normal; word-spacing: 0px;\"> empezando por ERC, hace tiempo que postulan sus candidaturas, pero dej\u00e9moslo en el 2015.<\/span><\/p>\n<p><span style=\"display: inline !important; float: none; background-color: #f5f5f5; border-collapse: collapse; color: #333333; font-family: 'Open Sans',Helvetica,Arial,sans-serif; font-size: 16px; font-style: normal; font-variant: normal; font-weight: 300; letter-spacing: normal; line-height: 1.7; orphans: 2; text-align: left; text-decoration: none; text-indent: 0px; text-transform: none; -webkit-text-stroke-width: 0px; white-space: normal; word-spacing: 0px;\"><strong>Despu\u00e9s, en 2017<\/strong>, las dram\u00e1ticas elecciones del 155 pusieron el voto a mil con el rechazo a la situaci\u00f3n creada, y as\u00ed hasta las pasadas generales. Sin embargo, nunca, en ning\u00fan caso, el independentismo <strong>ha logrado la mayor\u00eda absoluta de votos<\/strong>, y est\u00e1 lejos de ser una mayor\u00eda clara.<\/span><\/p>\n<p><span style=\"display: inline !important; float: none; background-color: #f5f5f5; border-collapse: collapse; color: #333333; font-family: 'Open Sans',Helvetica,Arial,sans-serif; font-size: 16px; font-style: normal; font-variant: normal; font-weight: 300; letter-spacing: normal; line-height: 1.7; orphans: 2; text-align: left; text-decoration: none; text-indent: 0px; text-transform: none; -webkit-text-stroke-width: 0px; white-space: normal; word-spacing: 0px;\">Las encuestas no sustituyen una votaci\u00f3n, pero se han hecho tantas que <strong>ser\u00eda irracional no referirse a ellas<\/strong>. Nunca la independencia ha salido ganadora. Por lo tanto, <strong>ya sabemos qu\u00e9 queremos los catalanes<\/strong>. No nos lo tiene que descubrir un refer\u00e9ndum. Hay que dejar esto bien asentado.<\/span><\/p>\n<p><span style=\"display: inline !important; float: none; background-color: #f5f5f5; border-collapse: collapse; color: #333333; font-family: 'Open Sans',Helvetica,Arial,sans-serif; font-size: 16px; font-style: normal; font-variant: normal; font-weight: 300; letter-spacing: normal; line-height: 1.7; orphans: 2; text-align: left; text-decoration: none; text-indent: 0px; text-transform: none; -webkit-text-stroke-width: 0px; white-space: normal; word-spacing: 0px;\">A partir de esta constataci\u00f3n, consideramos que <strong>un refer\u00e9ndum no solo no resolver\u00eda nada<\/strong> porque el resultado no comportar\u00eda ninguna diferencia con lo que ya sabemos, sino que la campa\u00f1a acentuar\u00eda la divisi\u00f3n entre catalanes, buscar\u00eda mover pasiones, acentuar\u00eda el problema m\u00e1s que resolverlo.<\/span><\/p>\n<p><span style=\"display: inline !important; float: none; background-color: #f5f5f5; border-collapse: collapse; color: #333333; font-family: 'Open Sans',Helvetica,Arial,sans-serif; font-size: 16px; font-style: normal; font-variant: normal; font-weight: 300; letter-spacing: normal; line-height: 1.7; orphans: 2; text-align: left; text-decoration: none; text-indent: 0px; text-transform: none; -webkit-text-stroke-width: 0px; white-space: normal; word-spacing: 0px;\"><strong>Hace falta que el independentismo supere ampliamente la mayor\u00eda absoluta de votos en unas elecciones<\/strong>, esta es su asignatura pendiente, y mientras no sea as\u00ed que se deje de refer\u00e9ndums y nos expliquen cu\u00e1l es su proyecto de pa\u00eds y muestren hasta d\u00f3nde llega su unidad.<\/span><\/p>\n<p><span style=\"display: inline !important; float: none; background-color: #f5f5f5; border-collapse: collapse; color: #333333; font-family: 'Open Sans',Helvetica,Arial,sans-serif; font-size: 16px; font-style: normal; font-variant: normal; font-weight: 300; letter-spacing: normal; line-height: 1.7; orphans: 2; text-align: left; text-decoration: none; text-indent: 0px; text-transform: none; -webkit-text-stroke-width: 0px; white-space: normal; word-spacing: 0px;\">\u00bfSer\u00eda un pa\u00eds con escuela concertada o solo p\u00fablica? Las pensiones catalanas, deficitarias desde 2011, \u00bfc\u00f3mo se financiar\u00edan? \u00bfQu\u00e9 modelo fiscal queremos? \u00bfC\u00f3mo se garantizar\u00e1 la independencia de los medios de comunicaci\u00f3n p\u00fablicos? \u00bfCu\u00e1l ser\u00eda el estatus del catal\u00e1n y el <\/span><span style=\"display: inline !important; float: none; background-color: #f5f5f5; border-collapse: collapse; color: #333333; font-family: 'Open Sans',Helvetica,Arial,sans-serif; font-size: 16px; font-style: normal; font-variant: normal; font-weight: 300; letter-spacing: normal; line-height: 1.7; orphans: 2; text-align: left; text-decoration: none; text-indent: 0px; text-transform: none; -webkit-text-stroke-width: 0px; white-space: normal; word-spacing: 0px;\">castellano en la perspectiva de un estado independiente? \u00bfSer\u00edan constitucionales los partidos que propugnaran la uni\u00f3n con Espa\u00f1a? \u00bfC\u00f3mo se financiar\u00eda el pa\u00eds desde el primer momento? \u00bfC\u00f3mo quedar\u00eda nuestra situaci\u00f3n en Europa?<\/span><\/p>\n<p><span style=\"display: inline !important; float: none; background-color: #f5f5f5; border-collapse: collapse; color: #333333; font-family: 'Open Sans',Helvetica,Arial,sans-serif; font-size: 16px; font-style: normal; font-variant: normal; font-weight: 300; letter-spacing: normal; line-height: 1.7; orphans: 2; text-align: left; text-decoration: none; text-indent: 0px; text-transform: none; -webkit-text-stroke-width: 0px; white-space: normal; word-spacing: 0px;\">Estas y otras muchas cuestiones son las que tienen que explicar, y sobre todo tienen que gobernar, cosa que no hacen. Mientras no lo hagan, es evidente que <strong>el refer\u00e9ndum es una distracci\u00f3n<\/strong> para encubrir la falta de proyecto pol\u00edtico y unidad del independentismo.<\/span><\/p>\n<p><span style=\"display: inline !important; float: none; background-color: #f5f5f5; border-collapse: collapse; color: #333333; font-family: 'Open Sans',Helvetica,Arial,sans-serif; font-size: 16px; font-style: normal; font-variant: normal; font-weight: 300; letter-spacing: normal; line-height: 1.7; orphans: 2; text-align: left; text-decoration: none; text-indent: 0px; text-transform: none; -webkit-text-stroke-width: 0px; white-space: normal; word-spacing: 0px;\">Y si ya sabemos que en un refer\u00e9ndum perder\u00eda el independentismo, \u00bfpor qu\u00e9 no hacerlo y acabar con la cuesti\u00f3n? Porque antes de qui\u00e9n gana, hay el hecho de que un refer\u00e9ndum por la independencia solo <\/span><span style=\"display: inline !important; float: none; background-color: #f5f5f5; border-collapse: collapse; color: #333333; font-family: 'Open Sans',Helvetica,Arial,sans-serif; font-size: 16px; font-style: normal; font-variant: normal; font-weight: 300; letter-spacing: normal; line-height: 1.7; orphans: 2; text-align: left; text-decoration: none; text-indent: 0px; text-transform: none; -webkit-text-stroke-width: 0px; white-space: normal; word-spacing: 0px;\">en Catalu\u00f1a <strong>no es constitucionalmente posible<\/strong>. Tendr\u00eda que ser, en todo caso, en toda Espa\u00f1a o previa modificaci\u00f3n de la Constituci\u00f3n, cosa que a su vez exigir\u00eda un refer\u00e9ndum previo para ver si se aprobaba.<\/span><\/p>\n<p><span style=\"display: inline !important; float: none; background-color: #f5f5f5; border-collapse: collapse; color: #333333; font-family: 'Open Sans',Helvetica,Arial,sans-serif; font-size: 16px; font-style: normal; font-variant: normal; font-weight: 300; letter-spacing: normal; line-height: 1.7; orphans: 2; text-align: left; text-decoration: none; text-indent: 0px; text-transform: none; -webkit-text-stroke-width: 0px; white-space: normal; word-spacing: 0px;\">Todo ello un esfuerzo est\u00e9ril, conflictivo e in\u00fatil. Postular un refer\u00e9ndum pactado quiere decir todo esto, y no hay ning\u00fan gobierno en Espa\u00f1a dispuesto a entrar en una modificaci\u00f3n constitucional de este tipo, por otro lado in\u00e9dita en Europa. La v\u00eda del refer\u00e9ndum es la cortina de humo para no hacer pol\u00edtica real, y mientras los ciudadanos que se apuntan a ella no asuman la evidencia, el pa\u00eds ir\u00e1 de Herodes a Pilatos<\/span><span style=\"display: inline !important; float: none; background-color: #f5f5f5; border-collapse: collapse; color: #333333; font-family: 'Open Sans',Helvetica,Arial,sans-serif; font-size: 16px; font-style: normal; font-variant: normal; font-weight: 300; letter-spacing: normal; line-height: 1.7; orphans: 2; text-align: left; text-decoration: none; text-indent: 0px; text-transform: none; -webkit-text-stroke-width: 0px; white-space: normal; word-spacing: 0px;\">.<\/span><\/p>\n","protected":false},"excerpt":{"rendered":"<p>El independentismo apela al refer\u00e9ndum como si no hubi\u00e9ramos ejercido nunca el voto y nos tuviera que descubrir cu\u00e1l es la realidad pol\u00edtica que queremos los catalanes. Como si este pa\u00eds fuera Timor Oriental antes de liberarse de Indonesia. Pero la realidad -siempre la realidad- es otra. Nos autodeterminamos en cada ocasi\u00f3n que hemos votado, y queda fuera de toda cuesti\u00f3n que como m\u00ednimo es as\u00ed a partir del momento en que se calificaron las elecciones de 2015 como plebiscitarias. A partir del momento en que la independencia es la raz\u00f3n principal\u00edsima del voto; de hecho, viene de antes porque partidos independentistas, empezando por ERC, hace tiempo que postulan sus candidaturas, pero dej\u00e9moslo en el 2015. Despu\u00e9s, en 2017, las dram\u00e1ticas elecciones del 155 pusieron el voto a mil con el rechazo a la situaci\u00f3n creada, y as\u00ed hasta las pasadas generales. Sin embargo, nunca, en ning\u00fan caso, el independentismo ha logrado la mayor\u00eda absoluta de votos, y est\u00e1 lejos de ser una mayor\u00eda clara. Las encuestas no sustituyen una votaci\u00f3n, pero se han hecho tantas que ser\u00eda irracional no referirse a ellas. Nunca la independencia ha salido ganadora. Por lo tanto, ya sabemos qu\u00e9 queremos los catalanes. No nos lo tiene que descubrir un refer\u00e9ndum. Hay que dejar esto bien asentado. A partir de esta constataci\u00f3n, consideramos que un refer\u00e9ndum no solo no resolver\u00eda nada porque el resultado no comportar\u00eda ninguna diferencia con lo que ya sabemos, sino que la campa\u00f1a acentuar\u00eda la divisi\u00f3n entre catalanes, buscar\u00eda mover pasiones, acentuar\u00eda el problema m\u00e1s que resolverlo. Hace falta que el independentismo supere ampliamente la mayor\u00eda absoluta de votos en unas elecciones, esta es su asignatura pendiente, y mientras no sea as\u00ed que se deje de refer\u00e9ndums y nos expliquen cu\u00e1l es su proyecto de pa\u00eds y muestren hasta d\u00f3nde llega su unidad. \u00bfSer\u00eda un pa\u00eds con escuela concertada o solo p\u00fablica? Las pensiones catalanas, deficitarias desde 2011, \u00bfc\u00f3mo se financiar\u00edan? \u00bfQu\u00e9 modelo fiscal queremos? \u00bfC\u00f3mo se garantizar\u00e1 la independencia de los medios de comunicaci\u00f3n p\u00fablicos? \u00bfCu\u00e1l ser\u00eda el estatus del catal\u00e1n y el castellano en la perspectiva de un estado independiente? \u00bfSer\u00edan constitucionales los partidos que propugnaran la uni\u00f3n con Espa\u00f1a? \u00bfC\u00f3mo se financiar\u00eda el pa\u00eds desde el primer momento? \u00bfC\u00f3mo quedar\u00eda nuestra situaci\u00f3n en Europa? Estas y otras muchas cuestiones son las que tienen que explicar, y sobre todo tienen que gobernar, cosa que no hacen. Mientras no lo hagan, es evidente que el refer\u00e9ndum es una distracci\u00f3n para encubrir la falta de proyecto pol\u00edtico y unidad del independentismo. Y si ya sabemos que en un refer\u00e9ndum perder\u00eda el independentismo, \u00bfpor qu\u00e9 no hacerlo y acabar con la cuesti\u00f3n? Porque antes de qui\u00e9n gana, hay el hecho de que un refer\u00e9ndum por la independencia solo en Catalu\u00f1a no es constitucionalmente posible. Tendr\u00eda que ser, en todo caso, en toda Espa\u00f1a o previa modificaci\u00f3n de la Constituci\u00f3n, cosa que a su vez exigir\u00eda un refer\u00e9ndum previo para ver si se aprobaba. Todo ello un esfuerzo est\u00e9ril, conflictivo e in\u00fatil. Postular un refer\u00e9ndum pactado quiere decir todo esto, y no hay ning\u00fan gobierno en Espa\u00f1a dispuesto a entrar en una modificaci\u00f3n constitucional de este tipo, por otro lado in\u00e9dita en Europa. La v\u00eda del refer\u00e9ndum es la cortina de humo para no hacer pol\u00edtica real, y mientras los ciudadanos que se apuntan a ella no asuman la evidencia, el pa\u00eds ir\u00e1 de Herodes a Pilatos.<\/p>\n","protected":false},"author":19,"featured_media":29101,"comment_status":"open","ping_status":"open","sticky":false,"template":"","format":"standard","meta":{"_FSMCFIC_featured_image_caption":"","_FSMCFIC_featured_image_nocaption":"","_FSMCFIC_featured_image_hide":"","footnotes":""},"categories":[796],"tags":[968,951,969],"class_list":["post-29129","post","type-post","status-publish","format-standard","has-post-thumbnail","hentry","category-el-blog-de-josep-miro-i-ardevol-es","tag-autodeterminacio-es","tag-independentisme-es","tag-referendum-es"],"yoast_head":"<!-- This site is optimized with the Yoast SEO plugin v26.8 - https:\/\/yoast.com\/product\/yoast-seo-wordpress\/ -->\n<title>Debatimos sobre el refer\u00e9ndum y su significaci\u00f3n pol\u00edtica - Converses a Catalunya<\/title>\n<meta name=\"robots\" content=\"index, follow, max-snippet:-1, max-image-preview:large, max-video-preview:-1\" \/>\n<link rel=\"canonical\" href=\"https:\/\/conversesacatalunya.cat\/es\/debatimos-sobre-el-referendum-y-su-significacion-politica\/\" \/>\n<meta property=\"og:locale\" content=\"es_ES\" \/>\n<meta property=\"og:type\" content=\"article\" \/>\n<meta property=\"og:title\" content=\"Debatimos sobre el refer\u00e9ndum y su significaci\u00f3n pol\u00edtica - Converses a Catalunya\" \/>\n<meta property=\"og:description\" content=\"El independentismo apela al refer\u00e9ndum como si no hubi\u00e9ramos ejercido nunca el voto y nos tuviera que descubrir cu\u00e1l es la realidad pol\u00edtica que queremos los catalanes. Como si este pa\u00eds fuera Timor Oriental antes de liberarse de Indonesia. Pero la realidad -siempre la realidad- es otra. Nos autodeterminamos en cada ocasi\u00f3n que hemos votado, y queda fuera de toda cuesti\u00f3n que como m\u00ednimo es as\u00ed a partir del momento en que se calificaron las elecciones de 2015 como plebiscitarias. A partir del momento en que la independencia es la raz\u00f3n principal\u00edsima del voto; de hecho, viene de antes porque partidos independentistas, empezando por ERC, hace tiempo que postulan sus candidaturas, pero dej\u00e9moslo en el 2015. Despu\u00e9s, en 2017, las dram\u00e1ticas elecciones del 155 pusieron el voto a mil con el rechazo a la situaci\u00f3n creada, y as\u00ed hasta las pasadas generales. Sin embargo, nunca, en ning\u00fan caso, el independentismo ha logrado la mayor\u00eda absoluta de votos, y est\u00e1 lejos de ser una mayor\u00eda clara. Las encuestas no sustituyen una votaci\u00f3n, pero se han hecho tantas que ser\u00eda irracional no referirse a ellas. Nunca la independencia ha salido ganadora. Por lo tanto, ya sabemos qu\u00e9 queremos los catalanes. No nos lo tiene que descubrir un refer\u00e9ndum. Hay que dejar esto bien asentado. A partir de esta constataci\u00f3n, consideramos que un refer\u00e9ndum no solo no resolver\u00eda nada porque el resultado no comportar\u00eda ninguna diferencia con lo que ya sabemos, sino que la campa\u00f1a acentuar\u00eda la divisi\u00f3n entre catalanes, buscar\u00eda mover pasiones, acentuar\u00eda el problema m\u00e1s que resolverlo. Hace falta que el independentismo supere ampliamente la mayor\u00eda absoluta de votos en unas elecciones, esta es su asignatura pendiente, y mientras no sea as\u00ed que se deje de refer\u00e9ndums y nos expliquen cu\u00e1l es su proyecto de pa\u00eds y muestren hasta d\u00f3nde llega su unidad. \u00bfSer\u00eda un pa\u00eds con escuela concertada o solo p\u00fablica? Las pensiones catalanas, deficitarias desde 2011, \u00bfc\u00f3mo se financiar\u00edan? \u00bfQu\u00e9 modelo fiscal queremos? \u00bfC\u00f3mo se garantizar\u00e1 la independencia de los medios de comunicaci\u00f3n p\u00fablicos? \u00bfCu\u00e1l ser\u00eda el estatus del catal\u00e1n y el castellano en la perspectiva de un estado independiente? \u00bfSer\u00edan constitucionales los partidos que propugnaran la uni\u00f3n con Espa\u00f1a? \u00bfC\u00f3mo se financiar\u00eda el pa\u00eds desde el primer momento? \u00bfC\u00f3mo quedar\u00eda nuestra situaci\u00f3n en Europa? Estas y otras muchas cuestiones son las que tienen que explicar, y sobre todo tienen que gobernar, cosa que no hacen. Mientras no lo hagan, es evidente que el refer\u00e9ndum es una distracci\u00f3n para encubrir la falta de proyecto pol\u00edtico y unidad del independentismo. Y si ya sabemos que en un refer\u00e9ndum perder\u00eda el independentismo, \u00bfpor qu\u00e9 no hacerlo y acabar con la cuesti\u00f3n? Porque antes de qui\u00e9n gana, hay el hecho de que un refer\u00e9ndum por la independencia solo en Catalu\u00f1a no es constitucionalmente posible. Tendr\u00eda que ser, en todo caso, en toda Espa\u00f1a o previa modificaci\u00f3n de la Constituci\u00f3n, cosa que a su vez exigir\u00eda un refer\u00e9ndum previo para ver si se aprobaba. Todo ello un esfuerzo est\u00e9ril, conflictivo e in\u00fatil. Postular un refer\u00e9ndum pactado quiere decir todo esto, y no hay ning\u00fan gobierno en Espa\u00f1a dispuesto a entrar en una modificaci\u00f3n constitucional de este tipo, por otro lado in\u00e9dita en Europa. La v\u00eda del refer\u00e9ndum es la cortina de humo para no hacer pol\u00edtica real, y mientras los ciudadanos que se apuntan a ella no asuman la evidencia, el pa\u00eds ir\u00e1 de Herodes a Pilatos.\" \/>\n<meta property=\"og:url\" content=\"https:\/\/conversesacatalunya.cat\/es\/debatimos-sobre-el-referendum-y-su-significacion-politica\/\" \/>\n<meta property=\"og:site_name\" content=\"Converses a Catalunya\" \/>\n<meta property=\"article:published_time\" content=\"2019-11-25T11:55:10+00:00\" \/>\n<meta property=\"article:modified_time\" content=\"2019-11-25T14:45:02+00:00\" \/>\n<meta property=\"og:image\" content=\"https:\/\/conversesacatalunya.cat\/wp-content\/uploads\/2019\/11\/referendum.jpg\" \/>\n\t<meta property=\"og:image:width\" content=\"247\" \/>\n\t<meta property=\"og:image:height\" content=\"204\" \/>\n\t<meta property=\"og:image:type\" content=\"image\/jpeg\" \/>\n<meta name=\"author\" content=\"Josep Mir\u00f3 i Ard\u00e8vol\" \/>\n<meta name=\"twitter:card\" content=\"summary_large_image\" \/>\n<meta name=\"twitter:label1\" content=\"Escrito por\" \/>\n\t<meta name=\"twitter:data1\" content=\"Josep Mir\u00f3 i Ard\u00e8vol\" \/>\n\t<meta name=\"twitter:label2\" content=\"Tiempo de lectura\" \/>\n\t<meta name=\"twitter:data2\" content=\"3 minutos\" \/>\n<script type=\"application\/ld+json\" class=\"yoast-schema-graph\">{\"@context\":\"https:\/\/schema.org\",\"@graph\":[{\"@type\":\"Article\",\"@id\":\"https:\/\/conversesacatalunya.cat\/es\/debatimos-sobre-el-referendum-y-su-significacion-politica\/#article\",\"isPartOf\":{\"@id\":\"https:\/\/conversesacatalunya.cat\/es\/debatimos-sobre-el-referendum-y-su-significacion-politica\/\"},\"author\":{\"name\":\"Josep Mir\u00f3 i Ard\u00e8vol\",\"@id\":\"https:\/\/conversesacatalunya.cat\/#\/schema\/person\/a9598a6786ba7d3d1c5e0de477b79370\"},\"headline\":\"Debatimos sobre el refer\u00e9ndum y su significaci\u00f3n pol\u00edtica\",\"datePublished\":\"2019-11-25T11:55:10+00:00\",\"dateModified\":\"2019-11-25T14:45:02+00:00\",\"mainEntityOfPage\":{\"@id\":\"https:\/\/conversesacatalunya.cat\/es\/debatimos-sobre-el-referendum-y-su-significacion-politica\/\"},\"wordCount\":651,\"commentCount\":0,\"image\":{\"@id\":\"https:\/\/conversesacatalunya.cat\/es\/debatimos-sobre-el-referendum-y-su-significacion-politica\/#primaryimage\"},\"thumbnailUrl\":\"https:\/\/conversesacatalunya.cat\/wp-content\/uploads\/2019\/11\/referendum.jpg\",\"keywords\":[\"autodeterminaci\u00f3\",\"Independentisme\",\"refer\u00e8ndum\"],\"articleSection\":[\"El Blog de Josep Mir\u00f3 i Ard\u00e8vol (ES)\"],\"inLanguage\":\"es\",\"potentialAction\":[{\"@type\":\"CommentAction\",\"name\":\"Comment\",\"target\":[\"https:\/\/conversesacatalunya.cat\/es\/debatimos-sobre-el-referendum-y-su-significacion-politica\/#respond\"]}]},{\"@type\":\"WebPage\",\"@id\":\"https:\/\/conversesacatalunya.cat\/es\/debatimos-sobre-el-referendum-y-su-significacion-politica\/\",\"url\":\"https:\/\/conversesacatalunya.cat\/es\/debatimos-sobre-el-referendum-y-su-significacion-politica\/\",\"name\":\"Debatimos sobre el refer\u00e9ndum y su significaci\u00f3n pol\u00edtica - Converses a Catalunya\",\"isPartOf\":{\"@id\":\"https:\/\/conversesacatalunya.cat\/#website\"},\"primaryImageOfPage\":{\"@id\":\"https:\/\/conversesacatalunya.cat\/es\/debatimos-sobre-el-referendum-y-su-significacion-politica\/#primaryimage\"},\"image\":{\"@id\":\"https:\/\/conversesacatalunya.cat\/es\/debatimos-sobre-el-referendum-y-su-significacion-politica\/#primaryimage\"},\"thumbnailUrl\":\"https:\/\/conversesacatalunya.cat\/wp-content\/uploads\/2019\/11\/referendum.jpg\",\"datePublished\":\"2019-11-25T11:55:10+00:00\",\"dateModified\":\"2019-11-25T14:45:02+00:00\",\"author\":{\"@id\":\"https:\/\/conversesacatalunya.cat\/#\/schema\/person\/a9598a6786ba7d3d1c5e0de477b79370\"},\"breadcrumb\":{\"@id\":\"https:\/\/conversesacatalunya.cat\/es\/debatimos-sobre-el-referendum-y-su-significacion-politica\/#breadcrumb\"},\"inLanguage\":\"es\",\"potentialAction\":[{\"@type\":\"ReadAction\",\"target\":[\"https:\/\/conversesacatalunya.cat\/es\/debatimos-sobre-el-referendum-y-su-significacion-politica\/\"]}]},{\"@type\":\"ImageObject\",\"inLanguage\":\"es\",\"@id\":\"https:\/\/conversesacatalunya.cat\/es\/debatimos-sobre-el-referendum-y-su-significacion-politica\/#primaryimage\",\"url\":\"https:\/\/conversesacatalunya.cat\/wp-content\/uploads\/2019\/11\/referendum.jpg\",\"contentUrl\":\"https:\/\/conversesacatalunya.cat\/wp-content\/uploads\/2019\/11\/referendum.jpg\",\"width\":247,\"height\":204,\"caption\":\"refer\u00e8ndum\"},{\"@type\":\"BreadcrumbList\",\"@id\":\"https:\/\/conversesacatalunya.cat\/es\/debatimos-sobre-el-referendum-y-su-significacion-politica\/#breadcrumb\",\"itemListElement\":[{\"@type\":\"ListItem\",\"position\":1,\"name\":\"Inici\",\"item\":\"https:\/\/conversesacatalunya.cat\/es\/\"},{\"@type\":\"ListItem\",\"position\":2,\"name\":\"Debatimos sobre el refer\u00e9ndum y su significaci\u00f3n pol\u00edtica\"}]},{\"@type\":\"WebSite\",\"@id\":\"https:\/\/conversesacatalunya.cat\/#website\",\"url\":\"https:\/\/conversesacatalunya.cat\/\",\"name\":\"Converses a Catalunya\",\"description\":\"\",\"potentialAction\":[{\"@type\":\"SearchAction\",\"target\":{\"@type\":\"EntryPoint\",\"urlTemplate\":\"https:\/\/conversesacatalunya.cat\/?s={search_term_string}\"},\"query-input\":{\"@type\":\"PropertyValueSpecification\",\"valueRequired\":true,\"valueName\":\"search_term_string\"}}],\"inLanguage\":\"es\"},{\"@type\":\"Person\",\"@id\":\"https:\/\/conversesacatalunya.cat\/#\/schema\/person\/a9598a6786ba7d3d1c5e0de477b79370\",\"name\":\"Josep Mir\u00f3 i Ard\u00e8vol\",\"image\":{\"@type\":\"ImageObject\",\"inLanguage\":\"es\",\"@id\":\"https:\/\/conversesacatalunya.cat\/#\/schema\/person\/image\/\",\"url\":\"https:\/\/conversesacatalunya.cat\/wp-content\/litespeed\/avatar\/c37e3dc881857483d6694cdf98fdedea.jpg?ver=1777270381\",\"contentUrl\":\"https:\/\/conversesacatalunya.cat\/wp-content\/litespeed\/avatar\/c37e3dc881857483d6694cdf98fdedea.jpg?ver=1777270381\",\"caption\":\"Josep Mir\u00f3 i Ard\u00e8vol\"},\"url\":\"https:\/\/conversesacatalunya.cat\/es\/author\/josep-miro-i-ardevol\/\"}]}<\/script>\n<!-- \/ Yoast SEO plugin. -->","yoast_head_json":{"title":"Debatimos sobre el refer\u00e9ndum y su significaci\u00f3n pol\u00edtica - Converses a Catalunya","robots":{"index":"index","follow":"follow","max-snippet":"max-snippet:-1","max-image-preview":"max-image-preview:large","max-video-preview":"max-video-preview:-1"},"canonical":"https:\/\/conversesacatalunya.cat\/es\/debatimos-sobre-el-referendum-y-su-significacion-politica\/","og_locale":"es_ES","og_type":"article","og_title":"Debatimos sobre el refer\u00e9ndum y su significaci\u00f3n pol\u00edtica - Converses a Catalunya","og_description":"El independentismo apela al refer\u00e9ndum como si no hubi\u00e9ramos ejercido nunca el voto y nos tuviera que descubrir cu\u00e1l es la realidad pol\u00edtica que queremos los catalanes. Como si este pa\u00eds fuera Timor Oriental antes de liberarse de Indonesia. Pero la realidad -siempre la realidad- es otra. Nos autodeterminamos en cada ocasi\u00f3n que hemos votado, y queda fuera de toda cuesti\u00f3n que como m\u00ednimo es as\u00ed a partir del momento en que se calificaron las elecciones de 2015 como plebiscitarias. A partir del momento en que la independencia es la raz\u00f3n principal\u00edsima del voto; de hecho, viene de antes porque partidos independentistas, empezando por ERC, hace tiempo que postulan sus candidaturas, pero dej\u00e9moslo en el 2015. Despu\u00e9s, en 2017, las dram\u00e1ticas elecciones del 155 pusieron el voto a mil con el rechazo a la situaci\u00f3n creada, y as\u00ed hasta las pasadas generales. Sin embargo, nunca, en ning\u00fan caso, el independentismo ha logrado la mayor\u00eda absoluta de votos, y est\u00e1 lejos de ser una mayor\u00eda clara. Las encuestas no sustituyen una votaci\u00f3n, pero se han hecho tantas que ser\u00eda irracional no referirse a ellas. Nunca la independencia ha salido ganadora. Por lo tanto, ya sabemos qu\u00e9 queremos los catalanes. No nos lo tiene que descubrir un refer\u00e9ndum. Hay que dejar esto bien asentado. A partir de esta constataci\u00f3n, consideramos que un refer\u00e9ndum no solo no resolver\u00eda nada porque el resultado no comportar\u00eda ninguna diferencia con lo que ya sabemos, sino que la campa\u00f1a acentuar\u00eda la divisi\u00f3n entre catalanes, buscar\u00eda mover pasiones, acentuar\u00eda el problema m\u00e1s que resolverlo. Hace falta que el independentismo supere ampliamente la mayor\u00eda absoluta de votos en unas elecciones, esta es su asignatura pendiente, y mientras no sea as\u00ed que se deje de refer\u00e9ndums y nos expliquen cu\u00e1l es su proyecto de pa\u00eds y muestren hasta d\u00f3nde llega su unidad. \u00bfSer\u00eda un pa\u00eds con escuela concertada o solo p\u00fablica? Las pensiones catalanas, deficitarias desde 2011, \u00bfc\u00f3mo se financiar\u00edan? \u00bfQu\u00e9 modelo fiscal queremos? \u00bfC\u00f3mo se garantizar\u00e1 la independencia de los medios de comunicaci\u00f3n p\u00fablicos? \u00bfCu\u00e1l ser\u00eda el estatus del catal\u00e1n y el castellano en la perspectiva de un estado independiente? \u00bfSer\u00edan constitucionales los partidos que propugnaran la uni\u00f3n con Espa\u00f1a? \u00bfC\u00f3mo se financiar\u00eda el pa\u00eds desde el primer momento? \u00bfC\u00f3mo quedar\u00eda nuestra situaci\u00f3n en Europa? Estas y otras muchas cuestiones son las que tienen que explicar, y sobre todo tienen que gobernar, cosa que no hacen. Mientras no lo hagan, es evidente que el refer\u00e9ndum es una distracci\u00f3n para encubrir la falta de proyecto pol\u00edtico y unidad del independentismo. Y si ya sabemos que en un refer\u00e9ndum perder\u00eda el independentismo, \u00bfpor qu\u00e9 no hacerlo y acabar con la cuesti\u00f3n? Porque antes de qui\u00e9n gana, hay el hecho de que un refer\u00e9ndum por la independencia solo en Catalu\u00f1a no es constitucionalmente posible. Tendr\u00eda que ser, en todo caso, en toda Espa\u00f1a o previa modificaci\u00f3n de la Constituci\u00f3n, cosa que a su vez exigir\u00eda un refer\u00e9ndum previo para ver si se aprobaba. Todo ello un esfuerzo est\u00e9ril, conflictivo e in\u00fatil. Postular un refer\u00e9ndum pactado quiere decir todo esto, y no hay ning\u00fan gobierno en Espa\u00f1a dispuesto a entrar en una modificaci\u00f3n constitucional de este tipo, por otro lado in\u00e9dita en Europa. La v\u00eda del refer\u00e9ndum es la cortina de humo para no hacer pol\u00edtica real, y mientras los ciudadanos que se apuntan a ella no asuman la evidencia, el pa\u00eds ir\u00e1 de Herodes a Pilatos.","og_url":"https:\/\/conversesacatalunya.cat\/es\/debatimos-sobre-el-referendum-y-su-significacion-politica\/","og_site_name":"Converses a Catalunya","article_published_time":"2019-11-25T11:55:10+00:00","article_modified_time":"2019-11-25T14:45:02+00:00","og_image":[{"width":247,"height":204,"url":"https:\/\/conversesacatalunya.cat\/wp-content\/uploads\/2019\/11\/referendum.jpg","type":"image\/jpeg"}],"author":"Josep Mir\u00f3 i Ard\u00e8vol","twitter_card":"summary_large_image","twitter_misc":{"Escrito por":"Josep Mir\u00f3 i Ard\u00e8vol","Tiempo de lectura":"3 minutos"},"schema":{"@context":"https:\/\/schema.org","@graph":[{"@type":"Article","@id":"https:\/\/conversesacatalunya.cat\/es\/debatimos-sobre-el-referendum-y-su-significacion-politica\/#article","isPartOf":{"@id":"https:\/\/conversesacatalunya.cat\/es\/debatimos-sobre-el-referendum-y-su-significacion-politica\/"},"author":{"name":"Josep Mir\u00f3 i Ard\u00e8vol","@id":"https:\/\/conversesacatalunya.cat\/#\/schema\/person\/a9598a6786ba7d3d1c5e0de477b79370"},"headline":"Debatimos sobre el refer\u00e9ndum y su significaci\u00f3n pol\u00edtica","datePublished":"2019-11-25T11:55:10+00:00","dateModified":"2019-11-25T14:45:02+00:00","mainEntityOfPage":{"@id":"https:\/\/conversesacatalunya.cat\/es\/debatimos-sobre-el-referendum-y-su-significacion-politica\/"},"wordCount":651,"commentCount":0,"image":{"@id":"https:\/\/conversesacatalunya.cat\/es\/debatimos-sobre-el-referendum-y-su-significacion-politica\/#primaryimage"},"thumbnailUrl":"https:\/\/conversesacatalunya.cat\/wp-content\/uploads\/2019\/11\/referendum.jpg","keywords":["autodeterminaci\u00f3","Independentisme","refer\u00e8ndum"],"articleSection":["El Blog de Josep Mir\u00f3 i Ard\u00e8vol (ES)"],"inLanguage":"es","potentialAction":[{"@type":"CommentAction","name":"Comment","target":["https:\/\/conversesacatalunya.cat\/es\/debatimos-sobre-el-referendum-y-su-significacion-politica\/#respond"]}]},{"@type":"WebPage","@id":"https:\/\/conversesacatalunya.cat\/es\/debatimos-sobre-el-referendum-y-su-significacion-politica\/","url":"https:\/\/conversesacatalunya.cat\/es\/debatimos-sobre-el-referendum-y-su-significacion-politica\/","name":"Debatimos sobre el refer\u00e9ndum y su significaci\u00f3n pol\u00edtica - Converses a Catalunya","isPartOf":{"@id":"https:\/\/conversesacatalunya.cat\/#website"},"primaryImageOfPage":{"@id":"https:\/\/conversesacatalunya.cat\/es\/debatimos-sobre-el-referendum-y-su-significacion-politica\/#primaryimage"},"image":{"@id":"https:\/\/conversesacatalunya.cat\/es\/debatimos-sobre-el-referendum-y-su-significacion-politica\/#primaryimage"},"thumbnailUrl":"https:\/\/conversesacatalunya.cat\/wp-content\/uploads\/2019\/11\/referendum.jpg","datePublished":"2019-11-25T11:55:10+00:00","dateModified":"2019-11-25T14:45:02+00:00","author":{"@id":"https:\/\/conversesacatalunya.cat\/#\/schema\/person\/a9598a6786ba7d3d1c5e0de477b79370"},"breadcrumb":{"@id":"https:\/\/conversesacatalunya.cat\/es\/debatimos-sobre-el-referendum-y-su-significacion-politica\/#breadcrumb"},"inLanguage":"es","potentialAction":[{"@type":"ReadAction","target":["https:\/\/conversesacatalunya.cat\/es\/debatimos-sobre-el-referendum-y-su-significacion-politica\/"]}]},{"@type":"ImageObject","inLanguage":"es","@id":"https:\/\/conversesacatalunya.cat\/es\/debatimos-sobre-el-referendum-y-su-significacion-politica\/#primaryimage","url":"https:\/\/conversesacatalunya.cat\/wp-content\/uploads\/2019\/11\/referendum.jpg","contentUrl":"https:\/\/conversesacatalunya.cat\/wp-content\/uploads\/2019\/11\/referendum.jpg","width":247,"height":204,"caption":"refer\u00e8ndum"},{"@type":"BreadcrumbList","@id":"https:\/\/conversesacatalunya.cat\/es\/debatimos-sobre-el-referendum-y-su-significacion-politica\/#breadcrumb","itemListElement":[{"@type":"ListItem","position":1,"name":"Inici","item":"https:\/\/conversesacatalunya.cat\/es\/"},{"@type":"ListItem","position":2,"name":"Debatimos sobre el refer\u00e9ndum y su significaci\u00f3n pol\u00edtica"}]},{"@type":"WebSite","@id":"https:\/\/conversesacatalunya.cat\/#website","url":"https:\/\/conversesacatalunya.cat\/","name":"Converses a Catalunya","description":"","potentialAction":[{"@type":"SearchAction","target":{"@type":"EntryPoint","urlTemplate":"https:\/\/conversesacatalunya.cat\/?s={search_term_string}"},"query-input":{"@type":"PropertyValueSpecification","valueRequired":true,"valueName":"search_term_string"}}],"inLanguage":"es"},{"@type":"Person","@id":"https:\/\/conversesacatalunya.cat\/#\/schema\/person\/a9598a6786ba7d3d1c5e0de477b79370","name":"Josep Mir\u00f3 i Ard\u00e8vol","image":{"@type":"ImageObject","inLanguage":"es","@id":"https:\/\/conversesacatalunya.cat\/#\/schema\/person\/image\/","url":"https:\/\/conversesacatalunya.cat\/wp-content\/litespeed\/avatar\/c37e3dc881857483d6694cdf98fdedea.jpg?ver=1777270381","contentUrl":"https:\/\/conversesacatalunya.cat\/wp-content\/litespeed\/avatar\/c37e3dc881857483d6694cdf98fdedea.jpg?ver=1777270381","caption":"Josep Mir\u00f3 i Ard\u00e8vol"},"url":"https:\/\/conversesacatalunya.cat\/es\/author\/josep-miro-i-ardevol\/"}]}},"wps_subtitle":"","_links":{"self":[{"href":"https:\/\/conversesacatalunya.cat\/es\/wp-json\/wp\/v2\/posts\/29129","targetHints":{"allow":["GET"]}}],"collection":[{"href":"https:\/\/conversesacatalunya.cat\/es\/wp-json\/wp\/v2\/posts"}],"about":[{"href":"https:\/\/conversesacatalunya.cat\/es\/wp-json\/wp\/v2\/types\/post"}],"author":[{"embeddable":true,"href":"https:\/\/conversesacatalunya.cat\/es\/wp-json\/wp\/v2\/users\/19"}],"replies":[{"embeddable":true,"href":"https:\/\/conversesacatalunya.cat\/es\/wp-json\/wp\/v2\/comments?post=29129"}],"version-history":[{"count":2,"href":"https:\/\/conversesacatalunya.cat\/es\/wp-json\/wp\/v2\/posts\/29129\/revisions"}],"predecessor-version":[{"id":29131,"href":"https:\/\/conversesacatalunya.cat\/es\/wp-json\/wp\/v2\/posts\/29129\/revisions\/29131"}],"wp:featuredmedia":[{"embeddable":true,"href":"https:\/\/conversesacatalunya.cat\/es\/wp-json\/wp\/v2\/media\/29101"}],"wp:attachment":[{"href":"https:\/\/conversesacatalunya.cat\/es\/wp-json\/wp\/v2\/media?parent=29129"}],"wp:term":[{"taxonomy":"category","embeddable":true,"href":"https:\/\/conversesacatalunya.cat\/es\/wp-json\/wp\/v2\/categories?post=29129"},{"taxonomy":"post_tag","embeddable":true,"href":"https:\/\/conversesacatalunya.cat\/es\/wp-json\/wp\/v2\/tags?post=29129"}],"curies":[{"name":"wp","href":"https:\/\/api.w.org\/{rel}","templated":true}]}}