{"id":29044,"date":"2019-11-22T12:10:37","date_gmt":"2019-11-22T11:10:37","guid":{"rendered":"https:\/\/conversesacatalunya.cat\/acampats-a-la-placa-universitat-ara-si-que-poden-ser-desallotjats\/"},"modified":"2019-11-22T13:27:18","modified_gmt":"2019-11-22T12:27:18","slug":"acampados-en-la-plaza-universidad-ahora-si-que-pueden-ser-desalojados","status":"publish","type":"post","link":"https:\/\/conversesacatalunya.cat\/es\/acampados-en-la-plaza-universidad-ahora-si-que-pueden-ser-desalojados\/","title":{"rendered":"Acampados en la plaza Universidad. \u00bfAhora s\u00ed que pueden ser desalojados?"},"content":{"rendered":"<p>La madrugada del mi\u00e9rcoles, la Guardia Urbana procedi\u00f3 a desalojar el campamento que estaba instalado en la Plaza Universidad y que cortaba la Gran V\u00eda de Barcelona en una \u00e1rea central estrat\u00e9gica, entre las calles Aribau y Balmes, y que ha estado creando <strong>graves conflictos de movilidad<\/strong> en todo este espacio neur\u00e1lgico de la ciudad.<\/p>\n<p>Los Mossos d&#8217;Esquadra ya indicaron al Ayuntamiento, justo <strong>al inicio de la acampada<\/strong>, que lo mejor era proceder al desalojo inmediato para evitar que se consolidara y fuera m\u00e1s dif\u00edcil echarlos. Pero la alcaldesa <strong>Ada Colau<\/strong> personalmente <a href=\"https:\/\/conversesacatalunya.cat\/la-tortura-de-viure-i-treballar-a-barcelona-ada-colau-continua-desapareguda\/\" target=\"_blank\" rel=\"noopener noreferrer\">se opuso<\/a> de forma rotunda, y prohibi\u00f3 que se adoptara ninguna medida en este sentido, ni siquiera cuando una parte importante de los acampados, los que proced\u00edan de Arran (CUP) y de las JERC, decidieran suspender la protesta e irse a casa. Aunque en realidad a casa se iba casi todo el mundo y las numerosas tiendas, sobre todo durante la noche, estaban vac\u00edas u ocupadas por personas sin techo que hab\u00edan encontrado un cobijo en esta te\u00f3rica protesta.<\/p>\n<p>En realidad, la polic\u00eda consideraba que <strong>la media de personas asentadas era unas 50<\/strong>, que fluctuaban a lo largo del d\u00eda en funci\u00f3n de si hab\u00eda alguna actividad prevista. Otro factor que daba idea de la fragilidad de la ocupaci\u00f3n era que <strong>las reivindicaciones se hab\u00edan dispersado y diluido<\/strong>. Era dif\u00edcil que dos concentrados dieran la misma respuesta a la pregunta de por qu\u00e9 protestaban.<\/p>\n<p>El hecho que la Junta Electoral, como intentaba Ada Colau, no se pronunciara para disolver la concentraci\u00f3n y \u00fanicamente pidiera garant\u00edas para no dificultar el acceso al colegio electoral, acentu\u00f3 la par\u00e1lisis municipal. Ahora, con la proximidad de las fiestas navide\u00f1as y la actitud cada vez m\u00e1s cr\u00edtica de los vecinos y comerciantes por una continuidad inexplicable, el Ayuntamiento ha actuado y a <strong>la una de la madrugada del pasado mi\u00e9rcoles<\/strong> y en menos de dos horas, el campamento qued\u00f3 desmantelado, echando a 70 personas que resid\u00edan, y efectuando dos detenciones.<\/p>\n<p>La pregunta es: \u00bfPor qu\u00e9 <strong>Ada Colau<\/strong> ha tardado tanto en permitir una intervenci\u00f3n necesaria? Porque hay que recordar que el corte se inici\u00f3 el <strong>30 de octubre<\/strong> y han transcurrido m\u00e1s de 20 d\u00edas para conseguir dejar expedita una v\u00eda fundamental para la ciudad que estaba bloqueada solo por 50 manifestantes y un grupo de personas sin techo, hecho que de paso pon\u00eda de relieve la <strong>falta de atenci\u00f3n municipal a estas personas necesitadas<\/strong>, dada la insuficiencia de n\u00famero de plazas en los refugios p\u00fablicos nocturnos.<\/p>\n<p>Junto con esta renuncia a ejercer el buen funcionamiento de la ciudad por parte de la alcaldesa, hay un segundo factor que no puede ser pasado por alto, porque tambi\u00e9n <strong>pone de relieve la debilidad de la racionalidad de sus decisiones<\/strong>.<\/p>\n<p>El cuerpo que llev\u00f3 a cabo el desalojo, <strong>150 unidades de la Guardia Urbana<\/strong>, pertenec\u00edan al grupo de antidisturbios, te\u00f3ricamente disuelto por Colau. Constituido en tiempo del alcalde Clos, fue mantenido por los alcaldes sucesivos, Hereu, y Trias, con la \u00fanica modificaci\u00f3n del cambio de nombre, de Unidades de la Polic\u00eda Administrativa y de Seguridad (UPAS) a Unidad de Apoyo Policial (USP), cambio introducido por el alcalde convergente.<\/p>\n<p>Despu\u00e9s de ganar las elecciones en 2015, Colau emprendi\u00f3 la <strong>liquidaci\u00f3n de esta unidad<\/strong>. Ella era, record\u00e9moslo, adem\u00e1s de la alcaldesa, la responsable de la pol\u00edtica de seguridad, porque no quiso designar a ning\u00fan regidor para esta misi\u00f3n y asumi\u00f3 directamente la responsabilidad pol\u00edtica. El cuerpo <strong>dej\u00f3 de ejercer funciones de orden p\u00fablico<\/strong>, y a partir de entonces, si bien manten\u00edan la misma uniformidad, estaban encargados de velar en situaciones de emergencia y grandes acontecimientos, como conciertos, y tambi\u00e9n para proteger el medio ambiente.<\/p>\n<p>La\u00a0USP\u00a0fue as\u00ed extinguida y se constituy\u00f3 la <strong>Unidad de Refuerzo de Emergencias y Proximidad (UREP)<\/strong>. Ahora, a pesar de que el decreto de Colau <strong>liquid\u00f3<\/strong> la funci\u00f3n de orden p\u00fablico, la UREP <strong>ha actuado en esta tarea<\/strong> enfrent\u00e1ndose a los asentados en la plaza Universidad y practicando detenciones. Albert Batlle, el responsable de seguridad del Ayuntamiento y que no pertenece al partido de Colau, felicit\u00f3 p\u00fablicamente por la intervenci\u00f3n a este cuerpo especializado de la Guardia Urbana que ejerce funciones de orden p\u00fablico que ahora no est\u00e1n reconocidas en ning\u00fan sitio.<\/p>\n","protected":false},"excerpt":{"rendered":"<p>La madrugada del mi\u00e9rcoles, la Guardia Urbana procedi\u00f3 a desalojar el campamento que estaba instalado en la Plaza Universidad y que cortaba la Gran V\u00eda de Barcelona en una \u00e1rea central estrat\u00e9gica, entre las calles Aribau y Balmes, y que ha estado creando graves conflictos de movilidad en todo este espacio neur\u00e1lgico de la ciudad. Los Mossos d&#8217;Esquadra ya indicaron al Ayuntamiento, justo al inicio de la acampada, que lo mejor era proceder al desalojo inmediato para evitar que se consolidara y fuera m\u00e1s dif\u00edcil echarlos. Pero la alcaldesa Ada Colau personalmente se opuso de forma rotunda, y prohibi\u00f3 que se adoptara ninguna medida en este sentido, ni siquiera cuando una parte importante de los acampados, los que proced\u00edan de Arran (CUP) y de las JERC, decidieran suspender la protesta e irse a casa. Aunque en realidad a casa se iba casi todo el mundo y las numerosas tiendas, sobre todo durante la noche, estaban vac\u00edas u ocupadas por personas sin techo que hab\u00edan encontrado un cobijo en esta te\u00f3rica protesta. En realidad, la polic\u00eda consideraba que la media de personas asentadas era unas 50, que fluctuaban a lo largo del d\u00eda en funci\u00f3n de si hab\u00eda alguna actividad prevista. Otro factor que daba idea de la fragilidad de la ocupaci\u00f3n era que las reivindicaciones se hab\u00edan dispersado y diluido. Era dif\u00edcil que dos concentrados dieran la misma respuesta a la pregunta de por qu\u00e9 protestaban. El hecho que la Junta Electoral, como intentaba Ada Colau, no se pronunciara para disolver la concentraci\u00f3n y \u00fanicamente pidiera garant\u00edas para no dificultar el acceso al colegio electoral, acentu\u00f3 la par\u00e1lisis municipal. Ahora, con la proximidad de las fiestas navide\u00f1as y la actitud cada vez m\u00e1s cr\u00edtica de los vecinos y comerciantes por una continuidad inexplicable, el Ayuntamiento ha actuado y a la una de la madrugada del pasado mi\u00e9rcoles y en menos de dos horas, el campamento qued\u00f3 desmantelado, echando a 70 personas que resid\u00edan, y efectuando dos detenciones. La pregunta es: \u00bfPor qu\u00e9 Ada Colau ha tardado tanto en permitir una intervenci\u00f3n necesaria? Porque hay que recordar que el corte se inici\u00f3 el 30 de octubre y han transcurrido m\u00e1s de 20 d\u00edas para conseguir dejar expedita una v\u00eda fundamental para la ciudad que estaba bloqueada solo por 50 manifestantes y un grupo de personas sin techo, hecho que de paso pon\u00eda de relieve la falta de atenci\u00f3n municipal a estas personas necesitadas, dada la insuficiencia de n\u00famero de plazas en los refugios p\u00fablicos nocturnos. Junto con esta renuncia a ejercer el buen funcionamiento de la ciudad por parte de la alcaldesa, hay un segundo factor que no puede ser pasado por alto, porque tambi\u00e9n pone de relieve la debilidad de la racionalidad de sus decisiones. El cuerpo que llev\u00f3 a cabo el desalojo, 150 unidades de la Guardia Urbana, pertenec\u00edan al grupo de antidisturbios, te\u00f3ricamente disuelto por Colau. Constituido en tiempo del alcalde Clos, fue mantenido por los alcaldes sucesivos, Hereu, y Trias, con la \u00fanica modificaci\u00f3n del cambio de nombre, de Unidades de la Polic\u00eda Administrativa y de Seguridad (UPAS) a Unidad de Apoyo Policial (USP), cambio introducido por el alcalde convergente. Despu\u00e9s de ganar las elecciones en 2015, Colau emprendi\u00f3 la liquidaci\u00f3n de esta unidad. Ella era, record\u00e9moslo, adem\u00e1s de la alcaldesa, la responsable de la pol\u00edtica de seguridad, porque no quiso designar a ning\u00fan regidor para esta misi\u00f3n y asumi\u00f3 directamente la responsabilidad pol\u00edtica. El cuerpo dej\u00f3 de ejercer funciones de orden p\u00fablico, y a partir de entonces, si bien manten\u00edan la misma uniformidad, estaban encargados de velar en situaciones de emergencia y grandes acontecimientos, como conciertos, y tambi\u00e9n para proteger el medio ambiente. La\u00a0USP\u00a0fue as\u00ed extinguida y se constituy\u00f3 la Unidad de Refuerzo de Emergencias y Proximidad (UREP). Ahora, a pesar de que el decreto de Colau liquid\u00f3 la funci\u00f3n de orden p\u00fablico, la UREP ha actuado en esta tarea enfrent\u00e1ndose a los asentados en la plaza Universidad y practicando detenciones. Albert Batlle, el responsable de seguridad del Ayuntamiento y que no pertenece al partido de Colau, felicit\u00f3 p\u00fablicamente por la intervenci\u00f3n a este cuerpo especializado de la Guardia Urbana que ejerce funciones de orden p\u00fablico que ahora no est\u00e1n reconocidas en ning\u00fan sitio.<\/p>\n","protected":false},"author":2,"featured_media":29032,"comment_status":"open","ping_status":"open","sticky":false,"template":"","format":"standard","meta":{"_FSMCFIC_featured_image_caption":"","_FSMCFIC_featured_image_nocaption":"","_FSMCFIC_featured_image_hide":"","footnotes":""},"categories":[3787,806],"tags":[949],"class_list":["post-29044","post","type-post","status-publish","format-standard","has-post-thumbnail","hentry","category-expedient-barcelona-es","category-punts-claus-del-dia-es","tag-aldarulls-es"],"yoast_head":"<!-- This site is optimized with the Yoast SEO plugin v26.8 - https:\/\/yoast.com\/product\/yoast-seo-wordpress\/ -->\n<title>Acampados en la plaza Universidad. \u00bfAhora s\u00ed que pueden ser desalojados? - Converses a Catalunya<\/title>\n<meta name=\"robots\" content=\"index, follow, max-snippet:-1, max-image-preview:large, max-video-preview:-1\" \/>\n<link rel=\"canonical\" href=\"https:\/\/conversesacatalunya.cat\/es\/acampados-en-la-plaza-universidad-ahora-si-que-pueden-ser-desalojados\/\" \/>\n<meta property=\"og:locale\" content=\"es_ES\" \/>\n<meta property=\"og:type\" content=\"article\" \/>\n<meta property=\"og:title\" content=\"Acampados en la plaza Universidad. \u00bfAhora s\u00ed que pueden ser desalojados? - Converses a Catalunya\" \/>\n<meta property=\"og:description\" content=\"La madrugada del mi\u00e9rcoles, la Guardia Urbana procedi\u00f3 a desalojar el campamento que estaba instalado en la Plaza Universidad y que cortaba la Gran V\u00eda de Barcelona en una \u00e1rea central estrat\u00e9gica, entre las calles Aribau y Balmes, y que ha estado creando graves conflictos de movilidad en todo este espacio neur\u00e1lgico de la ciudad. Los Mossos d&#8217;Esquadra ya indicaron al Ayuntamiento, justo al inicio de la acampada, que lo mejor era proceder al desalojo inmediato para evitar que se consolidara y fuera m\u00e1s dif\u00edcil echarlos. Pero la alcaldesa Ada Colau personalmente se opuso de forma rotunda, y prohibi\u00f3 que se adoptara ninguna medida en este sentido, ni siquiera cuando una parte importante de los acampados, los que proced\u00edan de Arran (CUP) y de las JERC, decidieran suspender la protesta e irse a casa. Aunque en realidad a casa se iba casi todo el mundo y las numerosas tiendas, sobre todo durante la noche, estaban vac\u00edas u ocupadas por personas sin techo que hab\u00edan encontrado un cobijo en esta te\u00f3rica protesta. En realidad, la polic\u00eda consideraba que la media de personas asentadas era unas 50, que fluctuaban a lo largo del d\u00eda en funci\u00f3n de si hab\u00eda alguna actividad prevista. Otro factor que daba idea de la fragilidad de la ocupaci\u00f3n era que las reivindicaciones se hab\u00edan dispersado y diluido. Era dif\u00edcil que dos concentrados dieran la misma respuesta a la pregunta de por qu\u00e9 protestaban. El hecho que la Junta Electoral, como intentaba Ada Colau, no se pronunciara para disolver la concentraci\u00f3n y \u00fanicamente pidiera garant\u00edas para no dificultar el acceso al colegio electoral, acentu\u00f3 la par\u00e1lisis municipal. Ahora, con la proximidad de las fiestas navide\u00f1as y la actitud cada vez m\u00e1s cr\u00edtica de los vecinos y comerciantes por una continuidad inexplicable, el Ayuntamiento ha actuado y a la una de la madrugada del pasado mi\u00e9rcoles y en menos de dos horas, el campamento qued\u00f3 desmantelado, echando a 70 personas que resid\u00edan, y efectuando dos detenciones. La pregunta es: \u00bfPor qu\u00e9 Ada Colau ha tardado tanto en permitir una intervenci\u00f3n necesaria? Porque hay que recordar que el corte se inici\u00f3 el 30 de octubre y han transcurrido m\u00e1s de 20 d\u00edas para conseguir dejar expedita una v\u00eda fundamental para la ciudad que estaba bloqueada solo por 50 manifestantes y un grupo de personas sin techo, hecho que de paso pon\u00eda de relieve la falta de atenci\u00f3n municipal a estas personas necesitadas, dada la insuficiencia de n\u00famero de plazas en los refugios p\u00fablicos nocturnos. Junto con esta renuncia a ejercer el buen funcionamiento de la ciudad por parte de la alcaldesa, hay un segundo factor que no puede ser pasado por alto, porque tambi\u00e9n pone de relieve la debilidad de la racionalidad de sus decisiones. El cuerpo que llev\u00f3 a cabo el desalojo, 150 unidades de la Guardia Urbana, pertenec\u00edan al grupo de antidisturbios, te\u00f3ricamente disuelto por Colau. Constituido en tiempo del alcalde Clos, fue mantenido por los alcaldes sucesivos, Hereu, y Trias, con la \u00fanica modificaci\u00f3n del cambio de nombre, de Unidades de la Polic\u00eda Administrativa y de Seguridad (UPAS) a Unidad de Apoyo Policial (USP), cambio introducido por el alcalde convergente. Despu\u00e9s de ganar las elecciones en 2015, Colau emprendi\u00f3 la liquidaci\u00f3n de esta unidad. Ella era, record\u00e9moslo, adem\u00e1s de la alcaldesa, la responsable de la pol\u00edtica de seguridad, porque no quiso designar a ning\u00fan regidor para esta misi\u00f3n y asumi\u00f3 directamente la responsabilidad pol\u00edtica. El cuerpo dej\u00f3 de ejercer funciones de orden p\u00fablico, y a partir de entonces, si bien manten\u00edan la misma uniformidad, estaban encargados de velar en situaciones de emergencia y grandes acontecimientos, como conciertos, y tambi\u00e9n para proteger el medio ambiente. La\u00a0USP\u00a0fue as\u00ed extinguida y se constituy\u00f3 la Unidad de Refuerzo de Emergencias y Proximidad (UREP). Ahora, a pesar de que el decreto de Colau liquid\u00f3 la funci\u00f3n de orden p\u00fablico, la UREP ha actuado en esta tarea enfrent\u00e1ndose a los asentados en la plaza Universidad y practicando detenciones. Albert Batlle, el responsable de seguridad del Ayuntamiento y que no pertenece al partido de Colau, felicit\u00f3 p\u00fablicamente por la intervenci\u00f3n a este cuerpo especializado de la Guardia Urbana que ejerce funciones de orden p\u00fablico que ahora no est\u00e1n reconocidas en ning\u00fan sitio.\" \/>\n<meta property=\"og:url\" content=\"https:\/\/conversesacatalunya.cat\/es\/acampados-en-la-plaza-universidad-ahora-si-que-pueden-ser-desalojados\/\" \/>\n<meta property=\"og:site_name\" content=\"Converses a Catalunya\" \/>\n<meta property=\"article:published_time\" content=\"2019-11-22T11:10:37+00:00\" \/>\n<meta property=\"article:modified_time\" content=\"2019-11-22T12:27:18+00:00\" \/>\n<meta property=\"og:image\" content=\"https:\/\/conversesacatalunya.cat\/wp-content\/uploads\/2019\/11\/acampats-pla\u00e7a-universitat.jpg\" \/>\n\t<meta property=\"og:image:width\" content=\"800\" \/>\n\t<meta property=\"og:image:height\" content=\"534\" \/>\n\t<meta property=\"og:image:type\" content=\"image\/jpeg\" \/>\n<meta name=\"author\" content=\"conversesacatalunya\" \/>\n<meta name=\"twitter:card\" content=\"summary_large_image\" \/>\n<meta name=\"twitter:label1\" content=\"Escrito por\" \/>\n\t<meta name=\"twitter:data1\" content=\"conversesacatalunya\" \/>\n\t<meta name=\"twitter:label2\" content=\"Tiempo de lectura\" \/>\n\t<meta name=\"twitter:data2\" content=\"4 minutos\" \/>\n<script type=\"application\/ld+json\" class=\"yoast-schema-graph\">{\"@context\":\"https:\/\/schema.org\",\"@graph\":[{\"@type\":\"Article\",\"@id\":\"https:\/\/conversesacatalunya.cat\/es\/acampados-en-la-plaza-universidad-ahora-si-que-pueden-ser-desalojados\/#article\",\"isPartOf\":{\"@id\":\"https:\/\/conversesacatalunya.cat\/es\/acampados-en-la-plaza-universidad-ahora-si-que-pueden-ser-desalojados\/\"},\"author\":{\"name\":\"conversesacatalunya\",\"@id\":\"https:\/\/conversesacatalunya.cat\/#\/schema\/person\/7e24d1e54a2785373ddcb275eae5ed99\"},\"headline\":\"Acampados en la plaza Universidad. \u00bfAhora s\u00ed que pueden ser desalojados?\",\"datePublished\":\"2019-11-22T11:10:37+00:00\",\"dateModified\":\"2019-11-22T12:27:18+00:00\",\"mainEntityOfPage\":{\"@id\":\"https:\/\/conversesacatalunya.cat\/es\/acampados-en-la-plaza-universidad-ahora-si-que-pueden-ser-desalojados\/\"},\"wordCount\":762,\"commentCount\":0,\"image\":{\"@id\":\"https:\/\/conversesacatalunya.cat\/es\/acampados-en-la-plaza-universidad-ahora-si-que-pueden-ser-desalojados\/#primaryimage\"},\"thumbnailUrl\":\"https:\/\/conversesacatalunya.cat\/wp-content\/uploads\/2019\/11\/acampats-pla\u00e7a-universitat.jpg\",\"keywords\":[\"Aldarulls\"],\"articleSection\":[\"Expedient Barcelona (ES)\",\"Punts clau del dia (ES)\"],\"inLanguage\":\"es\",\"potentialAction\":[{\"@type\":\"CommentAction\",\"name\":\"Comment\",\"target\":[\"https:\/\/conversesacatalunya.cat\/es\/acampados-en-la-plaza-universidad-ahora-si-que-pueden-ser-desalojados\/#respond\"]}]},{\"@type\":\"WebPage\",\"@id\":\"https:\/\/conversesacatalunya.cat\/es\/acampados-en-la-plaza-universidad-ahora-si-que-pueden-ser-desalojados\/\",\"url\":\"https:\/\/conversesacatalunya.cat\/es\/acampados-en-la-plaza-universidad-ahora-si-que-pueden-ser-desalojados\/\",\"name\":\"Acampados en la plaza Universidad. \u00bfAhora s\u00ed que pueden ser desalojados? - Converses a Catalunya\",\"isPartOf\":{\"@id\":\"https:\/\/conversesacatalunya.cat\/#website\"},\"primaryImageOfPage\":{\"@id\":\"https:\/\/conversesacatalunya.cat\/es\/acampados-en-la-plaza-universidad-ahora-si-que-pueden-ser-desalojados\/#primaryimage\"},\"image\":{\"@id\":\"https:\/\/conversesacatalunya.cat\/es\/acampados-en-la-plaza-universidad-ahora-si-que-pueden-ser-desalojados\/#primaryimage\"},\"thumbnailUrl\":\"https:\/\/conversesacatalunya.cat\/wp-content\/uploads\/2019\/11\/acampats-pla\u00e7a-universitat.jpg\",\"datePublished\":\"2019-11-22T11:10:37+00:00\",\"dateModified\":\"2019-11-22T12:27:18+00:00\",\"author\":{\"@id\":\"https:\/\/conversesacatalunya.cat\/#\/schema\/person\/7e24d1e54a2785373ddcb275eae5ed99\"},\"breadcrumb\":{\"@id\":\"https:\/\/conversesacatalunya.cat\/es\/acampados-en-la-plaza-universidad-ahora-si-que-pueden-ser-desalojados\/#breadcrumb\"},\"inLanguage\":\"es\",\"potentialAction\":[{\"@type\":\"ReadAction\",\"target\":[\"https:\/\/conversesacatalunya.cat\/es\/acampados-en-la-plaza-universidad-ahora-si-que-pueden-ser-desalojados\/\"]}]},{\"@type\":\"ImageObject\",\"inLanguage\":\"es\",\"@id\":\"https:\/\/conversesacatalunya.cat\/es\/acampados-en-la-plaza-universidad-ahora-si-que-pueden-ser-desalojados\/#primaryimage\",\"url\":\"https:\/\/conversesacatalunya.cat\/wp-content\/uploads\/2019\/11\/acampats-pla\u00e7a-universitat.jpg\",\"contentUrl\":\"https:\/\/conversesacatalunya.cat\/wp-content\/uploads\/2019\/11\/acampats-pla\u00e7a-universitat.jpg\",\"width\":800,\"height\":534,\"caption\":\"desallotjament pla\u00e7a universitat, acampats\"},{\"@type\":\"BreadcrumbList\",\"@id\":\"https:\/\/conversesacatalunya.cat\/es\/acampados-en-la-plaza-universidad-ahora-si-que-pueden-ser-desalojados\/#breadcrumb\",\"itemListElement\":[{\"@type\":\"ListItem\",\"position\":1,\"name\":\"Inici\",\"item\":\"https:\/\/conversesacatalunya.cat\/es\/\"},{\"@type\":\"ListItem\",\"position\":2,\"name\":\"Acampados en la plaza Universidad. \u00bfAhora s\u00ed que pueden ser desalojados?\"}]},{\"@type\":\"WebSite\",\"@id\":\"https:\/\/conversesacatalunya.cat\/#website\",\"url\":\"https:\/\/conversesacatalunya.cat\/\",\"name\":\"Converses a Catalunya\",\"description\":\"\",\"potentialAction\":[{\"@type\":\"SearchAction\",\"target\":{\"@type\":\"EntryPoint\",\"urlTemplate\":\"https:\/\/conversesacatalunya.cat\/?s={search_term_string}\"},\"query-input\":{\"@type\":\"PropertyValueSpecification\",\"valueRequired\":true,\"valueName\":\"search_term_string\"}}],\"inLanguage\":\"es\"},{\"@type\":\"Person\",\"@id\":\"https:\/\/conversesacatalunya.cat\/#\/schema\/person\/7e24d1e54a2785373ddcb275eae5ed99\",\"name\":\"conversesacatalunya\",\"image\":{\"@type\":\"ImageObject\",\"inLanguage\":\"es\",\"@id\":\"https:\/\/conversesacatalunya.cat\/#\/schema\/person\/image\/\",\"url\":\"https:\/\/conversesacatalunya.cat\/wp-content\/litespeed\/avatar\/febdfeeec89d950f01c748045a981dd2.jpg?ver=1777314535\",\"contentUrl\":\"https:\/\/conversesacatalunya.cat\/wp-content\/litespeed\/avatar\/febdfeeec89d950f01c748045a981dd2.jpg?ver=1777314535\",\"caption\":\"conversesacatalunya\"},\"url\":\"https:\/\/conversesacatalunya.cat\/es\/author\/carme_catala\/\"}]}<\/script>\n<!-- \/ Yoast SEO plugin. -->","yoast_head_json":{"title":"Acampados en la plaza Universidad. \u00bfAhora s\u00ed que pueden ser desalojados? - Converses a Catalunya","robots":{"index":"index","follow":"follow","max-snippet":"max-snippet:-1","max-image-preview":"max-image-preview:large","max-video-preview":"max-video-preview:-1"},"canonical":"https:\/\/conversesacatalunya.cat\/es\/acampados-en-la-plaza-universidad-ahora-si-que-pueden-ser-desalojados\/","og_locale":"es_ES","og_type":"article","og_title":"Acampados en la plaza Universidad. \u00bfAhora s\u00ed que pueden ser desalojados? - Converses a Catalunya","og_description":"La madrugada del mi\u00e9rcoles, la Guardia Urbana procedi\u00f3 a desalojar el campamento que estaba instalado en la Plaza Universidad y que cortaba la Gran V\u00eda de Barcelona en una \u00e1rea central estrat\u00e9gica, entre las calles Aribau y Balmes, y que ha estado creando graves conflictos de movilidad en todo este espacio neur\u00e1lgico de la ciudad. Los Mossos d&#8217;Esquadra ya indicaron al Ayuntamiento, justo al inicio de la acampada, que lo mejor era proceder al desalojo inmediato para evitar que se consolidara y fuera m\u00e1s dif\u00edcil echarlos. Pero la alcaldesa Ada Colau personalmente se opuso de forma rotunda, y prohibi\u00f3 que se adoptara ninguna medida en este sentido, ni siquiera cuando una parte importante de los acampados, los que proced\u00edan de Arran (CUP) y de las JERC, decidieran suspender la protesta e irse a casa. Aunque en realidad a casa se iba casi todo el mundo y las numerosas tiendas, sobre todo durante la noche, estaban vac\u00edas u ocupadas por personas sin techo que hab\u00edan encontrado un cobijo en esta te\u00f3rica protesta. En realidad, la polic\u00eda consideraba que la media de personas asentadas era unas 50, que fluctuaban a lo largo del d\u00eda en funci\u00f3n de si hab\u00eda alguna actividad prevista. Otro factor que daba idea de la fragilidad de la ocupaci\u00f3n era que las reivindicaciones se hab\u00edan dispersado y diluido. Era dif\u00edcil que dos concentrados dieran la misma respuesta a la pregunta de por qu\u00e9 protestaban. El hecho que la Junta Electoral, como intentaba Ada Colau, no se pronunciara para disolver la concentraci\u00f3n y \u00fanicamente pidiera garant\u00edas para no dificultar el acceso al colegio electoral, acentu\u00f3 la par\u00e1lisis municipal. Ahora, con la proximidad de las fiestas navide\u00f1as y la actitud cada vez m\u00e1s cr\u00edtica de los vecinos y comerciantes por una continuidad inexplicable, el Ayuntamiento ha actuado y a la una de la madrugada del pasado mi\u00e9rcoles y en menos de dos horas, el campamento qued\u00f3 desmantelado, echando a 70 personas que resid\u00edan, y efectuando dos detenciones. La pregunta es: \u00bfPor qu\u00e9 Ada Colau ha tardado tanto en permitir una intervenci\u00f3n necesaria? Porque hay que recordar que el corte se inici\u00f3 el 30 de octubre y han transcurrido m\u00e1s de 20 d\u00edas para conseguir dejar expedita una v\u00eda fundamental para la ciudad que estaba bloqueada solo por 50 manifestantes y un grupo de personas sin techo, hecho que de paso pon\u00eda de relieve la falta de atenci\u00f3n municipal a estas personas necesitadas, dada la insuficiencia de n\u00famero de plazas en los refugios p\u00fablicos nocturnos. Junto con esta renuncia a ejercer el buen funcionamiento de la ciudad por parte de la alcaldesa, hay un segundo factor que no puede ser pasado por alto, porque tambi\u00e9n pone de relieve la debilidad de la racionalidad de sus decisiones. El cuerpo que llev\u00f3 a cabo el desalojo, 150 unidades de la Guardia Urbana, pertenec\u00edan al grupo de antidisturbios, te\u00f3ricamente disuelto por Colau. Constituido en tiempo del alcalde Clos, fue mantenido por los alcaldes sucesivos, Hereu, y Trias, con la \u00fanica modificaci\u00f3n del cambio de nombre, de Unidades de la Polic\u00eda Administrativa y de Seguridad (UPAS) a Unidad de Apoyo Policial (USP), cambio introducido por el alcalde convergente. Despu\u00e9s de ganar las elecciones en 2015, Colau emprendi\u00f3 la liquidaci\u00f3n de esta unidad. Ella era, record\u00e9moslo, adem\u00e1s de la alcaldesa, la responsable de la pol\u00edtica de seguridad, porque no quiso designar a ning\u00fan regidor para esta misi\u00f3n y asumi\u00f3 directamente la responsabilidad pol\u00edtica. El cuerpo dej\u00f3 de ejercer funciones de orden p\u00fablico, y a partir de entonces, si bien manten\u00edan la misma uniformidad, estaban encargados de velar en situaciones de emergencia y grandes acontecimientos, como conciertos, y tambi\u00e9n para proteger el medio ambiente. La\u00a0USP\u00a0fue as\u00ed extinguida y se constituy\u00f3 la Unidad de Refuerzo de Emergencias y Proximidad (UREP). Ahora, a pesar de que el decreto de Colau liquid\u00f3 la funci\u00f3n de orden p\u00fablico, la UREP ha actuado en esta tarea enfrent\u00e1ndose a los asentados en la plaza Universidad y practicando detenciones. Albert Batlle, el responsable de seguridad del Ayuntamiento y que no pertenece al partido de Colau, felicit\u00f3 p\u00fablicamente por la intervenci\u00f3n a este cuerpo especializado de la Guardia Urbana que ejerce funciones de orden p\u00fablico que ahora no est\u00e1n reconocidas en ning\u00fan sitio.","og_url":"https:\/\/conversesacatalunya.cat\/es\/acampados-en-la-plaza-universidad-ahora-si-que-pueden-ser-desalojados\/","og_site_name":"Converses a Catalunya","article_published_time":"2019-11-22T11:10:37+00:00","article_modified_time":"2019-11-22T12:27:18+00:00","og_image":[{"width":800,"height":534,"url":"https:\/\/conversesacatalunya.cat\/wp-content\/uploads\/2019\/11\/acampats-pla\u00e7a-universitat.jpg","type":"image\/jpeg"}],"author":"conversesacatalunya","twitter_card":"summary_large_image","twitter_misc":{"Escrito por":"conversesacatalunya","Tiempo de lectura":"4 minutos"},"schema":{"@context":"https:\/\/schema.org","@graph":[{"@type":"Article","@id":"https:\/\/conversesacatalunya.cat\/es\/acampados-en-la-plaza-universidad-ahora-si-que-pueden-ser-desalojados\/#article","isPartOf":{"@id":"https:\/\/conversesacatalunya.cat\/es\/acampados-en-la-plaza-universidad-ahora-si-que-pueden-ser-desalojados\/"},"author":{"name":"conversesacatalunya","@id":"https:\/\/conversesacatalunya.cat\/#\/schema\/person\/7e24d1e54a2785373ddcb275eae5ed99"},"headline":"Acampados en la plaza Universidad. \u00bfAhora s\u00ed que pueden ser desalojados?","datePublished":"2019-11-22T11:10:37+00:00","dateModified":"2019-11-22T12:27:18+00:00","mainEntityOfPage":{"@id":"https:\/\/conversesacatalunya.cat\/es\/acampados-en-la-plaza-universidad-ahora-si-que-pueden-ser-desalojados\/"},"wordCount":762,"commentCount":0,"image":{"@id":"https:\/\/conversesacatalunya.cat\/es\/acampados-en-la-plaza-universidad-ahora-si-que-pueden-ser-desalojados\/#primaryimage"},"thumbnailUrl":"https:\/\/conversesacatalunya.cat\/wp-content\/uploads\/2019\/11\/acampats-pla\u00e7a-universitat.jpg","keywords":["Aldarulls"],"articleSection":["Expedient Barcelona (ES)","Punts clau del dia (ES)"],"inLanguage":"es","potentialAction":[{"@type":"CommentAction","name":"Comment","target":["https:\/\/conversesacatalunya.cat\/es\/acampados-en-la-plaza-universidad-ahora-si-que-pueden-ser-desalojados\/#respond"]}]},{"@type":"WebPage","@id":"https:\/\/conversesacatalunya.cat\/es\/acampados-en-la-plaza-universidad-ahora-si-que-pueden-ser-desalojados\/","url":"https:\/\/conversesacatalunya.cat\/es\/acampados-en-la-plaza-universidad-ahora-si-que-pueden-ser-desalojados\/","name":"Acampados en la plaza Universidad. \u00bfAhora s\u00ed que pueden ser desalojados? - Converses a Catalunya","isPartOf":{"@id":"https:\/\/conversesacatalunya.cat\/#website"},"primaryImageOfPage":{"@id":"https:\/\/conversesacatalunya.cat\/es\/acampados-en-la-plaza-universidad-ahora-si-que-pueden-ser-desalojados\/#primaryimage"},"image":{"@id":"https:\/\/conversesacatalunya.cat\/es\/acampados-en-la-plaza-universidad-ahora-si-que-pueden-ser-desalojados\/#primaryimage"},"thumbnailUrl":"https:\/\/conversesacatalunya.cat\/wp-content\/uploads\/2019\/11\/acampats-pla\u00e7a-universitat.jpg","datePublished":"2019-11-22T11:10:37+00:00","dateModified":"2019-11-22T12:27:18+00:00","author":{"@id":"https:\/\/conversesacatalunya.cat\/#\/schema\/person\/7e24d1e54a2785373ddcb275eae5ed99"},"breadcrumb":{"@id":"https:\/\/conversesacatalunya.cat\/es\/acampados-en-la-plaza-universidad-ahora-si-que-pueden-ser-desalojados\/#breadcrumb"},"inLanguage":"es","potentialAction":[{"@type":"ReadAction","target":["https:\/\/conversesacatalunya.cat\/es\/acampados-en-la-plaza-universidad-ahora-si-que-pueden-ser-desalojados\/"]}]},{"@type":"ImageObject","inLanguage":"es","@id":"https:\/\/conversesacatalunya.cat\/es\/acampados-en-la-plaza-universidad-ahora-si-que-pueden-ser-desalojados\/#primaryimage","url":"https:\/\/conversesacatalunya.cat\/wp-content\/uploads\/2019\/11\/acampats-pla\u00e7a-universitat.jpg","contentUrl":"https:\/\/conversesacatalunya.cat\/wp-content\/uploads\/2019\/11\/acampats-pla\u00e7a-universitat.jpg","width":800,"height":534,"caption":"desallotjament pla\u00e7a universitat, acampats"},{"@type":"BreadcrumbList","@id":"https:\/\/conversesacatalunya.cat\/es\/acampados-en-la-plaza-universidad-ahora-si-que-pueden-ser-desalojados\/#breadcrumb","itemListElement":[{"@type":"ListItem","position":1,"name":"Inici","item":"https:\/\/conversesacatalunya.cat\/es\/"},{"@type":"ListItem","position":2,"name":"Acampados en la plaza Universidad. \u00bfAhora s\u00ed que pueden ser desalojados?"}]},{"@type":"WebSite","@id":"https:\/\/conversesacatalunya.cat\/#website","url":"https:\/\/conversesacatalunya.cat\/","name":"Converses a Catalunya","description":"","potentialAction":[{"@type":"SearchAction","target":{"@type":"EntryPoint","urlTemplate":"https:\/\/conversesacatalunya.cat\/?s={search_term_string}"},"query-input":{"@type":"PropertyValueSpecification","valueRequired":true,"valueName":"search_term_string"}}],"inLanguage":"es"},{"@type":"Person","@id":"https:\/\/conversesacatalunya.cat\/#\/schema\/person\/7e24d1e54a2785373ddcb275eae5ed99","name":"conversesacatalunya","image":{"@type":"ImageObject","inLanguage":"es","@id":"https:\/\/conversesacatalunya.cat\/#\/schema\/person\/image\/","url":"https:\/\/conversesacatalunya.cat\/wp-content\/litespeed\/avatar\/febdfeeec89d950f01c748045a981dd2.jpg?ver=1777314535","contentUrl":"https:\/\/conversesacatalunya.cat\/wp-content\/litespeed\/avatar\/febdfeeec89d950f01c748045a981dd2.jpg?ver=1777314535","caption":"conversesacatalunya"},"url":"https:\/\/conversesacatalunya.cat\/es\/author\/carme_catala\/"}]}},"wps_subtitle":"","_links":{"self":[{"href":"https:\/\/conversesacatalunya.cat\/es\/wp-json\/wp\/v2\/posts\/29044","targetHints":{"allow":["GET"]}}],"collection":[{"href":"https:\/\/conversesacatalunya.cat\/es\/wp-json\/wp\/v2\/posts"}],"about":[{"href":"https:\/\/conversesacatalunya.cat\/es\/wp-json\/wp\/v2\/types\/post"}],"author":[{"embeddable":true,"href":"https:\/\/conversesacatalunya.cat\/es\/wp-json\/wp\/v2\/users\/2"}],"replies":[{"embeddable":true,"href":"https:\/\/conversesacatalunya.cat\/es\/wp-json\/wp\/v2\/comments?post=29044"}],"version-history":[{"count":3,"href":"https:\/\/conversesacatalunya.cat\/es\/wp-json\/wp\/v2\/posts\/29044\/revisions"}],"predecessor-version":[{"id":29047,"href":"https:\/\/conversesacatalunya.cat\/es\/wp-json\/wp\/v2\/posts\/29044\/revisions\/29047"}],"wp:featuredmedia":[{"embeddable":true,"href":"https:\/\/conversesacatalunya.cat\/es\/wp-json\/wp\/v2\/media\/29032"}],"wp:attachment":[{"href":"https:\/\/conversesacatalunya.cat\/es\/wp-json\/wp\/v2\/media?parent=29044"}],"wp:term":[{"taxonomy":"category","embeddable":true,"href":"https:\/\/conversesacatalunya.cat\/es\/wp-json\/wp\/v2\/categories?post=29044"},{"taxonomy":"post_tag","embeddable":true,"href":"https:\/\/conversesacatalunya.cat\/es\/wp-json\/wp\/v2\/tags?post=29044"}],"curies":[{"name":"wp","href":"https:\/\/api.w.org\/{rel}","templated":true}]}}