{"id":29000,"date":"2019-11-21T16:13:16","date_gmt":"2019-11-21T15:13:16","guid":{"rendered":"https:\/\/conversesacatalunya.cat\/?p=29000"},"modified":"2019-11-21T16:13:16","modified_gmt":"2019-11-21T15:13:16","slug":"el-solsticio-de-invierno-fracasa-en-barcelona","status":"publish","type":"post","link":"https:\/\/conversesacatalunya.cat\/es\/el-solsticio-de-invierno-fracasa-en-barcelona\/","title":{"rendered":"El solsticio de invierno fracasa en Barcelona"},"content":{"rendered":"<p><span style=\"display: inline !important; float: none; background-color: #f5f5f5; border-collapse: collapse; color: #333333; font-family: 'Open Sans',Helvetica,Arial,sans-serif; font-size: 16px; font-style: normal; font-variant: normal; font-weight: 300; letter-spacing: normal; line-height: 1.7; orphans: 2; text-align: left; text-decoration: none; text-indent: 0px; text-transform: none; -webkit-text-stroke-width: 0px; white-space: normal; word-spacing: 0px;\">El Ayuntamiento de Barcelona, \u200b\u200bpresidido por <\/span>Ada<span style=\"display: inline !important; float: none; background-color: #f5f5f5; border-collapse: collapse; color: #333333; font-family: 'Open Sans',Helvetica,Arial,sans-serif; font-size: 16px; font-style: normal; font-variant: normal; font-weight: 300; letter-spacing: normal; line-height: 1.7; orphans: 2; text-align: left; text-decoration: none; text-indent: 0px; text-transform: none; -webkit-text-stroke-width: 0px; white-space: normal; word-spacing: 0px;\"> Colau, ha impulsado a lo largo de los \u00faltimos a\u00f1os la celebraci\u00f3n en la ciudad del <strong>solsticio de invierno<\/strong> como \u00abla fiesta en que la luz gana a la oscuridad\u00bb, en lugar de la Navidad.<\/span><\/p>\n<p><span style=\"display: inline !important; float: none; background-color: #f5f5f5; border-collapse: collapse; color: #333333; font-family: 'Open Sans',Helvetica,Arial,sans-serif; font-size: 16px; font-style: normal; font-variant: normal; font-weight: 300; letter-spacing: normal; line-height: 1.7; orphans: 2; text-align: left; text-decoration: none; text-indent: 0px; text-transform: none; -webkit-text-stroke-width: 0px; white-space: normal; word-spacing: 0px;\">El Ayuntamiento ha invitado a los barceloneses a que celebraran esta festividad. El a\u00f1o pasado, en la plaza m\u00e1s emblem\u00e1tica de la ciudad, la Pla\u00e7a de Catalu\u00f1a, se instal\u00f3 una gran imagen del <strong>se\u00f1or \u201cInvierno\u201d<\/strong> rodeado de un gran decorado de relojes que significaban el paso el tiempo y el camino hacia la luz.<\/span><\/p>\n<p><span style=\"display: inline !important; float: none; background-color: #f5f5f5; border-collapse: collapse; color: #333333; font-family: 'Open Sans',Helvetica,Arial,sans-serif; font-size: 16px; font-style: normal; font-variant: normal; font-weight: 300; letter-spacing: normal; line-height: 1.7; orphans: 2; text-align: left; text-decoration: none; text-indent: 0px; text-transform: none; -webkit-text-stroke-width: 0px; white-space: normal; word-spacing: 0px;\">Todos estos intentos desde el poder municipal de <strong>ocultar la celebraci\u00f3n cristiana<\/strong> contrastan con la atenci\u00f3n que Colau siempre ha tenido hacia las festividades religiosas de otras confesiones, en concreto la musulmana. Puntualmente siempre les ha felicitado sus fiestas m\u00e1s importantes, como la del Cordero o el fin del Ramad\u00e1n.<\/span><\/p>\n<p><span style=\"display: inline !important; float: none; background-color: #f5f5f5; border-collapse: collapse; color: #333333; font-family: 'Open Sans',Helvetica,Arial,sans-serif; font-size: 16px; font-style: normal; font-variant: normal; font-weight: 300; letter-spacing: normal; line-height: 1.7; orphans: 2; text-align: left; text-decoration: none; text-indent: 0px; text-transform: none; -webkit-text-stroke-width: 0px; white-space: normal; word-spacing: 0px;\">Pero el intento de <\/span>Ada<span style=\"display: inline !important; float: none; background-color: #f5f5f5; border-collapse: collapse; color: #333333; font-family: 'Open Sans',Helvetica,Arial,sans-serif; font-size: 16px; font-style: normal; font-variant: normal; font-weight: 300; letter-spacing: normal; line-height: 1.7; orphans: 2; text-align: left; text-decoration: none; text-indent: 0px; text-transform: none; -webkit-text-stroke-width: 0px; white-space: normal; word-spacing: 0px;\"> Colau ha chocado con la realidad de la tradici\u00f3n que no solo es religiosa, sino tambi\u00e9n cultural y pr\u00e1ctica, como todas las tradiciones populares que tienen su origen en el cristianismo.<\/span><\/p>\n<p><span style=\"display: inline !important; float: none; background-color: #f5f5f5; border-collapse: collapse; color: #333333; font-family: 'Open Sans',Helvetica,Arial,sans-serif; font-size: 16px; font-style: normal; font-variant: normal; font-weight: 300; letter-spacing: normal; line-height: 1.7; orphans: 2; text-align: left; text-decoration: none; text-indent: 0px; text-transform: none; -webkit-text-stroke-width: 0px; white-space: normal; word-spacing: 0px;\">Para m\u00e1s inri de un gobierno que se quiere anticapitalista, <strong>el se\u00f1or \u201cInvierno\u201d ten\u00eda un coste<\/strong>, porque era propiedad de la compa\u00f1\u00eda <\/span>Efimar<span style=\"display: inline !important; float: none; background-color: #f5f5f5; border-collapse: collapse; color: #333333; font-family: 'Open Sans',Helvetica,Arial,sans-serif; font-size: 16px; font-style: normal; font-variant: normal; font-weight: 300; letter-spacing: normal; line-height: 1.7; orphans: 2; text-align: left; text-decoration: none; text-indent: 0px; text-transform: none; -webkit-text-stroke-width: 0px; white-space: normal; word-spacing: 0px;\">, es decir, que era un sustituto de la Navidad con <\/span>royalties<span style=\"display: inline !important; float: none; background-color: #f5f5f5; border-collapse: collapse; color: #333333; font-family: 'Open Sans',Helvetica,Arial,sans-serif; font-size: 16px; font-style: normal; font-variant: normal; font-weight: 300; letter-spacing: normal; line-height: 1.7; orphans: 2; text-align: left; text-decoration: none; text-indent: 0px; text-transform: none; -webkit-text-stroke-width: 0px; white-space: normal; word-spacing: 0px;\">.<\/span><\/p>\n<p><span style=\"display: inline !important; float: none; background-color: #f5f5f5; border-collapse: collapse; color: #333333; font-family: 'Open Sans',Helvetica,Arial,sans-serif; font-size: 16px; font-style: normal; font-variant: normal; font-weight: 300; letter-spacing: normal; line-height: 1.7; orphans: 2; text-align: left; text-decoration: none; text-indent: 0px; text-transform: none; -webkit-text-stroke-width: 0px; white-space: normal; word-spacing: 0px;\">Pero el intento nunca cuaj\u00f3, los ciudadanos han pasado ampliamente de \u00e9l y los comerciantes se han opuesto siempre porque ha dado lugar a una Navidad triste, oscura y acomplejada, porque Colau no quer\u00eda que las calles resaltaran con su ornamentaci\u00f3n esta festividad cristiana. La <strong>comparaci\u00f3n con las otras ciudades europeas<\/strong> que exhiben grandes iluminaciones por estas fechas ha sido un permanente motivo de discordia.<\/span><\/p>\n<p><span style=\"display: inline !important; float: none; background-color: #f5f5f5; border-collapse: collapse; color: #333333; font-family: 'Open Sans',Helvetica,Arial,sans-serif; font-size: 16px; font-style: normal; font-variant: normal; font-weight: 300; letter-spacing: normal; line-height: 1.7; orphans: 2; text-align: left; text-decoration: none; text-indent: 0px; text-transform: none; -webkit-text-stroke-width: 0px; white-space: normal; word-spacing: 0px;\">El intento de sustituci\u00f3n se ha aplicado tambi\u00e9n en el <strong>ambiente musical<\/strong> de determinados espacios p\u00fablicos, como la mencionada pla\u00e7a de Catalu\u00f1a, donde las canciones pop sustitu\u00edan a los villancicos.<\/span><\/p>\n<p><span style=\"display: inline !important; float: none; background-color: #f5f5f5; border-collapse: collapse; color: #333333; font-family: 'Open Sans',Helvetica,Arial,sans-serif; font-size: 16px; font-style: normal; font-variant: normal; font-weight: 300; letter-spacing: normal; line-height: 1.7; orphans: 2; text-align: left; text-decoration: none; text-indent: 0px; text-transform: none; -webkit-text-stroke-width: 0px; white-space: normal; word-spacing: 0px;\">El pr\u00e1cticamente <strong>obligado bel\u00e9n municipal de la Pla\u00e7a Sant Jaume<\/strong>, donde radican los edificios del Ayuntamiento y la Generalitat, y que es el centro hist\u00f3rico de la ciudad, siempre ha recibido un maltrato, dando lugar a im\u00e1genes que distan mucho tanto de la tradici\u00f3n como del respeto a su significado religioso.<\/span><\/p>\n<p><span style=\"display: inline !important; float: none; background-color: #f5f5f5; border-collapse: collapse; color: #333333; font-family: 'Open Sans',Helvetica,Arial,sans-serif; font-size: 16px; font-style: normal; font-variant: normal; font-weight: 300; letter-spacing: normal; line-height: 1.7; orphans: 2; text-align: left; text-decoration: none; text-indent: 0px; text-transform: none; -webkit-text-stroke-width: 0px; white-space: normal; word-spacing: 0px;\">Est\u00e1 por ver que el de este a\u00f1o recobre la belleza y el sentido que le corresponde. En todo caso, la asociaci\u00f3n <a href=\"http:\/\/e-cristians.cat\/e-cristians-demana-a-lalcaldessa-de-barcelona-que-el-pessebre-municipal-denguany-respecti-la-tradicio-i-els-valors-cristians\/\">e-Cristians ya se ha dirigido a la alcaldesa<\/a> para pedir que el pesebre municipal vuelva por sus fueros.<\/span><\/p>\n<p><span style=\"display: inline !important; float: none; background-color: #f5f5f5; border-collapse: collapse; color: #333333; font-family: 'Open Sans',Helvetica,Arial,sans-serif; font-size: 16px; font-style: normal; font-variant: normal; font-weight: 300; letter-spacing: normal; line-height: 1.7; orphans: 2; text-align: left; text-decoration: none; text-indent: 0px; text-transform: none; -webkit-text-stroke-width: 0px; white-space: normal; word-spacing: 0px;\">El resultado final de este intento de consagrar el solsticio de invierno y de erradicar la Navidad, despu\u00e9s de los a\u00f1os transcurridos, ha quedado en nada, porque esta Navidad el llamado se\u00f1or \u201cInvierno\u201d se quedar\u00e1 en casa, y la ciudad empezar\u00e1 a recuperar el<strong> sentido real de la Navidad<\/strong>: la conmemoraci\u00f3n del nacimiento de Jes\u00fas hace m\u00e1s de 2.000 a\u00f1os.<\/span><\/p>\n<p>&nbsp;<\/p>\n<p>&nbsp;<\/p>\n<p>&nbsp;<\/p>\n<p>&nbsp;<\/p>\n<p>&nbsp;<\/p>\n","protected":false},"excerpt":{"rendered":"<p>El Ayuntamiento de Barcelona, \u200b\u200bpresidido por Ada Colau, ha impulsado a lo largo de los \u00faltimos a\u00f1os la celebraci\u00f3n en la ciudad del solsticio de invierno como \u00abla fiesta en que la luz gana a la oscuridad\u00bb, en lugar de la Navidad. El Ayuntamiento ha invitado a los barceloneses a que celebraran esta festividad. El a\u00f1o pasado, en la plaza m\u00e1s emblem\u00e1tica de la ciudad, la Pla\u00e7a de Catalu\u00f1a, se instal\u00f3 una gran imagen del se\u00f1or \u201cInvierno\u201d rodeado de un gran decorado de relojes que significaban el paso el tiempo y el camino hacia la luz. Todos estos intentos desde el poder municipal de ocultar la celebraci\u00f3n cristiana contrastan con la atenci\u00f3n que Colau siempre ha tenido hacia las festividades religiosas de otras confesiones, en concreto la musulmana. Puntualmente siempre les ha felicitado sus fiestas m\u00e1s importantes, como la del Cordero o el fin del Ramad\u00e1n. Pero el intento de Ada Colau ha chocado con la realidad de la tradici\u00f3n que no solo es religiosa, sino tambi\u00e9n cultural y pr\u00e1ctica, como todas las tradiciones populares que tienen su origen en el cristianismo. Para m\u00e1s inri de un gobierno que se quiere anticapitalista, el se\u00f1or \u201cInvierno\u201d ten\u00eda un coste, porque era propiedad de la compa\u00f1\u00eda Efimar, es decir, que era un sustituto de la Navidad con royalties. Pero el intento nunca cuaj\u00f3, los ciudadanos han pasado ampliamente de \u00e9l y los comerciantes se han opuesto siempre porque ha dado lugar a una Navidad triste, oscura y acomplejada, porque Colau no quer\u00eda que las calles resaltaran con su ornamentaci\u00f3n esta festividad cristiana. La comparaci\u00f3n con las otras ciudades europeas que exhiben grandes iluminaciones por estas fechas ha sido un permanente motivo de discordia. El intento de sustituci\u00f3n se ha aplicado tambi\u00e9n en el ambiente musical de determinados espacios p\u00fablicos, como la mencionada pla\u00e7a de Catalu\u00f1a, donde las canciones pop sustitu\u00edan a los villancicos. El pr\u00e1cticamente obligado bel\u00e9n municipal de la Pla\u00e7a Sant Jaume, donde radican los edificios del Ayuntamiento y la Generalitat, y que es el centro hist\u00f3rico de la ciudad, siempre ha recibido un maltrato, dando lugar a im\u00e1genes que distan mucho tanto de la tradici\u00f3n como del respeto a su significado religioso. Est\u00e1 por ver que el de este a\u00f1o recobre la belleza y el sentido que le corresponde. En todo caso, la asociaci\u00f3n e-Cristians ya se ha dirigido a la alcaldesa para pedir que el pesebre municipal vuelva por sus fueros. El resultado final de este intento de consagrar el solsticio de invierno y de erradicar la Navidad, despu\u00e9s de los a\u00f1os transcurridos, ha quedado en nada, porque esta Navidad el llamado se\u00f1or \u201cInvierno\u201d se quedar\u00e1 en casa, y la ciudad empezar\u00e1 a recuperar el sentido real de la Navidad: la conmemoraci\u00f3n del nacimiento de Jes\u00fas hace m\u00e1s de 2.000 a\u00f1os. &nbsp; &nbsp; &nbsp; &nbsp; &nbsp;<\/p>\n","protected":false},"author":2,"featured_media":28990,"comment_status":"open","ping_status":"open","sticky":false,"template":"","format":"standard","meta":{"_FSMCFIC_featured_image_caption":"","_FSMCFIC_featured_image_nocaption":"","_FSMCFIC_featured_image_hide":"","footnotes":""},"categories":[806],"tags":[],"class_list":["post-29000","post","type-post","status-publish","format-standard","has-post-thumbnail","hentry","category-punts-claus-del-dia-es"],"yoast_head":"<!-- This site is optimized with the Yoast SEO plugin v26.8 - https:\/\/yoast.com\/product\/yoast-seo-wordpress\/ -->\n<title>El solsticio de invierno fracasa en Barcelona - Converses a Catalunya<\/title>\n<meta name=\"robots\" content=\"index, follow, max-snippet:-1, max-image-preview:large, max-video-preview:-1\" \/>\n<link rel=\"canonical\" href=\"https:\/\/conversesacatalunya.cat\/es\/el-solsticio-de-invierno-fracasa-en-barcelona\/\" \/>\n<meta property=\"og:locale\" content=\"es_ES\" \/>\n<meta property=\"og:type\" content=\"article\" \/>\n<meta property=\"og:title\" content=\"El solsticio de invierno fracasa en Barcelona - Converses a Catalunya\" \/>\n<meta property=\"og:description\" content=\"El Ayuntamiento de Barcelona, \u200b\u200bpresidido por Ada Colau, ha impulsado a lo largo de los \u00faltimos a\u00f1os la celebraci\u00f3n en la ciudad del solsticio de invierno como \u00abla fiesta en que la luz gana a la oscuridad\u00bb, en lugar de la Navidad. El Ayuntamiento ha invitado a los barceloneses a que celebraran esta festividad. El a\u00f1o pasado, en la plaza m\u00e1s emblem\u00e1tica de la ciudad, la Pla\u00e7a de Catalu\u00f1a, se instal\u00f3 una gran imagen del se\u00f1or \u201cInvierno\u201d rodeado de un gran decorado de relojes que significaban el paso el tiempo y el camino hacia la luz. Todos estos intentos desde el poder municipal de ocultar la celebraci\u00f3n cristiana contrastan con la atenci\u00f3n que Colau siempre ha tenido hacia las festividades religiosas de otras confesiones, en concreto la musulmana. Puntualmente siempre les ha felicitado sus fiestas m\u00e1s importantes, como la del Cordero o el fin del Ramad\u00e1n. Pero el intento de Ada Colau ha chocado con la realidad de la tradici\u00f3n que no solo es religiosa, sino tambi\u00e9n cultural y pr\u00e1ctica, como todas las tradiciones populares que tienen su origen en el cristianismo. Para m\u00e1s inri de un gobierno que se quiere anticapitalista, el se\u00f1or \u201cInvierno\u201d ten\u00eda un coste, porque era propiedad de la compa\u00f1\u00eda Efimar, es decir, que era un sustituto de la Navidad con royalties. Pero el intento nunca cuaj\u00f3, los ciudadanos han pasado ampliamente de \u00e9l y los comerciantes se han opuesto siempre porque ha dado lugar a una Navidad triste, oscura y acomplejada, porque Colau no quer\u00eda que las calles resaltaran con su ornamentaci\u00f3n esta festividad cristiana. La comparaci\u00f3n con las otras ciudades europeas que exhiben grandes iluminaciones por estas fechas ha sido un permanente motivo de discordia. El intento de sustituci\u00f3n se ha aplicado tambi\u00e9n en el ambiente musical de determinados espacios p\u00fablicos, como la mencionada pla\u00e7a de Catalu\u00f1a, donde las canciones pop sustitu\u00edan a los villancicos. El pr\u00e1cticamente obligado bel\u00e9n municipal de la Pla\u00e7a Sant Jaume, donde radican los edificios del Ayuntamiento y la Generalitat, y que es el centro hist\u00f3rico de la ciudad, siempre ha recibido un maltrato, dando lugar a im\u00e1genes que distan mucho tanto de la tradici\u00f3n como del respeto a su significado religioso. Est\u00e1 por ver que el de este a\u00f1o recobre la belleza y el sentido que le corresponde. En todo caso, la asociaci\u00f3n e-Cristians ya se ha dirigido a la alcaldesa para pedir que el pesebre municipal vuelva por sus fueros. El resultado final de este intento de consagrar el solsticio de invierno y de erradicar la Navidad, despu\u00e9s de los a\u00f1os transcurridos, ha quedado en nada, porque esta Navidad el llamado se\u00f1or \u201cInvierno\u201d se quedar\u00e1 en casa, y la ciudad empezar\u00e1 a recuperar el sentido real de la Navidad: la conmemoraci\u00f3n del nacimiento de Jes\u00fas hace m\u00e1s de 2.000 a\u00f1os. &nbsp; &nbsp; &nbsp; &nbsp; &nbsp;\" \/>\n<meta property=\"og:url\" content=\"https:\/\/conversesacatalunya.cat\/es\/el-solsticio-de-invierno-fracasa-en-barcelona\/\" \/>\n<meta property=\"og:site_name\" content=\"Converses a Catalunya\" \/>\n<meta property=\"article:published_time\" content=\"2019-11-21T15:13:16+00:00\" \/>\n<meta property=\"og:image\" content=\"https:\/\/conversesacatalunya.cat\/wp-content\/uploads\/2019\/11\/Senyor-hivern-Nadal.jpg\" \/>\n\t<meta property=\"og:image:width\" content=\"800\" \/>\n\t<meta property=\"og:image:height\" content=\"533\" \/>\n\t<meta property=\"og:image:type\" content=\"image\/jpeg\" \/>\n<meta name=\"author\" content=\"conversesacatalunya\" \/>\n<meta name=\"twitter:card\" content=\"summary_large_image\" \/>\n<meta name=\"twitter:label1\" content=\"Escrito por\" \/>\n\t<meta name=\"twitter:data1\" content=\"conversesacatalunya\" \/>\n\t<meta name=\"twitter:label2\" content=\"Tiempo de lectura\" \/>\n\t<meta name=\"twitter:data2\" content=\"3 minutos\" \/>\n<script type=\"application\/ld+json\" class=\"yoast-schema-graph\">{\"@context\":\"https:\/\/schema.org\",\"@graph\":[{\"@type\":\"Article\",\"@id\":\"https:\/\/conversesacatalunya.cat\/es\/el-solsticio-de-invierno-fracasa-en-barcelona\/#article\",\"isPartOf\":{\"@id\":\"https:\/\/conversesacatalunya.cat\/es\/el-solsticio-de-invierno-fracasa-en-barcelona\/\"},\"author\":{\"name\":\"conversesacatalunya\",\"@id\":\"https:\/\/conversesacatalunya.cat\/#\/schema\/person\/7e24d1e54a2785373ddcb275eae5ed99\"},\"headline\":\"El solsticio de invierno fracasa en Barcelona\",\"datePublished\":\"2019-11-21T15:13:16+00:00\",\"mainEntityOfPage\":{\"@id\":\"https:\/\/conversesacatalunya.cat\/es\/el-solsticio-de-invierno-fracasa-en-barcelona\/\"},\"wordCount\":516,\"commentCount\":0,\"image\":{\"@id\":\"https:\/\/conversesacatalunya.cat\/es\/el-solsticio-de-invierno-fracasa-en-barcelona\/#primaryimage\"},\"thumbnailUrl\":\"https:\/\/conversesacatalunya.cat\/wp-content\/uploads\/2019\/11\/Senyor-hivern-Nadal.jpg\",\"articleSection\":[\"Punts clau del dia (ES)\"],\"inLanguage\":\"es\",\"potentialAction\":[{\"@type\":\"CommentAction\",\"name\":\"Comment\",\"target\":[\"https:\/\/conversesacatalunya.cat\/es\/el-solsticio-de-invierno-fracasa-en-barcelona\/#respond\"]}]},{\"@type\":\"WebPage\",\"@id\":\"https:\/\/conversesacatalunya.cat\/es\/el-solsticio-de-invierno-fracasa-en-barcelona\/\",\"url\":\"https:\/\/conversesacatalunya.cat\/es\/el-solsticio-de-invierno-fracasa-en-barcelona\/\",\"name\":\"El solsticio de invierno fracasa en Barcelona - Converses a Catalunya\",\"isPartOf\":{\"@id\":\"https:\/\/conversesacatalunya.cat\/#website\"},\"primaryImageOfPage\":{\"@id\":\"https:\/\/conversesacatalunya.cat\/es\/el-solsticio-de-invierno-fracasa-en-barcelona\/#primaryimage\"},\"image\":{\"@id\":\"https:\/\/conversesacatalunya.cat\/es\/el-solsticio-de-invierno-fracasa-en-barcelona\/#primaryimage\"},\"thumbnailUrl\":\"https:\/\/conversesacatalunya.cat\/wp-content\/uploads\/2019\/11\/Senyor-hivern-Nadal.jpg\",\"datePublished\":\"2019-11-21T15:13:16+00:00\",\"author\":{\"@id\":\"https:\/\/conversesacatalunya.cat\/#\/schema\/person\/7e24d1e54a2785373ddcb275eae5ed99\"},\"breadcrumb\":{\"@id\":\"https:\/\/conversesacatalunya.cat\/es\/el-solsticio-de-invierno-fracasa-en-barcelona\/#breadcrumb\"},\"inLanguage\":\"es\",\"potentialAction\":[{\"@type\":\"ReadAction\",\"target\":[\"https:\/\/conversesacatalunya.cat\/es\/el-solsticio-de-invierno-fracasa-en-barcelona\/\"]}]},{\"@type\":\"ImageObject\",\"inLanguage\":\"es\",\"@id\":\"https:\/\/conversesacatalunya.cat\/es\/el-solsticio-de-invierno-fracasa-en-barcelona\/#primaryimage\",\"url\":\"https:\/\/conversesacatalunya.cat\/wp-content\/uploads\/2019\/11\/Senyor-hivern-Nadal.jpg\",\"contentUrl\":\"https:\/\/conversesacatalunya.cat\/wp-content\/uploads\/2019\/11\/Senyor-hivern-Nadal.jpg\",\"width\":800,\"height\":533,\"caption\":\"Nadal, senyor hivern\"},{\"@type\":\"BreadcrumbList\",\"@id\":\"https:\/\/conversesacatalunya.cat\/es\/el-solsticio-de-invierno-fracasa-en-barcelona\/#breadcrumb\",\"itemListElement\":[{\"@type\":\"ListItem\",\"position\":1,\"name\":\"Inici\",\"item\":\"https:\/\/conversesacatalunya.cat\/es\/\"},{\"@type\":\"ListItem\",\"position\":2,\"name\":\"El solsticio de invierno fracasa en Barcelona\"}]},{\"@type\":\"WebSite\",\"@id\":\"https:\/\/conversesacatalunya.cat\/#website\",\"url\":\"https:\/\/conversesacatalunya.cat\/\",\"name\":\"Converses a Catalunya\",\"description\":\"\",\"potentialAction\":[{\"@type\":\"SearchAction\",\"target\":{\"@type\":\"EntryPoint\",\"urlTemplate\":\"https:\/\/conversesacatalunya.cat\/?s={search_term_string}\"},\"query-input\":{\"@type\":\"PropertyValueSpecification\",\"valueRequired\":true,\"valueName\":\"search_term_string\"}}],\"inLanguage\":\"es\"},{\"@type\":\"Person\",\"@id\":\"https:\/\/conversesacatalunya.cat\/#\/schema\/person\/7e24d1e54a2785373ddcb275eae5ed99\",\"name\":\"conversesacatalunya\",\"image\":{\"@type\":\"ImageObject\",\"inLanguage\":\"es\",\"@id\":\"https:\/\/conversesacatalunya.cat\/#\/schema\/person\/image\/\",\"url\":\"https:\/\/conversesacatalunya.cat\/wp-content\/litespeed\/avatar\/febdfeeec89d950f01c748045a981dd2.jpg?ver=1777314535\",\"contentUrl\":\"https:\/\/conversesacatalunya.cat\/wp-content\/litespeed\/avatar\/febdfeeec89d950f01c748045a981dd2.jpg?ver=1777314535\",\"caption\":\"conversesacatalunya\"},\"url\":\"https:\/\/conversesacatalunya.cat\/es\/author\/carme_catala\/\"}]}<\/script>\n<!-- \/ Yoast SEO plugin. -->","yoast_head_json":{"title":"El solsticio de invierno fracasa en Barcelona - Converses a Catalunya","robots":{"index":"index","follow":"follow","max-snippet":"max-snippet:-1","max-image-preview":"max-image-preview:large","max-video-preview":"max-video-preview:-1"},"canonical":"https:\/\/conversesacatalunya.cat\/es\/el-solsticio-de-invierno-fracasa-en-barcelona\/","og_locale":"es_ES","og_type":"article","og_title":"El solsticio de invierno fracasa en Barcelona - Converses a Catalunya","og_description":"El Ayuntamiento de Barcelona, \u200b\u200bpresidido por Ada Colau, ha impulsado a lo largo de los \u00faltimos a\u00f1os la celebraci\u00f3n en la ciudad del solsticio de invierno como \u00abla fiesta en que la luz gana a la oscuridad\u00bb, en lugar de la Navidad. El Ayuntamiento ha invitado a los barceloneses a que celebraran esta festividad. El a\u00f1o pasado, en la plaza m\u00e1s emblem\u00e1tica de la ciudad, la Pla\u00e7a de Catalu\u00f1a, se instal\u00f3 una gran imagen del se\u00f1or \u201cInvierno\u201d rodeado de un gran decorado de relojes que significaban el paso el tiempo y el camino hacia la luz. Todos estos intentos desde el poder municipal de ocultar la celebraci\u00f3n cristiana contrastan con la atenci\u00f3n que Colau siempre ha tenido hacia las festividades religiosas de otras confesiones, en concreto la musulmana. Puntualmente siempre les ha felicitado sus fiestas m\u00e1s importantes, como la del Cordero o el fin del Ramad\u00e1n. Pero el intento de Ada Colau ha chocado con la realidad de la tradici\u00f3n que no solo es religiosa, sino tambi\u00e9n cultural y pr\u00e1ctica, como todas las tradiciones populares que tienen su origen en el cristianismo. Para m\u00e1s inri de un gobierno que se quiere anticapitalista, el se\u00f1or \u201cInvierno\u201d ten\u00eda un coste, porque era propiedad de la compa\u00f1\u00eda Efimar, es decir, que era un sustituto de la Navidad con royalties. Pero el intento nunca cuaj\u00f3, los ciudadanos han pasado ampliamente de \u00e9l y los comerciantes se han opuesto siempre porque ha dado lugar a una Navidad triste, oscura y acomplejada, porque Colau no quer\u00eda que las calles resaltaran con su ornamentaci\u00f3n esta festividad cristiana. La comparaci\u00f3n con las otras ciudades europeas que exhiben grandes iluminaciones por estas fechas ha sido un permanente motivo de discordia. El intento de sustituci\u00f3n se ha aplicado tambi\u00e9n en el ambiente musical de determinados espacios p\u00fablicos, como la mencionada pla\u00e7a de Catalu\u00f1a, donde las canciones pop sustitu\u00edan a los villancicos. El pr\u00e1cticamente obligado bel\u00e9n municipal de la Pla\u00e7a Sant Jaume, donde radican los edificios del Ayuntamiento y la Generalitat, y que es el centro hist\u00f3rico de la ciudad, siempre ha recibido un maltrato, dando lugar a im\u00e1genes que distan mucho tanto de la tradici\u00f3n como del respeto a su significado religioso. Est\u00e1 por ver que el de este a\u00f1o recobre la belleza y el sentido que le corresponde. En todo caso, la asociaci\u00f3n e-Cristians ya se ha dirigido a la alcaldesa para pedir que el pesebre municipal vuelva por sus fueros. El resultado final de este intento de consagrar el solsticio de invierno y de erradicar la Navidad, despu\u00e9s de los a\u00f1os transcurridos, ha quedado en nada, porque esta Navidad el llamado se\u00f1or \u201cInvierno\u201d se quedar\u00e1 en casa, y la ciudad empezar\u00e1 a recuperar el sentido real de la Navidad: la conmemoraci\u00f3n del nacimiento de Jes\u00fas hace m\u00e1s de 2.000 a\u00f1os. &nbsp; &nbsp; &nbsp; &nbsp; &nbsp;","og_url":"https:\/\/conversesacatalunya.cat\/es\/el-solsticio-de-invierno-fracasa-en-barcelona\/","og_site_name":"Converses a Catalunya","article_published_time":"2019-11-21T15:13:16+00:00","og_image":[{"width":800,"height":533,"url":"https:\/\/conversesacatalunya.cat\/wp-content\/uploads\/2019\/11\/Senyor-hivern-Nadal.jpg","type":"image\/jpeg"}],"author":"conversesacatalunya","twitter_card":"summary_large_image","twitter_misc":{"Escrito por":"conversesacatalunya","Tiempo de lectura":"3 minutos"},"schema":{"@context":"https:\/\/schema.org","@graph":[{"@type":"Article","@id":"https:\/\/conversesacatalunya.cat\/es\/el-solsticio-de-invierno-fracasa-en-barcelona\/#article","isPartOf":{"@id":"https:\/\/conversesacatalunya.cat\/es\/el-solsticio-de-invierno-fracasa-en-barcelona\/"},"author":{"name":"conversesacatalunya","@id":"https:\/\/conversesacatalunya.cat\/#\/schema\/person\/7e24d1e54a2785373ddcb275eae5ed99"},"headline":"El solsticio de invierno fracasa en Barcelona","datePublished":"2019-11-21T15:13:16+00:00","mainEntityOfPage":{"@id":"https:\/\/conversesacatalunya.cat\/es\/el-solsticio-de-invierno-fracasa-en-barcelona\/"},"wordCount":516,"commentCount":0,"image":{"@id":"https:\/\/conversesacatalunya.cat\/es\/el-solsticio-de-invierno-fracasa-en-barcelona\/#primaryimage"},"thumbnailUrl":"https:\/\/conversesacatalunya.cat\/wp-content\/uploads\/2019\/11\/Senyor-hivern-Nadal.jpg","articleSection":["Punts clau del dia (ES)"],"inLanguage":"es","potentialAction":[{"@type":"CommentAction","name":"Comment","target":["https:\/\/conversesacatalunya.cat\/es\/el-solsticio-de-invierno-fracasa-en-barcelona\/#respond"]}]},{"@type":"WebPage","@id":"https:\/\/conversesacatalunya.cat\/es\/el-solsticio-de-invierno-fracasa-en-barcelona\/","url":"https:\/\/conversesacatalunya.cat\/es\/el-solsticio-de-invierno-fracasa-en-barcelona\/","name":"El solsticio de invierno fracasa en Barcelona - Converses a Catalunya","isPartOf":{"@id":"https:\/\/conversesacatalunya.cat\/#website"},"primaryImageOfPage":{"@id":"https:\/\/conversesacatalunya.cat\/es\/el-solsticio-de-invierno-fracasa-en-barcelona\/#primaryimage"},"image":{"@id":"https:\/\/conversesacatalunya.cat\/es\/el-solsticio-de-invierno-fracasa-en-barcelona\/#primaryimage"},"thumbnailUrl":"https:\/\/conversesacatalunya.cat\/wp-content\/uploads\/2019\/11\/Senyor-hivern-Nadal.jpg","datePublished":"2019-11-21T15:13:16+00:00","author":{"@id":"https:\/\/conversesacatalunya.cat\/#\/schema\/person\/7e24d1e54a2785373ddcb275eae5ed99"},"breadcrumb":{"@id":"https:\/\/conversesacatalunya.cat\/es\/el-solsticio-de-invierno-fracasa-en-barcelona\/#breadcrumb"},"inLanguage":"es","potentialAction":[{"@type":"ReadAction","target":["https:\/\/conversesacatalunya.cat\/es\/el-solsticio-de-invierno-fracasa-en-barcelona\/"]}]},{"@type":"ImageObject","inLanguage":"es","@id":"https:\/\/conversesacatalunya.cat\/es\/el-solsticio-de-invierno-fracasa-en-barcelona\/#primaryimage","url":"https:\/\/conversesacatalunya.cat\/wp-content\/uploads\/2019\/11\/Senyor-hivern-Nadal.jpg","contentUrl":"https:\/\/conversesacatalunya.cat\/wp-content\/uploads\/2019\/11\/Senyor-hivern-Nadal.jpg","width":800,"height":533,"caption":"Nadal, senyor hivern"},{"@type":"BreadcrumbList","@id":"https:\/\/conversesacatalunya.cat\/es\/el-solsticio-de-invierno-fracasa-en-barcelona\/#breadcrumb","itemListElement":[{"@type":"ListItem","position":1,"name":"Inici","item":"https:\/\/conversesacatalunya.cat\/es\/"},{"@type":"ListItem","position":2,"name":"El solsticio de invierno fracasa en Barcelona"}]},{"@type":"WebSite","@id":"https:\/\/conversesacatalunya.cat\/#website","url":"https:\/\/conversesacatalunya.cat\/","name":"Converses a Catalunya","description":"","potentialAction":[{"@type":"SearchAction","target":{"@type":"EntryPoint","urlTemplate":"https:\/\/conversesacatalunya.cat\/?s={search_term_string}"},"query-input":{"@type":"PropertyValueSpecification","valueRequired":true,"valueName":"search_term_string"}}],"inLanguage":"es"},{"@type":"Person","@id":"https:\/\/conversesacatalunya.cat\/#\/schema\/person\/7e24d1e54a2785373ddcb275eae5ed99","name":"conversesacatalunya","image":{"@type":"ImageObject","inLanguage":"es","@id":"https:\/\/conversesacatalunya.cat\/#\/schema\/person\/image\/","url":"https:\/\/conversesacatalunya.cat\/wp-content\/litespeed\/avatar\/febdfeeec89d950f01c748045a981dd2.jpg?ver=1777314535","contentUrl":"https:\/\/conversesacatalunya.cat\/wp-content\/litespeed\/avatar\/febdfeeec89d950f01c748045a981dd2.jpg?ver=1777314535","caption":"conversesacatalunya"},"url":"https:\/\/conversesacatalunya.cat\/es\/author\/carme_catala\/"}]}},"wps_subtitle":"","_links":{"self":[{"href":"https:\/\/conversesacatalunya.cat\/es\/wp-json\/wp\/v2\/posts\/29000","targetHints":{"allow":["GET"]}}],"collection":[{"href":"https:\/\/conversesacatalunya.cat\/es\/wp-json\/wp\/v2\/posts"}],"about":[{"href":"https:\/\/conversesacatalunya.cat\/es\/wp-json\/wp\/v2\/types\/post"}],"author":[{"embeddable":true,"href":"https:\/\/conversesacatalunya.cat\/es\/wp-json\/wp\/v2\/users\/2"}],"replies":[{"embeddable":true,"href":"https:\/\/conversesacatalunya.cat\/es\/wp-json\/wp\/v2\/comments?post=29000"}],"version-history":[{"count":1,"href":"https:\/\/conversesacatalunya.cat\/es\/wp-json\/wp\/v2\/posts\/29000\/revisions"}],"predecessor-version":[{"id":29001,"href":"https:\/\/conversesacatalunya.cat\/es\/wp-json\/wp\/v2\/posts\/29000\/revisions\/29001"}],"wp:featuredmedia":[{"embeddable":true,"href":"https:\/\/conversesacatalunya.cat\/es\/wp-json\/wp\/v2\/media\/28990"}],"wp:attachment":[{"href":"https:\/\/conversesacatalunya.cat\/es\/wp-json\/wp\/v2\/media?parent=29000"}],"wp:term":[{"taxonomy":"category","embeddable":true,"href":"https:\/\/conversesacatalunya.cat\/es\/wp-json\/wp\/v2\/categories?post=29000"},{"taxonomy":"post_tag","embeddable":true,"href":"https:\/\/conversesacatalunya.cat\/es\/wp-json\/wp\/v2\/tags?post=29000"}],"curies":[{"name":"wp","href":"https:\/\/api.w.org\/{rel}","templated":true}]}}