{"id":28984,"date":"2019-11-21T14:47:54","date_gmt":"2019-11-21T13:47:54","guid":{"rendered":"https:\/\/conversesacatalunya.cat\/?p=28984"},"modified":"2019-11-21T14:47:54","modified_gmt":"2019-11-21T13:47:54","slug":"que-es-ser-un-buen-ciudadano-para-los-catalanes","status":"publish","type":"post","link":"https:\/\/conversesacatalunya.cat\/es\/que-es-ser-un-buen-ciudadano-para-los-catalanes\/","title":{"rendered":"\u00bfQu\u00e9 es ser un buen ciudadano para los catalanes?"},"content":{"rendered":"<p>La respuesta que podemos obtener a partir de los datos de la <a href=\"http:\/\/upceo.ceo.gencat.cat\/wsceop\/7348\/Dossier%20de%20premsa%20-951.pdf\">encuesta del CEO del mes de noviembre<\/a> no es muy halagadora, porque deja mucho espacio a las sombras.<\/p>\n<p>Por ejemplo, solo el <strong>51% considera que hay que obedecer las leyes<\/strong>. Es una cifra muy baja e identifica un problema de fondo que puede tener m\u00faltiples ramificaciones. Seguramente desde la perspectiva del independentismo, sobre todo del m\u00e1s radicalizado, le parecer\u00e1 que es el resultado de su oposici\u00f3n al Estado, pero el problema de generar una cultura de este tipo es que no tiene l\u00edmites, porque lo que introduce es la subjetividad m\u00e1s absoluta a la hora de obedecer la legislaci\u00f3n de la cual nos dotamos.<\/p>\n<p>Es contemplar el hecho de <strong>hacer caso solo de la norma<\/strong> que nos resulta conveniente, sea por las razones que sea. Es peligroso, m\u00e1s en un pa\u00eds que tiene una larga trayectoria de arrebatos, de desobediencia colectiva, que le han hecho mucho da\u00f1o a lo largo de la historia.<\/p>\n<p>Este dato hay que ponerlo en relaci\u00f3n con otro que constata tambi\u00e9n <strong>debilidad c\u00edvica: solo el 44,5% afirma que es necesario vigilar y seguir de cerca las actuaciones del gobierno<\/strong>. Una sociedad no tiene una democracia vigorosa porque algunos pol\u00edticos repitan hasta el agotamiento su nombre, sino porque tiene una amplia mayor\u00eda de la poblaci\u00f3n que forja su criterio, no a trav\u00e9s de cuatro frases de tertulianos, sino por un seguimiento atento de las actuaciones de los gobiernos y parlamentos. Cuando esto no se da, la polarizaci\u00f3n entre los incondicionales absolutos y los contrarios \u00abs\u00ed o s\u00ed\u00bb est\u00e1 garantizada, porque no se dialoga sobre hechos concretos, sino sobre bandos.<\/p>\n<p>Mejor queda otra caracter\u00edstica b\u00e1sica para una sociedad democr\u00e1tica, la de <strong>intentar entender las opiniones diferentes<\/strong> de las propias. En este caso, hasta <strong>el 67%<\/strong> responde afirmativamente, por lo tanto solo una minor\u00eda (no peque\u00f1a, pero minor\u00eda) no comparte este decisivo punto de vista. En este caso el problema es m\u00e1s de orden pr\u00e1ctico, porque esta mayor\u00eda capaz de entender a aquellos que discrepan de su visi\u00f3n no se est\u00e1 haciendo presente en la vida p\u00fablica.<\/p>\n<p>Tambi\u00e9n llama la atenci\u00f3n que <strong>el 61% considere que el gobierno tiene que ayudar<\/strong> a la gente que vive peor. No es una magnitud muy grande si se considera que la atm\u00f3sfera p\u00fablica de Catalu\u00f1a va llena de \u00absolidaridad\u00bb, a veces cierta y en otras puramente formal, pero que el 40% no crea en la prioridad gubernamental de ayudar a los m\u00e1s necesidades, indudablemente no es un buen resultado.<\/p>\n<p>&nbsp;<\/p>\n<p>&nbsp;<\/p>\n","protected":false},"excerpt":{"rendered":"<p>La respuesta que podemos obtener a partir de los datos de la encuesta del CEO del mes de noviembre no es muy halagadora, porque deja mucho espacio a las sombras. Por ejemplo, solo el 51% considera que hay que obedecer las leyes. Es una cifra muy baja e identifica un problema de fondo que puede tener m\u00faltiples ramificaciones. Seguramente desde la perspectiva del independentismo, sobre todo del m\u00e1s radicalizado, le parecer\u00e1 que es el resultado de su oposici\u00f3n al Estado, pero el problema de generar una cultura de este tipo es que no tiene l\u00edmites, porque lo que introduce es la subjetividad m\u00e1s absoluta a la hora de obedecer la legislaci\u00f3n de la cual nos dotamos. Es contemplar el hecho de hacer caso solo de la norma que nos resulta conveniente, sea por las razones que sea. Es peligroso, m\u00e1s en un pa\u00eds que tiene una larga trayectoria de arrebatos, de desobediencia colectiva, que le han hecho mucho da\u00f1o a lo largo de la historia. Este dato hay que ponerlo en relaci\u00f3n con otro que constata tambi\u00e9n debilidad c\u00edvica: solo el 44,5% afirma que es necesario vigilar y seguir de cerca las actuaciones del gobierno. Una sociedad no tiene una democracia vigorosa porque algunos pol\u00edticos repitan hasta el agotamiento su nombre, sino porque tiene una amplia mayor\u00eda de la poblaci\u00f3n que forja su criterio, no a trav\u00e9s de cuatro frases de tertulianos, sino por un seguimiento atento de las actuaciones de los gobiernos y parlamentos. Cuando esto no se da, la polarizaci\u00f3n entre los incondicionales absolutos y los contrarios \u00abs\u00ed o s\u00ed\u00bb est\u00e1 garantizada, porque no se dialoga sobre hechos concretos, sino sobre bandos. Mejor queda otra caracter\u00edstica b\u00e1sica para una sociedad democr\u00e1tica, la de intentar entender las opiniones diferentes de las propias. En este caso, hasta el 67% responde afirmativamente, por lo tanto solo una minor\u00eda (no peque\u00f1a, pero minor\u00eda) no comparte este decisivo punto de vista. En este caso el problema es m\u00e1s de orden pr\u00e1ctico, porque esta mayor\u00eda capaz de entender a aquellos que discrepan de su visi\u00f3n no se est\u00e1 haciendo presente en la vida p\u00fablica. Tambi\u00e9n llama la atenci\u00f3n que el 61% considere que el gobierno tiene que ayudar a la gente que vive peor. No es una magnitud muy grande si se considera que la atm\u00f3sfera p\u00fablica de Catalu\u00f1a va llena de \u00absolidaridad\u00bb, a veces cierta y en otras puramente formal, pero que el 40% no crea en la prioridad gubernamental de ayudar a los m\u00e1s necesidades, indudablemente no es un buen resultado. &nbsp; &nbsp;<\/p>\n","protected":false},"author":2,"featured_media":28977,"comment_status":"open","ping_status":"open","sticky":false,"template":"","format":"standard","meta":{"_FSMCFIC_featured_image_caption":"","_FSMCFIC_featured_image_nocaption":"","_FSMCFIC_featured_image_hide":"","footnotes":""},"categories":[806],"tags":[],"class_list":["post-28984","post","type-post","status-publish","format-standard","has-post-thumbnail","hentry","category-punts-claus-del-dia-es"],"yoast_head":"<!-- This site is optimized with the Yoast SEO plugin v26.8 - https:\/\/yoast.com\/product\/yoast-seo-wordpress\/ -->\n<title>\u00bfQu\u00e9 es ser un buen ciudadano para los catalanes? - Converses a Catalunya<\/title>\n<meta name=\"robots\" content=\"index, follow, max-snippet:-1, max-image-preview:large, max-video-preview:-1\" \/>\n<link rel=\"canonical\" href=\"https:\/\/conversesacatalunya.cat\/es\/que-es-ser-un-buen-ciudadano-para-los-catalanes\/\" \/>\n<meta property=\"og:locale\" content=\"es_ES\" \/>\n<meta property=\"og:type\" content=\"article\" \/>\n<meta property=\"og:title\" content=\"\u00bfQu\u00e9 es ser un buen ciudadano para los catalanes? - Converses a Catalunya\" \/>\n<meta property=\"og:description\" content=\"La respuesta que podemos obtener a partir de los datos de la encuesta del CEO del mes de noviembre no es muy halagadora, porque deja mucho espacio a las sombras. Por ejemplo, solo el 51% considera que hay que obedecer las leyes. Es una cifra muy baja e identifica un problema de fondo que puede tener m\u00faltiples ramificaciones. Seguramente desde la perspectiva del independentismo, sobre todo del m\u00e1s radicalizado, le parecer\u00e1 que es el resultado de su oposici\u00f3n al Estado, pero el problema de generar una cultura de este tipo es que no tiene l\u00edmites, porque lo que introduce es la subjetividad m\u00e1s absoluta a la hora de obedecer la legislaci\u00f3n de la cual nos dotamos. Es contemplar el hecho de hacer caso solo de la norma que nos resulta conveniente, sea por las razones que sea. Es peligroso, m\u00e1s en un pa\u00eds que tiene una larga trayectoria de arrebatos, de desobediencia colectiva, que le han hecho mucho da\u00f1o a lo largo de la historia. Este dato hay que ponerlo en relaci\u00f3n con otro que constata tambi\u00e9n debilidad c\u00edvica: solo el 44,5% afirma que es necesario vigilar y seguir de cerca las actuaciones del gobierno. Una sociedad no tiene una democracia vigorosa porque algunos pol\u00edticos repitan hasta el agotamiento su nombre, sino porque tiene una amplia mayor\u00eda de la poblaci\u00f3n que forja su criterio, no a trav\u00e9s de cuatro frases de tertulianos, sino por un seguimiento atento de las actuaciones de los gobiernos y parlamentos. Cuando esto no se da, la polarizaci\u00f3n entre los incondicionales absolutos y los contrarios \u00abs\u00ed o s\u00ed\u00bb est\u00e1 garantizada, porque no se dialoga sobre hechos concretos, sino sobre bandos. Mejor queda otra caracter\u00edstica b\u00e1sica para una sociedad democr\u00e1tica, la de intentar entender las opiniones diferentes de las propias. En este caso, hasta el 67% responde afirmativamente, por lo tanto solo una minor\u00eda (no peque\u00f1a, pero minor\u00eda) no comparte este decisivo punto de vista. En este caso el problema es m\u00e1s de orden pr\u00e1ctico, porque esta mayor\u00eda capaz de entender a aquellos que discrepan de su visi\u00f3n no se est\u00e1 haciendo presente en la vida p\u00fablica. Tambi\u00e9n llama la atenci\u00f3n que el 61% considere que el gobierno tiene que ayudar a la gente que vive peor. No es una magnitud muy grande si se considera que la atm\u00f3sfera p\u00fablica de Catalu\u00f1a va llena de \u00absolidaridad\u00bb, a veces cierta y en otras puramente formal, pero que el 40% no crea en la prioridad gubernamental de ayudar a los m\u00e1s necesidades, indudablemente no es un buen resultado. &nbsp; &nbsp;\" \/>\n<meta property=\"og:url\" content=\"https:\/\/conversesacatalunya.cat\/es\/que-es-ser-un-buen-ciudadano-para-los-catalanes\/\" \/>\n<meta property=\"og:site_name\" content=\"Converses a Catalunya\" \/>\n<meta property=\"article:published_time\" content=\"2019-11-21T13:47:54+00:00\" \/>\n<meta property=\"og:image\" content=\"https:\/\/conversesacatalunya.cat\/wp-content\/uploads\/2019\/11\/bon-ciutada-1.jpg\" \/>\n\t<meta property=\"og:image:width\" content=\"800\" \/>\n\t<meta property=\"og:image:height\" content=\"400\" \/>\n\t<meta property=\"og:image:type\" content=\"image\/jpeg\" \/>\n<meta name=\"author\" content=\"conversesacatalunya\" \/>\n<meta name=\"twitter:card\" content=\"summary_large_image\" \/>\n<meta name=\"twitter:label1\" content=\"Escrito por\" \/>\n\t<meta name=\"twitter:data1\" content=\"conversesacatalunya\" \/>\n\t<meta name=\"twitter:label2\" content=\"Tiempo de lectura\" \/>\n\t<meta name=\"twitter:data2\" content=\"2 minutos\" \/>\n<script type=\"application\/ld+json\" class=\"yoast-schema-graph\">{\"@context\":\"https:\/\/schema.org\",\"@graph\":[{\"@type\":\"Article\",\"@id\":\"https:\/\/conversesacatalunya.cat\/es\/que-es-ser-un-buen-ciudadano-para-los-catalanes\/#article\",\"isPartOf\":{\"@id\":\"https:\/\/conversesacatalunya.cat\/es\/que-es-ser-un-buen-ciudadano-para-los-catalanes\/\"},\"author\":{\"name\":\"conversesacatalunya\",\"@id\":\"https:\/\/conversesacatalunya.cat\/#\/schema\/person\/7e24d1e54a2785373ddcb275eae5ed99\"},\"headline\":\"\u00bfQu\u00e9 es ser un buen ciudadano para los catalanes?\",\"datePublished\":\"2019-11-21T13:47:54+00:00\",\"mainEntityOfPage\":{\"@id\":\"https:\/\/conversesacatalunya.cat\/es\/que-es-ser-un-buen-ciudadano-para-los-catalanes\/\"},\"wordCount\":459,\"commentCount\":0,\"image\":{\"@id\":\"https:\/\/conversesacatalunya.cat\/es\/que-es-ser-un-buen-ciudadano-para-los-catalanes\/#primaryimage\"},\"thumbnailUrl\":\"https:\/\/conversesacatalunya.cat\/wp-content\/uploads\/2019\/11\/bon-ciutada-1.jpg\",\"articleSection\":[\"Punts clau del dia (ES)\"],\"inLanguage\":\"es\",\"potentialAction\":[{\"@type\":\"CommentAction\",\"name\":\"Comment\",\"target\":[\"https:\/\/conversesacatalunya.cat\/es\/que-es-ser-un-buen-ciudadano-para-los-catalanes\/#respond\"]}]},{\"@type\":\"WebPage\",\"@id\":\"https:\/\/conversesacatalunya.cat\/es\/que-es-ser-un-buen-ciudadano-para-los-catalanes\/\",\"url\":\"https:\/\/conversesacatalunya.cat\/es\/que-es-ser-un-buen-ciudadano-para-los-catalanes\/\",\"name\":\"\u00bfQu\u00e9 es ser un buen ciudadano para los catalanes? - Converses a Catalunya\",\"isPartOf\":{\"@id\":\"https:\/\/conversesacatalunya.cat\/#website\"},\"primaryImageOfPage\":{\"@id\":\"https:\/\/conversesacatalunya.cat\/es\/que-es-ser-un-buen-ciudadano-para-los-catalanes\/#primaryimage\"},\"image\":{\"@id\":\"https:\/\/conversesacatalunya.cat\/es\/que-es-ser-un-buen-ciudadano-para-los-catalanes\/#primaryimage\"},\"thumbnailUrl\":\"https:\/\/conversesacatalunya.cat\/wp-content\/uploads\/2019\/11\/bon-ciutada-1.jpg\",\"datePublished\":\"2019-11-21T13:47:54+00:00\",\"author\":{\"@id\":\"https:\/\/conversesacatalunya.cat\/#\/schema\/person\/7e24d1e54a2785373ddcb275eae5ed99\"},\"breadcrumb\":{\"@id\":\"https:\/\/conversesacatalunya.cat\/es\/que-es-ser-un-buen-ciudadano-para-los-catalanes\/#breadcrumb\"},\"inLanguage\":\"es\",\"potentialAction\":[{\"@type\":\"ReadAction\",\"target\":[\"https:\/\/conversesacatalunya.cat\/es\/que-es-ser-un-buen-ciudadano-para-los-catalanes\/\"]}]},{\"@type\":\"ImageObject\",\"inLanguage\":\"es\",\"@id\":\"https:\/\/conversesacatalunya.cat\/es\/que-es-ser-un-buen-ciudadano-para-los-catalanes\/#primaryimage\",\"url\":\"https:\/\/conversesacatalunya.cat\/wp-content\/uploads\/2019\/11\/bon-ciutada-1.jpg\",\"contentUrl\":\"https:\/\/conversesacatalunya.cat\/wp-content\/uploads\/2019\/11\/bon-ciutada-1.jpg\",\"width\":800,\"height\":400,\"caption\":\"bon ciutad\u00e0\"},{\"@type\":\"BreadcrumbList\",\"@id\":\"https:\/\/conversesacatalunya.cat\/es\/que-es-ser-un-buen-ciudadano-para-los-catalanes\/#breadcrumb\",\"itemListElement\":[{\"@type\":\"ListItem\",\"position\":1,\"name\":\"Inici\",\"item\":\"https:\/\/conversesacatalunya.cat\/es\/\"},{\"@type\":\"ListItem\",\"position\":2,\"name\":\"\u00bfQu\u00e9 es ser un buen ciudadano para los catalanes?\"}]},{\"@type\":\"WebSite\",\"@id\":\"https:\/\/conversesacatalunya.cat\/#website\",\"url\":\"https:\/\/conversesacatalunya.cat\/\",\"name\":\"Converses a Catalunya\",\"description\":\"\",\"potentialAction\":[{\"@type\":\"SearchAction\",\"target\":{\"@type\":\"EntryPoint\",\"urlTemplate\":\"https:\/\/conversesacatalunya.cat\/?s={search_term_string}\"},\"query-input\":{\"@type\":\"PropertyValueSpecification\",\"valueRequired\":true,\"valueName\":\"search_term_string\"}}],\"inLanguage\":\"es\"},{\"@type\":\"Person\",\"@id\":\"https:\/\/conversesacatalunya.cat\/#\/schema\/person\/7e24d1e54a2785373ddcb275eae5ed99\",\"name\":\"conversesacatalunya\",\"image\":{\"@type\":\"ImageObject\",\"inLanguage\":\"es\",\"@id\":\"https:\/\/conversesacatalunya.cat\/#\/schema\/person\/image\/\",\"url\":\"https:\/\/conversesacatalunya.cat\/wp-content\/litespeed\/avatar\/febdfeeec89d950f01c748045a981dd2.jpg?ver=1777314535\",\"contentUrl\":\"https:\/\/conversesacatalunya.cat\/wp-content\/litespeed\/avatar\/febdfeeec89d950f01c748045a981dd2.jpg?ver=1777314535\",\"caption\":\"conversesacatalunya\"},\"url\":\"https:\/\/conversesacatalunya.cat\/es\/author\/carme_catala\/\"}]}<\/script>\n<!-- \/ Yoast SEO plugin. -->","yoast_head_json":{"title":"\u00bfQu\u00e9 es ser un buen ciudadano para los catalanes? - Converses a Catalunya","robots":{"index":"index","follow":"follow","max-snippet":"max-snippet:-1","max-image-preview":"max-image-preview:large","max-video-preview":"max-video-preview:-1"},"canonical":"https:\/\/conversesacatalunya.cat\/es\/que-es-ser-un-buen-ciudadano-para-los-catalanes\/","og_locale":"es_ES","og_type":"article","og_title":"\u00bfQu\u00e9 es ser un buen ciudadano para los catalanes? - Converses a Catalunya","og_description":"La respuesta que podemos obtener a partir de los datos de la encuesta del CEO del mes de noviembre no es muy halagadora, porque deja mucho espacio a las sombras. Por ejemplo, solo el 51% considera que hay que obedecer las leyes. Es una cifra muy baja e identifica un problema de fondo que puede tener m\u00faltiples ramificaciones. Seguramente desde la perspectiva del independentismo, sobre todo del m\u00e1s radicalizado, le parecer\u00e1 que es el resultado de su oposici\u00f3n al Estado, pero el problema de generar una cultura de este tipo es que no tiene l\u00edmites, porque lo que introduce es la subjetividad m\u00e1s absoluta a la hora de obedecer la legislaci\u00f3n de la cual nos dotamos. Es contemplar el hecho de hacer caso solo de la norma que nos resulta conveniente, sea por las razones que sea. Es peligroso, m\u00e1s en un pa\u00eds que tiene una larga trayectoria de arrebatos, de desobediencia colectiva, que le han hecho mucho da\u00f1o a lo largo de la historia. Este dato hay que ponerlo en relaci\u00f3n con otro que constata tambi\u00e9n debilidad c\u00edvica: solo el 44,5% afirma que es necesario vigilar y seguir de cerca las actuaciones del gobierno. Una sociedad no tiene una democracia vigorosa porque algunos pol\u00edticos repitan hasta el agotamiento su nombre, sino porque tiene una amplia mayor\u00eda de la poblaci\u00f3n que forja su criterio, no a trav\u00e9s de cuatro frases de tertulianos, sino por un seguimiento atento de las actuaciones de los gobiernos y parlamentos. Cuando esto no se da, la polarizaci\u00f3n entre los incondicionales absolutos y los contrarios \u00abs\u00ed o s\u00ed\u00bb est\u00e1 garantizada, porque no se dialoga sobre hechos concretos, sino sobre bandos. Mejor queda otra caracter\u00edstica b\u00e1sica para una sociedad democr\u00e1tica, la de intentar entender las opiniones diferentes de las propias. En este caso, hasta el 67% responde afirmativamente, por lo tanto solo una minor\u00eda (no peque\u00f1a, pero minor\u00eda) no comparte este decisivo punto de vista. En este caso el problema es m\u00e1s de orden pr\u00e1ctico, porque esta mayor\u00eda capaz de entender a aquellos que discrepan de su visi\u00f3n no se est\u00e1 haciendo presente en la vida p\u00fablica. Tambi\u00e9n llama la atenci\u00f3n que el 61% considere que el gobierno tiene que ayudar a la gente que vive peor. No es una magnitud muy grande si se considera que la atm\u00f3sfera p\u00fablica de Catalu\u00f1a va llena de \u00absolidaridad\u00bb, a veces cierta y en otras puramente formal, pero que el 40% no crea en la prioridad gubernamental de ayudar a los m\u00e1s necesidades, indudablemente no es un buen resultado. &nbsp; &nbsp;","og_url":"https:\/\/conversesacatalunya.cat\/es\/que-es-ser-un-buen-ciudadano-para-los-catalanes\/","og_site_name":"Converses a Catalunya","article_published_time":"2019-11-21T13:47:54+00:00","og_image":[{"width":800,"height":400,"url":"https:\/\/conversesacatalunya.cat\/wp-content\/uploads\/2019\/11\/bon-ciutada-1.jpg","type":"image\/jpeg"}],"author":"conversesacatalunya","twitter_card":"summary_large_image","twitter_misc":{"Escrito por":"conversesacatalunya","Tiempo de lectura":"2 minutos"},"schema":{"@context":"https:\/\/schema.org","@graph":[{"@type":"Article","@id":"https:\/\/conversesacatalunya.cat\/es\/que-es-ser-un-buen-ciudadano-para-los-catalanes\/#article","isPartOf":{"@id":"https:\/\/conversesacatalunya.cat\/es\/que-es-ser-un-buen-ciudadano-para-los-catalanes\/"},"author":{"name":"conversesacatalunya","@id":"https:\/\/conversesacatalunya.cat\/#\/schema\/person\/7e24d1e54a2785373ddcb275eae5ed99"},"headline":"\u00bfQu\u00e9 es ser un buen ciudadano para los catalanes?","datePublished":"2019-11-21T13:47:54+00:00","mainEntityOfPage":{"@id":"https:\/\/conversesacatalunya.cat\/es\/que-es-ser-un-buen-ciudadano-para-los-catalanes\/"},"wordCount":459,"commentCount":0,"image":{"@id":"https:\/\/conversesacatalunya.cat\/es\/que-es-ser-un-buen-ciudadano-para-los-catalanes\/#primaryimage"},"thumbnailUrl":"https:\/\/conversesacatalunya.cat\/wp-content\/uploads\/2019\/11\/bon-ciutada-1.jpg","articleSection":["Punts clau del dia (ES)"],"inLanguage":"es","potentialAction":[{"@type":"CommentAction","name":"Comment","target":["https:\/\/conversesacatalunya.cat\/es\/que-es-ser-un-buen-ciudadano-para-los-catalanes\/#respond"]}]},{"@type":"WebPage","@id":"https:\/\/conversesacatalunya.cat\/es\/que-es-ser-un-buen-ciudadano-para-los-catalanes\/","url":"https:\/\/conversesacatalunya.cat\/es\/que-es-ser-un-buen-ciudadano-para-los-catalanes\/","name":"\u00bfQu\u00e9 es ser un buen ciudadano para los catalanes? - Converses a Catalunya","isPartOf":{"@id":"https:\/\/conversesacatalunya.cat\/#website"},"primaryImageOfPage":{"@id":"https:\/\/conversesacatalunya.cat\/es\/que-es-ser-un-buen-ciudadano-para-los-catalanes\/#primaryimage"},"image":{"@id":"https:\/\/conversesacatalunya.cat\/es\/que-es-ser-un-buen-ciudadano-para-los-catalanes\/#primaryimage"},"thumbnailUrl":"https:\/\/conversesacatalunya.cat\/wp-content\/uploads\/2019\/11\/bon-ciutada-1.jpg","datePublished":"2019-11-21T13:47:54+00:00","author":{"@id":"https:\/\/conversesacatalunya.cat\/#\/schema\/person\/7e24d1e54a2785373ddcb275eae5ed99"},"breadcrumb":{"@id":"https:\/\/conversesacatalunya.cat\/es\/que-es-ser-un-buen-ciudadano-para-los-catalanes\/#breadcrumb"},"inLanguage":"es","potentialAction":[{"@type":"ReadAction","target":["https:\/\/conversesacatalunya.cat\/es\/que-es-ser-un-buen-ciudadano-para-los-catalanes\/"]}]},{"@type":"ImageObject","inLanguage":"es","@id":"https:\/\/conversesacatalunya.cat\/es\/que-es-ser-un-buen-ciudadano-para-los-catalanes\/#primaryimage","url":"https:\/\/conversesacatalunya.cat\/wp-content\/uploads\/2019\/11\/bon-ciutada-1.jpg","contentUrl":"https:\/\/conversesacatalunya.cat\/wp-content\/uploads\/2019\/11\/bon-ciutada-1.jpg","width":800,"height":400,"caption":"bon ciutad\u00e0"},{"@type":"BreadcrumbList","@id":"https:\/\/conversesacatalunya.cat\/es\/que-es-ser-un-buen-ciudadano-para-los-catalanes\/#breadcrumb","itemListElement":[{"@type":"ListItem","position":1,"name":"Inici","item":"https:\/\/conversesacatalunya.cat\/es\/"},{"@type":"ListItem","position":2,"name":"\u00bfQu\u00e9 es ser un buen ciudadano para los catalanes?"}]},{"@type":"WebSite","@id":"https:\/\/conversesacatalunya.cat\/#website","url":"https:\/\/conversesacatalunya.cat\/","name":"Converses a Catalunya","description":"","potentialAction":[{"@type":"SearchAction","target":{"@type":"EntryPoint","urlTemplate":"https:\/\/conversesacatalunya.cat\/?s={search_term_string}"},"query-input":{"@type":"PropertyValueSpecification","valueRequired":true,"valueName":"search_term_string"}}],"inLanguage":"es"},{"@type":"Person","@id":"https:\/\/conversesacatalunya.cat\/#\/schema\/person\/7e24d1e54a2785373ddcb275eae5ed99","name":"conversesacatalunya","image":{"@type":"ImageObject","inLanguage":"es","@id":"https:\/\/conversesacatalunya.cat\/#\/schema\/person\/image\/","url":"https:\/\/conversesacatalunya.cat\/wp-content\/litespeed\/avatar\/febdfeeec89d950f01c748045a981dd2.jpg?ver=1777314535","contentUrl":"https:\/\/conversesacatalunya.cat\/wp-content\/litespeed\/avatar\/febdfeeec89d950f01c748045a981dd2.jpg?ver=1777314535","caption":"conversesacatalunya"},"url":"https:\/\/conversesacatalunya.cat\/es\/author\/carme_catala\/"}]}},"wps_subtitle":"\u00bfCu\u00e1l es el perfil c\u00edvico que los catalanes consideramos m\u00e1s adecuado?","_links":{"self":[{"href":"https:\/\/conversesacatalunya.cat\/es\/wp-json\/wp\/v2\/posts\/28984","targetHints":{"allow":["GET"]}}],"collection":[{"href":"https:\/\/conversesacatalunya.cat\/es\/wp-json\/wp\/v2\/posts"}],"about":[{"href":"https:\/\/conversesacatalunya.cat\/es\/wp-json\/wp\/v2\/types\/post"}],"author":[{"embeddable":true,"href":"https:\/\/conversesacatalunya.cat\/es\/wp-json\/wp\/v2\/users\/2"}],"replies":[{"embeddable":true,"href":"https:\/\/conversesacatalunya.cat\/es\/wp-json\/wp\/v2\/comments?post=28984"}],"version-history":[{"count":2,"href":"https:\/\/conversesacatalunya.cat\/es\/wp-json\/wp\/v2\/posts\/28984\/revisions"}],"predecessor-version":[{"id":28987,"href":"https:\/\/conversesacatalunya.cat\/es\/wp-json\/wp\/v2\/posts\/28984\/revisions\/28987"}],"wp:featuredmedia":[{"embeddable":true,"href":"https:\/\/conversesacatalunya.cat\/es\/wp-json\/wp\/v2\/media\/28977"}],"wp:attachment":[{"href":"https:\/\/conversesacatalunya.cat\/es\/wp-json\/wp\/v2\/media?parent=28984"}],"wp:term":[{"taxonomy":"category","embeddable":true,"href":"https:\/\/conversesacatalunya.cat\/es\/wp-json\/wp\/v2\/categories?post=28984"},{"taxonomy":"post_tag","embeddable":true,"href":"https:\/\/conversesacatalunya.cat\/es\/wp-json\/wp\/v2\/tags?post=28984"}],"curies":[{"name":"wp","href":"https:\/\/api.w.org\/{rel}","templated":true}]}}