{"id":28817,"date":"2019-11-18T18:04:50","date_gmt":"2019-11-18T17:04:50","guid":{"rendered":"https:\/\/conversesacatalunya.cat\/?p=28817"},"modified":"2019-11-19T10:37:31","modified_gmt":"2019-11-19T09:37:31","slug":"rastreados-el-ine-empieza-hoy-a-seguir-nuestros-movimientos","status":"publish","type":"post","link":"https:\/\/conversesacatalunya.cat\/es\/rastreados-el-ine-empieza-hoy-a-seguir-nuestros-movimientos\/","title":{"rendered":"Rastreados: el INE empieza hoy a seguir nuestros movimientos"},"content":{"rendered":"<p><span style=\"display: inline !important; float: none; background-color: #f5f5f5; border-collapse: collapse; color: #333333; font-family: 'Open Sans',Helvetica,Arial,sans-serif; font-size: 16px; font-style: normal; font-variant: normal; font-weight: 300; letter-spacing: normal; line-height: 1.7; orphans: 2; text-align: left; text-decoration: none; text-indent: 0px; text-transform: none; -webkit-text-stroke-width: 0px; white-space: normal; word-spacing: 0px;\">Por medio mill\u00f3n de euros a partir de hoy el <a href=\"https:\/\/www.ine.es\/\" target=\"_blank\" rel=\"noopener noreferrer\">Instituto Nacional de Estad\u00edstica<\/a> (INE) <strong>estudiar\u00e1 los movimientos de la mayor\u00eda de los espa\u00f1oles<\/strong> que realizar\u00e1n durante la semana. Este <\/span>macroproyecto<span style=\"display: inline !important; float: none; background-color: #f5f5f5; border-collapse: collapse; color: #333333; font-family: 'Open Sans',Helvetica,Arial,sans-serif; font-size: 16px; font-style: normal; font-variant: normal; font-weight: 300; letter-spacing: normal; line-height: 1.7; orphans: 2; text-align: left; text-decoration: none; text-indent: 0px; text-transform: none; -webkit-text-stroke-width: 0px; white-space: normal; word-spacing: 0px;\"> de <\/span>Big<span style=\"display: inline !important; float: none; background-color: #f5f5f5; border-collapse: collapse; color: #333333; font-family: 'Open Sans',Helvetica,Arial,sans-serif; font-size: 16px; font-style: normal; font-variant: normal; font-weight: 300; letter-spacing: normal; line-height: 1.7; orphans: 2; text-align: left; text-decoration: none; text-indent: 0px; text-transform: none; -webkit-text-stroke-width: 0px; white-space: normal; word-spacing: 0px;\"> Data tiene como objetivo la obtenci\u00f3n de informaci\u00f3n sobre los desplazamientos de los espa\u00f1oles. Con el apoyo de Telef\u00f3nica, Orange y Vodafone, el organismo recoger\u00e1 la posici\u00f3n de los m\u00f3viles en \u00e1reas de 15.000 habitantes de media.<\/span><\/p>\n<p><span style=\"display: inline !important; float: none; background-color: #f5f5f5; border-collapse: collapse; color: #333333; font-family: 'Open Sans',Helvetica,Arial,sans-serif; font-size: 16px; font-style: normal; font-variant: normal; font-weight: 300; letter-spacing: normal; line-height: 1.7; orphans: 2; text-align: left; text-decoration: none; text-indent: 0px; text-transform: none; -webkit-text-stroke-width: 0px; white-space: normal; word-spacing: 0px;\">Con los datos <\/span>anonimizados<span style=\"display: inline !important; float: none; background-color: #f5f5f5; border-collapse: collapse; color: #333333; font-family: 'Open Sans',Helvetica,Arial,sans-serif; font-size: 16px; font-style: normal; font-variant: normal; font-weight: 300; letter-spacing: normal; line-height: 1.7; orphans: 2; text-align: left; text-decoration: none; text-indent: 0px; text-transform: none; -webkit-text-stroke-width: 0px; white-space: normal; word-spacing: 0px;\">, las compa\u00f1\u00edas enviar\u00e1n la posici\u00f3n de los m\u00f3viles por la noche para establecer el lugar de residencia y, desde las nueve de la ma\u00f1ana hasta las seis de la tarde, para saber d\u00f3nde trabajan o estudian. <strong>Esta secuencia se realizar\u00e1 durante toda la semana<\/strong>, y resultar\u00e1 una importante informaci\u00f3n en bruto para mejorar la movilidad de los espa\u00f1oles. En una segunda fase, el INE tratar\u00e1 de comprobar los desplazamientos en festivos y vacaciones. En este caso, tomar\u00e1 muestras el domingo 24 de noviembre, el 5 de diciembre, y dos d\u00edas de verano (el 20 de julio y 15 de agosto), tambi\u00e9n festivos.<\/span><\/p>\n<p><span style=\"display: inline !important; float: none; background-color: #f5f5f5; border-collapse: collapse; color: #333333; font-family: 'Open Sans',Helvetica,Arial,sans-serif; font-size: 16px; font-style: normal; font-variant: normal; font-weight: 300; letter-spacing: normal; line-height: 1.7; orphans: 2; text-align: left; text-decoration: none; text-indent: 0px; text-transform: none; -webkit-text-stroke-width: 0px; white-space: normal; word-spacing: 0px;\">Este estudio del INE est\u00e1 levantando una gran pol\u00e9mica desde que fue anunciado. Los usuarios no conf\u00edan en la informaci\u00f3n que se extraiga y, sobre todo, en el uso que se pueda hacer de todo el banco de datos extra\u00eddos. En el Reglamento General de Protecci\u00f3n de Datos (RGPD) 2016\/679 europeo se establece que \u201clos principios de protecci\u00f3n de datos no se tienen que aplicar a la informaci\u00f3n an\u00f3nima, es decir, informaci\u00f3n que no guarda relaci\u00f3n con una persona f\u00edsica identificada o identificable, ni a los datos convertidos en an\u00f3nimos de forma que el interesado no sea identificable, o deje de serlo\u201d. Y que, en consecuencia, \u201cno afecta al tratamiento de esta informaci\u00f3n an\u00f3nima, inclusivamente con fines estad\u00edsticos o de investigaci\u00f3n\u201d.<\/span><\/p>\n<p><span style=\"display: inline !important; float: none; background-color: #f5f5f5; border-collapse: collapse; color: #333333; font-family: 'Open Sans',Helvetica,Arial,sans-serif; font-size: 16px; font-style: normal; font-variant: normal; font-weight: 300; letter-spacing: normal; line-height: 1.7; orphans: 2; text-align: left; text-decoration: none; text-indent: 0px; text-transform: none; -webkit-text-stroke-width: 0px; white-space: normal; word-spacing: 0px;\">El problema es que <strong>la identidad de muchas personas quedar\u00e1 en evidencia<\/strong>, puesto que ser\u00e1n altamente deducibles. La \u00fanica manera de liberarse de este estudio es tenerlo apagado o en modo avi\u00f3n en los periodos de recogida de posici\u00f3n por antena. Sin embargo, hay varias operadoras que permiten que el m\u00f3vil del usuario env\u00ede datos para fines estad\u00edsticos. Si bien compa\u00f1\u00edas como Vodafone y Orange permiten que sus clientes decidan si ceden informaci\u00f3n a terceros, aunque sea de forma an\u00f3nima, no es el caso de <a href=\"https:\/\/conversesacatalunya.cat\/telefonica-es-reestructura-eliminara-2-800-llocs-de-treball\/\" target=\"_blank\" rel=\"noopener noreferrer\">Movistar<\/a>. <strong>La operadora espa\u00f1ola no ofrece ninguna alternativa<\/strong> y recuerda a sus usuarios que sus datos pueden ser \u201cobjeto de un proceso de anonimizaci\u00f3n irreversible\u201d para este fin.<\/span><\/p>\n<p><span style=\"display: inline !important; float: none; background-color: #f5f5f5; border-collapse: collapse; color: #333333; font-family: 'Open Sans',Helvetica,Arial,sans-serif; font-size: 16px; font-style: normal; font-variant: normal; font-weight: 300; letter-spacing: normal; line-height: 1.7; orphans: 2; text-align: left; text-decoration: none; text-indent: 0px; text-transform: none; -webkit-text-stroke-width: 0px; white-space: normal; word-spacing: 0px;\">El INE ha declarado que el estudio no vulnera la legislaci\u00f3n vigente, puesto que los datos est\u00e1n \u201caltamente agregados\u201d (resumidos), en palabras de Telef\u00f3nica. El Instituto Nacional de Estad\u00edstica ha pagado medio mill\u00f3n de euros a las operadoras por los <a href=\"https:\/\/ca.wikipedia.org\/wiki\/Dades_massives\" target=\"_blank\" rel=\"noopener noreferrer\">datos<\/a>, repartidos de la siguiente manera: 163.616 euros por los datos de Telef\u00f3nica, 150.000 a Vodafone y 185.000 a Orange.<\/span><\/p>\n<p>&nbsp;<\/p>\n<p>&nbsp;<\/p>\n","protected":false},"excerpt":{"rendered":"<p>Por medio mill\u00f3n de euros a partir de hoy el Instituto Nacional de Estad\u00edstica (INE) estudiar\u00e1 los movimientos de la mayor\u00eda de los espa\u00f1oles que realizar\u00e1n durante la semana. Este macroproyecto de Big Data tiene como objetivo la obtenci\u00f3n de informaci\u00f3n sobre los desplazamientos de los espa\u00f1oles. Con el apoyo de Telef\u00f3nica, Orange y Vodafone, el organismo recoger\u00e1 la posici\u00f3n de los m\u00f3viles en \u00e1reas de 15.000 habitantes de media. Con los datos anonimizados, las compa\u00f1\u00edas enviar\u00e1n la posici\u00f3n de los m\u00f3viles por la noche para establecer el lugar de residencia y, desde las nueve de la ma\u00f1ana hasta las seis de la tarde, para saber d\u00f3nde trabajan o estudian. Esta secuencia se realizar\u00e1 durante toda la semana, y resultar\u00e1 una importante informaci\u00f3n en bruto para mejorar la movilidad de los espa\u00f1oles. En una segunda fase, el INE tratar\u00e1 de comprobar los desplazamientos en festivos y vacaciones. En este caso, tomar\u00e1 muestras el domingo 24 de noviembre, el 5 de diciembre, y dos d\u00edas de verano (el 20 de julio y 15 de agosto), tambi\u00e9n festivos. Este estudio del INE est\u00e1 levantando una gran pol\u00e9mica desde que fue anunciado. Los usuarios no conf\u00edan en la informaci\u00f3n que se extraiga y, sobre todo, en el uso que se pueda hacer de todo el banco de datos extra\u00eddos. En el Reglamento General de Protecci\u00f3n de Datos (RGPD) 2016\/679 europeo se establece que \u201clos principios de protecci\u00f3n de datos no se tienen que aplicar a la informaci\u00f3n an\u00f3nima, es decir, informaci\u00f3n que no guarda relaci\u00f3n con una persona f\u00edsica identificada o identificable, ni a los datos convertidos en an\u00f3nimos de forma que el interesado no sea identificable, o deje de serlo\u201d. Y que, en consecuencia, \u201cno afecta al tratamiento de esta informaci\u00f3n an\u00f3nima, inclusivamente con fines estad\u00edsticos o de investigaci\u00f3n\u201d. El problema es que la identidad de muchas personas quedar\u00e1 en evidencia, puesto que ser\u00e1n altamente deducibles. La \u00fanica manera de liberarse de este estudio es tenerlo apagado o en modo avi\u00f3n en los periodos de recogida de posici\u00f3n por antena. Sin embargo, hay varias operadoras que permiten que el m\u00f3vil del usuario env\u00ede datos para fines estad\u00edsticos. Si bien compa\u00f1\u00edas como Vodafone y Orange permiten que sus clientes decidan si ceden informaci\u00f3n a terceros, aunque sea de forma an\u00f3nima, no es el caso de Movistar. La operadora espa\u00f1ola no ofrece ninguna alternativa y recuerda a sus usuarios que sus datos pueden ser \u201cobjeto de un proceso de anonimizaci\u00f3n irreversible\u201d para este fin. El INE ha declarado que el estudio no vulnera la legislaci\u00f3n vigente, puesto que los datos est\u00e1n \u201caltamente agregados\u201d (resumidos), en palabras de Telef\u00f3nica. El Instituto Nacional de Estad\u00edstica ha pagado medio mill\u00f3n de euros a las operadoras por los datos, repartidos de la siguiente manera: 163.616 euros por los datos de Telef\u00f3nica, 150.000 a Vodafone y 185.000 a Orange. &nbsp; &nbsp;<\/p>\n","protected":false},"author":2,"featured_media":28836,"comment_status":"open","ping_status":"open","sticky":false,"template":"","format":"standard","meta":{"_FSMCFIC_featured_image_caption":"","_FSMCFIC_featured_image_nocaption":"","_FSMCFIC_featured_image_hide":"","footnotes":""},"categories":[806],"tags":[],"class_list":["post-28817","post","type-post","status-publish","format-standard","has-post-thumbnail","hentry","category-punts-claus-del-dia-es"],"yoast_head":"<!-- This site is optimized with the Yoast SEO plugin v26.8 - https:\/\/yoast.com\/product\/yoast-seo-wordpress\/ -->\n<title>Rastreados: el INE empieza hoy a seguir nuestros movimientos - Converses a Catalunya<\/title>\n<meta name=\"robots\" content=\"index, follow, max-snippet:-1, max-image-preview:large, max-video-preview:-1\" \/>\n<link rel=\"canonical\" href=\"https:\/\/conversesacatalunya.cat\/es\/rastreados-el-ine-empieza-hoy-a-seguir-nuestros-movimientos\/\" \/>\n<meta property=\"og:locale\" content=\"es_ES\" \/>\n<meta property=\"og:type\" content=\"article\" \/>\n<meta property=\"og:title\" content=\"Rastreados: el INE empieza hoy a seguir nuestros movimientos - Converses a Catalunya\" \/>\n<meta property=\"og:description\" content=\"Por medio mill\u00f3n de euros a partir de hoy el Instituto Nacional de Estad\u00edstica (INE) estudiar\u00e1 los movimientos de la mayor\u00eda de los espa\u00f1oles que realizar\u00e1n durante la semana. Este macroproyecto de Big Data tiene como objetivo la obtenci\u00f3n de informaci\u00f3n sobre los desplazamientos de los espa\u00f1oles. Con el apoyo de Telef\u00f3nica, Orange y Vodafone, el organismo recoger\u00e1 la posici\u00f3n de los m\u00f3viles en \u00e1reas de 15.000 habitantes de media. Con los datos anonimizados, las compa\u00f1\u00edas enviar\u00e1n la posici\u00f3n de los m\u00f3viles por la noche para establecer el lugar de residencia y, desde las nueve de la ma\u00f1ana hasta las seis de la tarde, para saber d\u00f3nde trabajan o estudian. Esta secuencia se realizar\u00e1 durante toda la semana, y resultar\u00e1 una importante informaci\u00f3n en bruto para mejorar la movilidad de los espa\u00f1oles. En una segunda fase, el INE tratar\u00e1 de comprobar los desplazamientos en festivos y vacaciones. En este caso, tomar\u00e1 muestras el domingo 24 de noviembre, el 5 de diciembre, y dos d\u00edas de verano (el 20 de julio y 15 de agosto), tambi\u00e9n festivos. Este estudio del INE est\u00e1 levantando una gran pol\u00e9mica desde que fue anunciado. Los usuarios no conf\u00edan en la informaci\u00f3n que se extraiga y, sobre todo, en el uso que se pueda hacer de todo el banco de datos extra\u00eddos. En el Reglamento General de Protecci\u00f3n de Datos (RGPD) 2016\/679 europeo se establece que \u201clos principios de protecci\u00f3n de datos no se tienen que aplicar a la informaci\u00f3n an\u00f3nima, es decir, informaci\u00f3n que no guarda relaci\u00f3n con una persona f\u00edsica identificada o identificable, ni a los datos convertidos en an\u00f3nimos de forma que el interesado no sea identificable, o deje de serlo\u201d. Y que, en consecuencia, \u201cno afecta al tratamiento de esta informaci\u00f3n an\u00f3nima, inclusivamente con fines estad\u00edsticos o de investigaci\u00f3n\u201d. El problema es que la identidad de muchas personas quedar\u00e1 en evidencia, puesto que ser\u00e1n altamente deducibles. La \u00fanica manera de liberarse de este estudio es tenerlo apagado o en modo avi\u00f3n en los periodos de recogida de posici\u00f3n por antena. Sin embargo, hay varias operadoras que permiten que el m\u00f3vil del usuario env\u00ede datos para fines estad\u00edsticos. Si bien compa\u00f1\u00edas como Vodafone y Orange permiten que sus clientes decidan si ceden informaci\u00f3n a terceros, aunque sea de forma an\u00f3nima, no es el caso de Movistar. La operadora espa\u00f1ola no ofrece ninguna alternativa y recuerda a sus usuarios que sus datos pueden ser \u201cobjeto de un proceso de anonimizaci\u00f3n irreversible\u201d para este fin. El INE ha declarado que el estudio no vulnera la legislaci\u00f3n vigente, puesto que los datos est\u00e1n \u201caltamente agregados\u201d (resumidos), en palabras de Telef\u00f3nica. El Instituto Nacional de Estad\u00edstica ha pagado medio mill\u00f3n de euros a las operadoras por los datos, repartidos de la siguiente manera: 163.616 euros por los datos de Telef\u00f3nica, 150.000 a Vodafone y 185.000 a Orange. &nbsp; &nbsp;\" \/>\n<meta property=\"og:url\" content=\"https:\/\/conversesacatalunya.cat\/es\/rastreados-el-ine-empieza-hoy-a-seguir-nuestros-movimientos\/\" \/>\n<meta property=\"og:site_name\" content=\"Converses a Catalunya\" \/>\n<meta property=\"article:published_time\" content=\"2019-11-18T17:04:50+00:00\" \/>\n<meta property=\"article:modified_time\" content=\"2019-11-19T09:37:31+00:00\" \/>\n<meta property=\"og:image\" content=\"https:\/\/conversesacatalunya.cat\/wp-content\/uploads\/2019\/11\/ine.png\" \/>\n\t<meta property=\"og:image:width\" content=\"600\" \/>\n\t<meta property=\"og:image:height\" content=\"337\" \/>\n\t<meta property=\"og:image:type\" content=\"image\/png\" \/>\n<meta name=\"author\" content=\"conversesacatalunya\" \/>\n<meta name=\"twitter:card\" content=\"summary_large_image\" \/>\n<meta name=\"twitter:label1\" content=\"Escrito por\" \/>\n\t<meta name=\"twitter:data1\" content=\"conversesacatalunya\" \/>\n\t<meta name=\"twitter:label2\" content=\"Tiempo de lectura\" \/>\n\t<meta name=\"twitter:data2\" content=\"3 minutos\" \/>\n<script type=\"application\/ld+json\" class=\"yoast-schema-graph\">{\"@context\":\"https:\/\/schema.org\",\"@graph\":[{\"@type\":\"Article\",\"@id\":\"https:\/\/conversesacatalunya.cat\/es\/rastreados-el-ine-empieza-hoy-a-seguir-nuestros-movimientos\/#article\",\"isPartOf\":{\"@id\":\"https:\/\/conversesacatalunya.cat\/es\/rastreados-el-ine-empieza-hoy-a-seguir-nuestros-movimientos\/\"},\"author\":{\"name\":\"conversesacatalunya\",\"@id\":\"https:\/\/conversesacatalunya.cat\/#\/schema\/person\/7e24d1e54a2785373ddcb275eae5ed99\"},\"headline\":\"Rastreados: el INE empieza hoy a seguir nuestros movimientos\",\"datePublished\":\"2019-11-18T17:04:50+00:00\",\"dateModified\":\"2019-11-19T09:37:31+00:00\",\"mainEntityOfPage\":{\"@id\":\"https:\/\/conversesacatalunya.cat\/es\/rastreados-el-ine-empieza-hoy-a-seguir-nuestros-movimientos\/\"},\"wordCount\":526,\"commentCount\":0,\"image\":{\"@id\":\"https:\/\/conversesacatalunya.cat\/es\/rastreados-el-ine-empieza-hoy-a-seguir-nuestros-movimientos\/#primaryimage\"},\"thumbnailUrl\":\"https:\/\/conversesacatalunya.cat\/wp-content\/uploads\/2019\/11\/ine.png\",\"articleSection\":[\"Punts clau del dia (ES)\"],\"inLanguage\":\"es\",\"potentialAction\":[{\"@type\":\"CommentAction\",\"name\":\"Comment\",\"target\":[\"https:\/\/conversesacatalunya.cat\/es\/rastreados-el-ine-empieza-hoy-a-seguir-nuestros-movimientos\/#respond\"]}]},{\"@type\":\"WebPage\",\"@id\":\"https:\/\/conversesacatalunya.cat\/es\/rastreados-el-ine-empieza-hoy-a-seguir-nuestros-movimientos\/\",\"url\":\"https:\/\/conversesacatalunya.cat\/es\/rastreados-el-ine-empieza-hoy-a-seguir-nuestros-movimientos\/\",\"name\":\"Rastreados: el INE empieza hoy a seguir nuestros movimientos - Converses a Catalunya\",\"isPartOf\":{\"@id\":\"https:\/\/conversesacatalunya.cat\/#website\"},\"primaryImageOfPage\":{\"@id\":\"https:\/\/conversesacatalunya.cat\/es\/rastreados-el-ine-empieza-hoy-a-seguir-nuestros-movimientos\/#primaryimage\"},\"image\":{\"@id\":\"https:\/\/conversesacatalunya.cat\/es\/rastreados-el-ine-empieza-hoy-a-seguir-nuestros-movimientos\/#primaryimage\"},\"thumbnailUrl\":\"https:\/\/conversesacatalunya.cat\/wp-content\/uploads\/2019\/11\/ine.png\",\"datePublished\":\"2019-11-18T17:04:50+00:00\",\"dateModified\":\"2019-11-19T09:37:31+00:00\",\"author\":{\"@id\":\"https:\/\/conversesacatalunya.cat\/#\/schema\/person\/7e24d1e54a2785373ddcb275eae5ed99\"},\"breadcrumb\":{\"@id\":\"https:\/\/conversesacatalunya.cat\/es\/rastreados-el-ine-empieza-hoy-a-seguir-nuestros-movimientos\/#breadcrumb\"},\"inLanguage\":\"es\",\"potentialAction\":[{\"@type\":\"ReadAction\",\"target\":[\"https:\/\/conversesacatalunya.cat\/es\/rastreados-el-ine-empieza-hoy-a-seguir-nuestros-movimientos\/\"]}]},{\"@type\":\"ImageObject\",\"inLanguage\":\"es\",\"@id\":\"https:\/\/conversesacatalunya.cat\/es\/rastreados-el-ine-empieza-hoy-a-seguir-nuestros-movimientos\/#primaryimage\",\"url\":\"https:\/\/conversesacatalunya.cat\/wp-content\/uploads\/2019\/11\/ine.png\",\"contentUrl\":\"https:\/\/conversesacatalunya.cat\/wp-content\/uploads\/2019\/11\/ine.png\",\"width\":600,\"height\":337},{\"@type\":\"BreadcrumbList\",\"@id\":\"https:\/\/conversesacatalunya.cat\/es\/rastreados-el-ine-empieza-hoy-a-seguir-nuestros-movimientos\/#breadcrumb\",\"itemListElement\":[{\"@type\":\"ListItem\",\"position\":1,\"name\":\"Inici\",\"item\":\"https:\/\/conversesacatalunya.cat\/es\/\"},{\"@type\":\"ListItem\",\"position\":2,\"name\":\"Rastreados: el INE empieza hoy a seguir nuestros movimientos\"}]},{\"@type\":\"WebSite\",\"@id\":\"https:\/\/conversesacatalunya.cat\/#website\",\"url\":\"https:\/\/conversesacatalunya.cat\/\",\"name\":\"Converses a Catalunya\",\"description\":\"\",\"potentialAction\":[{\"@type\":\"SearchAction\",\"target\":{\"@type\":\"EntryPoint\",\"urlTemplate\":\"https:\/\/conversesacatalunya.cat\/?s={search_term_string}\"},\"query-input\":{\"@type\":\"PropertyValueSpecification\",\"valueRequired\":true,\"valueName\":\"search_term_string\"}}],\"inLanguage\":\"es\"},{\"@type\":\"Person\",\"@id\":\"https:\/\/conversesacatalunya.cat\/#\/schema\/person\/7e24d1e54a2785373ddcb275eae5ed99\",\"name\":\"conversesacatalunya\",\"image\":{\"@type\":\"ImageObject\",\"inLanguage\":\"es\",\"@id\":\"https:\/\/conversesacatalunya.cat\/#\/schema\/person\/image\/\",\"url\":\"https:\/\/conversesacatalunya.cat\/wp-content\/litespeed\/avatar\/febdfeeec89d950f01c748045a981dd2.jpg?ver=1777314535\",\"contentUrl\":\"https:\/\/conversesacatalunya.cat\/wp-content\/litespeed\/avatar\/febdfeeec89d950f01c748045a981dd2.jpg?ver=1777314535\",\"caption\":\"conversesacatalunya\"},\"url\":\"https:\/\/conversesacatalunya.cat\/es\/author\/carme_catala\/\"}]}<\/script>\n<!-- \/ Yoast SEO plugin. -->","yoast_head_json":{"title":"Rastreados: el INE empieza hoy a seguir nuestros movimientos - Converses a Catalunya","robots":{"index":"index","follow":"follow","max-snippet":"max-snippet:-1","max-image-preview":"max-image-preview:large","max-video-preview":"max-video-preview:-1"},"canonical":"https:\/\/conversesacatalunya.cat\/es\/rastreados-el-ine-empieza-hoy-a-seguir-nuestros-movimientos\/","og_locale":"es_ES","og_type":"article","og_title":"Rastreados: el INE empieza hoy a seguir nuestros movimientos - Converses a Catalunya","og_description":"Por medio mill\u00f3n de euros a partir de hoy el Instituto Nacional de Estad\u00edstica (INE) estudiar\u00e1 los movimientos de la mayor\u00eda de los espa\u00f1oles que realizar\u00e1n durante la semana. Este macroproyecto de Big Data tiene como objetivo la obtenci\u00f3n de informaci\u00f3n sobre los desplazamientos de los espa\u00f1oles. Con el apoyo de Telef\u00f3nica, Orange y Vodafone, el organismo recoger\u00e1 la posici\u00f3n de los m\u00f3viles en \u00e1reas de 15.000 habitantes de media. Con los datos anonimizados, las compa\u00f1\u00edas enviar\u00e1n la posici\u00f3n de los m\u00f3viles por la noche para establecer el lugar de residencia y, desde las nueve de la ma\u00f1ana hasta las seis de la tarde, para saber d\u00f3nde trabajan o estudian. Esta secuencia se realizar\u00e1 durante toda la semana, y resultar\u00e1 una importante informaci\u00f3n en bruto para mejorar la movilidad de los espa\u00f1oles. En una segunda fase, el INE tratar\u00e1 de comprobar los desplazamientos en festivos y vacaciones. En este caso, tomar\u00e1 muestras el domingo 24 de noviembre, el 5 de diciembre, y dos d\u00edas de verano (el 20 de julio y 15 de agosto), tambi\u00e9n festivos. Este estudio del INE est\u00e1 levantando una gran pol\u00e9mica desde que fue anunciado. Los usuarios no conf\u00edan en la informaci\u00f3n que se extraiga y, sobre todo, en el uso que se pueda hacer de todo el banco de datos extra\u00eddos. En el Reglamento General de Protecci\u00f3n de Datos (RGPD) 2016\/679 europeo se establece que \u201clos principios de protecci\u00f3n de datos no se tienen que aplicar a la informaci\u00f3n an\u00f3nima, es decir, informaci\u00f3n que no guarda relaci\u00f3n con una persona f\u00edsica identificada o identificable, ni a los datos convertidos en an\u00f3nimos de forma que el interesado no sea identificable, o deje de serlo\u201d. Y que, en consecuencia, \u201cno afecta al tratamiento de esta informaci\u00f3n an\u00f3nima, inclusivamente con fines estad\u00edsticos o de investigaci\u00f3n\u201d. El problema es que la identidad de muchas personas quedar\u00e1 en evidencia, puesto que ser\u00e1n altamente deducibles. La \u00fanica manera de liberarse de este estudio es tenerlo apagado o en modo avi\u00f3n en los periodos de recogida de posici\u00f3n por antena. Sin embargo, hay varias operadoras que permiten que el m\u00f3vil del usuario env\u00ede datos para fines estad\u00edsticos. Si bien compa\u00f1\u00edas como Vodafone y Orange permiten que sus clientes decidan si ceden informaci\u00f3n a terceros, aunque sea de forma an\u00f3nima, no es el caso de Movistar. La operadora espa\u00f1ola no ofrece ninguna alternativa y recuerda a sus usuarios que sus datos pueden ser \u201cobjeto de un proceso de anonimizaci\u00f3n irreversible\u201d para este fin. El INE ha declarado que el estudio no vulnera la legislaci\u00f3n vigente, puesto que los datos est\u00e1n \u201caltamente agregados\u201d (resumidos), en palabras de Telef\u00f3nica. El Instituto Nacional de Estad\u00edstica ha pagado medio mill\u00f3n de euros a las operadoras por los datos, repartidos de la siguiente manera: 163.616 euros por los datos de Telef\u00f3nica, 150.000 a Vodafone y 185.000 a Orange. &nbsp; &nbsp;","og_url":"https:\/\/conversesacatalunya.cat\/es\/rastreados-el-ine-empieza-hoy-a-seguir-nuestros-movimientos\/","og_site_name":"Converses a Catalunya","article_published_time":"2019-11-18T17:04:50+00:00","article_modified_time":"2019-11-19T09:37:31+00:00","og_image":[{"width":600,"height":337,"url":"https:\/\/conversesacatalunya.cat\/wp-content\/uploads\/2019\/11\/ine.png","type":"image\/png"}],"author":"conversesacatalunya","twitter_card":"summary_large_image","twitter_misc":{"Escrito por":"conversesacatalunya","Tiempo de lectura":"3 minutos"},"schema":{"@context":"https:\/\/schema.org","@graph":[{"@type":"Article","@id":"https:\/\/conversesacatalunya.cat\/es\/rastreados-el-ine-empieza-hoy-a-seguir-nuestros-movimientos\/#article","isPartOf":{"@id":"https:\/\/conversesacatalunya.cat\/es\/rastreados-el-ine-empieza-hoy-a-seguir-nuestros-movimientos\/"},"author":{"name":"conversesacatalunya","@id":"https:\/\/conversesacatalunya.cat\/#\/schema\/person\/7e24d1e54a2785373ddcb275eae5ed99"},"headline":"Rastreados: el INE empieza hoy a seguir nuestros movimientos","datePublished":"2019-11-18T17:04:50+00:00","dateModified":"2019-11-19T09:37:31+00:00","mainEntityOfPage":{"@id":"https:\/\/conversesacatalunya.cat\/es\/rastreados-el-ine-empieza-hoy-a-seguir-nuestros-movimientos\/"},"wordCount":526,"commentCount":0,"image":{"@id":"https:\/\/conversesacatalunya.cat\/es\/rastreados-el-ine-empieza-hoy-a-seguir-nuestros-movimientos\/#primaryimage"},"thumbnailUrl":"https:\/\/conversesacatalunya.cat\/wp-content\/uploads\/2019\/11\/ine.png","articleSection":["Punts clau del dia (ES)"],"inLanguage":"es","potentialAction":[{"@type":"CommentAction","name":"Comment","target":["https:\/\/conversesacatalunya.cat\/es\/rastreados-el-ine-empieza-hoy-a-seguir-nuestros-movimientos\/#respond"]}]},{"@type":"WebPage","@id":"https:\/\/conversesacatalunya.cat\/es\/rastreados-el-ine-empieza-hoy-a-seguir-nuestros-movimientos\/","url":"https:\/\/conversesacatalunya.cat\/es\/rastreados-el-ine-empieza-hoy-a-seguir-nuestros-movimientos\/","name":"Rastreados: el INE empieza hoy a seguir nuestros movimientos - Converses a Catalunya","isPartOf":{"@id":"https:\/\/conversesacatalunya.cat\/#website"},"primaryImageOfPage":{"@id":"https:\/\/conversesacatalunya.cat\/es\/rastreados-el-ine-empieza-hoy-a-seguir-nuestros-movimientos\/#primaryimage"},"image":{"@id":"https:\/\/conversesacatalunya.cat\/es\/rastreados-el-ine-empieza-hoy-a-seguir-nuestros-movimientos\/#primaryimage"},"thumbnailUrl":"https:\/\/conversesacatalunya.cat\/wp-content\/uploads\/2019\/11\/ine.png","datePublished":"2019-11-18T17:04:50+00:00","dateModified":"2019-11-19T09:37:31+00:00","author":{"@id":"https:\/\/conversesacatalunya.cat\/#\/schema\/person\/7e24d1e54a2785373ddcb275eae5ed99"},"breadcrumb":{"@id":"https:\/\/conversesacatalunya.cat\/es\/rastreados-el-ine-empieza-hoy-a-seguir-nuestros-movimientos\/#breadcrumb"},"inLanguage":"es","potentialAction":[{"@type":"ReadAction","target":["https:\/\/conversesacatalunya.cat\/es\/rastreados-el-ine-empieza-hoy-a-seguir-nuestros-movimientos\/"]}]},{"@type":"ImageObject","inLanguage":"es","@id":"https:\/\/conversesacatalunya.cat\/es\/rastreados-el-ine-empieza-hoy-a-seguir-nuestros-movimientos\/#primaryimage","url":"https:\/\/conversesacatalunya.cat\/wp-content\/uploads\/2019\/11\/ine.png","contentUrl":"https:\/\/conversesacatalunya.cat\/wp-content\/uploads\/2019\/11\/ine.png","width":600,"height":337},{"@type":"BreadcrumbList","@id":"https:\/\/conversesacatalunya.cat\/es\/rastreados-el-ine-empieza-hoy-a-seguir-nuestros-movimientos\/#breadcrumb","itemListElement":[{"@type":"ListItem","position":1,"name":"Inici","item":"https:\/\/conversesacatalunya.cat\/es\/"},{"@type":"ListItem","position":2,"name":"Rastreados: el INE empieza hoy a seguir nuestros movimientos"}]},{"@type":"WebSite","@id":"https:\/\/conversesacatalunya.cat\/#website","url":"https:\/\/conversesacatalunya.cat\/","name":"Converses a Catalunya","description":"","potentialAction":[{"@type":"SearchAction","target":{"@type":"EntryPoint","urlTemplate":"https:\/\/conversesacatalunya.cat\/?s={search_term_string}"},"query-input":{"@type":"PropertyValueSpecification","valueRequired":true,"valueName":"search_term_string"}}],"inLanguage":"es"},{"@type":"Person","@id":"https:\/\/conversesacatalunya.cat\/#\/schema\/person\/7e24d1e54a2785373ddcb275eae5ed99","name":"conversesacatalunya","image":{"@type":"ImageObject","inLanguage":"es","@id":"https:\/\/conversesacatalunya.cat\/#\/schema\/person\/image\/","url":"https:\/\/conversesacatalunya.cat\/wp-content\/litespeed\/avatar\/febdfeeec89d950f01c748045a981dd2.jpg?ver=1777314535","contentUrl":"https:\/\/conversesacatalunya.cat\/wp-content\/litespeed\/avatar\/febdfeeec89d950f01c748045a981dd2.jpg?ver=1777314535","caption":"conversesacatalunya"},"url":"https:\/\/conversesacatalunya.cat\/es\/author\/carme_catala\/"}]}},"wps_subtitle":"Durante esta semana el INE recopilar\u00e1 el movimiento de la mayor\u00eda de los espa\u00f1oles, para despu\u00e9s elaborar un exhaustivo estudio de movilidad. Numerosos usuarios han protestado y piden una mayor privacidad.","_links":{"self":[{"href":"https:\/\/conversesacatalunya.cat\/es\/wp-json\/wp\/v2\/posts\/28817","targetHints":{"allow":["GET"]}}],"collection":[{"href":"https:\/\/conversesacatalunya.cat\/es\/wp-json\/wp\/v2\/posts"}],"about":[{"href":"https:\/\/conversesacatalunya.cat\/es\/wp-json\/wp\/v2\/types\/post"}],"author":[{"embeddable":true,"href":"https:\/\/conversesacatalunya.cat\/es\/wp-json\/wp\/v2\/users\/2"}],"replies":[{"embeddable":true,"href":"https:\/\/conversesacatalunya.cat\/es\/wp-json\/wp\/v2\/comments?post=28817"}],"version-history":[{"count":3,"href":"https:\/\/conversesacatalunya.cat\/es\/wp-json\/wp\/v2\/posts\/28817\/revisions"}],"predecessor-version":[{"id":28838,"href":"https:\/\/conversesacatalunya.cat\/es\/wp-json\/wp\/v2\/posts\/28817\/revisions\/28838"}],"wp:featuredmedia":[{"embeddable":true,"href":"https:\/\/conversesacatalunya.cat\/es\/wp-json\/wp\/v2\/media\/28836"}],"wp:attachment":[{"href":"https:\/\/conversesacatalunya.cat\/es\/wp-json\/wp\/v2\/media?parent=28817"}],"wp:term":[{"taxonomy":"category","embeddable":true,"href":"https:\/\/conversesacatalunya.cat\/es\/wp-json\/wp\/v2\/categories?post=28817"},{"taxonomy":"post_tag","embeddable":true,"href":"https:\/\/conversesacatalunya.cat\/es\/wp-json\/wp\/v2\/tags?post=28817"}],"curies":[{"name":"wp","href":"https:\/\/api.w.org\/{rel}","templated":true}]}}