{"id":28657,"date":"2019-11-18T10:27:29","date_gmt":"2019-11-18T09:27:29","guid":{"rendered":"https:\/\/conversesacatalunya.cat\/?p=28657"},"modified":"2019-11-18T13:30:42","modified_gmt":"2019-11-18T12:30:42","slug":"el-peso-de-los-diputados-catalanes-en-el-congreso","status":"publish","type":"post","link":"https:\/\/conversesacatalunya.cat\/es\/el-peso-de-los-diputados-catalanes-en-el-congreso\/","title":{"rendered":"El peso de los diputados catalanes en el Congreso"},"content":{"rendered":"<p>En su conjunto, Catalu\u00f1a elige 48 diputados en el Congreso, el segundo grupo m\u00e1s importante despu\u00e9s de Andaluc\u00eda. Su gran mayor\u00eda procede de Barcelona, \u200b\u200blo que hace muy proporcional su distribuci\u00f3n, para que en las circunscripciones m\u00e1s peque\u00f1as, especialmente en Lleida, el margen de representaci\u00f3n da para tres o cuatro partidos, y los votos de los que quedan en lugares posteriores no tienen representaci\u00f3n. Tambi\u00e9n se da, como en toda Espa\u00f1a, que el n\u00famero de votantes por diputado var\u00eda, favoreciendo las circunscripciones peque\u00f1as. En definitiva, los partidos con implantaci\u00f3n destacada en toda Catalu\u00f1a se ven favorecidos. No es una mala cosa, y es com\u00fan a muchos sistemas electoral.<\/p>\n<p>En las primeras elecciones de\u00a0<strong>1982,<\/strong>\u00a0los partidos de \u00e1mbito estrictamente catal\u00e1n obtuvieron\u00a0<strong>13 esca\u00f1os, 12 de CIU y 1 de ERC.<\/strong>\u00a0En las siguientes se produjo el salto de CiU hasta los 18, absorbiendo votos de Izquierda y de centristas de Catalu\u00f1a m\u00e1s tarde.\u00a0Fue su cota m\u00e1s alta.<\/p>\n<p>En este periodo, digamos cl\u00e1sico, el mejor momento para\u00a0<strong>ERC fue en 2004,<\/strong>\u00a0cuando alcanz\u00f3\u00a0<strong>8 esca\u00f1os<\/strong>\u00a0por 10 CIU, su nivel m\u00ednimo.\u00a0Pero en las siguientes se recuper\u00f3 CiU alcanzando los 16. En esta fecha\u00a0<strong>2011<\/strong>\u00a0fue el momento de m\u00e1xima presencia catalana del per\u00edodo,\u00a0<strong>19 diputados.<\/strong>\u00a0Hay que decir en relaci\u00f3n a los inicios que la circunscripci\u00f3n de Barcelona disfrutaba de un diputado m\u00e1s.<\/p>\n<p>A partir de 2015 el panorama se transforma radicalmente: entra en juego el factor independencia, CIU se deshace y acaba desapareciendo UDC, y transform\u00e1ndose CDC hasta hacerse irreconocible.<\/p>\n<p>El baile de nombres es considerable, PDeCAT, Democracia y Libertad, Juntos por Catalu\u00f1a.\u00a0La otra caracter\u00edstica es la ascensi\u00f3n de ERC que, por primera vez hace el\u00a0<em>sorpaso<\/em>\u00a0los herederos de CDC, con 9 diputados contra 8. La presencia catalana en el Congreso se reduce hasta los 17 esca\u00f1os, y luego aumenta 22 en 2019, y 23 en 2020 con la entrada de la CUP con dos diputados.\u00a0ERC alcanza los 15 esca\u00f1os en 2019, pero perder\u00e1n dos en las \u00faltimas, y Juntos por Cat se mantiene en su marca 7-8.<\/p>\n<p style=\"text-align: center;\"><img fetchpriority=\"high\" decoding=\"async\" class=\"aligncenter wp-image-28640 size-full\" src=\"https:\/\/conversesacatalunya.cat\/wp-content\/uploads\/2019\/11\/quadre1-7.png\" alt=\"diputats catalans\" width=\"568\" height=\"382\" srcset=\"https:\/\/conversesacatalunya.cat\/wp-content\/uploads\/2019\/11\/quadre1-7.png 568w, https:\/\/conversesacatalunya.cat\/wp-content\/uploads\/2019\/11\/quadre1-7-300x202.png 300w\" sizes=\"(max-width: 568px) 100vw, 568px\" \/><\/p>\n<p>La\u00a0<strong>representaci\u00f3n de partidos catalanes ha crecido 4 diputados<\/strong>\u00a0desde 2011. Es un progreso claro, pero la correlaci\u00f3n interna ha variado mucho.<\/p>\n<p>En todo caso -y es lo que quiero se\u00f1alarse se dan unas circunstancias extraordinarias: desaparici\u00f3n del bipartidismo, gran fragmentaci\u00f3n en el congreso, que hace que un diputado valga su peso en oro, m\u00e1xima presencia catalana.\u00a0<strong>Num\u00e9ricamente tienen la sart\u00e9n por el mango para la formaci\u00f3n de gobierno.<\/strong><\/p>\n<p>Y aqu\u00ed viene la pregunta.\u00a0Despu\u00e9s de la cr\u00edtica, nada justa, a la estrategia hist\u00f3rica de \u00abpescado al cueva\u00bb,\u00a0<strong>el actual planteamiento de m\u00e1ximos a d\u00f3nde conduce?.<\/strong>\u00a0De qu\u00e9 sirve a los catalanes, en Catalu\u00f1a, a su gente, empresas, intereses y necesidades, a nuestra lengua y cultura, tener esta situaci\u00f3n tan decisiva?<\/p>\n<p>La respuesta evidente es la nada, porque el planteamiento de m\u00e1ximos, el maximalismo, impide llevar el plato a la mesa. El voto catal\u00e1n a partidos catalanes nunca ha sido tan poco \u00fatil como ahora que somos m\u00e1s y m\u00e1s determinantes<\/p>\n<p>Algo muy importante no encaja en todo esto.<\/p>\n","protected":false},"excerpt":{"rendered":"<p>En su conjunto, Catalu\u00f1a elige 48 diputados en el Congreso, el segundo grupo m\u00e1s importante despu\u00e9s de Andaluc\u00eda. Su gran mayor\u00eda procede de Barcelona, \u200b\u200blo que hace muy proporcional su distribuci\u00f3n, para que en las circunscripciones m\u00e1s peque\u00f1as, especialmente en Lleida, el margen de representaci\u00f3n da para tres o cuatro partidos, y los votos de los que quedan en lugares posteriores no tienen representaci\u00f3n. Tambi\u00e9n se da, como en toda Espa\u00f1a, que el n\u00famero de votantes por diputado var\u00eda, favoreciendo las circunscripciones peque\u00f1as. En definitiva, los partidos con implantaci\u00f3n destacada en toda Catalu\u00f1a se ven favorecidos. No es una mala cosa, y es com\u00fan a muchos sistemas electoral. En las primeras elecciones de\u00a01982,\u00a0los partidos de \u00e1mbito estrictamente catal\u00e1n obtuvieron\u00a013 esca\u00f1os, 12 de CIU y 1 de ERC.\u00a0En las siguientes se produjo el salto de CiU hasta los 18, absorbiendo votos de Izquierda y de centristas de Catalu\u00f1a m\u00e1s tarde.\u00a0Fue su cota m\u00e1s alta. En este periodo, digamos cl\u00e1sico, el mejor momento para\u00a0ERC fue en 2004,\u00a0cuando alcanz\u00f3\u00a08 esca\u00f1os\u00a0por 10 CIU, su nivel m\u00ednimo.\u00a0Pero en las siguientes se recuper\u00f3 CiU alcanzando los 16. En esta fecha\u00a02011\u00a0fue el momento de m\u00e1xima presencia catalana del per\u00edodo,\u00a019 diputados.\u00a0Hay que decir en relaci\u00f3n a los inicios que la circunscripci\u00f3n de Barcelona disfrutaba de un diputado m\u00e1s. A partir de 2015 el panorama se transforma radicalmente: entra en juego el factor independencia, CIU se deshace y acaba desapareciendo UDC, y transform\u00e1ndose CDC hasta hacerse irreconocible. El baile de nombres es considerable, PDeCAT, Democracia y Libertad, Juntos por Catalu\u00f1a.\u00a0La otra caracter\u00edstica es la ascensi\u00f3n de ERC que, por primera vez hace el\u00a0sorpaso\u00a0los herederos de CDC, con 9 diputados contra 8. La presencia catalana en el Congreso se reduce hasta los 17 esca\u00f1os, y luego aumenta 22 en 2019, y 23 en 2020 con la entrada de la CUP con dos diputados.\u00a0ERC alcanza los 15 esca\u00f1os en 2019, pero perder\u00e1n dos en las \u00faltimas, y Juntos por Cat se mantiene en su marca 7-8. La\u00a0representaci\u00f3n de partidos catalanes ha crecido 4 diputados\u00a0desde 2011. Es un progreso claro, pero la correlaci\u00f3n interna ha variado mucho. En todo caso -y es lo que quiero se\u00f1alarse se dan unas circunstancias extraordinarias: desaparici\u00f3n del bipartidismo, gran fragmentaci\u00f3n en el congreso, que hace que un diputado valga su peso en oro, m\u00e1xima presencia catalana.\u00a0Num\u00e9ricamente tienen la sart\u00e9n por el mango para la formaci\u00f3n de gobierno. Y aqu\u00ed viene la pregunta.\u00a0Despu\u00e9s de la cr\u00edtica, nada justa, a la estrategia hist\u00f3rica de \u00abpescado al cueva\u00bb,\u00a0el actual planteamiento de m\u00e1ximos a d\u00f3nde conduce?.\u00a0De qu\u00e9 sirve a los catalanes, en Catalu\u00f1a, a su gente, empresas, intereses y necesidades, a nuestra lengua y cultura, tener esta situaci\u00f3n tan decisiva? La respuesta evidente es la nada, porque el planteamiento de m\u00e1ximos, el maximalismo, impide llevar el plato a la mesa. El voto catal\u00e1n a partidos catalanes nunca ha sido tan poco \u00fatil como ahora que somos m\u00e1s y m\u00e1s determinantes Algo muy importante no encaja en todo esto.<\/p>\n","protected":false},"author":19,"featured_media":28642,"comment_status":"open","ping_status":"open","sticky":false,"template":"","format":"standard","meta":{"_FSMCFIC_featured_image_caption":"","_FSMCFIC_featured_image_nocaption":"","_FSMCFIC_featured_image_hide":"","footnotes":""},"categories":[796],"tags":[904],"class_list":["post-28657","post","type-post","status-publish","format-standard","has-post-thumbnail","hentry","category-el-blog-de-josep-miro-i-ardevol-es","tag-congreso-de-los-diputados"],"yoast_head":"<!-- This site is optimized with the Yoast SEO plugin v26.8 - https:\/\/yoast.com\/product\/yoast-seo-wordpress\/ -->\n<title>El peso de los diputados catalanes en el Congreso - Converses a Catalunya<\/title>\n<meta name=\"robots\" content=\"index, follow, max-snippet:-1, max-image-preview:large, max-video-preview:-1\" \/>\n<link rel=\"canonical\" href=\"https:\/\/conversesacatalunya.cat\/es\/el-peso-de-los-diputados-catalanes-en-el-congreso\/\" \/>\n<meta property=\"og:locale\" content=\"es_ES\" \/>\n<meta property=\"og:type\" content=\"article\" \/>\n<meta property=\"og:title\" content=\"El peso de los diputados catalanes en el Congreso - Converses a Catalunya\" \/>\n<meta property=\"og:description\" content=\"En su conjunto, Catalu\u00f1a elige 48 diputados en el Congreso, el segundo grupo m\u00e1s importante despu\u00e9s de Andaluc\u00eda. Su gran mayor\u00eda procede de Barcelona, \u200b\u200blo que hace muy proporcional su distribuci\u00f3n, para que en las circunscripciones m\u00e1s peque\u00f1as, especialmente en Lleida, el margen de representaci\u00f3n da para tres o cuatro partidos, y los votos de los que quedan en lugares posteriores no tienen representaci\u00f3n. Tambi\u00e9n se da, como en toda Espa\u00f1a, que el n\u00famero de votantes por diputado var\u00eda, favoreciendo las circunscripciones peque\u00f1as. En definitiva, los partidos con implantaci\u00f3n destacada en toda Catalu\u00f1a se ven favorecidos. No es una mala cosa, y es com\u00fan a muchos sistemas electoral. En las primeras elecciones de\u00a01982,\u00a0los partidos de \u00e1mbito estrictamente catal\u00e1n obtuvieron\u00a013 esca\u00f1os, 12 de CIU y 1 de ERC.\u00a0En las siguientes se produjo el salto de CiU hasta los 18, absorbiendo votos de Izquierda y de centristas de Catalu\u00f1a m\u00e1s tarde.\u00a0Fue su cota m\u00e1s alta. En este periodo, digamos cl\u00e1sico, el mejor momento para\u00a0ERC fue en 2004,\u00a0cuando alcanz\u00f3\u00a08 esca\u00f1os\u00a0por 10 CIU, su nivel m\u00ednimo.\u00a0Pero en las siguientes se recuper\u00f3 CiU alcanzando los 16. En esta fecha\u00a02011\u00a0fue el momento de m\u00e1xima presencia catalana del per\u00edodo,\u00a019 diputados.\u00a0Hay que decir en relaci\u00f3n a los inicios que la circunscripci\u00f3n de Barcelona disfrutaba de un diputado m\u00e1s. A partir de 2015 el panorama se transforma radicalmente: entra en juego el factor independencia, CIU se deshace y acaba desapareciendo UDC, y transform\u00e1ndose CDC hasta hacerse irreconocible. El baile de nombres es considerable, PDeCAT, Democracia y Libertad, Juntos por Catalu\u00f1a.\u00a0La otra caracter\u00edstica es la ascensi\u00f3n de ERC que, por primera vez hace el\u00a0sorpaso\u00a0los herederos de CDC, con 9 diputados contra 8. La presencia catalana en el Congreso se reduce hasta los 17 esca\u00f1os, y luego aumenta 22 en 2019, y 23 en 2020 con la entrada de la CUP con dos diputados.\u00a0ERC alcanza los 15 esca\u00f1os en 2019, pero perder\u00e1n dos en las \u00faltimas, y Juntos por Cat se mantiene en su marca 7-8. La\u00a0representaci\u00f3n de partidos catalanes ha crecido 4 diputados\u00a0desde 2011. Es un progreso claro, pero la correlaci\u00f3n interna ha variado mucho. En todo caso -y es lo que quiero se\u00f1alarse se dan unas circunstancias extraordinarias: desaparici\u00f3n del bipartidismo, gran fragmentaci\u00f3n en el congreso, que hace que un diputado valga su peso en oro, m\u00e1xima presencia catalana.\u00a0Num\u00e9ricamente tienen la sart\u00e9n por el mango para la formaci\u00f3n de gobierno. Y aqu\u00ed viene la pregunta.\u00a0Despu\u00e9s de la cr\u00edtica, nada justa, a la estrategia hist\u00f3rica de \u00abpescado al cueva\u00bb,\u00a0el actual planteamiento de m\u00e1ximos a d\u00f3nde conduce?.\u00a0De qu\u00e9 sirve a los catalanes, en Catalu\u00f1a, a su gente, empresas, intereses y necesidades, a nuestra lengua y cultura, tener esta situaci\u00f3n tan decisiva? La respuesta evidente es la nada, porque el planteamiento de m\u00e1ximos, el maximalismo, impide llevar el plato a la mesa. El voto catal\u00e1n a partidos catalanes nunca ha sido tan poco \u00fatil como ahora que somos m\u00e1s y m\u00e1s determinantes Algo muy importante no encaja en todo esto.\" \/>\n<meta property=\"og:url\" content=\"https:\/\/conversesacatalunya.cat\/es\/el-peso-de-los-diputados-catalanes-en-el-congreso\/\" \/>\n<meta property=\"og:site_name\" content=\"Converses a Catalunya\" \/>\n<meta property=\"article:published_time\" content=\"2019-11-18T09:27:29+00:00\" \/>\n<meta property=\"article:modified_time\" content=\"2019-11-18T12:30:42+00:00\" \/>\n<meta property=\"og:image\" content=\"https:\/\/conversesacatalunya.cat\/wp-content\/uploads\/2019\/11\/diputats-catalans.jpg\" \/>\n\t<meta property=\"og:image:width\" content=\"1200\" \/>\n\t<meta property=\"og:image:height\" content=\"800\" \/>\n\t<meta property=\"og:image:type\" content=\"image\/jpeg\" \/>\n<meta name=\"author\" content=\"Josep Mir\u00f3 i Ard\u00e8vol\" \/>\n<meta name=\"twitter:card\" content=\"summary_large_image\" \/>\n<meta name=\"twitter:label1\" content=\"Escrito por\" \/>\n\t<meta name=\"twitter:data1\" content=\"Josep Mir\u00f3 i Ard\u00e8vol\" \/>\n\t<meta name=\"twitter:label2\" content=\"Tiempo de lectura\" \/>\n\t<meta name=\"twitter:data2\" content=\"3 minutos\" \/>\n<script type=\"application\/ld+json\" class=\"yoast-schema-graph\">{\"@context\":\"https:\/\/schema.org\",\"@graph\":[{\"@type\":\"Article\",\"@id\":\"https:\/\/conversesacatalunya.cat\/es\/el-peso-de-los-diputados-catalanes-en-el-congreso\/#article\",\"isPartOf\":{\"@id\":\"https:\/\/conversesacatalunya.cat\/es\/el-peso-de-los-diputados-catalanes-en-el-congreso\/\"},\"author\":{\"name\":\"Josep Mir\u00f3 i Ard\u00e8vol\",\"@id\":\"https:\/\/conversesacatalunya.cat\/#\/schema\/person\/a9598a6786ba7d3d1c5e0de477b79370\"},\"headline\":\"El peso de los diputados catalanes en el Congreso\",\"datePublished\":\"2019-11-18T09:27:29+00:00\",\"dateModified\":\"2019-11-18T12:30:42+00:00\",\"mainEntityOfPage\":{\"@id\":\"https:\/\/conversesacatalunya.cat\/es\/el-peso-de-los-diputados-catalanes-en-el-congreso\/\"},\"wordCount\":555,\"commentCount\":1,\"image\":{\"@id\":\"https:\/\/conversesacatalunya.cat\/es\/el-peso-de-los-diputados-catalanes-en-el-congreso\/#primaryimage\"},\"thumbnailUrl\":\"https:\/\/conversesacatalunya.cat\/wp-content\/uploads\/2019\/11\/diputats-catalans.jpg\",\"keywords\":[\"Congreso de los Diputados\"],\"articleSection\":[\"El Blog de Josep Mir\u00f3 i Ard\u00e8vol (ES)\"],\"inLanguage\":\"es\",\"potentialAction\":[{\"@type\":\"CommentAction\",\"name\":\"Comment\",\"target\":[\"https:\/\/conversesacatalunya.cat\/es\/el-peso-de-los-diputados-catalanes-en-el-congreso\/#respond\"]}]},{\"@type\":\"WebPage\",\"@id\":\"https:\/\/conversesacatalunya.cat\/es\/el-peso-de-los-diputados-catalanes-en-el-congreso\/\",\"url\":\"https:\/\/conversesacatalunya.cat\/es\/el-peso-de-los-diputados-catalanes-en-el-congreso\/\",\"name\":\"El peso de los diputados catalanes en el Congreso - Converses a Catalunya\",\"isPartOf\":{\"@id\":\"https:\/\/conversesacatalunya.cat\/#website\"},\"primaryImageOfPage\":{\"@id\":\"https:\/\/conversesacatalunya.cat\/es\/el-peso-de-los-diputados-catalanes-en-el-congreso\/#primaryimage\"},\"image\":{\"@id\":\"https:\/\/conversesacatalunya.cat\/es\/el-peso-de-los-diputados-catalanes-en-el-congreso\/#primaryimage\"},\"thumbnailUrl\":\"https:\/\/conversesacatalunya.cat\/wp-content\/uploads\/2019\/11\/diputats-catalans.jpg\",\"datePublished\":\"2019-11-18T09:27:29+00:00\",\"dateModified\":\"2019-11-18T12:30:42+00:00\",\"author\":{\"@id\":\"https:\/\/conversesacatalunya.cat\/#\/schema\/person\/a9598a6786ba7d3d1c5e0de477b79370\"},\"breadcrumb\":{\"@id\":\"https:\/\/conversesacatalunya.cat\/es\/el-peso-de-los-diputados-catalanes-en-el-congreso\/#breadcrumb\"},\"inLanguage\":\"es\",\"potentialAction\":[{\"@type\":\"ReadAction\",\"target\":[\"https:\/\/conversesacatalunya.cat\/es\/el-peso-de-los-diputados-catalanes-en-el-congreso\/\"]}]},{\"@type\":\"ImageObject\",\"inLanguage\":\"es\",\"@id\":\"https:\/\/conversesacatalunya.cat\/es\/el-peso-de-los-diputados-catalanes-en-el-congreso\/#primaryimage\",\"url\":\"https:\/\/conversesacatalunya.cat\/wp-content\/uploads\/2019\/11\/diputats-catalans.jpg\",\"contentUrl\":\"https:\/\/conversesacatalunya.cat\/wp-content\/uploads\/2019\/11\/diputats-catalans.jpg\",\"width\":1200,\"height\":800,\"caption\":\"diputats catalans al congres, diputados catalanes\"},{\"@type\":\"BreadcrumbList\",\"@id\":\"https:\/\/conversesacatalunya.cat\/es\/el-peso-de-los-diputados-catalanes-en-el-congreso\/#breadcrumb\",\"itemListElement\":[{\"@type\":\"ListItem\",\"position\":1,\"name\":\"Inici\",\"item\":\"https:\/\/conversesacatalunya.cat\/es\/\"},{\"@type\":\"ListItem\",\"position\":2,\"name\":\"El peso de los diputados catalanes en el Congreso\"}]},{\"@type\":\"WebSite\",\"@id\":\"https:\/\/conversesacatalunya.cat\/#website\",\"url\":\"https:\/\/conversesacatalunya.cat\/\",\"name\":\"Converses a Catalunya\",\"description\":\"\",\"potentialAction\":[{\"@type\":\"SearchAction\",\"target\":{\"@type\":\"EntryPoint\",\"urlTemplate\":\"https:\/\/conversesacatalunya.cat\/?s={search_term_string}\"},\"query-input\":{\"@type\":\"PropertyValueSpecification\",\"valueRequired\":true,\"valueName\":\"search_term_string\"}}],\"inLanguage\":\"es\"},{\"@type\":\"Person\",\"@id\":\"https:\/\/conversesacatalunya.cat\/#\/schema\/person\/a9598a6786ba7d3d1c5e0de477b79370\",\"name\":\"Josep Mir\u00f3 i Ard\u00e8vol\",\"image\":{\"@type\":\"ImageObject\",\"inLanguage\":\"es\",\"@id\":\"https:\/\/conversesacatalunya.cat\/#\/schema\/person\/image\/\",\"url\":\"https:\/\/conversesacatalunya.cat\/wp-content\/litespeed\/avatar\/c37e3dc881857483d6694cdf98fdedea.jpg?ver=1777270381\",\"contentUrl\":\"https:\/\/conversesacatalunya.cat\/wp-content\/litespeed\/avatar\/c37e3dc881857483d6694cdf98fdedea.jpg?ver=1777270381\",\"caption\":\"Josep Mir\u00f3 i Ard\u00e8vol\"},\"url\":\"https:\/\/conversesacatalunya.cat\/es\/author\/josep-miro-i-ardevol\/\"}]}<\/script>\n<!-- \/ Yoast SEO plugin. -->","yoast_head_json":{"title":"El peso de los diputados catalanes en el Congreso - Converses a Catalunya","robots":{"index":"index","follow":"follow","max-snippet":"max-snippet:-1","max-image-preview":"max-image-preview:large","max-video-preview":"max-video-preview:-1"},"canonical":"https:\/\/conversesacatalunya.cat\/es\/el-peso-de-los-diputados-catalanes-en-el-congreso\/","og_locale":"es_ES","og_type":"article","og_title":"El peso de los diputados catalanes en el Congreso - Converses a Catalunya","og_description":"En su conjunto, Catalu\u00f1a elige 48 diputados en el Congreso, el segundo grupo m\u00e1s importante despu\u00e9s de Andaluc\u00eda. Su gran mayor\u00eda procede de Barcelona, \u200b\u200blo que hace muy proporcional su distribuci\u00f3n, para que en las circunscripciones m\u00e1s peque\u00f1as, especialmente en Lleida, el margen de representaci\u00f3n da para tres o cuatro partidos, y los votos de los que quedan en lugares posteriores no tienen representaci\u00f3n. Tambi\u00e9n se da, como en toda Espa\u00f1a, que el n\u00famero de votantes por diputado var\u00eda, favoreciendo las circunscripciones peque\u00f1as. En definitiva, los partidos con implantaci\u00f3n destacada en toda Catalu\u00f1a se ven favorecidos. No es una mala cosa, y es com\u00fan a muchos sistemas electoral. En las primeras elecciones de\u00a01982,\u00a0los partidos de \u00e1mbito estrictamente catal\u00e1n obtuvieron\u00a013 esca\u00f1os, 12 de CIU y 1 de ERC.\u00a0En las siguientes se produjo el salto de CiU hasta los 18, absorbiendo votos de Izquierda y de centristas de Catalu\u00f1a m\u00e1s tarde.\u00a0Fue su cota m\u00e1s alta. En este periodo, digamos cl\u00e1sico, el mejor momento para\u00a0ERC fue en 2004,\u00a0cuando alcanz\u00f3\u00a08 esca\u00f1os\u00a0por 10 CIU, su nivel m\u00ednimo.\u00a0Pero en las siguientes se recuper\u00f3 CiU alcanzando los 16. En esta fecha\u00a02011\u00a0fue el momento de m\u00e1xima presencia catalana del per\u00edodo,\u00a019 diputados.\u00a0Hay que decir en relaci\u00f3n a los inicios que la circunscripci\u00f3n de Barcelona disfrutaba de un diputado m\u00e1s. A partir de 2015 el panorama se transforma radicalmente: entra en juego el factor independencia, CIU se deshace y acaba desapareciendo UDC, y transform\u00e1ndose CDC hasta hacerse irreconocible. El baile de nombres es considerable, PDeCAT, Democracia y Libertad, Juntos por Catalu\u00f1a.\u00a0La otra caracter\u00edstica es la ascensi\u00f3n de ERC que, por primera vez hace el\u00a0sorpaso\u00a0los herederos de CDC, con 9 diputados contra 8. La presencia catalana en el Congreso se reduce hasta los 17 esca\u00f1os, y luego aumenta 22 en 2019, y 23 en 2020 con la entrada de la CUP con dos diputados.\u00a0ERC alcanza los 15 esca\u00f1os en 2019, pero perder\u00e1n dos en las \u00faltimas, y Juntos por Cat se mantiene en su marca 7-8. La\u00a0representaci\u00f3n de partidos catalanes ha crecido 4 diputados\u00a0desde 2011. Es un progreso claro, pero la correlaci\u00f3n interna ha variado mucho. En todo caso -y es lo que quiero se\u00f1alarse se dan unas circunstancias extraordinarias: desaparici\u00f3n del bipartidismo, gran fragmentaci\u00f3n en el congreso, que hace que un diputado valga su peso en oro, m\u00e1xima presencia catalana.\u00a0Num\u00e9ricamente tienen la sart\u00e9n por el mango para la formaci\u00f3n de gobierno. Y aqu\u00ed viene la pregunta.\u00a0Despu\u00e9s de la cr\u00edtica, nada justa, a la estrategia hist\u00f3rica de \u00abpescado al cueva\u00bb,\u00a0el actual planteamiento de m\u00e1ximos a d\u00f3nde conduce?.\u00a0De qu\u00e9 sirve a los catalanes, en Catalu\u00f1a, a su gente, empresas, intereses y necesidades, a nuestra lengua y cultura, tener esta situaci\u00f3n tan decisiva? La respuesta evidente es la nada, porque el planteamiento de m\u00e1ximos, el maximalismo, impide llevar el plato a la mesa. El voto catal\u00e1n a partidos catalanes nunca ha sido tan poco \u00fatil como ahora que somos m\u00e1s y m\u00e1s determinantes Algo muy importante no encaja en todo esto.","og_url":"https:\/\/conversesacatalunya.cat\/es\/el-peso-de-los-diputados-catalanes-en-el-congreso\/","og_site_name":"Converses a Catalunya","article_published_time":"2019-11-18T09:27:29+00:00","article_modified_time":"2019-11-18T12:30:42+00:00","og_image":[{"width":1200,"height":800,"url":"https:\/\/conversesacatalunya.cat\/wp-content\/uploads\/2019\/11\/diputats-catalans.jpg","type":"image\/jpeg"}],"author":"Josep Mir\u00f3 i Ard\u00e8vol","twitter_card":"summary_large_image","twitter_misc":{"Escrito por":"Josep Mir\u00f3 i Ard\u00e8vol","Tiempo de lectura":"3 minutos"},"schema":{"@context":"https:\/\/schema.org","@graph":[{"@type":"Article","@id":"https:\/\/conversesacatalunya.cat\/es\/el-peso-de-los-diputados-catalanes-en-el-congreso\/#article","isPartOf":{"@id":"https:\/\/conversesacatalunya.cat\/es\/el-peso-de-los-diputados-catalanes-en-el-congreso\/"},"author":{"name":"Josep Mir\u00f3 i Ard\u00e8vol","@id":"https:\/\/conversesacatalunya.cat\/#\/schema\/person\/a9598a6786ba7d3d1c5e0de477b79370"},"headline":"El peso de los diputados catalanes en el Congreso","datePublished":"2019-11-18T09:27:29+00:00","dateModified":"2019-11-18T12:30:42+00:00","mainEntityOfPage":{"@id":"https:\/\/conversesacatalunya.cat\/es\/el-peso-de-los-diputados-catalanes-en-el-congreso\/"},"wordCount":555,"commentCount":1,"image":{"@id":"https:\/\/conversesacatalunya.cat\/es\/el-peso-de-los-diputados-catalanes-en-el-congreso\/#primaryimage"},"thumbnailUrl":"https:\/\/conversesacatalunya.cat\/wp-content\/uploads\/2019\/11\/diputats-catalans.jpg","keywords":["Congreso de los Diputados"],"articleSection":["El Blog de Josep Mir\u00f3 i Ard\u00e8vol (ES)"],"inLanguage":"es","potentialAction":[{"@type":"CommentAction","name":"Comment","target":["https:\/\/conversesacatalunya.cat\/es\/el-peso-de-los-diputados-catalanes-en-el-congreso\/#respond"]}]},{"@type":"WebPage","@id":"https:\/\/conversesacatalunya.cat\/es\/el-peso-de-los-diputados-catalanes-en-el-congreso\/","url":"https:\/\/conversesacatalunya.cat\/es\/el-peso-de-los-diputados-catalanes-en-el-congreso\/","name":"El peso de los diputados catalanes en el Congreso - Converses a Catalunya","isPartOf":{"@id":"https:\/\/conversesacatalunya.cat\/#website"},"primaryImageOfPage":{"@id":"https:\/\/conversesacatalunya.cat\/es\/el-peso-de-los-diputados-catalanes-en-el-congreso\/#primaryimage"},"image":{"@id":"https:\/\/conversesacatalunya.cat\/es\/el-peso-de-los-diputados-catalanes-en-el-congreso\/#primaryimage"},"thumbnailUrl":"https:\/\/conversesacatalunya.cat\/wp-content\/uploads\/2019\/11\/diputats-catalans.jpg","datePublished":"2019-11-18T09:27:29+00:00","dateModified":"2019-11-18T12:30:42+00:00","author":{"@id":"https:\/\/conversesacatalunya.cat\/#\/schema\/person\/a9598a6786ba7d3d1c5e0de477b79370"},"breadcrumb":{"@id":"https:\/\/conversesacatalunya.cat\/es\/el-peso-de-los-diputados-catalanes-en-el-congreso\/#breadcrumb"},"inLanguage":"es","potentialAction":[{"@type":"ReadAction","target":["https:\/\/conversesacatalunya.cat\/es\/el-peso-de-los-diputados-catalanes-en-el-congreso\/"]}]},{"@type":"ImageObject","inLanguage":"es","@id":"https:\/\/conversesacatalunya.cat\/es\/el-peso-de-los-diputados-catalanes-en-el-congreso\/#primaryimage","url":"https:\/\/conversesacatalunya.cat\/wp-content\/uploads\/2019\/11\/diputats-catalans.jpg","contentUrl":"https:\/\/conversesacatalunya.cat\/wp-content\/uploads\/2019\/11\/diputats-catalans.jpg","width":1200,"height":800,"caption":"diputats catalans al congres, diputados catalanes"},{"@type":"BreadcrumbList","@id":"https:\/\/conversesacatalunya.cat\/es\/el-peso-de-los-diputados-catalanes-en-el-congreso\/#breadcrumb","itemListElement":[{"@type":"ListItem","position":1,"name":"Inici","item":"https:\/\/conversesacatalunya.cat\/es\/"},{"@type":"ListItem","position":2,"name":"El peso de los diputados catalanes en el Congreso"}]},{"@type":"WebSite","@id":"https:\/\/conversesacatalunya.cat\/#website","url":"https:\/\/conversesacatalunya.cat\/","name":"Converses a Catalunya","description":"","potentialAction":[{"@type":"SearchAction","target":{"@type":"EntryPoint","urlTemplate":"https:\/\/conversesacatalunya.cat\/?s={search_term_string}"},"query-input":{"@type":"PropertyValueSpecification","valueRequired":true,"valueName":"search_term_string"}}],"inLanguage":"es"},{"@type":"Person","@id":"https:\/\/conversesacatalunya.cat\/#\/schema\/person\/a9598a6786ba7d3d1c5e0de477b79370","name":"Josep Mir\u00f3 i Ard\u00e8vol","image":{"@type":"ImageObject","inLanguage":"es","@id":"https:\/\/conversesacatalunya.cat\/#\/schema\/person\/image\/","url":"https:\/\/conversesacatalunya.cat\/wp-content\/litespeed\/avatar\/c37e3dc881857483d6694cdf98fdedea.jpg?ver=1777270381","contentUrl":"https:\/\/conversesacatalunya.cat\/wp-content\/litespeed\/avatar\/c37e3dc881857483d6694cdf98fdedea.jpg?ver=1777270381","caption":"Josep Mir\u00f3 i Ard\u00e8vol"},"url":"https:\/\/conversesacatalunya.cat\/es\/author\/josep-miro-i-ardevol\/"}]}},"wps_subtitle":"","_links":{"self":[{"href":"https:\/\/conversesacatalunya.cat\/es\/wp-json\/wp\/v2\/posts\/28657","targetHints":{"allow":["GET"]}}],"collection":[{"href":"https:\/\/conversesacatalunya.cat\/es\/wp-json\/wp\/v2\/posts"}],"about":[{"href":"https:\/\/conversesacatalunya.cat\/es\/wp-json\/wp\/v2\/types\/post"}],"author":[{"embeddable":true,"href":"https:\/\/conversesacatalunya.cat\/es\/wp-json\/wp\/v2\/users\/19"}],"replies":[{"embeddable":true,"href":"https:\/\/conversesacatalunya.cat\/es\/wp-json\/wp\/v2\/comments?post=28657"}],"version-history":[{"count":7,"href":"https:\/\/conversesacatalunya.cat\/es\/wp-json\/wp\/v2\/posts\/28657\/revisions"}],"predecessor-version":[{"id":28780,"href":"https:\/\/conversesacatalunya.cat\/es\/wp-json\/wp\/v2\/posts\/28657\/revisions\/28780"}],"wp:featuredmedia":[{"embeddable":true,"href":"https:\/\/conversesacatalunya.cat\/es\/wp-json\/wp\/v2\/media\/28642"}],"wp:attachment":[{"href":"https:\/\/conversesacatalunya.cat\/es\/wp-json\/wp\/v2\/media?parent=28657"}],"wp:term":[{"taxonomy":"category","embeddable":true,"href":"https:\/\/conversesacatalunya.cat\/es\/wp-json\/wp\/v2\/categories?post=28657"},{"taxonomy":"post_tag","embeddable":true,"href":"https:\/\/conversesacatalunya.cat\/es\/wp-json\/wp\/v2\/tags?post=28657"}],"curies":[{"name":"wp","href":"https:\/\/api.w.org\/{rel}","templated":true}]}}