{"id":101152,"date":"2026-09-04T12:05:18","date_gmt":"2026-09-04T10:05:18","guid":{"rendered":"https:\/\/conversesacatalunya.cat\/?p=101152"},"modified":"2026-09-04T12:44:00","modified_gmt":"2026-09-04T10:44:00","slug":"por-que-debe-convocar-elecciones-sanchez-si-sabe-que-las-perdera","status":"publish","type":"post","link":"https:\/\/conversesacatalunya.cat\/es\/por-que-debe-convocar-elecciones-sanchez-si-sabe-que-las-perdera\/","title":{"rendered":"\u00bfPor qu\u00e9 debe convocar elecciones S\u00e1nchez si sabe que las perder\u00e1?"},"content":{"rendered":"<p class=\"isSelectedEnd\"><span><span dir=\"auto\">Las elecciones son una necesidad democr\u00e1tica.\u00a0<\/span><strong><span dir=\"auto\">No son todav\u00eda una obligaci\u00f3n legal.<\/span><\/strong><span dir=\"auto\"> Pedro S\u00e1nchez puede llegar al 2027. La legislatura dura cuatro a\u00f1os. Nadie puede obligarle a adelantar las urnas si no prospera una moci\u00f3n de censura o \u00e9l mismo decide disolver las Cortes.<\/span><\/span><\/p>\n<p class=\"isSelectedEnd\"><span><span dir=\"auto\">El problema es otro. El Gobierno no tiene una mayor\u00eda estable. Acumula crisis. Y las encuestas indican que ha perdido la mayor\u00eda social que le hizo presidente.<\/span><\/span><\/p>\n<p class=\"isSelectedEnd\"><span><span dir=\"auto\"><span class=\"VIpgJd-yAWNEb-VIpgJd-fmcmS-sn54Q\" dir=\"auto\">S\u00e1nchez se resiste a convocar porque sabe que hoy perder\u00eda. Pero esperar tampoco le garantiza nada. Las crisis pueden crecer. La econom\u00eda puede perder fuerza. Los esc\u00e1ndalos pueden continuar. Los socios pueden exigir m\u00e1s. Y el deterioro puede convertir una derrota en una debacle.<\/span><\/span><\/span><\/p>\n<h3><strong><span><span dir=\"auto\">Las cinco \u00faltimas encuestas<\/span><\/span><\/strong><\/h3>\n<p class=\"isSelectedEnd\"><span><span dir=\"auto\">Estas son las cinco encuestas seleccionadas. Las fechas corresponden al final del trabajo de campo, no siempre al d\u00eda de publicaci\u00f3n.<\/span><\/span><\/p>\n<p class=\"isSelectedEnd\"><span>Las fuentes son el <\/span><a href=\"https:\/\/moreincommon.es\/pdfs\/pulso-electoral\/pulso-electoral-septiembre-2026.pdf\" target=\"_blank\" rel=\"noopener\"><span>Pulso Electoral de More in Common<\/span><\/a><span>, <\/span><a href=\"https:\/\/electomania.es\/encuesta-data10-31-ago-ceuta-sepulta-a-sanchez-y-dispara-a-pp-y-vox\/\" target=\"_blank\" rel=\"noopener\"><span>Data10<\/span><\/a><span>, <\/span><a href=\"https:\/\/electomania.es\/encuesta-sigmados-30ago-el-desastre-de-ceuta-agudiza-el-hundimiento-de-sanchez\/\" target=\"_blank\" rel=\"noopener\"><span>Sigma Dos<\/span><\/a><span>, <\/span><a href=\"https:\/\/agendapublica.es\/noticia\/21388\/espanoles-ante-inminente-ciclo-electoral-pp-lideraria-con-mas-30-apoyos-psoe-resistiria-con-mas-28-alianca-catalana-optaria-al-congreso-si-se-presentara\" target=\"_blank\" rel=\"noopener\"><span>Cluster17<\/span><\/a><span> y <\/span><a href=\"https:\/\/www.elespanol.com\/espana\/politica\/20260809\/ceuta-hunde-sanchez-pp-sube-suma-escanos-gobierno-baja-sondeo-espanol-invasion\/1003744347988_0.html\" target=\"_blank\" rel=\"noopener\"><span>SocioM\u00e9trica<\/span><\/a><span>.<\/span><\/p>\n<p class=\"isSelectedEnd\"><span><span dir=\"auto\">No todas las empresas merecen el mismo peso. La ponderaci\u00f3n utilizada no es una simple media aritm\u00e9tica.\u00a0<\/span><strong><span dir=\"auto\">Tiene en cuenta la fiabilidad t\u00e9cnica y el acierto hist\u00f3rico de cada empresa.<\/span><\/strong><span dir=\"auto\">\u00a0En el PollCheck de Electoman\u00eda, SocioM\u00e9trica obtiene un 8,1 sobre 10; Sigma Dos, un 6,3; Cluster17, un 5,6, y Data10, un 4,7. More in Common a\u00fan no tiene calificaci\u00f3n porque es nueva en el mercado espa\u00f1ol.<\/span><\/span><\/p>\n<p class=\"isSelectedEnd\"><strong><span dir=\"auto\">La estimaci\u00f3n ponderada resultante es esta:<\/span><\/strong><\/p>\n<ul data-spread=\"false\">\n<li><strong><span><span dir=\"auto\">PP: 34,0% y unos 146 diputados.<\/span><\/span><\/strong><\/li>\n<li><strong><span><span dir=\"auto\">PSOE: 25,8% y unos 103 diputados.<\/span><\/span><\/strong><\/li>\n<li><strong><span><span dir=\"auto\">Vox: 17,5% y unos 60 diputados.<\/span><\/span><\/strong><\/li>\n<li><strong><span><span dir=\"auto\">Sumar: 6,0% y unos 8 diputados.<\/span><\/span><\/strong><\/li>\n<li><strong><span><span dir=\"auto\">Podemos: 3,2% y unos 3 diputados.<\/span><\/span><\/strong><\/li>\n<\/ul>\n<p class=\"isSelectedEnd\"><span><span dir=\"auto\">La conclusi\u00f3n es dura.\u00a0<\/span><strong><span dir=\"auto\">PP y Vox<\/span><\/strong><span dir=\"auto\">\u00a0sumar\u00edan aproximadamente 206 diputados. Sesenta m\u00e1s que el PSOE. Treinta por encima de la mayor\u00eda absoluta. El\u00a0<\/span><strong><span dir=\"auto\">PSOE<\/span><\/strong><span dir=\"auto\">\u00a0perder\u00eda unos dieciocho esca\u00f1os respecto al 2023.\u00a0<\/span><strong><span dir=\"auto\">Sumar<\/span><\/strong><span dir=\"auto\">\u00a0perder\u00eda veintitr\u00e9s. La coalici\u00f3n de gobierno pasar\u00eda de 152 diputados a cerca de 111.<\/span><\/span><\/p>\n<p class=\"isSelectedEnd\"><span><span dir=\"auto\">No es una oscilaci\u00f3n. Es un cambio radical de mayor\u00eda. El PP tendr\u00eda m\u00e1s diputados que PSOE y Sumar juntos.<\/span><\/span><\/p>\n<h3><strong><span><span dir=\"auto\">\u00bfPor qu\u00e9 convocar si sabe que va a perder?<\/span><\/span><\/strong><\/h3>\n<p class=\"isSelectedEnd\"><strong><span dir=\"auto\"><span class=\"\" dir=\"auto\">Por una sola raz\u00f3n: porque quiz\u00e1s hoy perder\u00eda menos que ma\u00f1ana.<\/span><\/span><\/strong><\/p>\n<p class=\"isSelectedEnd\"><span><strong><span dir=\"auto\"><span class=\"VIpgJd-yAWNEb-VIpgJd-fmcmS-sn54Q\" dir=\"auto\">Convocar ahora le permitir\u00eda elegir el momento.<\/span><\/span><\/strong><span dir=\"auto\"><span class=\"VIpgJd-yAWNEb-VIpgJd-fmcmS-sn54Q\" dir=\"auto\">\u00a0Podr\u00eda preparar las candidaturas. Movilizar el partido. Intentar que la campa\u00f1a redujera la distancia. Y, sobre todo, evitar que una nueva crisis convirtiera a los 103 diputados previstos en 90.<\/span><\/span><\/span><\/p>\n<p class=\"isSelectedEnd\"><span><span dir=\"auto\">Pero\u00a0<\/span><strong><span dir=\"auto\">existe una raz\u00f3n m\u00e1s fuerte para no convocar.<\/span><\/strong><span dir=\"auto\">\u00a0Cada d\u00eda en la Moncloa es\u00a0<\/span><strong><span dir=\"auto\">un d\u00eda de poder.<\/span><\/strong><span dir=\"auto\">\u00a0El Gobierno controla el calendario, el Bolet\u00edn Oficial del Estado, los nombramientos, la comunicaci\u00f3n institucional y buena parte de la agenda p\u00fablica.\u00a0<\/span><strong><span dir=\"auto\">Tambi\u00e9n puede esperar un fallo del PP,<\/span><\/strong><span dir=\"auto\">\u00a0una crisis entre Feij\u00f3o y Vox o un evento exterior que le permita recuperar la iniciativa.<\/span><\/span><\/p>\n<blockquote>\n<p class=\"isSelectedEnd\"><strong><span dir=\"auto\"><span class=\"VIpgJd-yAWNEb-VIpgJd-fmcmS-sn54Q\" dir=\"auto\">S\u00e1nchez no convocar\u00e1 por higiene democr\u00e1tica. S\u00f3lo lo har\u00e1 si llega a la conclusi\u00f3n de que el tiempo ya no trabaja\u00a0 para \u00e9l.<\/span><\/span><\/strong><\/p>\n<\/blockquote>\n<p class=\"isSelectedEnd\"><strong><span dir=\"auto\">Mientras, aparecen tres posibles salidas.<\/span><\/strong><\/p>\n<h4><strong><span dir=\"auto\">Primera salida: impedir la disoluci\u00f3n con un estado excepcional<\/span><\/strong><\/h4>\n<p class=\"isSelectedEnd\"><span><strong><span dir=\"auto\"><span class=\"VIpgJd-yAWNEb-VIpgJd-fmcmS-sn54Q\" dir=\"auto\">El art\u00edculo 116.5 de la Constituci\u00f3n<\/span><\/span><\/strong><span dir=\"auto\"><span class=\"VIpgJd-yAWNEb-VIpgJd-fmcmS-sn54Q\" dir=\"auto\">\u00a0establece que el Congreso no puede ser disuelto mientras est\u00e9n declarados los estados de alarma, excepci\u00f3n o sitio.<\/span><\/span><\/span><\/p>\n<p class=\"isSelectedEnd\"><span><span dir=\"auto\">La frase ha alimentado una sospecha. \u00bfS\u00e1nchez podr\u00eda aprovechar una crisis con Marruecos o los incidentes de Ceuta para impedir unas elecciones?<\/span><\/span><\/p>\n<p class=\"isSelectedEnd\"><span><span dir=\"auto\">Es necesario distinguir.<\/span><\/span><\/p>\n<h5><strong><span><span dir=\"auto\">El estado de alarma<\/span><\/span><\/strong><\/h5>\n<p class=\"isSelectedEnd\"><span><span dir=\"auto\"><span class=\"VIpgJd-yAWNEb-VIpgJd-fmcmS-sn54Q\" dir=\"auto\">El Gobierno puede declararlo sin previa autorizaci\u00f3n del Congreso. Pero solo durante quince d\u00edas. Para su pr\u00f3rroga necesita la autorizaci\u00f3n parlamentaria.<\/span><\/span><\/span><\/p>\n<p class=\"isSelectedEnd\"><span><span dir=\"auto\">Adem\u00e1s,\u00a0<\/span><strong><span dir=\"auto\">las causas est\u00e1n tasadas por la Ley org\u00e1nica 4\/1981<\/span><\/strong><span dir=\"auto\">: terremotos, inundaciones, grandes incendios, accidentes, epidemias, desabastecimiento de productos esenciales o paralizaci\u00f3n grave de servicios p\u00fablicos.<\/span><\/span><\/p>\n<p class=\"isSelectedEnd\"><span><span dir=\"auto\">Una presi\u00f3n migratoria o un conflicto con Marruecos no encajan directamente con ella. Deber\u00edan provocar alguna de estas alteraciones concretas.\u00a0<\/span><strong><span dir=\"auto\">No basta con invocar una crisis pol\u00edtica.<\/span><\/strong><\/span><\/p>\n<h5><strong><span dir=\"auto\">El estado de excepci\u00f3n<\/span><\/strong><\/h5>\n<p class=\"isSelectedEnd\"><span><strong><span dir=\"auto\">Se ajusta m\u00e1s a una grave alteraci\u00f3n del orden p\u00fablico.<\/span><\/strong><span dir=\"auto\">\u00a0Pero exige que el funcionamiento de las instituciones, servicios esenciales o derechos y libertades est\u00e9 tan alterado que los poderes ordinarios resulten insuficientes.<\/span><\/span><\/p>\n<p class=\"isSelectedEnd\"><span><strong><span dir=\"auto\">El Gobierno no puede declararlo solo.<\/span><\/strong><span dir=\"auto\">\u00a0Necesita autorizaci\u00f3n previa del Congreso. Debe explicar qu\u00e9 derechos quiere suspender, en qu\u00e9 territorio, con qu\u00e9 medidas y durante cu\u00e1nto tiempo. Lo m\u00e1ximo son treinta d\u00edas. Solo puede prorrogarse treinta d\u00edas m\u00e1s y con una nueva autorizaci\u00f3n.<\/span><\/span><\/p>\n<p class=\"isSelectedEnd\"><span><span dir=\"auto\">No necesita jur\u00eddicamente el voto de todos los socios. Pero s\u00ed una mayor\u00eda parlamentaria suficiente. Y cada socio deber\u00eda asumir p\u00fablicamente su responsabilidad.<\/span><\/span><\/p>\n<h5><strong><span><span dir=\"auto\">El estado de sitio<\/span><\/span><\/strong><\/h5>\n<p class=\"isSelectedEnd\"><span><strong><span dir=\"auto\">Es el supuesto m\u00e1s grave.<\/span><\/strong><span dir=\"auto\">\u00a0Requiere una insurrecci\u00f3n o un acto de fuerza \u2013o una amenaza real\u2013 contra la soberan\u00eda, la independencia, la integridad territorial o el orden constitucional. Y exige que la situaci\u00f3n no pueda ser resuelta por otros medios.<\/span><\/span><\/p>\n<p class=\"isSelectedEnd\"><strong><span dir=\"auto\">Solo puede declararlo el Congreso por mayor\u00eda absoluta, 176 diputados, a propuesta del Gobierno.<\/span><\/strong><\/p>\n<p class=\"isSelectedEnd\"><span><strong><span dir=\"auto\">Una efectiva agresi\u00f3n de Marruecos contra Ceuta podr\u00eda abrir este escenario.<\/span><\/strong><span dir=\"auto\">\u00a0Pero ser\u00eda necesaria una agresi\u00f3n real. No una tensi\u00f3n diplom\u00e1tica. No una entrada masiva de inmigrantes. No una frase inflamada en una rueda de prensa.<\/span><\/span><\/p>\n<p class=\"isSelectedEnd\"><span><span dir=\"auto\">Adem\u00e1s, Espa\u00f1a forma parte de la UE y de la OTAN. Estados Unidos tiene intereses militares directos en el pa\u00eds. Una confrontaci\u00f3n fabricada ser\u00eda dif\u00edcil de ocultar y m\u00e1s dif\u00edcil de controlar.<\/span><\/span><\/p>\n<p class=\"isSelectedEnd\"><span><span dir=\"auto\">Hay un \u00faltimo obst\u00e1culo. El art\u00edculo 169 de la Constituci\u00f3n proh\u00edbe iniciar una reforma constitucional durante una guerra o mientras est\u00e9 vigente cualquiera de los tres estados excepcionales.<\/span><\/span><\/p>\n<p class=\"isSelectedEnd\"><span><span dir=\"auto\">Por tanto,\u00a0<\/span><strong><span dir=\"auto\">S\u00e1nchez no podr\u00eda mantener a la vez la emergencia y abrir la reforma republicana. Deber\u00eda elegir.<\/span><\/strong><\/span><\/p>\n<p class=\"isSelectedEnd\"><span><span dir=\"auto\"><span class=\"VIpgJd-yAWNEb-VIpgJd-fmcmS-sn54Q\" dir=\"auto\">La conspiraci\u00f3n resulta tentadora. Pero\u00a0<\/span><\/span><strong><span dir=\"auto\"><span class=\"VIpgJd-yAWNEb-VIpgJd-fmcmS-sn54Q\" dir=\"auto\">tiene poco recorrido.<\/span><\/span><\/strong><span dir=\"auto\"><span class=\"VIpgJd-yAWNEb-VIpgJd-fmcmS-sn54Q\" dir=\"auto\">\u00a0Los estados excepcionales pueden impedir temporalmente una disoluci\u00f3n anticipada. No conceden al presidente una pr\u00f3rroga ilimitada de la legislatura.<\/span><\/span><\/span><\/p>\n<p class=\"isSelectedEnd\"><span><span dir=\"auto\">Ser\u00eda una operaci\u00f3n de alto riesgo. Podr\u00eda acabar hundi\u00e9ndo m\u00e1s al Gobierno que a las mismas elecciones.<\/span><\/span><\/p>\n<h4><strong><span><span dir=\"auto\"><span class=\"VIpgJd-yAWNEb-VIpgJd-fmcmS-sn54Q\" dir=\"auto\">Segunda salida: convertir las elecciones en un plebiscito republicano<\/span><\/span><\/span><\/strong><\/h4>\n<p class=\"isSelectedEnd\"><span><strong><span dir=\"auto\">Pablo Iglesias ha sugerido otra v\u00eda.<\/span><\/strong><span dir=\"auto\">\u00a0No hablar de gesti\u00f3n. No hablar de corrupci\u00f3n. No hablar de Ceuta, vivienda, trenes o poder adquisitivo. Cambiar de campo.\u00a0<\/span><strong><span dir=\"auto\">Convertir las pr\u00f3ximas elecciones en una batalla entre monarqu\u00eda y rep\u00fablica.<\/span><\/strong><\/span><\/p>\n<p class=\"isSelectedEnd\"><span><span dir=\"auto\">Esto puede hacerse pol\u00edticamente. El PSOE puede prometer en el programa un referendo consultivo. Puede presentar las elecciones como un \u201cprerrefer\u00e9ndum\u201d.<\/span><\/span><\/p>\n<blockquote>\n<p class=\"isSelectedEnd\"><strong><span dir=\"auto\"><span class=\"VIpgJd-yAWNEb-VIpgJd-fmcmS-sn54Q\" dir=\"auto\">Puede intentar reunir a toda la izquierda y a los independentistas bajo una bandera republicana.<\/span><\/span><\/strong><\/p>\n<\/blockquote>\n<p class=\"isSelectedEnd\"><span><span dir=\"auto\">Pero unas elecciones generales no son jur\u00eddicamente un referendo. El elector vota a un partido, un candidato y un programa entero. No responde a una pregunta binaria. El resultado no permite afirmar que el pa\u00eds ha escogido monarqu\u00eda o rep\u00fablica.<\/span><\/span><\/p>\n<h5 class=\"isSelectedEnd\"><strong><span dir=\"auto\">Quedar\u00eda el refer\u00e9ndum consultivo del art\u00edculo 92. Para celebrarlo se necesitan cuatro cosas:<\/span><\/strong><\/h5>\n<ol start=\"1\" data-spread=\"false\">\n<li><span><span dir=\"auto\">Propuesta del presidente del Gobierno.<\/span><\/span><\/li>\n<li><span><span dir=\"auto\">Pregunta formulada en t\u00e9rminos exactos.<\/span><\/span><\/li>\n<li><span><span dir=\"auto\">Autorizaci\u00f3n del Congreso por mayor\u00eda absoluta: 176 diputados.<\/span><\/span><\/li>\n<li><span><span dir=\"auto\">Convocatoria formal del rey mediante real decreto.<\/span><\/span><\/li>\n<\/ol>\n<p class=\"isSelectedEnd\"><strong><span dir=\"auto\">El rey no dispondr\u00eda de un veto pol\u00edtico. La convocatoria ser\u00eda un acto formal refrendado por el presidente.<\/span><\/strong><\/p>\n<p class=\"isSelectedEnd\"><span><strong><span dir=\"auto\">La aritm\u00e9tica podr\u00eda existir.<\/span><\/strong><span dir=\"auto\">\u00a0PSOE, Sumar y los partidos independentistas y nacionalistas sumaban diputados suficientes al comienzo de la legislatura. Pero S\u00e1nchez necesitar\u00eda que todos votaran lo mismo.\u00a0<\/span><strong><span dir=\"auto\">Junts y el PNV<\/span><\/strong><span dir=\"auto\">\u00a0podr\u00edan compartir la conveniencia de debilitar a la Corona, pero no necesariamente la de fortalecer a S\u00e1nchez. Los 176 votos ser\u00edan posibles. No ser\u00edan seguros.<\/span><\/span><\/p>\n<p class=\"isSelectedEnd\"><span><strong><span dir=\"auto\"><span class=\"VIpgJd-yAWNEb-VIpgJd-fmcmS-sn54Q\" dir=\"auto\">Tampoco podr\u00eda celebrarse la consulta cerca de unas elecciones.<\/span><\/span><\/strong><span dir=\"auto\"><span class=\"VIpgJd-yAWNEb-VIpgJd-fmcmS-sn54Q\" dir=\"auto\">\u00a0La Ley org\u00e1nica 2\/1980 proh\u00edbe los referendos consultivos durante los noventa d\u00edas anteriores y posteriores a unas elecciones parlamentarias. Tambi\u00e9n los proh\u00edbe durante los estados de excepci\u00f3n y sitio y los noventa d\u00edas posteriores.<\/span><\/span><\/span><\/p>\n<h5 class=\"isSelectedEnd\"><strong><span dir=\"auto\">Queda la cuesti\u00f3n principal: \u00bfse puede preguntar directamente \u00abmonarqu\u00eda o rep\u00fablica\u00bb?<\/span><\/strong><\/h5>\n<p class=\"isSelectedEnd\"><span><span dir=\"auto\">Hay dos tesis.<\/span><\/span><\/p>\n<p class=\"isSelectedEnd\"><span><strong><span dir=\"auto\"><span class=\"\" dir=\"auto\">La primera dice que s\u00ed.<\/span><\/span><\/strong><span dir=\"auto\"><span class=\"\" dir=\"auto\">\u00a0Ser\u00eda una consulta meramente orientativa. No modificar\u00eda la Constituci\u00f3n. Servir\u00eda para conocer la opini\u00f3n de los ciudadanos. Despu\u00e9s habr\u00eda que iniciar la reforma constitucional. Pero la presi\u00f3n pol\u00edtica ser\u00eda suficiente, creen, para descabalgar al rey y llevarlo a la renuncia.<\/span><\/span><\/span><\/p>\n<p class=\"isSelectedEnd\"><span><strong><span dir=\"auto\"><span class=\"VIpgJd-yAWNEb-VIpgJd-fmcmS-sn54Q\" dir=\"auto\">La segunda es m\u00e1s s\u00f3lida.<\/span><\/span><\/strong><span dir=\"auto\"><span class=\"VIpgJd-yAWNEb-VIpgJd-fmcmS-sn54Q\" dir=\"auto\">\u00a0Sostiene que el art\u00edculo 92 no puede utilizarse para anticipar ni condicionar una decisi\u00f3n que la Constituci\u00f3n reserva al procedimiento de reforma agravada. La forma pol\u00edtica del Estado figura en el art\u00edculo 1.3 y la Corona ocupa todo el t\u00edtulo II.<\/span><\/span><\/span><\/p>\n<p class=\"isSelectedEnd\"><span><span dir=\"auto\">La\u00a0<\/span><\/span><a href=\"https:\/\/www.boe.es\/diario_boe\/txt.php?id=BOE-T-2008-16292\" target=\"_blank\" rel=\"noopener\"><span><span dir=\"auto\">Sentencia 103\/2008 del Tribunal Constitucional<\/span><\/span><\/a><span><span dir=\"auto\">\u00a0estableci\u00f3 que las cuestiones que afectan al fundamento y la identidad del orden constitucional deben seguir la v\u00eda formal de reforma. No resolv\u00eda un referendo estatal sobre la Corona, pero su doctrina har\u00eda muy impugnable una consulta directa.<\/span><\/span><\/p>\n<h5 class=\"isSelectedEnd\"><strong><span dir=\"auto\"><span class=\"VIpgJd-yAWNEb-VIpgJd-fmcmS-sn54Q\" dir=\"auto\">La v\u00eda segura es el art\u00edculo 168:<\/span><\/span><\/strong><\/h5>\n<ol start=\"1\" data-spread=\"false\">\n<li><span><span dir=\"auto\">Dos tercios del Congreso.<\/span><\/span><\/li>\n<li><span><span dir=\"auto\">Dos tercios del Senado.<\/span><\/span><\/li>\n<li><span><span dir=\"auto\">Disoluci\u00f3n inmediata de Les Corts.<\/span><\/span><\/li>\n<li><span><span dir=\"auto\">Elecciones generales.<\/span><\/span><\/li>\n<li><span><span dir=\"auto\">Ratificaci\u00f3n y aprobaci\u00f3n del nuevo texto por dos tercios de las nuevas c\u00e1maras.<\/span><\/span><\/li>\n<li><span><span dir=\"auto\">Refer\u00e9ndum obligatorio.<\/span><\/span><\/li>\n<\/ol>\n<p class=\"isSelectedEnd\"><span><span dir=\"auto\">No son 176 diputados. Son 234 en el Congreso, una mayor\u00eda equivalente al Senado, unas elecciones y una segunda aprobaci\u00f3n por dos tercios.<\/span><\/span><\/p>\n<blockquote>\n<p class=\"isSelectedEnd\"><strong><span dir=\"auto\"><span class=\"VIpgJd-yAWNEb-VIpgJd-fmcmS-sn54Q\" dir=\"auto\">Por eso la rep\u00fablica puede servir como bandera electoral. No como atajo jur\u00eddico.<\/span><\/span><\/strong><\/p>\n<\/blockquote>\n<p class=\"isSelectedEnd\"><span><span dir=\"auto\"><span class=\"VIpgJd-yAWNEb-VIpgJd-fmcmS-sn54Q\" dir=\"auto\">Y todav\u00eda existe el riesgo pol\u00edtico.\u00a0<\/span><\/span><strong><span dir=\"auto\"><span class=\"VIpgJd-yAWNEb-VIpgJd-fmcmS-sn54Q\" dir=\"auto\">S\u00e1nchez intentar\u00eda convertir unas elecciones sobre su gesti\u00f3n en unas elecciones sobre el rey.<\/span><\/span><\/strong><span dir=\"auto\"><span class=\"VIpgJd-yAWNEb-VIpgJd-fmcmS-sn54Q\" dir=\"auto\">\u00a0Pero podr\u00eda conseguir lo contrario: que el referendo sobre la monarqu\u00eda se convirtiera en un referendo sobre S\u00e1nchez. Y que la pulsi\u00f3n conservadora fuese m\u00e1s fuerte que una revoluci\u00f3n constitucional dirigida por un presidente profundamente desgastado.<\/span><\/span><\/span><\/p>\n<h4><strong><span><span dir=\"auto\">Tercera salida: perder para volver como jefe de la oposici\u00f3n<\/span><\/span><\/strong><\/h4>\n<p class=\"isSelectedEnd\"><span><span dir=\"auto\">Queda una \u00faltima posibilidad. Que <a href=\"https:\/\/conversesacatalunya.cat\/es\/como-piensa-ganar-las-elecciones-pedro-sanchez-esta-es-su-tactica-y-estrategia\/\" target=\"_blank\" rel=\"noopener\">S\u00e1nchez <\/a><\/span><span dir=\"auto\">ya no prepare una victoria.\u00a0<\/span><strong><span dir=\"auto\">Que prepare la derrota.<\/span><\/strong><\/span><\/p>\n<p class=\"isSelectedEnd\"><span><span dir=\"auto\"><span class=\"VIpgJd-yAWNEb-VIpgJd-fmcmS-sn54Q\" dir=\"auto\">Podr\u00eda convocar antes de que el PSOE bajara de los cien diputados. Colocar\u00eda a sus fieles en las listas. Mantendr\u00eda el control del grupo parlamentario. Intentar\u00eda sobrevivir en el congreso socialista posterior. Y esperar\u00eda.<\/span><\/span><\/span><\/p>\n<p class=\"isSelectedEnd\"><span><span dir=\"auto\">El nuevo gobierno recibir\u00eda las facturas pendientes. La deuda p\u00fablica alcanzaba en junio de 2026 los 1,76 billones de euros y el 101,5 % del PIB. AIReF advert\u00eda que el crecimiento del gasto computable pod\u00eda llegar al 6,4 %, por encima de los compromisos fiscales. Bruselas exigir\u00eda consolidaci\u00f3n. Alguien deber\u00eda pagar las promesas, aplazamientos y desequilibrios acumulados.\u00a0<\/span><\/span><a href=\"https:\/\/www.airef.es\/es\/noticias\/la-airef-advierte-de-que-el-mayor-crecimiento-del-gasto-neto-de-medidas-de-ingresos-complica-el-cumplimiento-de-los-compromisos-fiscales-en-2026\/\" target=\"_blank\" rel=\"noopener\"><span><span dir=\"auto\">AIReF<\/span><\/span><\/a><\/p>\n<p class=\"isSelectedEnd\"><span><strong><span dir=\"auto\"><span class=\"\" dir=\"auto\">Desde la oposici\u00f3n, S\u00e1nchez podr\u00eda denunciar cada ajuste.<\/span><\/span><\/strong><span dir=\"auto\"><span class=\"\" dir=\"auto\">\u00a0Podr\u00eda presentarse como defensor de las pensiones y de los derechos sociales. Podr\u00eda achacar al PP las consecuencias de las decisiones que \u00e9l mismo hab\u00eda aplazado.<\/span><\/span><\/span><\/p>\n<p class=\"isSelectedEnd\"><span><span dir=\"auto\">Es una estrategia posible. Pero tiene un fallo. Una derrota de la magnitud que anuncian las encuestas podr\u00eda acabar con su liderazgo. El PSOE podr\u00eda decidir que cien diputados son demasiado pocos para mantener al propio capit\u00e1n.<\/span><\/span><\/p>\n<p class=\"isSelectedEnd\"><span><span dir=\"auto\"><span class=\"VIpgJd-yAWNEb-VIpgJd-fmcmS-sn54Q\" dir=\"auto\">Por eso la respuesta m\u00e1s probable es tambi\u00e9n la m\u00e1s sencilla.\u00a0<\/span><\/span><strong><span dir=\"auto\"><span class=\"VIpgJd-yAWNEb-VIpgJd-fmcmS-sn54Q\" dir=\"auto\">S\u00e1nchez no tiene a\u00fan ning\u00fan gran plan.<\/span><\/span><\/strong><span dir=\"auto\"><span class=\"VIpgJd-yAWNEb-VIpgJd-fmcmS-sn54Q\" dir=\"auto\">\u00a0Ni el estado de sitio. Ni la Rep\u00fablica. Ni una retirada napole\u00f3nica hacia la oposici\u00f3n.<\/span><\/span><\/span><\/p>\n<p class=\"isSelectedEnd\"><span><span dir=\"auto\">Tiene el poder. Y se aferra.<\/span><\/span><\/p>\n<p><span><span dir=\"auto\">Convocar\u00e1 solo cuando crea que el d\u00eda siguiente ser\u00e1 peor que hoy. El problema es que puede descubrirlo demasiado tarde.<\/span><\/span><\/p>\n<span class='bctt-click-to-tweet'><span class='bctt-ctt-text'><a href='https:\/\/x.com\/intent\/tweet?url=https%3A%2F%2Fconversesacatalunya.cat%2Fes%2Fpor-que-debe-convocar-elecciones-sanchez-si-sabe-que-las-perdera%2F&#038;text=La%20respuesta%20m%C3%A1s%20probable%20es%20tambi%C3%A9n%20la%20m%C3%A1s%20sencilla.%20S%C3%A1nchez%20no%20tiene%20a%C3%BAn%20ning%C3%BAn%20gran%20plan.%20Ni%20el%20estado%20de%20sitio.%20Ni%20la%20Rep%C3%BAblica.%20Ni%20una%20retirada%20napole%C3%B3nica%20hacia%20la%20oposici%C3%B3n.%20%23PedroS%C3%A1nchez&#038;via=conversesacat&#038;related=conversesacat' target='_blank'rel=\"noopener noreferrer\">La respuesta m\u00e1s probable es tambi\u00e9n la m\u00e1s sencilla. S\u00e1nchez no tiene a\u00fan ning\u00fan gran plan. Ni el estado de sitio. Ni la Rep\u00fablica. Ni una retirada napole\u00f3nica hacia la oposici\u00f3n. #PedroS\u00e1nchez <\/a><\/span><a href='https:\/\/x.com\/intent\/tweet?url=https%3A%2F%2Fconversesacatalunya.cat%2Fes%2Fpor-que-debe-convocar-elecciones-sanchez-si-sabe-que-las-perdera%2F&#038;text=La%20respuesta%20m%C3%A1s%20probable%20es%20tambi%C3%A9n%20la%20m%C3%A1s%20sencilla.%20S%C3%A1nchez%20no%20tiene%20a%C3%BAn%20ning%C3%BAn%20gran%20plan.%20Ni%20el%20estado%20de%20sitio.%20Ni%20la%20Rep%C3%BAblica.%20Ni%20una%20retirada%20napole%C3%B3nica%20hacia%20la%20oposici%C3%B3n.%20%23PedroS%C3%A1nchez&#038;via=conversesacat&#038;related=conversesacat' target='_blank' class='bctt-ctt-btn'rel=\"noopener noreferrer\">Compartir en X<\/a><\/span>\n<div id=\"polls-337\" class=\"wp-polls\">\n\t<form id=\"polls_form_337\" class=\"wp-polls-form\" action=\"\/index.php\" method=\"post\">\n\t\t<p style=\"display: none;\"><input type=\"hidden\" id=\"poll_337_nonce\" name=\"wp-polls-nonce\" value=\"15b50e711c\" \/><\/p>\n\t\t<p style=\"display: none;\"><input type=\"hidden\" name=\"poll_id\" value=\"337\" \/><\/p>\n\t\t<p style=\"text-align: center\"><strong>De 0 a 4, com valores la gesti\u00f3 de la crisi de Ceuta per part de S\u00e1nchez?<\/strong><\/p><div id=\"polls-337-ans\" class=\"wp-polls-ans\"><ul class=\"wp-polls-ul\">\n\t\t<li><input type=\"radio\" id=\"poll-answer-970\" name=\"poll_337\" value=\"970\" \/> <label for=\"poll-answer-970\">0- Molt malament<\/label><\/li>\n\t\t<li><input type=\"radio\" id=\"poll-answer-971\" name=\"poll_337\" value=\"971\" \/> <label for=\"poll-answer-971\">1- Malament<\/label><\/li>\n\t\t<li><input type=\"radio\" id=\"poll-answer-972\" name=\"poll_337\" value=\"972\" \/> <label for=\"poll-answer-972\">2- Regular<\/label><\/li>\n\t\t<li><input type=\"radio\" id=\"poll-answer-973\" name=\"poll_337\" value=\"973\" \/> <label for=\"poll-answer-973\">3- B\u00e9<\/label><\/li>\n\t\t<li><input type=\"radio\" id=\"poll-answer-974\" name=\"poll_337\" value=\"974\" \/> <label for=\"poll-answer-974\">4- Molt b\u00e9<\/label><\/li>\n\t\t<\/ul><p style=\"text-align: center\"><input type=\"button\" name=\"vote\" value=\"   Vota   \" class=\"Buttons\" onclick=\"poll_vote(337);\" \/><\/p><p style=\"text-align: center\"><a href=\"#ViewPollResults\" onclick=\"poll_result(337); return false;\" title=\"View Results Of This Poll\">Mira els resultats<\/a><\/p><\/div>\n\t<\/form>\n<\/div>\n<div id=\"polls-337-loading\" class=\"wp-polls-loading\"><img decoding=\"async\" data-src=\"https:\/\/conversesacatalunya.cat\/wp-content\/plugins\/wp-polls\/images\/loading.gif\" width=\"16\" height=\"16\" alt=\"Cargando ...\" title=\"Cargando ...\" class=\"wp-polls-image lazyload\" src=\"data:image\/svg+xml;base64,PHN2ZyB3aWR0aD0iMSIgaGVpZ2h0PSIxIiB4bWxucz0iaHR0cDovL3d3dy53My5vcmcvMjAwMC9zdmciPjwvc3ZnPg==\" style=\"--smush-placeholder-width: 16px; --smush-placeholder-aspect-ratio: 16\/16;\" \/>&nbsp;Cargando ...<\/div>\n\n","protected":false},"excerpt":{"rendered":"<p>Las elecciones son una necesidad democr\u00e1tica.\u00a0No son todav\u00eda una obligaci\u00f3n legal. Pedro S\u00e1nchez puede llegar al 2027. La legislatura dura cuatro a\u00f1os. Nadie puede obligarle a adelantar las urnas si no prospera una moci\u00f3n de censura o \u00e9l mismo decide disolver las Cortes. El problema es otro. El Gobierno no tiene una mayor\u00eda estable. Acumula crisis. Y las encuestas indican que ha perdido la mayor\u00eda social que le hizo presidente. S\u00e1nchez se resiste a convocar porque sabe que hoy perder\u00eda. Pero esperar tampoco le garantiza nada. Las crisis pueden crecer. La econom\u00eda puede perder fuerza. Los esc\u00e1ndalos pueden continuar. Los socios pueden exigir m\u00e1s. Y el deterioro puede convertir una derrota en una debacle. Las cinco \u00faltimas encuestas Estas son las cinco encuestas seleccionadas. Las fechas corresponden al final del trabajo de campo, no siempre al d\u00eda de publicaci\u00f3n. Las fuentes son el Pulso Electoral de More in Common, Data10, Sigma Dos, Cluster17 y SocioM\u00e9trica. No todas las empresas merecen el mismo peso. La ponderaci\u00f3n utilizada no es una simple media aritm\u00e9tica.\u00a0Tiene en cuenta la fiabilidad t\u00e9cnica y el acierto hist\u00f3rico de cada empresa.\u00a0En el PollCheck de Electoman\u00eda, SocioM\u00e9trica obtiene un 8,1 sobre 10; Sigma Dos, un 6,3; Cluster17, un 5,6, y Data10, un 4,7. More in Common a\u00fan no tiene calificaci\u00f3n porque es nueva en el mercado espa\u00f1ol. La estimaci\u00f3n ponderada resultante es esta: PP: 34,0% y unos 146 diputados. PSOE: 25,8% y unos 103 diputados. Vox: 17,5% y unos 60 diputados. Sumar: 6,0% y unos 8 diputados. Podemos: 3,2% y unos 3 diputados. La conclusi\u00f3n es dura.\u00a0PP y Vox\u00a0sumar\u00edan aproximadamente 206 diputados. Sesenta m\u00e1s que el PSOE. Treinta por encima de la mayor\u00eda absoluta. El\u00a0PSOE\u00a0perder\u00eda unos dieciocho esca\u00f1os respecto al 2023.\u00a0Sumar\u00a0perder\u00eda veintitr\u00e9s. La coalici\u00f3n de gobierno pasar\u00eda de 152 diputados a cerca de 111. No es una oscilaci\u00f3n. Es un cambio radical de mayor\u00eda. El PP tendr\u00eda m\u00e1s diputados que PSOE y Sumar juntos. \u00bfPor qu\u00e9 convocar si sabe que va a perder? Por una sola raz\u00f3n: porque quiz\u00e1s hoy perder\u00eda menos que ma\u00f1ana. Convocar ahora le permitir\u00eda elegir el momento.\u00a0Podr\u00eda preparar las candidaturas. Movilizar el partido. Intentar que la campa\u00f1a redujera la distancia. Y, sobre todo, evitar que una nueva crisis convirtiera a los 103 diputados previstos en 90. Pero\u00a0existe una raz\u00f3n m\u00e1s fuerte para no convocar.\u00a0Cada d\u00eda en la Moncloa es\u00a0un d\u00eda de poder.\u00a0El Gobierno controla el calendario, el Bolet\u00edn Oficial del Estado, los nombramientos, la comunicaci\u00f3n institucional y buena parte de la agenda p\u00fablica.\u00a0Tambi\u00e9n puede esperar un fallo del PP,\u00a0una crisis entre Feij\u00f3o y Vox o un evento exterior que le permita recuperar la iniciativa. S\u00e1nchez no convocar\u00e1 por higiene democr\u00e1tica. S\u00f3lo lo har\u00e1 si llega a la conclusi\u00f3n de que el tiempo ya no trabaja\u00a0 para \u00e9l. Mientras, aparecen tres posibles salidas. Primera salida: impedir la disoluci\u00f3n con un estado excepcional El art\u00edculo 116.5 de la Constituci\u00f3n\u00a0establece que el Congreso no puede ser disuelto mientras est\u00e9n declarados los estados de alarma, excepci\u00f3n o sitio. La frase ha alimentado una sospecha. \u00bfS\u00e1nchez podr\u00eda aprovechar una crisis con Marruecos o los incidentes de Ceuta para impedir unas elecciones? Es necesario distinguir. El estado de alarma El Gobierno puede declararlo sin previa autorizaci\u00f3n del Congreso. Pero solo durante quince d\u00edas. Para su pr\u00f3rroga necesita la autorizaci\u00f3n parlamentaria. Adem\u00e1s,\u00a0las causas est\u00e1n tasadas por la Ley org\u00e1nica 4\/1981: terremotos, inundaciones, grandes incendios, accidentes, epidemias, desabastecimiento de productos esenciales o paralizaci\u00f3n grave de servicios p\u00fablicos. Una presi\u00f3n migratoria o un conflicto con Marruecos no encajan directamente con ella. Deber\u00edan provocar alguna de estas alteraciones concretas.\u00a0No basta con invocar una crisis pol\u00edtica. El estado de excepci\u00f3n Se ajusta m\u00e1s a una grave alteraci\u00f3n del orden p\u00fablico.\u00a0Pero exige que el funcionamiento de las instituciones, servicios esenciales o derechos y libertades est\u00e9 tan alterado que los poderes ordinarios resulten insuficientes. El Gobierno no puede declararlo solo.\u00a0Necesita autorizaci\u00f3n previa del Congreso. Debe explicar qu\u00e9 derechos quiere suspender, en qu\u00e9 territorio, con qu\u00e9 medidas y durante cu\u00e1nto tiempo. Lo m\u00e1ximo son treinta d\u00edas. Solo puede prorrogarse treinta d\u00edas m\u00e1s y con una nueva autorizaci\u00f3n. No necesita jur\u00eddicamente el voto de todos los socios. Pero s\u00ed una mayor\u00eda parlamentaria suficiente. Y cada socio deber\u00eda asumir p\u00fablicamente su responsabilidad. El estado de sitio Es el supuesto m\u00e1s grave.\u00a0Requiere una insurrecci\u00f3n o un acto de fuerza \u2013o una amenaza real\u2013 contra la soberan\u00eda, la independencia, la integridad territorial o el orden constitucional. Y exige que la situaci\u00f3n no pueda ser resuelta por otros medios. Solo puede declararlo el Congreso por mayor\u00eda absoluta, 176 diputados, a propuesta del Gobierno. Una efectiva agresi\u00f3n de Marruecos contra Ceuta podr\u00eda abrir este escenario.\u00a0Pero ser\u00eda necesaria una agresi\u00f3n real. No una tensi\u00f3n diplom\u00e1tica. No una entrada masiva de inmigrantes. No una frase inflamada en una rueda de prensa. Adem\u00e1s, Espa\u00f1a forma parte de la UE y de la OTAN. Estados Unidos tiene intereses militares directos en el pa\u00eds. Una confrontaci\u00f3n fabricada ser\u00eda dif\u00edcil de ocultar y m\u00e1s dif\u00edcil de controlar. Hay un \u00faltimo obst\u00e1culo. El art\u00edculo 169 de la Constituci\u00f3n proh\u00edbe iniciar una reforma constitucional durante una guerra o mientras est\u00e9 vigente cualquiera de los tres estados excepcionales. Por tanto,\u00a0S\u00e1nchez no podr\u00eda mantener a la vez la emergencia y abrir la reforma republicana. Deber\u00eda elegir. La conspiraci\u00f3n resulta tentadora. Pero\u00a0tiene poco recorrido.\u00a0Los estados excepcionales pueden impedir temporalmente una disoluci\u00f3n anticipada. No conceden al presidente una pr\u00f3rroga ilimitada de la legislatura. Ser\u00eda una operaci\u00f3n de alto riesgo. Podr\u00eda acabar hundi\u00e9ndo m\u00e1s al Gobierno que a las mismas elecciones. Segunda salida: convertir las elecciones en un plebiscito republicano Pablo Iglesias ha sugerido otra v\u00eda.\u00a0No hablar de gesti\u00f3n. No hablar de corrupci\u00f3n. No hablar de Ceuta, vivienda, trenes o poder adquisitivo. Cambiar de campo.\u00a0Convertir las pr\u00f3ximas elecciones en una batalla entre monarqu\u00eda y rep\u00fablica. Esto puede hacerse pol\u00edticamente. El PSOE puede prometer en el programa un referendo consultivo. Puede presentar las elecciones como un \u201cprerrefer\u00e9ndum\u201d. Puede intentar reunir a toda la izquierda y a los independentistas bajo una bandera republicana. Pero unas elecciones generales no son jur\u00eddicamente un referendo. El elector vota a un partido,&#8230;<\/p>\n","protected":false},"author":81,"featured_media":101149,"comment_status":"open","ping_status":"open","sticky":false,"template":"","format":"standard","meta":{"_FSMCFIC_featured_image_caption":"","_FSMCFIC_featured_image_nocaption":"","_FSMCFIC_featured_image_hide":"","footnotes":""},"categories":[806],"tags":[1065,1063],"class_list":["post-101152","post","type-post","status-publish","format-standard","has-post-thumbnail","hentry","category-punts-claus-del-dia-es","tag-encuestas","tag-enquestes-es"],"yoast_head":"<!-- This site is optimized with the Yoast SEO plugin v26.8 - https:\/\/yoast.com\/product\/yoast-seo-wordpress\/ -->\n<title>\u00bfPor qu\u00e9 debe convocar elecciones S\u00e1nchez si sabe que las perder\u00e1? - Converses a Catalunya<\/title>\n<meta name=\"description\" content=\"S\u00e1nchez convocar\u00e1 elecciones. Analizamos las tres salidas: estados excepcionales, referendo republicano o regreso a la oposici\u00f3n.\" \/>\n<meta name=\"robots\" content=\"index, follow, max-snippet:-1, max-image-preview:large, max-video-preview:-1\" \/>\n<link rel=\"canonical\" href=\"https:\/\/conversesacatalunya.cat\/es\/por-que-debe-convocar-elecciones-sanchez-si-sabe-que-las-perdera\/\" \/>\n<meta property=\"og:locale\" content=\"es_ES\" \/>\n<meta property=\"og:type\" content=\"article\" \/>\n<meta property=\"og:title\" content=\"\u00bfPor qu\u00e9 debe convocar elecciones S\u00e1nchez si sabe que las perder\u00e1? - Converses a Catalunya\" \/>\n<meta property=\"og:description\" content=\"S\u00e1nchez convocar\u00e1 elecciones. Analizamos las tres salidas: estados excepcionales, referendo republicano o regreso a la oposici\u00f3n.\" \/>\n<meta property=\"og:url\" content=\"https:\/\/conversesacatalunya.cat\/es\/por-que-debe-convocar-elecciones-sanchez-si-sabe-que-las-perdera\/\" \/>\n<meta property=\"og:site_name\" content=\"Converses a Catalunya\" \/>\n<meta property=\"article:published_time\" content=\"2026-09-04T10:05:18+00:00\" \/>\n<meta property=\"article:modified_time\" content=\"2026-09-04T10:44:00+00:00\" \/>\n<meta property=\"og:image\" content=\"https:\/\/conversesacatalunya.cat\/wp-content\/uploads\/2026\/09\/Sanchez.jpg\" \/>\n\t<meta property=\"og:image:width\" content=\"1920\" \/>\n\t<meta property=\"og:image:height\" content=\"1278\" \/>\n\t<meta property=\"og:image:type\" content=\"image\/jpeg\" \/>\n<meta name=\"author\" content=\"Emili Clos\" \/>\n<meta name=\"twitter:card\" content=\"summary_large_image\" \/>\n<meta name=\"twitter:label1\" content=\"Escrito por\" \/>\n\t<meta name=\"twitter:data1\" content=\"Emili Clos\" \/>\n\t<meta name=\"twitter:label2\" content=\"Tiempo de lectura\" \/>\n\t<meta name=\"twitter:data2\" content=\"10 minutos\" \/>\n<script type=\"application\/ld+json\" class=\"yoast-schema-graph\">{\"@context\":\"https:\/\/schema.org\",\"@graph\":[{\"@type\":\"Article\",\"@id\":\"https:\/\/conversesacatalunya.cat\/es\/por-que-debe-convocar-elecciones-sanchez-si-sabe-que-las-perdera\/#article\",\"isPartOf\":{\"@id\":\"https:\/\/conversesacatalunya.cat\/es\/por-que-debe-convocar-elecciones-sanchez-si-sabe-que-las-perdera\/\"},\"author\":{\"name\":\"Emili Clos\",\"@id\":\"https:\/\/conversesacatalunya.cat\/#\/schema\/person\/46306de4129bccb959ed5e1720c4e3e7\"},\"headline\":\"\u00bfPor qu\u00e9 debe convocar elecciones S\u00e1nchez si sabe que las perder\u00e1?\",\"datePublished\":\"2026-09-04T10:05:18+00:00\",\"dateModified\":\"2026-09-04T10:44:00+00:00\",\"mainEntityOfPage\":{\"@id\":\"https:\/\/conversesacatalunya.cat\/es\/por-que-debe-convocar-elecciones-sanchez-si-sabe-que-las-perdera\/\"},\"wordCount\":1995,\"commentCount\":0,\"image\":{\"@id\":\"https:\/\/conversesacatalunya.cat\/es\/por-que-debe-convocar-elecciones-sanchez-si-sabe-que-las-perdera\/#primaryimage\"},\"thumbnailUrl\":\"https:\/\/conversesacatalunya.cat\/wp-content\/uploads\/2026\/09\/Sanchez.jpg\",\"keywords\":[\"Encuestas\",\"Enquestes\"],\"articleSection\":[\"Punts clau del dia (ES)\"],\"inLanguage\":\"es\",\"potentialAction\":[{\"@type\":\"CommentAction\",\"name\":\"Comment\",\"target\":[\"https:\/\/conversesacatalunya.cat\/es\/por-que-debe-convocar-elecciones-sanchez-si-sabe-que-las-perdera\/#respond\"]}]},{\"@type\":\"WebPage\",\"@id\":\"https:\/\/conversesacatalunya.cat\/es\/por-que-debe-convocar-elecciones-sanchez-si-sabe-que-las-perdera\/\",\"url\":\"https:\/\/conversesacatalunya.cat\/es\/por-que-debe-convocar-elecciones-sanchez-si-sabe-que-las-perdera\/\",\"name\":\"\u00bfPor qu\u00e9 debe convocar elecciones S\u00e1nchez si sabe que las perder\u00e1? - Converses a Catalunya\",\"isPartOf\":{\"@id\":\"https:\/\/conversesacatalunya.cat\/#website\"},\"primaryImageOfPage\":{\"@id\":\"https:\/\/conversesacatalunya.cat\/es\/por-que-debe-convocar-elecciones-sanchez-si-sabe-que-las-perdera\/#primaryimage\"},\"image\":{\"@id\":\"https:\/\/conversesacatalunya.cat\/es\/por-que-debe-convocar-elecciones-sanchez-si-sabe-que-las-perdera\/#primaryimage\"},\"thumbnailUrl\":\"https:\/\/conversesacatalunya.cat\/wp-content\/uploads\/2026\/09\/Sanchez.jpg\",\"datePublished\":\"2026-09-04T10:05:18+00:00\",\"dateModified\":\"2026-09-04T10:44:00+00:00\",\"author\":{\"@id\":\"https:\/\/conversesacatalunya.cat\/#\/schema\/person\/46306de4129bccb959ed5e1720c4e3e7\"},\"description\":\"S\u00e1nchez convocar\u00e1 elecciones. Analizamos las tres salidas: estados excepcionales, referendo republicano o regreso a la oposici\u00f3n.\",\"breadcrumb\":{\"@id\":\"https:\/\/conversesacatalunya.cat\/es\/por-que-debe-convocar-elecciones-sanchez-si-sabe-que-las-perdera\/#breadcrumb\"},\"inLanguage\":\"es\",\"potentialAction\":[{\"@type\":\"ReadAction\",\"target\":[\"https:\/\/conversesacatalunya.cat\/es\/por-que-debe-convocar-elecciones-sanchez-si-sabe-que-las-perdera\/\"]}]},{\"@type\":\"ImageObject\",\"inLanguage\":\"es\",\"@id\":\"https:\/\/conversesacatalunya.cat\/es\/por-que-debe-convocar-elecciones-sanchez-si-sabe-que-las-perdera\/#primaryimage\",\"url\":\"https:\/\/conversesacatalunya.cat\/wp-content\/uploads\/2026\/09\/Sanchez.jpg\",\"contentUrl\":\"https:\/\/conversesacatalunya.cat\/wp-content\/uploads\/2026\/09\/Sanchez.jpg\",\"width\":1920,\"height\":1278,\"caption\":\"S\u00e1nchez convocar\u00e1 elecciones\"},{\"@type\":\"BreadcrumbList\",\"@id\":\"https:\/\/conversesacatalunya.cat\/es\/por-que-debe-convocar-elecciones-sanchez-si-sabe-que-las-perdera\/#breadcrumb\",\"itemListElement\":[{\"@type\":\"ListItem\",\"position\":1,\"name\":\"Inici\",\"item\":\"https:\/\/conversesacatalunya.cat\/es\/\"},{\"@type\":\"ListItem\",\"position\":2,\"name\":\"\u00bfPor qu\u00e9 debe convocar elecciones S\u00e1nchez si sabe que las perder\u00e1?\"}]},{\"@type\":\"WebSite\",\"@id\":\"https:\/\/conversesacatalunya.cat\/#website\",\"url\":\"https:\/\/conversesacatalunya.cat\/\",\"name\":\"Converses a Catalunya\",\"description\":\"\",\"potentialAction\":[{\"@type\":\"SearchAction\",\"target\":{\"@type\":\"EntryPoint\",\"urlTemplate\":\"https:\/\/conversesacatalunya.cat\/?s={search_term_string}\"},\"query-input\":{\"@type\":\"PropertyValueSpecification\",\"valueRequired\":true,\"valueName\":\"search_term_string\"}}],\"inLanguage\":\"es\"},{\"@type\":\"Person\",\"@id\":\"https:\/\/conversesacatalunya.cat\/#\/schema\/person\/46306de4129bccb959ed5e1720c4e3e7\",\"name\":\"Emili Clos\",\"image\":{\"@type\":\"ImageObject\",\"inLanguage\":\"es\",\"@id\":\"https:\/\/conversesacatalunya.cat\/#\/schema\/person\/image\/\",\"url\":\"https:\/\/secure.gravatar.com\/avatar\/670219f2fafbd743255954580aa63f7f?s=96&d=mm&r=g\",\"contentUrl\":\"https:\/\/secure.gravatar.com\/avatar\/670219f2fafbd743255954580aa63f7f?s=96&d=mm&r=g\",\"caption\":\"Emili Clos\"},\"url\":\"https:\/\/conversesacatalunya.cat\/es\/author\/emili_clos\/\"}]}<\/script>\n<!-- \/ Yoast SEO plugin. -->","yoast_head_json":{"title":"\u00bfPor qu\u00e9 debe convocar elecciones S\u00e1nchez si sabe que las perder\u00e1? - Converses a Catalunya","description":"S\u00e1nchez convocar\u00e1 elecciones. Analizamos las tres salidas: estados excepcionales, referendo republicano o regreso a la oposici\u00f3n.","robots":{"index":"index","follow":"follow","max-snippet":"max-snippet:-1","max-image-preview":"max-image-preview:large","max-video-preview":"max-video-preview:-1"},"canonical":"https:\/\/conversesacatalunya.cat\/es\/por-que-debe-convocar-elecciones-sanchez-si-sabe-que-las-perdera\/","og_locale":"es_ES","og_type":"article","og_title":"\u00bfPor qu\u00e9 debe convocar elecciones S\u00e1nchez si sabe que las perder\u00e1? - Converses a Catalunya","og_description":"S\u00e1nchez convocar\u00e1 elecciones. Analizamos las tres salidas: estados excepcionales, referendo republicano o regreso a la oposici\u00f3n.","og_url":"https:\/\/conversesacatalunya.cat\/es\/por-que-debe-convocar-elecciones-sanchez-si-sabe-que-las-perdera\/","og_site_name":"Converses a Catalunya","article_published_time":"2026-09-04T10:05:18+00:00","article_modified_time":"2026-09-04T10:44:00+00:00","og_image":[{"width":1920,"height":1278,"url":"https:\/\/conversesacatalunya.cat\/wp-content\/uploads\/2026\/09\/Sanchez.jpg","type":"image\/jpeg"}],"author":"Emili Clos","twitter_card":"summary_large_image","twitter_misc":{"Escrito por":"Emili Clos","Tiempo de lectura":"10 minutos"},"schema":{"@context":"https:\/\/schema.org","@graph":[{"@type":"Article","@id":"https:\/\/conversesacatalunya.cat\/es\/por-que-debe-convocar-elecciones-sanchez-si-sabe-que-las-perdera\/#article","isPartOf":{"@id":"https:\/\/conversesacatalunya.cat\/es\/por-que-debe-convocar-elecciones-sanchez-si-sabe-que-las-perdera\/"},"author":{"name":"Emili Clos","@id":"https:\/\/conversesacatalunya.cat\/#\/schema\/person\/46306de4129bccb959ed5e1720c4e3e7"},"headline":"\u00bfPor qu\u00e9 debe convocar elecciones S\u00e1nchez si sabe que las perder\u00e1?","datePublished":"2026-09-04T10:05:18+00:00","dateModified":"2026-09-04T10:44:00+00:00","mainEntityOfPage":{"@id":"https:\/\/conversesacatalunya.cat\/es\/por-que-debe-convocar-elecciones-sanchez-si-sabe-que-las-perdera\/"},"wordCount":1995,"commentCount":0,"image":{"@id":"https:\/\/conversesacatalunya.cat\/es\/por-que-debe-convocar-elecciones-sanchez-si-sabe-que-las-perdera\/#primaryimage"},"thumbnailUrl":"https:\/\/conversesacatalunya.cat\/wp-content\/uploads\/2026\/09\/Sanchez.jpg","keywords":["Encuestas","Enquestes"],"articleSection":["Punts clau del dia (ES)"],"inLanguage":"es","potentialAction":[{"@type":"CommentAction","name":"Comment","target":["https:\/\/conversesacatalunya.cat\/es\/por-que-debe-convocar-elecciones-sanchez-si-sabe-que-las-perdera\/#respond"]}]},{"@type":"WebPage","@id":"https:\/\/conversesacatalunya.cat\/es\/por-que-debe-convocar-elecciones-sanchez-si-sabe-que-las-perdera\/","url":"https:\/\/conversesacatalunya.cat\/es\/por-que-debe-convocar-elecciones-sanchez-si-sabe-que-las-perdera\/","name":"\u00bfPor qu\u00e9 debe convocar elecciones S\u00e1nchez si sabe que las perder\u00e1? - Converses a Catalunya","isPartOf":{"@id":"https:\/\/conversesacatalunya.cat\/#website"},"primaryImageOfPage":{"@id":"https:\/\/conversesacatalunya.cat\/es\/por-que-debe-convocar-elecciones-sanchez-si-sabe-que-las-perdera\/#primaryimage"},"image":{"@id":"https:\/\/conversesacatalunya.cat\/es\/por-que-debe-convocar-elecciones-sanchez-si-sabe-que-las-perdera\/#primaryimage"},"thumbnailUrl":"https:\/\/conversesacatalunya.cat\/wp-content\/uploads\/2026\/09\/Sanchez.jpg","datePublished":"2026-09-04T10:05:18+00:00","dateModified":"2026-09-04T10:44:00+00:00","author":{"@id":"https:\/\/conversesacatalunya.cat\/#\/schema\/person\/46306de4129bccb959ed5e1720c4e3e7"},"description":"S\u00e1nchez convocar\u00e1 elecciones. Analizamos las tres salidas: estados excepcionales, referendo republicano o regreso a la oposici\u00f3n.","breadcrumb":{"@id":"https:\/\/conversesacatalunya.cat\/es\/por-que-debe-convocar-elecciones-sanchez-si-sabe-que-las-perdera\/#breadcrumb"},"inLanguage":"es","potentialAction":[{"@type":"ReadAction","target":["https:\/\/conversesacatalunya.cat\/es\/por-que-debe-convocar-elecciones-sanchez-si-sabe-que-las-perdera\/"]}]},{"@type":"ImageObject","inLanguage":"es","@id":"https:\/\/conversesacatalunya.cat\/es\/por-que-debe-convocar-elecciones-sanchez-si-sabe-que-las-perdera\/#primaryimage","url":"https:\/\/conversesacatalunya.cat\/wp-content\/uploads\/2026\/09\/Sanchez.jpg","contentUrl":"https:\/\/conversesacatalunya.cat\/wp-content\/uploads\/2026\/09\/Sanchez.jpg","width":1920,"height":1278,"caption":"S\u00e1nchez convocar\u00e1 elecciones"},{"@type":"BreadcrumbList","@id":"https:\/\/conversesacatalunya.cat\/es\/por-que-debe-convocar-elecciones-sanchez-si-sabe-que-las-perdera\/#breadcrumb","itemListElement":[{"@type":"ListItem","position":1,"name":"Inici","item":"https:\/\/conversesacatalunya.cat\/es\/"},{"@type":"ListItem","position":2,"name":"\u00bfPor qu\u00e9 debe convocar elecciones S\u00e1nchez si sabe que las perder\u00e1?"}]},{"@type":"WebSite","@id":"https:\/\/conversesacatalunya.cat\/#website","url":"https:\/\/conversesacatalunya.cat\/","name":"Converses a Catalunya","description":"","potentialAction":[{"@type":"SearchAction","target":{"@type":"EntryPoint","urlTemplate":"https:\/\/conversesacatalunya.cat\/?s={search_term_string}"},"query-input":{"@type":"PropertyValueSpecification","valueRequired":true,"valueName":"search_term_string"}}],"inLanguage":"es"},{"@type":"Person","@id":"https:\/\/conversesacatalunya.cat\/#\/schema\/person\/46306de4129bccb959ed5e1720c4e3e7","name":"Emili Clos","image":{"@type":"ImageObject","inLanguage":"es","@id":"https:\/\/conversesacatalunya.cat\/#\/schema\/person\/image\/","url":"https:\/\/secure.gravatar.com\/avatar\/670219f2fafbd743255954580aa63f7f?s=96&d=mm&r=g","contentUrl":"https:\/\/secure.gravatar.com\/avatar\/670219f2fafbd743255954580aa63f7f?s=96&d=mm&r=g","caption":"Emili Clos"},"url":"https:\/\/conversesacatalunya.cat\/es\/author\/emili_clos\/"}]}},"wps_subtitle":"Una derrota de la magnitud que anuncian las encuestas podr\u00eda acabar con el liderazgo de S\u00e1nchez. El PSOE podr\u00eda decidir que cien diputados son demasiado pocos para mantener al mismo capit\u00e1n.","_links":{"self":[{"href":"https:\/\/conversesacatalunya.cat\/es\/wp-json\/wp\/v2\/posts\/101152","targetHints":{"allow":["GET"]}}],"collection":[{"href":"https:\/\/conversesacatalunya.cat\/es\/wp-json\/wp\/v2\/posts"}],"about":[{"href":"https:\/\/conversesacatalunya.cat\/es\/wp-json\/wp\/v2\/types\/post"}],"author":[{"embeddable":true,"href":"https:\/\/conversesacatalunya.cat\/es\/wp-json\/wp\/v2\/users\/81"}],"replies":[{"embeddable":true,"href":"https:\/\/conversesacatalunya.cat\/es\/wp-json\/wp\/v2\/comments?post=101152"}],"version-history":[{"count":5,"href":"https:\/\/conversesacatalunya.cat\/es\/wp-json\/wp\/v2\/posts\/101152\/revisions"}],"predecessor-version":[{"id":101158,"href":"https:\/\/conversesacatalunya.cat\/es\/wp-json\/wp\/v2\/posts\/101152\/revisions\/101158"}],"wp:featuredmedia":[{"embeddable":true,"href":"https:\/\/conversesacatalunya.cat\/es\/wp-json\/wp\/v2\/media\/101149"}],"wp:attachment":[{"href":"https:\/\/conversesacatalunya.cat\/es\/wp-json\/wp\/v2\/media?parent=101152"}],"wp:term":[{"taxonomy":"category","embeddable":true,"href":"https:\/\/conversesacatalunya.cat\/es\/wp-json\/wp\/v2\/categories?post=101152"},{"taxonomy":"post_tag","embeddable":true,"href":"https:\/\/conversesacatalunya.cat\/es\/wp-json\/wp\/v2\/tags?post=101152"}],"curies":[{"name":"wp","href":"https:\/\/api.w.org\/{rel}","templated":true}]}}