{"id":101117,"date":"2026-09-03T12:19:01","date_gmt":"2026-09-03T10:19:01","guid":{"rendered":"https:\/\/conversesacatalunya.cat\/?p=101117"},"modified":"2026-09-03T12:42:16","modified_gmt":"2026-09-03T10:42:16","slug":"la-vanguardia-informe-policial-marruecos-ceuta","status":"publish","type":"post","link":"https:\/\/conversesacatalunya.cat\/es\/la-vanguardia-informe-policial-marruecos-ceuta\/","title":{"rendered":"La Vanguardia, la Moncloa y el informe que no se puede negar"},"content":{"rendered":"<p><em><span dir=\"auto\">La Vanguardia<\/span><\/em><span dir=\"auto\"><span>\u00a0<\/span>siempre ha mantenido una relaci\u00f3n amable con el poder. Es casi una tradici\u00f3n de la casa. Durante muchos a\u00f1os supo repartir esa amabilidad entre las dos bandas de la plaza de Sant Jaume.<span>\u00a0<\/span><\/span><strong><span dir=\"auto\">Pod\u00eda convivir con Converg\u00e8ncia en la Generalitat y los socialistas en el Ayuntamiento.<\/span><\/strong><span dir=\"auto\"><span>\u00a0<\/span>Y, naturalmente, con quien gobernara en la Moncloa. Hab\u00eda deferencia, pero tambi\u00e9n oficio. El lector sab\u00eda que el diario de la familia God\u00f3 procuraba no incomodar demasiado a quienes gobernaban, pero a\u00fan pod\u00eda encontrar informaci\u00f3n, matices e informaci\u00f3n cr\u00edtica.<\/span><\/p>\n<div>\n<div id=\"copilot-message-_r_lv_\" class=\"fai-CopilotMessage__content r1izxv8h ___7qar2c0 fcthzvy\" dir=\"auto\">\n<div dir=\"auto\">\n<div class=\"___1vve6yh f22iagw f1vx9l62 f122n59 f3bhgqh f1mnxvew fly5x3f\">\n<div class=\"___j4vmuw0 f22iagw f1vx9l62 f1869bpl fly5x3f fbc6vix\">\n<div tabindex=\"-1\" data-testid=\"loading-message\">\n<div id=\"response-id_r_lt_\" class=\"___1yop6mf f336tjw f9ijwd5 fz7g6wx fod5ikn f1s184ao\" data-testid=\"lastChatMessage\">\n<div class=\"___1peis63 f22iagw f1063pyq f6jr5hl f1c88k3p\">\n<div class=\"___4htdyp0 fz7g6wx fy77jfu\">\n<div class=\"___1j4t0a1 f1lmfglv f1abmfm4\" dir=\"auto\" aria-hidden=\"false\" data-testid=\"markdown-reply\" data-message-id=\"1c9fc093-4fca-4e64-b4fb-f92ea689f863\" data-message-type=\"Chat\">\n<div class=\"___1ddt6wa f22iagw f1vx9l62 fkmyikg fk15e71 f1k953kz f137keqj f1rncccw f1stllg3 f1w4kmmc f1tric3v f10dk5ic fx8cdsv f16nlwsl f1eookvz fhjrts3 fqugt2f f18d18k8 f1v1vhmp f1hdmul3 f198vjnp f2dshw1 fjpjndq fnmj2pj ffrrb40 f1mon110 fhajzam fimndk6 fxv4dng fb1rn9k f59wlhv f1xmfh30 f18yf5o5 fmr6chf fw8qy2q ff161sd f1qr7t77 f1yyogn1 foogchg fp5872b f1tpb8gf f1hdgrc8 f1vatr43 frkxccd f9pdzkb f158oiaz ft5kggy f5l4ui7 f13j03li f18xdoka f8off4e f1go6zfc f128n2ra f1jpxw2j f1lwd9n0 fy0b8hm f1g2633v fx4kvgi fkvolse f1gxrt3a f1os76ua f1js9cnw f1g87ej0 freluf8 f1yggaq6 f2i3chp f1151osp florpoh f35kzfz ftp9m57 f1e288vi fz62hnz fixvuys f1nmofwh fc1c6mv f18a2er7 fhvkrdl fhxnn68 f1oce4bo fvhlfan f7tc0t0 f1ngf1n2 ffrzq6x f1yjiq2m f1aqdgql f1huvaf f10ij78l f1k94sa4 fkmfumq f1jvzkyl f1eu24ob f1xbfc1f fmf0lwf f107dsy8 f3w566c f4648sl f13zpkng f7unjfp f8p1rz fzu6h1w f1i1bi6h f1smo7hi f1sk1xod f1kgogdq f1gjktkp ft608jz f1o9wiiv fg3xr24 fhd155k f1b8gl2e fg4b9ou flb4lo fdicbfk fgwcyh1 f1jbds0d f1fb9uea f1stuka4 fcrtu6g fwqh0xn f11w66yg f6e0e65 f1vvgu0 f1607507 fgct6un f1ec1nbe fg3fpv7 f1m9bycv f1ntoah8 f1b694rt faql4r2 fpjuhzh fmavl6h f1d9bsk fmzhlt0 f145l92p fwkyaqm f129obh1 f19la9g f127w39w fr0ux9m fxhidck f1cu4h9j f1wnbo7v f1eueg4z fy9c24f f1h2o91j f1iw08fq f19n0e5 f196z6ca fsbhmxc f1mth4z6\">\n<p><span dir=\"auto\">Esto ha cambiado. Durante el mandato de Pedro S\u00e1nchez, y cada vez m\u00e1s bajo la direcci\u00f3n de Jordi Juan, la amabilidad se ha convertido demasiado a menudo en adhesi\u00f3n al relato de la Moncloa. No se trata de una afinidad ideol\u00f3gica. Un diario tiene derecho a tenerlo.<span>\u00a0<\/span><\/span><strong><span dir=\"auto\">Se trata de la diferencia entre interpretar los hechos y acomodarlos a las necesidades del Gobierno.<\/span><\/strong><\/p>\n<h5><strong><span dir=\"auto\">La crisis de Ceuta es su ejemplo m\u00e1s grave.<\/span><\/strong><\/h5>\n<\/div>\n<\/div>\n<\/div>\n<\/div>\n<\/div>\n<\/div>\n<\/div>\n<\/div>\n<\/div>\n<\/div>\n<\/div>\n<div>\n<div id=\"copilot-message-_r_lv_\" class=\"fai-CopilotMessage__content r1izxv8h ___7qar2c0 fcthzvy\" dir=\"auto\">\n<div dir=\"auto\">\n<div class=\"___1vve6yh f22iagw f1vx9l62 f122n59 f3bhgqh f1mnxvew fly5x3f\">\n<div class=\"___j4vmuw0 f22iagw f1vx9l62 f1869bpl fly5x3f fbc6vix\">\n<div tabindex=\"-1\" data-testid=\"loading-message\">\n<div id=\"response-id_r_lt_\" class=\"___1yop6mf f336tjw f9ijwd5 fz7g6wx fod5ikn f1s184ao\" data-testid=\"lastChatMessage\">\n<div class=\"___1peis63 f22iagw f1063pyq f6jr5hl f1c88k3p\">\n<div class=\"___4htdyp0 fz7g6wx fy77jfu\">\n<div class=\"___1j4t0a1 f1lmfglv f1abmfm4\" dir=\"auto\" aria-hidden=\"false\" data-testid=\"markdown-reply\" data-message-id=\"1c9fc093-4fca-4e64-b4fb-f92ea689f863\" data-message-type=\"Chat\">\n<div class=\"___1ddt6wa f22iagw f1vx9l62 fkmyikg fk15e71 f1k953kz f137keqj f1rncccw f1stllg3 f1w4kmmc f1tric3v f10dk5ic fx8cdsv f16nlwsl f1eookvz fhjrts3 fqugt2f f18d18k8 f1v1vhmp f1hdmul3 f198vjnp f2dshw1 fjpjndq fnmj2pj ffrrb40 f1mon110 fhajzam fimndk6 fxv4dng fb1rn9k f59wlhv f1xmfh30 f18yf5o5 fmr6chf fw8qy2q ff161sd f1qr7t77 f1yyogn1 foogchg fp5872b f1tpb8gf f1hdgrc8 f1vatr43 frkxccd f9pdzkb f158oiaz ft5kggy f5l4ui7 f13j03li f18xdoka f8off4e f1go6zfc f128n2ra f1jpxw2j f1lwd9n0 fy0b8hm f1g2633v fx4kvgi fkvolse f1gxrt3a f1os76ua f1js9cnw f1g87ej0 freluf8 f1yggaq6 f2i3chp f1151osp florpoh f35kzfz ftp9m57 f1e288vi fz62hnz fixvuys f1nmofwh fc1c6mv f18a2er7 fhvkrdl fhxnn68 f1oce4bo fvhlfan f7tc0t0 f1ngf1n2 ffrzq6x f1yjiq2m f1aqdgql f1huvaf f10ij78l f1k94sa4 fkmfumq f1jvzkyl f1eu24ob f1xbfc1f fmf0lwf f107dsy8 f3w566c f4648sl f13zpkng f7unjfp f8p1rz fzu6h1w f1i1bi6h f1smo7hi f1sk1xod f1kgogdq f1gjktkp ft608jz f1o9wiiv fg3xr24 fhd155k f1b8gl2e fg4b9ou flb4lo fdicbfk fgwcyh1 f1jbds0d f1fb9uea f1stuka4 fcrtu6g fwqh0xn f11w66yg f6e0e65 f1vvgu0 f1607507 fgct6un f1ec1nbe fg3fpv7 f1m9bycv f1ntoah8 f1b694rt faql4r2 fpjuhzh fmavl6h f1d9bsk fmzhlt0 f145l92p fwkyaqm f129obh1 f19la9g f127w39w fr0ux9m fxhidck f1cu4h9j f1wnbo7v f1eueg4z fy9c24f f1h2o91j f1iw08fq f19n0e5 f196z6ca fsbhmxc f1mth4z6\">\n<p><span dir=\"auto\"><span class=\"VIpgJd-yAWNEb-VIpgJd-fmcmS-sn54Q\" dir=\"auto\">El Centro Nacional de Inmigraci\u00f3n y Fronteras de la Polic\u00eda Nacional entreg\u00f3 a la juez de la Audiencia Nacional<span>\u00a0<\/span><\/span><\/span><strong><span dir=\"auto\"><span class=\"VIpgJd-yAWNEb-VIpgJd-fmcmS-sn54Q\" dir=\"auto\">Mar\u00eda Tard\u00f3n<\/span><\/span><\/strong><span dir=\"auto\"><span class=\"VIpgJd-yAWNEb-VIpgJd-fmcmS-sn54Q\" dir=\"auto\"><span>\u00a0<\/span>un informe sobre la entrada de m\u00e1s de <a href=\"https:\/\/conversesacatalunya.cat\/es\/ceuta-9-lecciones-de-una-crisis-que-ha-descubierto-la-vulnerabilidad-de-espana\/\" target=\"_blank\" rel=\"noopener\">70.000 personas<\/a><\/span><\/span><span dir=\"auto\"><span class=\"VIpgJd-yAWNEb-VIpgJd-fmcmS-sn54Q\" dir=\"auto\"><span>\u00a0<\/span>los d\u00edas 30 y 31 de julio. El documento describe una operaci\u00f3n planificada para colapsar la capacidad espa\u00f1ola de control fronterizo. Habla de la gu\u00eda de grupos por gendarmes marroqu\u00edes, de la intervenci\u00f3n de agentes de paisano y de una permisividad policial \u00abcasi activa\u00bb.<\/span><\/span><\/p>\n<p><span dir=\"auto\">Tambi\u00e9n sostiene que la finalidad migratoria sirvi\u00f3 de cobertura a una operaci\u00f3n de otra naturaleza. La mayor\u00eda de los participantes regresaron a Marruecos a las pocas horas.<span>\u00a0<\/span><\/span><a href=\"https:\/\/www.elespanol.com\/espana\/tribunales\/20260901\/policia-informa-juez-invasion-ceuta-guiada-gendarmes-marroquies-ordenes-agentes-paisano-fin-distinto-migratorio\/1003744369590_0.html\" target=\"_blank\" rel=\"noopener\"><span dir=\"auto\">El documento incorpora im\u00e1genes y otros indicios sobre el terreno<\/span><\/a><span dir=\"auto\">. El hecho de que, a las pocas horas, la mayor\u00eda hubiera vuelto sin experimentar la presi\u00f3n de d\u00edas de penalidades ya era una declaraci\u00f3n de que la operaci\u00f3n quer\u00eda romper la frontera y no era un asunto inmigratorio.<\/span><\/p>\n<p><strong><span dir=\"auto\">El informe no identifica todav\u00eda qui\u00e9n dio la orden pol\u00edtica.<\/span><\/strong><span dir=\"auto\"><span>\u00a0<\/span>Tampoco achaca formalmente la autor\u00eda intelectual al Gobierno marroqu\u00ed. \u00bfPero qui\u00e9n puede hacer intervenir a la Gendarmer\u00eda marroqu\u00ed, de paisano y de uniforme, en la operaci\u00f3n? \u00bfQui\u00e9n puede retirar toda vigilancia y despu\u00e9s toda contenci\u00f3n de la frontera con Ceuta? No cabe negar que agentes y fuerzas del Estado marroqu\u00ed participaron en la ejecuci\u00f3n de los hechos.<\/span><\/p>\n<p><strong><span dir=\"auto\">El Gobierno y<span>\u00a0<\/span><\/span><em><span dir=\"auto\">La Vanguardia<\/span><\/em><span>\u00a0<\/span><\/strong><span dir=\"auto\">se han aferrado a la primera frase para diluir las siguientes. El titular inicial del diario reprodujo que ning\u00fan informe atribu\u00eda a Marruecos \u00abla planificaci\u00f3n o ejecuci\u00f3n\u00bb de la entrada masiva. Era exactamente el \u00e1ngulo escogido por Interior. Solo despu\u00e9s, cuando el contenido ya hab\u00eda sido publicado por casi todos los medios,<span>\u00a0<\/span><\/span><a href=\"https:\/\/www.lavanguardia.com\/politica\/20260903\/11625847\/policia-abre-brecha-gobierno-sobre-papel-marruecos-ceuta.html\" target=\"_blank\" rel=\"noopener\"><strong><span dir=\"auto\">el propio diario admiti\u00f3 que el informe policial abr\u00eda una grieta en el relato gubernamental.<\/span><\/strong><\/a><\/p>\n<p><span dir=\"auto\"><span class=\"\" dir=\"auto\">Esto no es un detalle. Es el n\u00facleo del problema. El periodismo consiste en explicar lo que dice un documento, no en buscar la frase que permita neutralizarlo. Cuando un informe describe planificaci\u00f3n, gu\u00eda activa, puertas abiertas y colaboraci\u00f3n de gendarmes,<span>\u00a0<\/span><\/span><\/span><strong><span dir=\"auto\"><span class=\"\" dir=\"auto\">el titular no puede presentarlo como una exoneraci\u00f3n.<\/span><\/span><\/strong><\/p>\n<p><strong><span dir=\"auto\">Tampoco es cierto que nadie hubiera avisado.<\/span><\/strong><span dir=\"auto\"> Un documento policial del 29 de julio advert\u00eda del riesgo de entradas coordinadas al d\u00eda siguiente, incluidas llegadas a nado e intentos sobre la valla. Otras informaciones sit\u00faan avisos de la inteligencia militar ya el d\u00eda 27. Quiz\u00e1s nadie pod\u00eda pronosticar si ser\u00edan 20.000, 50.000 o 70.000 personas. Esta es una excusa infantil.<span>\u00a0<\/span><\/span><strong><span dir=\"auto\">Lo que era necesario saber era si exist\u00eda un riesgo elevado de asalto masivo. Y ese riesgo hab\u00eda sido comunicado.<\/span><\/strong><\/p>\n<h5><strong><span dir=\"auto\">De ah\u00ed surgen dos preguntas que el Gobierno evita.<\/span><\/strong><\/h5>\n<p><span dir=\"auto\">\u00bfPor qu\u00e9 el ministro del Interior no orden\u00f3 desde el primer momento que todos sus servicios reunieran y contrastaran la informaci\u00f3n disponible, tal y como despu\u00e9s hizo la juez Tard\u00f3n?<\/span><\/p>\n<p><span dir=\"auto\">\u00bfY por qu\u00e9 S\u00e1nchez no exigi\u00f3 informes completos a Interior, Defensa y al Departamento de Seguridad Nacional, que depende de su jefe de gabinete?<\/span><\/p>\n<p><span dir=\"auto\">Si no lo hicieron, hubo una enorme negligencia. Si lo hicieron y conoc\u00edan los avisos, el problema es peor. En ambos casos es necesario explicar qu\u00e9 sab\u00eda cada uno, cu\u00e1ndo lo sab\u00eda y qu\u00e9 \u00f3rdenes dio. Y en ambos casos<span>\u00a0<\/span><\/span><strong><span dir=\"auto\">el \u00fanico camino es su dimisi\u00f3n.<\/span><\/strong><\/p>\n<p><span dir=\"auto\">S\u00e1nchez insiste en que no existen \u00abevidencias s\u00f3lidas\u00bb contra Marruecos. Pero ya no puede negar que hay<span>\u00a0<\/span><\/span><strong><span dir=\"auto\">indicios policiales s\u00f3lidos sobre la actuaci\u00f3n de fuerzas marroqu\u00edes.<\/span><\/strong><\/p>\n<p><span dir=\"auto\"><span class=\"VIpgJd-yAWNEb-VIpgJd-fmcmS-sn54Q\" dir=\"auto\">La Guardia Civil prepara adem\u00e1s<span>\u00a0<\/span><\/span><\/span><span dir=\"auto\"><span class=\"VIpgJd-yAWNEb-VIpgJd-fmcmS-sn54Q\" dir=\"auto\"><a href=\"https:\/\/www.infobae.com\/espana\/2026\/09\/02\/la-jueza-espera-un-informe-de-la-guardia-civil-para-decidir-sobre-la-entrada-masiva-en-ceuta-tras-recibir-el-escrito-policial-que-senala-a-marruecos\/\" target=\"_blank\" rel=\"noopener\">un segundo informe<\/a>.<\/span><\/span><span dir=\"auto\"><span class=\"VIpgJd-yAWNEb-VIpgJd-fmcmS-sn54Q\" dir=\"auto\"><span>\u00a0<\/span>La investigaci\u00f3n no ha hecho m\u00e1s que empezar. Un caso judicial m\u00e1s, muy grave porque afecta a la seguridad nacional y tiene como principales responsables al jefe del Gobierno.<span>\u00a0<\/span><\/span><\/span><strong><span dir=\"auto\"><span class=\"VIpgJd-yAWNEb-VIpgJd-fmcmS-sn54Q\" dir=\"auto\">En el contexto europeo y mundial,<\/span><\/span><\/strong><span dir=\"auto\"><span class=\"VIpgJd-yAWNEb-VIpgJd-fmcmS-sn54Q\" dir=\"auto\">\u00a0\u00bfqu\u00e9 credibilidad, qu\u00e9 autoridad tiene el gobierno S\u00e1nchez? \u00bfQui\u00e9n puede fiarse? No es raro su aislamiento pr\u00e1cticamente total.<\/span><\/span><\/p>\n<p><span dir=\"auto\">La sociedad lo entiende mejor. Las encuestas se\u00f1alan que entre siete y ocho de cada diez espa\u00f1oles ven a Marruecos tras la crisis, incluido el 50% de los votantes socialistas. No es una prueba judicial. Pero<span>\u00a0<\/span><\/span><strong><span dir=\"auto\">desvela la enorme distancia entre la experiencia de los ciudadanos y el relato oficial.<\/span><\/strong><\/p>\n<p><strong><span dir=\"auto\">Catalunya vive hoy bajo un poder socialista extenso:<\/span><\/strong><span dir=\"auto\"> la Generalitat de Illa, el Ayuntamiento de Collboni y la Diputaci\u00f3n de Barcelona.<\/span><\/p>\n<blockquote><p><strong><span dir=\"auto\">Si<span>\u00a0<\/span><\/span><em><span dir=\"auto\">La Vanguardia<\/span><\/em><span dir=\"auto\"><span>\u00a0<\/span>, TV3, Catalunya R\u00e0dio y RAC1 convierten esta hegemon\u00eda institucional en hegemon\u00eda narrativa, el pa\u00eds se convierte en un simple instrumento al servicio de un partido que muestra un nivel \u00e9tico alarmante.<\/span><\/strong><\/p><\/blockquote>\n<p><span dir=\"auto\"><span class=\"VIpgJd-yAWNEb-VIpgJd-fmcmS-sn54Q\" dir=\"auto\">Un diario de referencia no debe combatir al Gobierno. Tampoco debe protegerlo. Tiene que mirar los papeles, explicar qu\u00e9 dicen y<span>\u00a0<\/span><\/span><\/span><strong><span dir=\"auto\"><span class=\"VIpgJd-yAWNEb-VIpgJd-fmcmS-sn54Q\" dir=\"auto\">hacer las preguntas que el poder no quiere o\u00edr.<\/span><\/span><\/strong><span dir=\"auto\"><span class=\"VIpgJd-yAWNEb-VIpgJd-fmcmS-sn54Q\" dir=\"auto\">\u00a0En Ceuta existe un informe escrito. Negar su significado ya no es prudencia. Es partidismo.<\/span><\/span><\/p>\n<span class='bctt-click-to-tweet'><span class='bctt-ctt-text'><a href='https:\/\/x.com\/intent\/tweet?url=https%3A%2F%2Fconversesacatalunya.cat%2Fes%2Fla-vanguardia-informe-policial-marruecos-ceuta%2F&#038;text=Ante%20un%20informe%20policial%20escrito%2C%20S%C3%A1nchez%20sigue%20negando%20la%20evidencia%20y%20La%20Vanguardia%20reproduce%20el%20marco%20de%20la%20Moncloa.%20Catalunya%20necesita%20contrapoderes.%20%23Catalunya%20%23Marruecos&#038;via=conversesacat&#038;related=conversesacat' target='_blank'rel=\"noopener noreferrer\">Ante un informe policial escrito, S\u00e1nchez sigue negando la evidencia y La Vanguardia reproduce el marco de la Moncloa. Catalunya necesita contrapoderes. #Catalunya #Marruecos <\/a><\/span><a href='https:\/\/x.com\/intent\/tweet?url=https%3A%2F%2Fconversesacatalunya.cat%2Fes%2Fla-vanguardia-informe-policial-marruecos-ceuta%2F&#038;text=Ante%20un%20informe%20policial%20escrito%2C%20S%C3%A1nchez%20sigue%20negando%20la%20evidencia%20y%20La%20Vanguardia%20reproduce%20el%20marco%20de%20la%20Moncloa.%20Catalunya%20necesita%20contrapoderes.%20%23Catalunya%20%23Marruecos&#038;via=conversesacat&#038;related=conversesacat' target='_blank' class='bctt-ctt-btn'rel=\"noopener noreferrer\">Compartir en X<\/a><\/span>\n<div id=\"polls-337\" class=\"wp-polls\">\n\t<form id=\"polls_form_337\" class=\"wp-polls-form\" action=\"\/index.php\" method=\"post\">\n\t\t<p style=\"display: none;\"><input type=\"hidden\" id=\"poll_337_nonce\" name=\"wp-polls-nonce\" value=\"fe9c4ab9f7\" \/><\/p>\n\t\t<p style=\"display: none;\"><input type=\"hidden\" name=\"poll_id\" value=\"337\" \/><\/p>\n\t\t<p style=\"text-align: center\"><strong>De 0 a 4, com valores la gesti\u00f3 de la crisi de Ceuta per part de S\u00e1nchez?<\/strong><\/p><div id=\"polls-337-ans\" class=\"wp-polls-ans\"><ul class=\"wp-polls-ul\">\n\t\t<li><input type=\"radio\" id=\"poll-answer-970\" name=\"poll_337\" value=\"970\" \/> <label for=\"poll-answer-970\">0- Molt malament<\/label><\/li>\n\t\t<li><input type=\"radio\" id=\"poll-answer-971\" name=\"poll_337\" value=\"971\" \/> <label for=\"poll-answer-971\">1- Malament<\/label><\/li>\n\t\t<li><input type=\"radio\" id=\"poll-answer-972\" name=\"poll_337\" value=\"972\" \/> <label for=\"poll-answer-972\">2- Regular<\/label><\/li>\n\t\t<li><input type=\"radio\" id=\"poll-answer-973\" name=\"poll_337\" value=\"973\" \/> <label for=\"poll-answer-973\">3- B\u00e9<\/label><\/li>\n\t\t<li><input type=\"radio\" id=\"poll-answer-974\" name=\"poll_337\" value=\"974\" \/> <label for=\"poll-answer-974\">4- Molt b\u00e9<\/label><\/li>\n\t\t<\/ul><p style=\"text-align: center\"><input type=\"button\" name=\"vote\" value=\"   Vota   \" class=\"Buttons\" onclick=\"poll_vote(337);\" \/><\/p><p style=\"text-align: center\"><a href=\"#ViewPollResults\" onclick=\"poll_result(337); return false;\" title=\"View Results Of This Poll\">Mira els resultats<\/a><\/p><\/div>\n\t<\/form>\n<\/div>\n<div id=\"polls-337-loading\" class=\"wp-polls-loading\"><img decoding=\"async\" data-src=\"https:\/\/conversesacatalunya.cat\/wp-content\/plugins\/wp-polls\/images\/loading.gif\" width=\"16\" height=\"16\" alt=\"Cargando ...\" title=\"Cargando ...\" class=\"wp-polls-image lazyload\" src=\"data:image\/svg+xml;base64,PHN2ZyB3aWR0aD0iMSIgaGVpZ2h0PSIxIiB4bWxucz0iaHR0cDovL3d3dy53My5vcmcvMjAwMC9zdmciPjwvc3ZnPg==\" style=\"--smush-placeholder-width: 16px; --smush-placeholder-aspect-ratio: 16\/16;\" \/>&nbsp;Cargando ...<\/div>\n\n<\/div>\n<\/div>\n<\/div>\n<\/div>\n<\/div>\n<\/div>\n<\/div>\n<\/div>\n<\/div>\n<\/div>\n<\/div>\n","protected":false},"excerpt":{"rendered":"<p>La Vanguardia\u00a0siempre ha mantenido una relaci\u00f3n amable con el poder. Es casi una tradici\u00f3n de la casa. Durante muchos a\u00f1os supo repartir esa amabilidad entre las dos bandas de la plaza de Sant Jaume.\u00a0Pod\u00eda convivir con Converg\u00e8ncia en la Generalitat y los socialistas en el Ayuntamiento.\u00a0Y, naturalmente, con quien gobernara en la Moncloa. Hab\u00eda deferencia, pero tambi\u00e9n oficio. El lector sab\u00eda que el diario de la familia God\u00f3 procuraba no incomodar demasiado a quienes gobernaban, pero a\u00fan pod\u00eda encontrar informaci\u00f3n, matices e informaci\u00f3n cr\u00edtica. Esto ha cambiado. Durante el mandato de Pedro S\u00e1nchez, y cada vez m\u00e1s bajo la direcci\u00f3n de Jordi Juan, la amabilidad se ha convertido demasiado a menudo en adhesi\u00f3n al relato de la Moncloa. No se trata de una afinidad ideol\u00f3gica. Un diario tiene derecho a tenerlo.\u00a0Se trata de la diferencia entre interpretar los hechos y acomodarlos a las necesidades del Gobierno. La crisis de Ceuta es su ejemplo m\u00e1s grave. El Centro Nacional de Inmigraci\u00f3n y Fronteras de la Polic\u00eda Nacional entreg\u00f3 a la juez de la Audiencia Nacional\u00a0Mar\u00eda Tard\u00f3n\u00a0un informe sobre la entrada de m\u00e1s de 70.000 personas\u00a0los d\u00edas 30 y 31 de julio. El documento describe una operaci\u00f3n planificada para colapsar la capacidad espa\u00f1ola de control fronterizo. Habla de la gu\u00eda de grupos por gendarmes marroqu\u00edes, de la intervenci\u00f3n de agentes de paisano y de una permisividad policial \u00abcasi activa\u00bb. Tambi\u00e9n sostiene que la finalidad migratoria sirvi\u00f3 de cobertura a una operaci\u00f3n de otra naturaleza. La mayor\u00eda de los participantes regresaron a Marruecos a las pocas horas.\u00a0El documento incorpora im\u00e1genes y otros indicios sobre el terreno. El hecho de que, a las pocas horas, la mayor\u00eda hubiera vuelto sin experimentar la presi\u00f3n de d\u00edas de penalidades ya era una declaraci\u00f3n de que la operaci\u00f3n quer\u00eda romper la frontera y no era un asunto inmigratorio. El informe no identifica todav\u00eda qui\u00e9n dio la orden pol\u00edtica.\u00a0Tampoco achaca formalmente la autor\u00eda intelectual al Gobierno marroqu\u00ed. \u00bfPero qui\u00e9n puede hacer intervenir a la Gendarmer\u00eda marroqu\u00ed, de paisano y de uniforme, en la operaci\u00f3n? \u00bfQui\u00e9n puede retirar toda vigilancia y despu\u00e9s toda contenci\u00f3n de la frontera con Ceuta? No cabe negar que agentes y fuerzas del Estado marroqu\u00ed participaron en la ejecuci\u00f3n de los hechos. El Gobierno y\u00a0La Vanguardia\u00a0se han aferrado a la primera frase para diluir las siguientes. El titular inicial del diario reprodujo que ning\u00fan informe atribu\u00eda a Marruecos \u00abla planificaci\u00f3n o ejecuci\u00f3n\u00bb de la entrada masiva. Era exactamente el \u00e1ngulo escogido por Interior. Solo despu\u00e9s, cuando el contenido ya hab\u00eda sido publicado por casi todos los medios,\u00a0el propio diario admiti\u00f3 que el informe policial abr\u00eda una grieta en el relato gubernamental. Esto no es un detalle. Es el n\u00facleo del problema. El periodismo consiste en explicar lo que dice un documento, no en buscar la frase que permita neutralizarlo. Cuando un informe describe planificaci\u00f3n, gu\u00eda activa, puertas abiertas y colaboraci\u00f3n de gendarmes,\u00a0el titular no puede presentarlo como una exoneraci\u00f3n. Tampoco es cierto que nadie hubiera avisado. Un documento policial del 29 de julio advert\u00eda del riesgo de entradas coordinadas al d\u00eda siguiente, incluidas llegadas a nado e intentos sobre la valla. Otras informaciones sit\u00faan avisos de la inteligencia militar ya el d\u00eda 27. Quiz\u00e1s nadie pod\u00eda pronosticar si ser\u00edan 20.000, 50.000 o 70.000 personas. Esta es una excusa infantil.\u00a0Lo que era necesario saber era si exist\u00eda un riesgo elevado de asalto masivo. Y ese riesgo hab\u00eda sido comunicado. De ah\u00ed surgen dos preguntas que el Gobierno evita. \u00bfPor qu\u00e9 el ministro del Interior no orden\u00f3 desde el primer momento que todos sus servicios reunieran y contrastaran la informaci\u00f3n disponible, tal y como despu\u00e9s hizo la juez Tard\u00f3n? \u00bfY por qu\u00e9 S\u00e1nchez no exigi\u00f3 informes completos a Interior, Defensa y al Departamento de Seguridad Nacional, que depende de su jefe de gabinete? Si no lo hicieron, hubo una enorme negligencia. Si lo hicieron y conoc\u00edan los avisos, el problema es peor. En ambos casos es necesario explicar qu\u00e9 sab\u00eda cada uno, cu\u00e1ndo lo sab\u00eda y qu\u00e9 \u00f3rdenes dio. Y en ambos casos\u00a0el \u00fanico camino es su dimisi\u00f3n. S\u00e1nchez insiste en que no existen \u00abevidencias s\u00f3lidas\u00bb contra Marruecos. Pero ya no puede negar que hay\u00a0indicios policiales s\u00f3lidos sobre la actuaci\u00f3n de fuerzas marroqu\u00edes. La Guardia Civil prepara adem\u00e1s\u00a0un segundo informe.\u00a0La investigaci\u00f3n no ha hecho m\u00e1s que empezar. Un caso judicial m\u00e1s, muy grave porque afecta a la seguridad nacional y tiene como principales responsables al jefe del Gobierno.\u00a0En el contexto europeo y mundial,\u00a0\u00bfqu\u00e9 credibilidad, qu\u00e9 autoridad tiene el gobierno S\u00e1nchez? \u00bfQui\u00e9n puede fiarse? No es raro su aislamiento pr\u00e1cticamente total. La sociedad lo entiende mejor. Las encuestas se\u00f1alan que entre siete y ocho de cada diez espa\u00f1oles ven a Marruecos tras la crisis, incluido el 50% de los votantes socialistas. No es una prueba judicial. Pero\u00a0desvela la enorme distancia entre la experiencia de los ciudadanos y el relato oficial. Catalunya vive hoy bajo un poder socialista extenso: la Generalitat de Illa, el Ayuntamiento de Collboni y la Diputaci\u00f3n de Barcelona. Si\u00a0La Vanguardia\u00a0, TV3, Catalunya R\u00e0dio y RAC1 convierten esta hegemon\u00eda institucional en hegemon\u00eda narrativa, el pa\u00eds se convierte en un simple instrumento al servicio de un partido que muestra un nivel \u00e9tico alarmante. Un diario de referencia no debe combatir al Gobierno. Tampoco debe protegerlo. Tiene que mirar los papeles, explicar qu\u00e9 dicen y\u00a0hacer las preguntas que el poder no quiere o\u00edr.\u00a0En Ceuta existe un informe escrito. Negar su significado ya no es prudencia. Es partidismo.<\/p>\n","protected":false},"author":80,"featured_media":101115,"comment_status":"open","ping_status":"open","sticky":false,"template":"","format":"standard","meta":{"_FSMCFIC_featured_image_caption":"","_FSMCFIC_featured_image_nocaption":"","_FSMCFIC_featured_image_hide":"","footnotes":""},"categories":[806],"tags":[5422],"class_list":["post-101117","post","type-post","status-publish","format-standard","has-post-thumbnail","hentry","category-punts-claus-del-dia-es","tag-la-vanguardia-es"],"yoast_head":"<!-- This site is optimized with the Yoast SEO plugin v26.8 - https:\/\/yoast.com\/product\/yoast-seo-wordpress\/ -->\n<title>La Vanguardia, la Moncloa y el informe que no se puede negar - Converses a Catalunya<\/title>\n<meta name=\"description\" content=\"El informe policial describe una operaci\u00f3n planificada y la participaci\u00f3n de agentes de Marruecos. S\u00e1nchez y La Vanguardia rebajan su alcance.\" \/>\n<meta name=\"robots\" content=\"index, follow, max-snippet:-1, max-image-preview:large, max-video-preview:-1\" \/>\n<link rel=\"canonical\" href=\"https:\/\/conversesacatalunya.cat\/es\/la-vanguardia-informe-policial-marruecos-ceuta\/\" \/>\n<meta property=\"og:locale\" content=\"es_ES\" \/>\n<meta property=\"og:type\" content=\"article\" \/>\n<meta property=\"og:title\" content=\"La Vanguardia, la Moncloa y el informe que no se puede negar - Converses a Catalunya\" \/>\n<meta property=\"og:description\" content=\"El informe policial describe una operaci\u00f3n planificada y la participaci\u00f3n de agentes de Marruecos. S\u00e1nchez y La Vanguardia rebajan su alcance.\" \/>\n<meta property=\"og:url\" content=\"https:\/\/conversesacatalunya.cat\/es\/la-vanguardia-informe-policial-marruecos-ceuta\/\" \/>\n<meta property=\"og:site_name\" content=\"Converses a Catalunya\" \/>\n<meta property=\"article:published_time\" content=\"2026-09-03T10:19:01+00:00\" \/>\n<meta property=\"article:modified_time\" content=\"2026-09-03T10:42:16+00:00\" \/>\n<meta property=\"og:image\" content=\"https:\/\/conversesacatalunya.cat\/wp-content\/uploads\/2026\/09\/Marroc.jpg\" \/>\n\t<meta property=\"og:image:width\" content=\"640\" \/>\n\t<meta property=\"og:image:height\" content=\"427\" \/>\n\t<meta property=\"og:image:type\" content=\"image\/jpeg\" \/>\n<meta name=\"author\" content=\"N\u00faria Freixa\" \/>\n<meta name=\"twitter:card\" content=\"summary_large_image\" \/>\n<meta name=\"twitter:label1\" content=\"Escrito por\" \/>\n\t<meta name=\"twitter:data1\" content=\"N\u00faria Freixa\" \/>\n\t<meta name=\"twitter:label2\" content=\"Tiempo de lectura\" \/>\n\t<meta name=\"twitter:data2\" content=\"5 minutos\" \/>\n<script type=\"application\/ld+json\" class=\"yoast-schema-graph\">{\"@context\":\"https:\/\/schema.org\",\"@graph\":[{\"@type\":\"Article\",\"@id\":\"https:\/\/conversesacatalunya.cat\/es\/la-vanguardia-informe-policial-marruecos-ceuta\/#article\",\"isPartOf\":{\"@id\":\"https:\/\/conversesacatalunya.cat\/es\/la-vanguardia-informe-policial-marruecos-ceuta\/\"},\"author\":{\"name\":\"N\u00faria Freixa\",\"@id\":\"https:\/\/conversesacatalunya.cat\/#\/schema\/person\/b734752c25b328c819a407cbea568c1f\"},\"headline\":\"La Vanguardia, la Moncloa y el informe que no se puede negar\",\"datePublished\":\"2026-09-03T10:19:01+00:00\",\"dateModified\":\"2026-09-03T10:42:16+00:00\",\"mainEntityOfPage\":{\"@id\":\"https:\/\/conversesacatalunya.cat\/es\/la-vanguardia-informe-policial-marruecos-ceuta\/\"},\"wordCount\":1058,\"commentCount\":0,\"image\":{\"@id\":\"https:\/\/conversesacatalunya.cat\/es\/la-vanguardia-informe-policial-marruecos-ceuta\/#primaryimage\"},\"thumbnailUrl\":\"https:\/\/conversesacatalunya.cat\/wp-content\/uploads\/2026\/09\/Marroc.jpg\",\"keywords\":[\"la vanguardia\"],\"articleSection\":[\"Punts clau del dia (ES)\"],\"inLanguage\":\"es\",\"potentialAction\":[{\"@type\":\"CommentAction\",\"name\":\"Comment\",\"target\":[\"https:\/\/conversesacatalunya.cat\/es\/la-vanguardia-informe-policial-marruecos-ceuta\/#respond\"]}]},{\"@type\":\"WebPage\",\"@id\":\"https:\/\/conversesacatalunya.cat\/es\/la-vanguardia-informe-policial-marruecos-ceuta\/\",\"url\":\"https:\/\/conversesacatalunya.cat\/es\/la-vanguardia-informe-policial-marruecos-ceuta\/\",\"name\":\"La Vanguardia, la Moncloa y el informe que no se puede negar - Converses a Catalunya\",\"isPartOf\":{\"@id\":\"https:\/\/conversesacatalunya.cat\/#website\"},\"primaryImageOfPage\":{\"@id\":\"https:\/\/conversesacatalunya.cat\/es\/la-vanguardia-informe-policial-marruecos-ceuta\/#primaryimage\"},\"image\":{\"@id\":\"https:\/\/conversesacatalunya.cat\/es\/la-vanguardia-informe-policial-marruecos-ceuta\/#primaryimage\"},\"thumbnailUrl\":\"https:\/\/conversesacatalunya.cat\/wp-content\/uploads\/2026\/09\/Marroc.jpg\",\"datePublished\":\"2026-09-03T10:19:01+00:00\",\"dateModified\":\"2026-09-03T10:42:16+00:00\",\"author\":{\"@id\":\"https:\/\/conversesacatalunya.cat\/#\/schema\/person\/b734752c25b328c819a407cbea568c1f\"},\"description\":\"El informe policial describe una operaci\u00f3n planificada y la participaci\u00f3n de agentes de Marruecos. S\u00e1nchez y La Vanguardia rebajan su alcance.\",\"breadcrumb\":{\"@id\":\"https:\/\/conversesacatalunya.cat\/es\/la-vanguardia-informe-policial-marruecos-ceuta\/#breadcrumb\"},\"inLanguage\":\"es\",\"potentialAction\":[{\"@type\":\"ReadAction\",\"target\":[\"https:\/\/conversesacatalunya.cat\/es\/la-vanguardia-informe-policial-marruecos-ceuta\/\"]}]},{\"@type\":\"ImageObject\",\"inLanguage\":\"es\",\"@id\":\"https:\/\/conversesacatalunya.cat\/es\/la-vanguardia-informe-policial-marruecos-ceuta\/#primaryimage\",\"url\":\"https:\/\/conversesacatalunya.cat\/wp-content\/uploads\/2026\/09\/Marroc.jpg\",\"contentUrl\":\"https:\/\/conversesacatalunya.cat\/wp-content\/uploads\/2026\/09\/Marroc.jpg\",\"width\":640,\"height\":427,\"caption\":\"Informe policial Marruecos\"},{\"@type\":\"BreadcrumbList\",\"@id\":\"https:\/\/conversesacatalunya.cat\/es\/la-vanguardia-informe-policial-marruecos-ceuta\/#breadcrumb\",\"itemListElement\":[{\"@type\":\"ListItem\",\"position\":1,\"name\":\"Inici\",\"item\":\"https:\/\/conversesacatalunya.cat\/es\/\"},{\"@type\":\"ListItem\",\"position\":2,\"name\":\"La Vanguardia, la Moncloa y el informe que no se puede negar\"}]},{\"@type\":\"WebSite\",\"@id\":\"https:\/\/conversesacatalunya.cat\/#website\",\"url\":\"https:\/\/conversesacatalunya.cat\/\",\"name\":\"Converses a Catalunya\",\"description\":\"\",\"potentialAction\":[{\"@type\":\"SearchAction\",\"target\":{\"@type\":\"EntryPoint\",\"urlTemplate\":\"https:\/\/conversesacatalunya.cat\/?s={search_term_string}\"},\"query-input\":{\"@type\":\"PropertyValueSpecification\",\"valueRequired\":true,\"valueName\":\"search_term_string\"}}],\"inLanguage\":\"es\"},{\"@type\":\"Person\",\"@id\":\"https:\/\/conversesacatalunya.cat\/#\/schema\/person\/b734752c25b328c819a407cbea568c1f\",\"name\":\"N\u00faria Freixa\",\"image\":{\"@type\":\"ImageObject\",\"inLanguage\":\"es\",\"@id\":\"https:\/\/conversesacatalunya.cat\/#\/schema\/person\/image\/\",\"url\":\"https:\/\/secure.gravatar.com\/avatar\/6b36ffa9402ecae01cba1c904694b520?s=96&d=mm&r=g\",\"contentUrl\":\"https:\/\/secure.gravatar.com\/avatar\/6b36ffa9402ecae01cba1c904694b520?s=96&d=mm&r=g\",\"caption\":\"N\u00faria Freixa\"},\"url\":\"https:\/\/conversesacatalunya.cat\/es\/author\/nuria_freixa\/\"}]}<\/script>\n<!-- \/ Yoast SEO plugin. -->","yoast_head_json":{"title":"La Vanguardia, la Moncloa y el informe que no se puede negar - Converses a Catalunya","description":"El informe policial describe una operaci\u00f3n planificada y la participaci\u00f3n de agentes de Marruecos. S\u00e1nchez y La Vanguardia rebajan su alcance.","robots":{"index":"index","follow":"follow","max-snippet":"max-snippet:-1","max-image-preview":"max-image-preview:large","max-video-preview":"max-video-preview:-1"},"canonical":"https:\/\/conversesacatalunya.cat\/es\/la-vanguardia-informe-policial-marruecos-ceuta\/","og_locale":"es_ES","og_type":"article","og_title":"La Vanguardia, la Moncloa y el informe que no se puede negar - Converses a Catalunya","og_description":"El informe policial describe una operaci\u00f3n planificada y la participaci\u00f3n de agentes de Marruecos. S\u00e1nchez y La Vanguardia rebajan su alcance.","og_url":"https:\/\/conversesacatalunya.cat\/es\/la-vanguardia-informe-policial-marruecos-ceuta\/","og_site_name":"Converses a Catalunya","article_published_time":"2026-09-03T10:19:01+00:00","article_modified_time":"2026-09-03T10:42:16+00:00","og_image":[{"width":640,"height":427,"url":"https:\/\/conversesacatalunya.cat\/wp-content\/uploads\/2026\/09\/Marroc.jpg","type":"image\/jpeg"}],"author":"N\u00faria Freixa","twitter_card":"summary_large_image","twitter_misc":{"Escrito por":"N\u00faria Freixa","Tiempo de lectura":"5 minutos"},"schema":{"@context":"https:\/\/schema.org","@graph":[{"@type":"Article","@id":"https:\/\/conversesacatalunya.cat\/es\/la-vanguardia-informe-policial-marruecos-ceuta\/#article","isPartOf":{"@id":"https:\/\/conversesacatalunya.cat\/es\/la-vanguardia-informe-policial-marruecos-ceuta\/"},"author":{"name":"N\u00faria Freixa","@id":"https:\/\/conversesacatalunya.cat\/#\/schema\/person\/b734752c25b328c819a407cbea568c1f"},"headline":"La Vanguardia, la Moncloa y el informe que no se puede negar","datePublished":"2026-09-03T10:19:01+00:00","dateModified":"2026-09-03T10:42:16+00:00","mainEntityOfPage":{"@id":"https:\/\/conversesacatalunya.cat\/es\/la-vanguardia-informe-policial-marruecos-ceuta\/"},"wordCount":1058,"commentCount":0,"image":{"@id":"https:\/\/conversesacatalunya.cat\/es\/la-vanguardia-informe-policial-marruecos-ceuta\/#primaryimage"},"thumbnailUrl":"https:\/\/conversesacatalunya.cat\/wp-content\/uploads\/2026\/09\/Marroc.jpg","keywords":["la vanguardia"],"articleSection":["Punts clau del dia (ES)"],"inLanguage":"es","potentialAction":[{"@type":"CommentAction","name":"Comment","target":["https:\/\/conversesacatalunya.cat\/es\/la-vanguardia-informe-policial-marruecos-ceuta\/#respond"]}]},{"@type":"WebPage","@id":"https:\/\/conversesacatalunya.cat\/es\/la-vanguardia-informe-policial-marruecos-ceuta\/","url":"https:\/\/conversesacatalunya.cat\/es\/la-vanguardia-informe-policial-marruecos-ceuta\/","name":"La Vanguardia, la Moncloa y el informe que no se puede negar - Converses a Catalunya","isPartOf":{"@id":"https:\/\/conversesacatalunya.cat\/#website"},"primaryImageOfPage":{"@id":"https:\/\/conversesacatalunya.cat\/es\/la-vanguardia-informe-policial-marruecos-ceuta\/#primaryimage"},"image":{"@id":"https:\/\/conversesacatalunya.cat\/es\/la-vanguardia-informe-policial-marruecos-ceuta\/#primaryimage"},"thumbnailUrl":"https:\/\/conversesacatalunya.cat\/wp-content\/uploads\/2026\/09\/Marroc.jpg","datePublished":"2026-09-03T10:19:01+00:00","dateModified":"2026-09-03T10:42:16+00:00","author":{"@id":"https:\/\/conversesacatalunya.cat\/#\/schema\/person\/b734752c25b328c819a407cbea568c1f"},"description":"El informe policial describe una operaci\u00f3n planificada y la participaci\u00f3n de agentes de Marruecos. S\u00e1nchez y La Vanguardia rebajan su alcance.","breadcrumb":{"@id":"https:\/\/conversesacatalunya.cat\/es\/la-vanguardia-informe-policial-marruecos-ceuta\/#breadcrumb"},"inLanguage":"es","potentialAction":[{"@type":"ReadAction","target":["https:\/\/conversesacatalunya.cat\/es\/la-vanguardia-informe-policial-marruecos-ceuta\/"]}]},{"@type":"ImageObject","inLanguage":"es","@id":"https:\/\/conversesacatalunya.cat\/es\/la-vanguardia-informe-policial-marruecos-ceuta\/#primaryimage","url":"https:\/\/conversesacatalunya.cat\/wp-content\/uploads\/2026\/09\/Marroc.jpg","contentUrl":"https:\/\/conversesacatalunya.cat\/wp-content\/uploads\/2026\/09\/Marroc.jpg","width":640,"height":427,"caption":"Informe policial Marruecos"},{"@type":"BreadcrumbList","@id":"https:\/\/conversesacatalunya.cat\/es\/la-vanguardia-informe-policial-marruecos-ceuta\/#breadcrumb","itemListElement":[{"@type":"ListItem","position":1,"name":"Inici","item":"https:\/\/conversesacatalunya.cat\/es\/"},{"@type":"ListItem","position":2,"name":"La Vanguardia, la Moncloa y el informe que no se puede negar"}]},{"@type":"WebSite","@id":"https:\/\/conversesacatalunya.cat\/#website","url":"https:\/\/conversesacatalunya.cat\/","name":"Converses a Catalunya","description":"","potentialAction":[{"@type":"SearchAction","target":{"@type":"EntryPoint","urlTemplate":"https:\/\/conversesacatalunya.cat\/?s={search_term_string}"},"query-input":{"@type":"PropertyValueSpecification","valueRequired":true,"valueName":"search_term_string"}}],"inLanguage":"es"},{"@type":"Person","@id":"https:\/\/conversesacatalunya.cat\/#\/schema\/person\/b734752c25b328c819a407cbea568c1f","name":"N\u00faria Freixa","image":{"@type":"ImageObject","inLanguage":"es","@id":"https:\/\/conversesacatalunya.cat\/#\/schema\/person\/image\/","url":"https:\/\/secure.gravatar.com\/avatar\/6b36ffa9402ecae01cba1c904694b520?s=96&d=mm&r=g","contentUrl":"https:\/\/secure.gravatar.com\/avatar\/6b36ffa9402ecae01cba1c904694b520?s=96&d=mm&r=g","caption":"N\u00faria Freixa"},"url":"https:\/\/conversesacatalunya.cat\/es\/author\/nuria_freixa\/"}]}},"wps_subtitle":"Un informe policial habla de planificaci\u00f3n, gu\u00eda activa y permisividad de las fuerzas marroqu\u00edes. El Gobierno sigue diciendo que no hay pruebas y La Vanguardia asume su marco interpretativo.","_links":{"self":[{"href":"https:\/\/conversesacatalunya.cat\/es\/wp-json\/wp\/v2\/posts\/101117","targetHints":{"allow":["GET"]}}],"collection":[{"href":"https:\/\/conversesacatalunya.cat\/es\/wp-json\/wp\/v2\/posts"}],"about":[{"href":"https:\/\/conversesacatalunya.cat\/es\/wp-json\/wp\/v2\/types\/post"}],"author":[{"embeddable":true,"href":"https:\/\/conversesacatalunya.cat\/es\/wp-json\/wp\/v2\/users\/80"}],"replies":[{"embeddable":true,"href":"https:\/\/conversesacatalunya.cat\/es\/wp-json\/wp\/v2\/comments?post=101117"}],"version-history":[{"count":2,"href":"https:\/\/conversesacatalunya.cat\/es\/wp-json\/wp\/v2\/posts\/101117\/revisions"}],"predecessor-version":[{"id":101120,"href":"https:\/\/conversesacatalunya.cat\/es\/wp-json\/wp\/v2\/posts\/101117\/revisions\/101120"}],"wp:featuredmedia":[{"embeddable":true,"href":"https:\/\/conversesacatalunya.cat\/es\/wp-json\/wp\/v2\/media\/101115"}],"wp:attachment":[{"href":"https:\/\/conversesacatalunya.cat\/es\/wp-json\/wp\/v2\/media?parent=101117"}],"wp:term":[{"taxonomy":"category","embeddable":true,"href":"https:\/\/conversesacatalunya.cat\/es\/wp-json\/wp\/v2\/categories?post=101117"},{"taxonomy":"post_tag","embeddable":true,"href":"https:\/\/conversesacatalunya.cat\/es\/wp-json\/wp\/v2\/tags?post=101117"}],"curies":[{"name":"wp","href":"https:\/\/api.w.org\/{rel}","templated":true}]}}