{"id":101103,"date":"2026-09-03T08:36:34","date_gmt":"2026-09-03T06:36:34","guid":{"rendered":"https:\/\/conversesacatalunya.cat\/?p=101103"},"modified":"2026-09-03T12:20:50","modified_gmt":"2026-09-03T10:20:50","slug":"estancamiento-economico-de-catalunya","status":"publish","type":"post","link":"https:\/\/conversesacatalunya.cat\/es\/estancamiento-economico-de-catalunya\/","title":{"rendered":"Antes de hablar de 2035: el balance pendiente de Salvador Illa (y III)"},"content":{"rendered":"<p><span dir=\"auto\"><span class=\"VIpgJd-yAWNEb-VIpgJd-fmcmS-sn54Q\" dir=\"auto\">Salvador Illa quiere explicar el 14 de septiembre la Catalunya de los pr\u00f3ximos diez a\u00f1os. Pero antes deber\u00eda aclarar una pregunta:<span>\u00a0<\/span><\/span><\/span><strong><span dir=\"auto\"><span class=\"VIpgJd-yAWNEb-VIpgJd-fmcmS-sn54Q\" dir=\"auto\">\u00bfpor qu\u00e9 una econom\u00eda que crece no consigue que una parte importante de los catalanes viva mejor?<\/span><\/span><\/strong><span dir=\"auto\"><span class=\"VIpgJd-yAWNEb-VIpgJd-fmcmS-sn54Q\" dir=\"auto\"><span>\u00a0<\/span>El PIB aumenta, el empleo marca r\u00e9cords y la poblaci\u00f3n se expande. Pero la vivienda se aleja, las infraestructuras se saturan y la renta por habitante pierde posiciones. Es el prodigio estad\u00edstico de crecer sin prosperar.<\/span><\/span><\/p>\n<div>\n<div id=\"copilot-message-_r_o2_\" class=\"fai-CopilotMessage__content r1izxv8h ___7qar2c0 fcthzvy\" dir=\"auto\">\n<div dir=\"auto\">\n<div class=\"___1vve6yh f22iagw f1vx9l62 f122n59 f3bhgqh f1mnxvew fly5x3f\">\n<div class=\"___j4vmuw0 f22iagw f1vx9l62 f1869bpl fly5x3f fbc6vix\">\n<div tabindex=\"-1\" data-testid=\"loading-message\">\n<div id=\"response-id_r_o0_\" class=\"___1yop6mf f336tjw f9ijwd5 fz7g6wx fod5ikn f1s184ao\" data-testid=\"lastChatMessage\">\n<div class=\"___1peis63 f22iagw f1063pyq f6jr5hl f1c88k3p\">\n<div class=\"___4htdyp0 fz7g6wx fy77jfu\">\n<div class=\"___1j4t0a1 f1lmfglv f1abmfm4\" dir=\"auto\" aria-hidden=\"false\" data-testid=\"markdown-reply\" data-message-id=\"511ab61e-8ecf-4aa2-9efa-7662aaf1de90\" data-message-type=\"Chat\">\n<div class=\"___1ddt6wa f22iagw f1vx9l62 fkmyikg fk15e71 f1k953kz f137keqj f1rncccw f1stllg3 f1w4kmmc f1tric3v f10dk5ic fx8cdsv f16nlwsl f1eookvz fhjrts3 fqugt2f f18d18k8 f1v1vhmp f1hdmul3 f198vjnp f2dshw1 fjpjndq fnmj2pj ffrrb40 f1mon110 fhajzam fimndk6 fxv4dng fb1rn9k f59wlhv f1xmfh30 f18yf5o5 fmr6chf fw8qy2q ff161sd f1qr7t77 f1yyogn1 foogchg fp5872b f1tpb8gf f1hdgrc8 f1vatr43 frkxccd f9pdzkb f158oiaz ft5kggy f5l4ui7 f13j03li f18xdoka f8off4e f1go6zfc f128n2ra f1jpxw2j f1lwd9n0 fy0b8hm f1g2633v fx4kvgi fkvolse f1gxrt3a f1os76ua f1js9cnw f1g87ej0 freluf8 f1yggaq6 f2i3chp f1151osp florpoh f35kzfz ftp9m57 f1e288vi fz62hnz fixvuys f1nmofwh fc1c6mv f18a2er7 fhvkrdl fhxnn68 f1oce4bo fvhlfan f7tc0t0 f1ngf1n2 ffrzq6x f1yjiq2m f1aqdgql f1huvaf f10ij78l f1k94sa4 fkmfumq f1jvzkyl f1eu24ob f1xbfc1f fmf0lwf f107dsy8 f3w566c f4648sl f13zpkng f7unjfp f8p1rz fzu6h1w f1i1bi6h f1smo7hi f1sk1xod f1kgogdq f1gjktkp ft608jz f1o9wiiv fg3xr24 fhd155k f1b8gl2e fg4b9ou flb4lo fdicbfk fgwcyh1 f1jbds0d f1fb9uea f1stuka4 fcrtu6g fwqh0xn f11w66yg f6e0e65 f1vvgu0 f1607507 fgct6un f1ec1nbe fg3fpv7 f1m9bycv f1ntoah8 f1b694rt faql4r2 fpjuhzh fmavl6h f1d9bsk fmzhlt0 f145l92p fwkyaqm f129obh1 f19la9g f127w39w fr0ux9m fxhidck f1cu4h9j f1wnbo7v f1eueg4z fy9c24f f1h2o91j f1iw08fq f19n0e5 f196z6ca fsbhmxc f1mth4z6\">\n<p><strong><span dir=\"auto\">BBVA Research<\/span><\/strong><span dir=\"auto\"><span>\u00a0<\/span>prev\u00e9 que el PIB catal\u00e1n crezca un 2,4% en 2026 y un 2,5% en 2027, impulsado por el consumo, los servicios y el empleo. Es una buena noticia, pero insuficiente.<span>\u00a0<\/span><\/span><a href=\"https:\/\/conversesacatalunya.cat\/es\/cataluna-crece-o-se-empobrece-informe-fenix\/\" target=\"_blank\" rel=\"noopener\"><strong><span dir=\"auto\">El Informe F\u00e9nix<\/span><\/strong><\/a><span dir=\"auto\"><span>\u00a0<\/span>se\u00f1ala que el PIB per c\u00e1pita catal\u00e1n ha pasado de estar seis puntos por encima de la media europea en el 2000 a situarse seis puntos por debajo, mientras que la productividad relativa ha bajado del 92% al 87% de la media europea. Los c\u00e1lculos y algunas inferencias del informe han sido discutidos por otros economistas, pero la pregunta central sigue intacta: \u00bfqu\u00e9 valor por persona produce el modelo?<\/span><\/p>\n<\/div>\n<\/div>\n<\/div>\n<\/div>\n<\/div>\n<\/div>\n<\/div>\n<\/div>\n<\/div>\n<\/div>\n<\/div>\n<div>\n<div id=\"copilot-message-_r_o2_\" class=\"fai-CopilotMessage__content r1izxv8h ___7qar2c0 fcthzvy\" dir=\"auto\">\n<div dir=\"auto\">\n<div class=\"___1vve6yh f22iagw f1vx9l62 f122n59 f3bhgqh f1mnxvew fly5x3f\">\n<div class=\"___j4vmuw0 f22iagw f1vx9l62 f1869bpl fly5x3f fbc6vix\">\n<div tabindex=\"-1\" data-testid=\"loading-message\">\n<div id=\"response-id_r_o0_\" class=\"___1yop6mf f336tjw f9ijwd5 fz7g6wx fod5ikn f1s184ao\" data-testid=\"lastChatMessage\">\n<div class=\"___1peis63 f22iagw f1063pyq f6jr5hl f1c88k3p\">\n<div class=\"___4htdyp0 fz7g6wx fy77jfu\">\n<div class=\"___1j4t0a1 f1lmfglv f1abmfm4\" dir=\"auto\" aria-hidden=\"false\" data-testid=\"markdown-reply\" data-message-id=\"511ab61e-8ecf-4aa2-9efa-7662aaf1de90\" data-message-type=\"Chat\">\n<div class=\"___1ddt6wa f22iagw f1vx9l62 fkmyikg fk15e71 f1k953kz f137keqj f1rncccw f1stllg3 f1w4kmmc f1tric3v f10dk5ic fx8cdsv f16nlwsl f1eookvz fhjrts3 fqugt2f f18d18k8 f1v1vhmp f1hdmul3 f198vjnp f2dshw1 fjpjndq fnmj2pj ffrrb40 f1mon110 fhajzam fimndk6 fxv4dng fb1rn9k f59wlhv f1xmfh30 f18yf5o5 fmr6chf fw8qy2q ff161sd f1qr7t77 f1yyogn1 foogchg fp5872b f1tpb8gf f1hdgrc8 f1vatr43 frkxccd f9pdzkb f158oiaz ft5kggy f5l4ui7 f13j03li f18xdoka f8off4e f1go6zfc f128n2ra f1jpxw2j f1lwd9n0 fy0b8hm f1g2633v fx4kvgi fkvolse f1gxrt3a f1os76ua f1js9cnw f1g87ej0 freluf8 f1yggaq6 f2i3chp f1151osp florpoh f35kzfz ftp9m57 f1e288vi fz62hnz fixvuys f1nmofwh fc1c6mv f18a2er7 fhvkrdl fhxnn68 f1oce4bo fvhlfan f7tc0t0 f1ngf1n2 ffrzq6x f1yjiq2m f1aqdgql f1huvaf f10ij78l f1k94sa4 fkmfumq f1jvzkyl f1eu24ob f1xbfc1f fmf0lwf f107dsy8 f3w566c f4648sl f13zpkng f7unjfp f8p1rz fzu6h1w f1i1bi6h f1smo7hi f1sk1xod f1kgogdq f1gjktkp ft608jz f1o9wiiv fg3xr24 fhd155k f1b8gl2e fg4b9ou flb4lo fdicbfk fgwcyh1 f1jbds0d f1fb9uea f1stuka4 fcrtu6g fwqh0xn f11w66yg f6e0e65 f1vvgu0 f1607507 fgct6un f1ec1nbe fg3fpv7 f1m9bycv f1ntoah8 f1b694rt faql4r2 fpjuhzh fmavl6h f1d9bsk fmzhlt0 f145l92p fwkyaqm f129obh1 f19la9g f127w39w fr0ux9m fxhidck f1cu4h9j f1wnbo7v f1eueg4z fy9c24f f1h2o91j f1iw08fq f19n0e5 f196z6ca fsbhmxc f1mth4z6\">\n<p><strong><span dir=\"auto\">El turismo no es el \u00fanico responsable ni debe convertirse en cabeza de turco.<\/span><\/strong><span dir=\"auto\"><span>\u00a0<\/span>Pero un crecimiento concentrado en actividades intensivas en mano de obra, bajos salarios y demanda continua de vivienda y servicios p\u00fablicos puede elevar el PIB total y reducir, al mismo tiempo, el bienestar por habitante. El Gobierno suele exhibir el primer indicador y hablar poco del segundo. Illa deber\u00eda presentar tres series netas de inflaci\u00f3n:<span>\u00a0<\/span><\/span><strong><span dir=\"auto\">renta disponible per c\u00e1pita, productividad por hora y salario real medio.<\/span><\/strong><span dir=\"auto\">\u00a0Lo dem\u00e1s es contar como prosperidad el simple hecho de que cada vez somos m\u00e1s gente por los mismos servicios.<\/span><\/p>\n<p><strong><span dir=\"auto\">La vivienda es su consecuencia m\u00e1s visible.<\/span><\/strong><span dir=\"auto\"><span>\u00a0<\/span>El Govern promete 50.000 viviendas p\u00fablicas hasta el 2030 y anuncia una inversi\u00f3n anual de 1.100 millones. El objetivo es necesario porque el<span>\u00a0<\/span><\/span><strong><span dir=\"auto\">alquiler social<\/span><\/strong><span dir=\"auto\"><span>\u00a0<\/span>representa aproximadamente el 2% del parque, muy lejos de la media europea. Pero un plan no se mide por las viviendas \u201cmovilizadas\u201d o \u201cen marcha\u201d, expresiones de una elasticidad admirable. Es necesario publicar, municipio por municipio, el suelo disponible, las licencias concedidas, las obras iniciadas, las viviendas terminadas y la fecha de entrega.<\/span><\/p>\n<p><span dir=\"auto\"><span class=\"VIpgJd-yAWNEb-VIpgJd-fmcmS-sn54Q\" dir=\"auto\">La pol\u00edtica de vivienda tambi\u00e9n ha producido una chapuza legislativa. Gobierno y Comunes quisieron limitar por lectura \u00fanica la compra considerada especulativa en zonas tensionadas.<span>\u00a0<\/span><\/span><\/span><strong><span dir=\"auto\"><span class=\"VIpgJd-yAWNEb-VIpgJd-fmcmS-sn54Q\" dir=\"auto\">El Consejo de Garant\u00edas Estatutarias dictamin\u00f3 por unanimidad que el texto vulneraba competencias estatales y derechos como la propiedad, herencia, libertad de empresa y seguridad jur\u00eddica.<\/span><\/span><\/strong><span dir=\"auto\"><span class=\"VIpgJd-yAWNEb-VIpgJd-fmcmS-sn54Q\" dir=\"auto\"><span>\u00a0<\/span>El dictamen no es vinculante, pero ha obligado a los promotores a volver a la casilla de salida. La emergencia habitacional no justifica redactar mal; por el contrario, obliga a legislar mejor.<\/span><\/span><\/p>\n<p><span dir=\"auto\">La promesa de<strong> hacer una administraci\u00f3n \u00abm\u00e1s \u00e1gil\u00bb<\/strong> tampoco ha pasado todav\u00eda de la fase inicial. El anteproyecto de simplificaci\u00f3n urban\u00edstica y ambiental, que quiere reducir planeamientos de dos a\u00f1os a seis u ocho meses y conceder determinadas licencias en un mes, sigue en informaci\u00f3n p\u00fablica hasta el 30 de septiembre.<span>\u00a0<\/span><\/span><strong><span dir=\"auto\">Dos a\u00f1os despu\u00e9s de la llegada de Illa, la gran reforma antiburocr\u00e1tica es todav\u00eda un anteproyecto.<\/span><\/strong><\/p>\n<p><strong><span dir=\"auto\"><span class=\"\" dir=\"auto\">La financiaci\u00f3n ofrece otra promesa pendiente.<\/span><\/span><\/strong><span dir=\"auto\"><span class=\"\" dir=\"auto\"><span>\u00a0<\/span>La revisi\u00f3n del modelo vencido en el 2014 dispone ahora de una propuesta que<span>\u00a0<\/span><\/span><\/span><strong><span dir=\"auto\"><span class=\"\" dir=\"auto\">aportar\u00eda 4.686 millones adicionales a Catalunya.<\/span><\/span><\/strong><span dir=\"auto\"><span class=\"\" dir=\"auto\">\u00a0Pero est\u00e1 por superar el Consejo de Pol\u00edtica Fiscal y Financiera, el Consejo de Ministros y el Congreso. La reuni\u00f3n decisiva fue aplazada del 30 de julio al 4 de septiembre. Por tanto, hoy no hay nuevo modelo: hay una propuesta. Y<span>\u00a0<\/span><\/span><\/span><strong><span dir=\"auto\"><span class=\"\" dir=\"auto\">la recaudaci\u00f3n \u00edntegra del IRPF pactada inicialmente con ERC se ha rebajado y desplazado al calendario.<\/span><\/span><\/strong><\/p>\n<p><span dir=\"auto\"><span class=\"VIpgJd-yAWNEb-VIpgJd-fmcmS-sn54Q\" dir=\"auto\">Mientras, la inversi\u00f3n estatal mantiene el desequilibrio.<span>\u00a0<\/span><\/span><\/span><strong><span dir=\"auto\"><span class=\"VIpgJd-yAWNEb-VIpgJd-fmcmS-sn54Q\" dir=\"auto\">En 2025, Catalunya recibi\u00f3 1.321 millones,<\/span><\/span><\/strong><span dir=\"auto\"><span class=\"VIpgJd-yAWNEb-VIpgJd-fmcmS-sn54Q\" dir=\"auto\"><span>\u00a0<\/span>el 8,6% de la inversi\u00f3n regionalizada, a pesar de representar cerca del 19% del PIB y el 17% de la poblaci\u00f3n. <\/span><\/span><strong><span dir=\"auto\"><span class=\"VIpgJd-yAWNEb-VIpgJd-fmcmS-sn54Q\" dir=\"auto\">Madrid super\u00f3 los 3.200 millones.<\/span><\/span><\/strong><span dir=\"auto\"><span class=\"VIpgJd-yAWNEb-VIpgJd-fmcmS-sn54Q\" dir=\"auto\"> El 8,6% no es el grado de ejecuci\u00f3n presupuestaria, sino la cuota catalana del total ejecutado: un dato distinto, pero igualmente severo. Adif fue la principal excepci\u00f3n, con 579 millones, lo que dice menos sobre el privilegio ferroviario que sobre la magnitud del desastre acumulado.<\/span><\/span><\/p>\n<p><strong><span dir=\"auto\">La C\u00e1mara de Comercio<\/span><\/strong><span dir=\"auto\"><span>\u00a0<\/span>calcula que<span>\u00a0<\/span><\/span><strong><span dir=\"auto\">Catalunya necesita 53.800 millones de euros de inversi\u00f3n en infraestructuras hasta el 2043,<\/span><\/strong><span dir=\"auto\"> el 77% de los cuales deber\u00edan ir a cargo del Estado. La lista es conocida: Cercan\u00edas, el corredor mediterr\u00e1neo, el tramo central de la L9, la prolongaci\u00f3n de la L8, la B-40 entre Terrassa y Sabadell, nuevos enlaces y carriles en la AP-7 y mejoras en la N-II y en la N-340.<\/span><\/p>\n<p><strong><span dir=\"auto\"><span class=\"\" dir=\"auto\">Sobre el aeropuerto<\/span><\/span><\/strong><span dir=\"auto\"><span class=\"\" dir=\"auto\"><span>\u00a0<\/span>existe una propuesta de 3.200 millones de euros que incluye el alargamiento de 500 metros de la pista de mar, pero sigue pendiente de tr\u00e1mites y garant\u00edas ambientales exigidas por las instituciones europeas. No es cierto que no haya proyecto; tampoco es cierto que el problema est\u00e9 resuelto.<\/span><\/span><\/p>\n<p><span dir=\"auto\">Mientras,<span> la<\/span><\/span><strong><span dir=\"auto\">\u00a0vi\u00f1a catalana<\/span><\/strong><span dir=\"auto\"><span>\u00a0<\/span>se enfrenta a excedentes de producci\u00f3n y a precios que podr\u00edan situarse muy por debajo de los costes estimados, entre 0,53 y 0,56 euros por kilo.<span>\u00a0<\/span><\/span><strong><span dir=\"auto\">Uni\u00f3 de Pagesos alerta<\/span><\/strong><span dir=\"auto\"><span>\u00a0<\/span>de que hasta un 20% de la vendimia podr\u00eda quedar sin comprador.<\/span><\/p>\n<p><span dir=\"auto\">A su vez,<span>\u00a0<\/span><\/span><strong><span dir=\"auto\">Collserola,<\/span><\/strong><span dir=\"auto\"> afectada por las restricciones derivadas de la peste porcina africana, ha sufrido dos incendios durante el mes de agosto. El del d\u00eda 25 ardi\u00f3 unas 35 hect\u00e1reas, oblig\u00f3 a desalojar a 35 vecinos y a confinar cerca de 14.000. Las restricciones sanitarias en un espacio como Collserola pueden ser necesarias por un tiempo. Sin embargo, mantenerlas indefinidamente resulta dif\u00edcilmente sostenible y acaba transmitiendo una imagen de impotencia administrativa m\u00e1s que de control efectivo de la situaci\u00f3n.<\/span><\/p>\n<p><strong><span dir=\"auto\">La Catalunya de 2035 necesita proyectos. La de 2026 necesita ejecuci\u00f3n, plazos, productividad y rendici\u00f3n de cuentas.<\/span><\/strong><span dir=\"auto\"><span>\u00a0<\/span>Si la pregunta es si hoy vivimos mejor por habitante, Illa no puede responder con el PIB total ni hacer castillos en el aire. Debe responder con resultados. Y, por ahora, los resultados indican que no.<\/span><\/p>\n<p><a href=\"https:\/\/conversesacatalunya.cat\/es\/crisis-servicios-publicos-catalunya\/\" target=\"_blank\" rel=\"noopener\"><strong><span dir=\"auto\"><span class=\"VIpgJd-yAWNEb-VIpgJd-fmcmS-sn54Q\" dir=\"auto\">Antes de hablar de 2035: el balance pendiente de Salvador Illa (II)<\/span><\/span><\/strong><\/a><\/p>\n<p><a href=\"https:\/\/conversesacatalunya.cat\/es\/dgaia-dependencia-escuela-balance-gobierno-illa\/\" target=\"_blank\" rel=\"noopener\"><strong><span dir=\"auto\">Antes de hablar de 2035: el balance pendiente de Salvador Illa (I)<\/span><\/strong><\/a><\/p>\n<span class='bctt-click-to-tweet'><span class='bctt-ctt-text'><a href='https:\/\/x.com\/intent\/tweet?url=https%3A%2F%2Fconversesacatalunya.cat%2Fes%2Festancamiento-economico-de-catalunya%2F&#038;text=La%20Catalunya%20de%202035%20necesita%20proyectos.%20La%20de%202026%20necesita%20ejecuci%C3%B3n%2C%20plazos%2C%20productividad%20y%20rendici%C3%B3n%20de%20cuentas.%20%23SalvadorIlla&#038;via=conversesacat&#038;related=conversesacat' target='_blank'rel=\"noopener noreferrer\">La Catalunya de 2035 necesita proyectos. La de 2026 necesita ejecuci\u00f3n, plazos, productividad y rendici\u00f3n de cuentas. #SalvadorIlla <\/a><\/span><a href='https:\/\/x.com\/intent\/tweet?url=https%3A%2F%2Fconversesacatalunya.cat%2Fes%2Festancamiento-economico-de-catalunya%2F&#038;text=La%20Catalunya%20de%202035%20necesita%20proyectos.%20La%20de%202026%20necesita%20ejecuci%C3%B3n%2C%20plazos%2C%20productividad%20y%20rendici%C3%B3n%20de%20cuentas.%20%23SalvadorIlla&#038;via=conversesacat&#038;related=conversesacat' target='_blank' class='bctt-ctt-btn'rel=\"noopener noreferrer\">Compartir en X<\/a><\/span>\n<\/div>\n<\/div>\n<\/div>\n<\/div>\n<\/div>\n<\/div>\n<\/div>\n<\/div>\n<\/div>\n<\/div>\n<\/div>\n","protected":false},"excerpt":{"rendered":"<p>Salvador Illa quiere explicar el 14 de septiembre la Catalunya de los pr\u00f3ximos diez a\u00f1os. Pero antes deber\u00eda aclarar una pregunta:\u00a0\u00bfpor qu\u00e9 una econom\u00eda que crece no consigue que una parte importante de los catalanes viva mejor?\u00a0El PIB aumenta, el empleo marca r\u00e9cords y la poblaci\u00f3n se expande. Pero la vivienda se aleja, las infraestructuras se saturan y la renta por habitante pierde posiciones. Es el prodigio estad\u00edstico de crecer sin prosperar. BBVA Research\u00a0prev\u00e9 que el PIB catal\u00e1n crezca un 2,4% en 2026 y un 2,5% en 2027, impulsado por el consumo, los servicios y el empleo. Es una buena noticia, pero insuficiente.\u00a0El Informe F\u00e9nix\u00a0se\u00f1ala que el PIB per c\u00e1pita catal\u00e1n ha pasado de estar seis puntos por encima de la media europea en el 2000 a situarse seis puntos por debajo, mientras que la productividad relativa ha bajado del 92% al 87% de la media europea. Los c\u00e1lculos y algunas inferencias del informe han sido discutidos por otros economistas, pero la pregunta central sigue intacta: \u00bfqu\u00e9 valor por persona produce el modelo? El turismo no es el \u00fanico responsable ni debe convertirse en cabeza de turco.\u00a0Pero un crecimiento concentrado en actividades intensivas en mano de obra, bajos salarios y demanda continua de vivienda y servicios p\u00fablicos puede elevar el PIB total y reducir, al mismo tiempo, el bienestar por habitante. El Gobierno suele exhibir el primer indicador y hablar poco del segundo. Illa deber\u00eda presentar tres series netas de inflaci\u00f3n:\u00a0renta disponible per c\u00e1pita, productividad por hora y salario real medio.\u00a0Lo dem\u00e1s es contar como prosperidad el simple hecho de que cada vez somos m\u00e1s gente por los mismos servicios. La vivienda es su consecuencia m\u00e1s visible.\u00a0El Govern promete 50.000 viviendas p\u00fablicas hasta el 2030 y anuncia una inversi\u00f3n anual de 1.100 millones. El objetivo es necesario porque el\u00a0alquiler social\u00a0representa aproximadamente el 2% del parque, muy lejos de la media europea. Pero un plan no se mide por las viviendas \u201cmovilizadas\u201d o \u201cen marcha\u201d, expresiones de una elasticidad admirable. Es necesario publicar, municipio por municipio, el suelo disponible, las licencias concedidas, las obras iniciadas, las viviendas terminadas y la fecha de entrega. La pol\u00edtica de vivienda tambi\u00e9n ha producido una chapuza legislativa. Gobierno y Comunes quisieron limitar por lectura \u00fanica la compra considerada especulativa en zonas tensionadas.\u00a0El Consejo de Garant\u00edas Estatutarias dictamin\u00f3 por unanimidad que el texto vulneraba competencias estatales y derechos como la propiedad, herencia, libertad de empresa y seguridad jur\u00eddica.\u00a0El dictamen no es vinculante, pero ha obligado a los promotores a volver a la casilla de salida. La emergencia habitacional no justifica redactar mal; por el contrario, obliga a legislar mejor. La promesa de hacer una administraci\u00f3n \u00abm\u00e1s \u00e1gil\u00bb tampoco ha pasado todav\u00eda de la fase inicial. El anteproyecto de simplificaci\u00f3n urban\u00edstica y ambiental, que quiere reducir planeamientos de dos a\u00f1os a seis u ocho meses y conceder determinadas licencias en un mes, sigue en informaci\u00f3n p\u00fablica hasta el 30 de septiembre.\u00a0Dos a\u00f1os despu\u00e9s de la llegada de Illa, la gran reforma antiburocr\u00e1tica es todav\u00eda un anteproyecto. La financiaci\u00f3n ofrece otra promesa pendiente.\u00a0La revisi\u00f3n del modelo vencido en el 2014 dispone ahora de una propuesta que\u00a0aportar\u00eda 4.686 millones adicionales a Catalunya.\u00a0Pero est\u00e1 por superar el Consejo de Pol\u00edtica Fiscal y Financiera, el Consejo de Ministros y el Congreso. La reuni\u00f3n decisiva fue aplazada del 30 de julio al 4 de septiembre. Por tanto, hoy no hay nuevo modelo: hay una propuesta. Y\u00a0la recaudaci\u00f3n \u00edntegra del IRPF pactada inicialmente con ERC se ha rebajado y desplazado al calendario. Mientras, la inversi\u00f3n estatal mantiene el desequilibrio.\u00a0En 2025, Catalunya recibi\u00f3 1.321 millones,\u00a0el 8,6% de la inversi\u00f3n regionalizada, a pesar de representar cerca del 19% del PIB y el 17% de la poblaci\u00f3n. Madrid super\u00f3 los 3.200 millones. El 8,6% no es el grado de ejecuci\u00f3n presupuestaria, sino la cuota catalana del total ejecutado: un dato distinto, pero igualmente severo. Adif fue la principal excepci\u00f3n, con 579 millones, lo que dice menos sobre el privilegio ferroviario que sobre la magnitud del desastre acumulado. La C\u00e1mara de Comercio\u00a0calcula que\u00a0Catalunya necesita 53.800 millones de euros de inversi\u00f3n en infraestructuras hasta el 2043, el 77% de los cuales deber\u00edan ir a cargo del Estado. La lista es conocida: Cercan\u00edas, el corredor mediterr\u00e1neo, el tramo central de la L9, la prolongaci\u00f3n de la L8, la B-40 entre Terrassa y Sabadell, nuevos enlaces y carriles en la AP-7 y mejoras en la N-II y en la N-340. Sobre el aeropuerto\u00a0existe una propuesta de 3.200 millones de euros que incluye el alargamiento de 500 metros de la pista de mar, pero sigue pendiente de tr\u00e1mites y garant\u00edas ambientales exigidas por las instituciones europeas. No es cierto que no haya proyecto; tampoco es cierto que el problema est\u00e9 resuelto. Mientras, la\u00a0vi\u00f1a catalana\u00a0se enfrenta a excedentes de producci\u00f3n y a precios que podr\u00edan situarse muy por debajo de los costes estimados, entre 0,53 y 0,56 euros por kilo.\u00a0Uni\u00f3 de Pagesos alerta\u00a0de que hasta un 20% de la vendimia podr\u00eda quedar sin comprador. A su vez,\u00a0Collserola, afectada por las restricciones derivadas de la peste porcina africana, ha sufrido dos incendios durante el mes de agosto. El del d\u00eda 25 ardi\u00f3 unas 35 hect\u00e1reas, oblig\u00f3 a desalojar a 35 vecinos y a confinar cerca de 14.000. Las restricciones sanitarias en un espacio como Collserola pueden ser necesarias por un tiempo. Sin embargo, mantenerlas indefinidamente resulta dif\u00edcilmente sostenible y acaba transmitiendo una imagen de impotencia administrativa m\u00e1s que de control efectivo de la situaci\u00f3n. La Catalunya de 2035 necesita proyectos. La de 2026 necesita ejecuci\u00f3n, plazos, productividad y rendici\u00f3n de cuentas.\u00a0Si la pregunta es si hoy vivimos mejor por habitante, Illa no puede responder con el PIB total ni hacer castillos en el aire. Debe responder con resultados. Y, por ahora, los resultados indican que no. Antes de hablar de 2035: el balance pendiente de Salvador Illa (II) Antes de hablar de 2035: el balance pendiente de Salvador Illa (I)<\/p>\n","protected":false},"author":81,"featured_media":101101,"comment_status":"open","ping_status":"open","sticky":false,"template":"","format":"standard","meta":{"_FSMCFIC_featured_image_caption":"Uni\u00f3 de Pagesos alerta\u00a0de que hasta un 20% de la vendimia podr\u00eda quedar sin comprador.","_FSMCFIC_featured_image_nocaption":"","_FSMCFIC_featured_image_hide":"","footnotes":""},"categories":[806],"tags":[865,845,5629],"class_list":["post-101103","post","type-post","status-publish","format-standard","has-post-thumbnail","hentry","category-punts-claus-del-dia-es","tag-cataluna","tag-catalunya-es","tag-govern-illa"],"yoast_head":"<!-- This site is optimized with the Yoast SEO plugin v26.8 - https:\/\/yoast.com\/product\/yoast-seo-wordpress\/ -->\n<title>Antes de hablar de 2035: el balance pendiente de Salvador Illa (y III) - Converses a Catalunya<\/title>\n<meta name=\"description\" content=\"Estancamiento econ\u00f3mico de Catalunya: El PIB crece, pero la renta por habitante pierde posiciones. Vivienda, financiaci\u00f3n, infraestructuras.\" \/>\n<meta name=\"robots\" content=\"index, follow, max-snippet:-1, max-image-preview:large, max-video-preview:-1\" \/>\n<link rel=\"canonical\" href=\"https:\/\/conversesacatalunya.cat\/es\/estancamiento-economico-de-catalunya\/\" \/>\n<meta property=\"og:locale\" content=\"es_ES\" \/>\n<meta property=\"og:type\" content=\"article\" \/>\n<meta property=\"og:title\" content=\"Antes de hablar de 2035: el balance pendiente de Salvador Illa (y III) - Converses a Catalunya\" \/>\n<meta property=\"og:description\" content=\"Estancamiento econ\u00f3mico de Catalunya: El PIB crece, pero la renta por habitante pierde posiciones. Vivienda, financiaci\u00f3n, infraestructuras.\" \/>\n<meta property=\"og:url\" content=\"https:\/\/conversesacatalunya.cat\/es\/estancamiento-economico-de-catalunya\/\" \/>\n<meta property=\"og:site_name\" content=\"Converses a Catalunya\" \/>\n<meta property=\"article:published_time\" content=\"2026-09-03T06:36:34+00:00\" \/>\n<meta property=\"article:modified_time\" content=\"2026-09-03T10:20:50+00:00\" \/>\n<meta property=\"og:image\" content=\"https:\/\/conversesacatalunya.cat\/wp-content\/uploads\/2026\/09\/makamuki0-came-1580208_640.jpg\" \/>\n\t<meta property=\"og:image:width\" content=\"640\" \/>\n\t<meta property=\"og:image:height\" content=\"480\" \/>\n\t<meta property=\"og:image:type\" content=\"image\/jpeg\" \/>\n<meta name=\"author\" content=\"Emili Clos\" \/>\n<meta name=\"twitter:card\" content=\"summary_large_image\" \/>\n<meta name=\"twitter:label1\" content=\"Escrito por\" \/>\n\t<meta name=\"twitter:data1\" content=\"Emili Clos\" \/>\n\t<meta name=\"twitter:label2\" content=\"Tiempo de lectura\" \/>\n\t<meta name=\"twitter:data2\" content=\"5 minutos\" \/>\n<script type=\"application\/ld+json\" class=\"yoast-schema-graph\">{\"@context\":\"https:\/\/schema.org\",\"@graph\":[{\"@type\":\"Article\",\"@id\":\"https:\/\/conversesacatalunya.cat\/es\/estancamiento-economico-de-catalunya\/#article\",\"isPartOf\":{\"@id\":\"https:\/\/conversesacatalunya.cat\/es\/estancamiento-economico-de-catalunya\/\"},\"author\":{\"name\":\"Emili Clos\",\"@id\":\"https:\/\/conversesacatalunya.cat\/#\/schema\/person\/46306de4129bccb959ed5e1720c4e3e7\"},\"headline\":\"Antes de hablar de 2035: el balance pendiente de Salvador Illa (y III)\",\"datePublished\":\"2026-09-03T06:36:34+00:00\",\"dateModified\":\"2026-09-03T10:20:50+00:00\",\"mainEntityOfPage\":{\"@id\":\"https:\/\/conversesacatalunya.cat\/es\/estancamiento-economico-de-catalunya\/\"},\"wordCount\":1067,\"commentCount\":0,\"image\":{\"@id\":\"https:\/\/conversesacatalunya.cat\/es\/estancamiento-economico-de-catalunya\/#primaryimage\"},\"thumbnailUrl\":\"https:\/\/conversesacatalunya.cat\/wp-content\/uploads\/2026\/09\/makamuki0-came-1580208_640.jpg\",\"keywords\":[\"Catalu\u00f1a\",\"Catalunya\",\"Govern Illa\"],\"articleSection\":[\"Punts clau del dia (ES)\"],\"inLanguage\":\"es\",\"potentialAction\":[{\"@type\":\"CommentAction\",\"name\":\"Comment\",\"target\":[\"https:\/\/conversesacatalunya.cat\/es\/estancamiento-economico-de-catalunya\/#respond\"]}]},{\"@type\":\"WebPage\",\"@id\":\"https:\/\/conversesacatalunya.cat\/es\/estancamiento-economico-de-catalunya\/\",\"url\":\"https:\/\/conversesacatalunya.cat\/es\/estancamiento-economico-de-catalunya\/\",\"name\":\"Antes de hablar de 2035: el balance pendiente de Salvador Illa (y III) - Converses a Catalunya\",\"isPartOf\":{\"@id\":\"https:\/\/conversesacatalunya.cat\/#website\"},\"primaryImageOfPage\":{\"@id\":\"https:\/\/conversesacatalunya.cat\/es\/estancamiento-economico-de-catalunya\/#primaryimage\"},\"image\":{\"@id\":\"https:\/\/conversesacatalunya.cat\/es\/estancamiento-economico-de-catalunya\/#primaryimage\"},\"thumbnailUrl\":\"https:\/\/conversesacatalunya.cat\/wp-content\/uploads\/2026\/09\/makamuki0-came-1580208_640.jpg\",\"datePublished\":\"2026-09-03T06:36:34+00:00\",\"dateModified\":\"2026-09-03T10:20:50+00:00\",\"author\":{\"@id\":\"https:\/\/conversesacatalunya.cat\/#\/schema\/person\/46306de4129bccb959ed5e1720c4e3e7\"},\"description\":\"Estancamiento econ\u00f3mico de Catalunya: El PIB crece, pero la renta por habitante pierde posiciones. Vivienda, financiaci\u00f3n, infraestructuras.\",\"breadcrumb\":{\"@id\":\"https:\/\/conversesacatalunya.cat\/es\/estancamiento-economico-de-catalunya\/#breadcrumb\"},\"inLanguage\":\"es\",\"potentialAction\":[{\"@type\":\"ReadAction\",\"target\":[\"https:\/\/conversesacatalunya.cat\/es\/estancamiento-economico-de-catalunya\/\"]}]},{\"@type\":\"ImageObject\",\"inLanguage\":\"es\",\"@id\":\"https:\/\/conversesacatalunya.cat\/es\/estancamiento-economico-de-catalunya\/#primaryimage\",\"url\":\"https:\/\/conversesacatalunya.cat\/wp-content\/uploads\/2026\/09\/makamuki0-came-1580208_640.jpg\",\"contentUrl\":\"https:\/\/conversesacatalunya.cat\/wp-content\/uploads\/2026\/09\/makamuki0-came-1580208_640.jpg\",\"width\":640,\"height\":480,\"caption\":\"Estancamiento econ\u00f3mico de Catalunya\"},{\"@type\":\"BreadcrumbList\",\"@id\":\"https:\/\/conversesacatalunya.cat\/es\/estancamiento-economico-de-catalunya\/#breadcrumb\",\"itemListElement\":[{\"@type\":\"ListItem\",\"position\":1,\"name\":\"Inici\",\"item\":\"https:\/\/conversesacatalunya.cat\/es\/\"},{\"@type\":\"ListItem\",\"position\":2,\"name\":\"Antes de hablar de 2035: el balance pendiente de Salvador Illa (y III)\"}]},{\"@type\":\"WebSite\",\"@id\":\"https:\/\/conversesacatalunya.cat\/#website\",\"url\":\"https:\/\/conversesacatalunya.cat\/\",\"name\":\"Converses a Catalunya\",\"description\":\"\",\"potentialAction\":[{\"@type\":\"SearchAction\",\"target\":{\"@type\":\"EntryPoint\",\"urlTemplate\":\"https:\/\/conversesacatalunya.cat\/?s={search_term_string}\"},\"query-input\":{\"@type\":\"PropertyValueSpecification\",\"valueRequired\":true,\"valueName\":\"search_term_string\"}}],\"inLanguage\":\"es\"},{\"@type\":\"Person\",\"@id\":\"https:\/\/conversesacatalunya.cat\/#\/schema\/person\/46306de4129bccb959ed5e1720c4e3e7\",\"name\":\"Emili Clos\",\"image\":{\"@type\":\"ImageObject\",\"inLanguage\":\"es\",\"@id\":\"https:\/\/conversesacatalunya.cat\/#\/schema\/person\/image\/\",\"url\":\"https:\/\/secure.gravatar.com\/avatar\/670219f2fafbd743255954580aa63f7f?s=96&d=mm&r=g\",\"contentUrl\":\"https:\/\/secure.gravatar.com\/avatar\/670219f2fafbd743255954580aa63f7f?s=96&d=mm&r=g\",\"caption\":\"Emili Clos\"},\"url\":\"https:\/\/conversesacatalunya.cat\/es\/author\/emili_clos\/\"}]}<\/script>\n<!-- \/ Yoast SEO plugin. -->","yoast_head_json":{"title":"Antes de hablar de 2035: el balance pendiente de Salvador Illa (y III) - Converses a Catalunya","description":"Estancamiento econ\u00f3mico de Catalunya: El PIB crece, pero la renta por habitante pierde posiciones. Vivienda, financiaci\u00f3n, infraestructuras.","robots":{"index":"index","follow":"follow","max-snippet":"max-snippet:-1","max-image-preview":"max-image-preview:large","max-video-preview":"max-video-preview:-1"},"canonical":"https:\/\/conversesacatalunya.cat\/es\/estancamiento-economico-de-catalunya\/","og_locale":"es_ES","og_type":"article","og_title":"Antes de hablar de 2035: el balance pendiente de Salvador Illa (y III) - Converses a Catalunya","og_description":"Estancamiento econ\u00f3mico de Catalunya: El PIB crece, pero la renta por habitante pierde posiciones. Vivienda, financiaci\u00f3n, infraestructuras.","og_url":"https:\/\/conversesacatalunya.cat\/es\/estancamiento-economico-de-catalunya\/","og_site_name":"Converses a Catalunya","article_published_time":"2026-09-03T06:36:34+00:00","article_modified_time":"2026-09-03T10:20:50+00:00","og_image":[{"width":640,"height":480,"url":"https:\/\/conversesacatalunya.cat\/wp-content\/uploads\/2026\/09\/makamuki0-came-1580208_640.jpg","type":"image\/jpeg"}],"author":"Emili Clos","twitter_card":"summary_large_image","twitter_misc":{"Escrito por":"Emili Clos","Tiempo de lectura":"5 minutos"},"schema":{"@context":"https:\/\/schema.org","@graph":[{"@type":"Article","@id":"https:\/\/conversesacatalunya.cat\/es\/estancamiento-economico-de-catalunya\/#article","isPartOf":{"@id":"https:\/\/conversesacatalunya.cat\/es\/estancamiento-economico-de-catalunya\/"},"author":{"name":"Emili Clos","@id":"https:\/\/conversesacatalunya.cat\/#\/schema\/person\/46306de4129bccb959ed5e1720c4e3e7"},"headline":"Antes de hablar de 2035: el balance pendiente de Salvador Illa (y III)","datePublished":"2026-09-03T06:36:34+00:00","dateModified":"2026-09-03T10:20:50+00:00","mainEntityOfPage":{"@id":"https:\/\/conversesacatalunya.cat\/es\/estancamiento-economico-de-catalunya\/"},"wordCount":1067,"commentCount":0,"image":{"@id":"https:\/\/conversesacatalunya.cat\/es\/estancamiento-economico-de-catalunya\/#primaryimage"},"thumbnailUrl":"https:\/\/conversesacatalunya.cat\/wp-content\/uploads\/2026\/09\/makamuki0-came-1580208_640.jpg","keywords":["Catalu\u00f1a","Catalunya","Govern Illa"],"articleSection":["Punts clau del dia (ES)"],"inLanguage":"es","potentialAction":[{"@type":"CommentAction","name":"Comment","target":["https:\/\/conversesacatalunya.cat\/es\/estancamiento-economico-de-catalunya\/#respond"]}]},{"@type":"WebPage","@id":"https:\/\/conversesacatalunya.cat\/es\/estancamiento-economico-de-catalunya\/","url":"https:\/\/conversesacatalunya.cat\/es\/estancamiento-economico-de-catalunya\/","name":"Antes de hablar de 2035: el balance pendiente de Salvador Illa (y III) - Converses a Catalunya","isPartOf":{"@id":"https:\/\/conversesacatalunya.cat\/#website"},"primaryImageOfPage":{"@id":"https:\/\/conversesacatalunya.cat\/es\/estancamiento-economico-de-catalunya\/#primaryimage"},"image":{"@id":"https:\/\/conversesacatalunya.cat\/es\/estancamiento-economico-de-catalunya\/#primaryimage"},"thumbnailUrl":"https:\/\/conversesacatalunya.cat\/wp-content\/uploads\/2026\/09\/makamuki0-came-1580208_640.jpg","datePublished":"2026-09-03T06:36:34+00:00","dateModified":"2026-09-03T10:20:50+00:00","author":{"@id":"https:\/\/conversesacatalunya.cat\/#\/schema\/person\/46306de4129bccb959ed5e1720c4e3e7"},"description":"Estancamiento econ\u00f3mico de Catalunya: El PIB crece, pero la renta por habitante pierde posiciones. Vivienda, financiaci\u00f3n, infraestructuras.","breadcrumb":{"@id":"https:\/\/conversesacatalunya.cat\/es\/estancamiento-economico-de-catalunya\/#breadcrumb"},"inLanguage":"es","potentialAction":[{"@type":"ReadAction","target":["https:\/\/conversesacatalunya.cat\/es\/estancamiento-economico-de-catalunya\/"]}]},{"@type":"ImageObject","inLanguage":"es","@id":"https:\/\/conversesacatalunya.cat\/es\/estancamiento-economico-de-catalunya\/#primaryimage","url":"https:\/\/conversesacatalunya.cat\/wp-content\/uploads\/2026\/09\/makamuki0-came-1580208_640.jpg","contentUrl":"https:\/\/conversesacatalunya.cat\/wp-content\/uploads\/2026\/09\/makamuki0-came-1580208_640.jpg","width":640,"height":480,"caption":"Estancamiento econ\u00f3mico de Catalunya"},{"@type":"BreadcrumbList","@id":"https:\/\/conversesacatalunya.cat\/es\/estancamiento-economico-de-catalunya\/#breadcrumb","itemListElement":[{"@type":"ListItem","position":1,"name":"Inici","item":"https:\/\/conversesacatalunya.cat\/es\/"},{"@type":"ListItem","position":2,"name":"Antes de hablar de 2035: el balance pendiente de Salvador Illa (y III)"}]},{"@type":"WebSite","@id":"https:\/\/conversesacatalunya.cat\/#website","url":"https:\/\/conversesacatalunya.cat\/","name":"Converses a Catalunya","description":"","potentialAction":[{"@type":"SearchAction","target":{"@type":"EntryPoint","urlTemplate":"https:\/\/conversesacatalunya.cat\/?s={search_term_string}"},"query-input":{"@type":"PropertyValueSpecification","valueRequired":true,"valueName":"search_term_string"}}],"inLanguage":"es"},{"@type":"Person","@id":"https:\/\/conversesacatalunya.cat\/#\/schema\/person\/46306de4129bccb959ed5e1720c4e3e7","name":"Emili Clos","image":{"@type":"ImageObject","inLanguage":"es","@id":"https:\/\/conversesacatalunya.cat\/#\/schema\/person\/image\/","url":"https:\/\/secure.gravatar.com\/avatar\/670219f2fafbd743255954580aa63f7f?s=96&d=mm&r=g","contentUrl":"https:\/\/secure.gravatar.com\/avatar\/670219f2fafbd743255954580aa63f7f?s=96&d=mm&r=g","caption":"Emili Clos"},"url":"https:\/\/conversesacatalunya.cat\/es\/author\/emili_clos\/"}]}},"wps_subtitle":"Catalunya crea empleo y aumenta el PIB, pero pierde renta relativa, no produce suficiente vivienda y acumula infraestructuras saturadas. El reto no es crecer m\u00e1s en volumen, sino prosperar por persona.","_links":{"self":[{"href":"https:\/\/conversesacatalunya.cat\/es\/wp-json\/wp\/v2\/posts\/101103","targetHints":{"allow":["GET"]}}],"collection":[{"href":"https:\/\/conversesacatalunya.cat\/es\/wp-json\/wp\/v2\/posts"}],"about":[{"href":"https:\/\/conversesacatalunya.cat\/es\/wp-json\/wp\/v2\/types\/post"}],"author":[{"embeddable":true,"href":"https:\/\/conversesacatalunya.cat\/es\/wp-json\/wp\/v2\/users\/81"}],"replies":[{"embeddable":true,"href":"https:\/\/conversesacatalunya.cat\/es\/wp-json\/wp\/v2\/comments?post=101103"}],"version-history":[{"count":3,"href":"https:\/\/conversesacatalunya.cat\/es\/wp-json\/wp\/v2\/posts\/101103\/revisions"}],"predecessor-version":[{"id":101107,"href":"https:\/\/conversesacatalunya.cat\/es\/wp-json\/wp\/v2\/posts\/101103\/revisions\/101107"}],"wp:featuredmedia":[{"embeddable":true,"href":"https:\/\/conversesacatalunya.cat\/es\/wp-json\/wp\/v2\/media\/101101"}],"wp:attachment":[{"href":"https:\/\/conversesacatalunya.cat\/es\/wp-json\/wp\/v2\/media?parent=101103"}],"wp:term":[{"taxonomy":"category","embeddable":true,"href":"https:\/\/conversesacatalunya.cat\/es\/wp-json\/wp\/v2\/categories?post=101103"},{"taxonomy":"post_tag","embeddable":true,"href":"https:\/\/conversesacatalunya.cat\/es\/wp-json\/wp\/v2\/tags?post=101103"}],"curies":[{"name":"wp","href":"https:\/\/api.w.org\/{rel}","templated":true}]}}