{"id":101067,"date":"2026-09-02T09:11:18","date_gmt":"2026-09-02T07:11:18","guid":{"rendered":"https:\/\/conversesacatalunya.cat\/?p=101067"},"modified":"2026-09-02T09:41:24","modified_gmt":"2026-09-02T07:41:24","slug":"por-una-vez-sumar-tiene-razon-200-euros-por-hijo","status":"publish","type":"post","link":"https:\/\/conversesacatalunya.cat\/es\/por-una-vez-sumar-tiene-razon-200-euros-por-hijo\/","title":{"rendered":"Por una vez, Sumar tiene raz\u00f3n, pero probablemente no lo har\u00e1"},"content":{"rendered":"<p>Cada vez que en Espa\u00f1a se plantea una medida para apoyar a las familias, aparece la misma palabra: <strong><em>paguita<\/em><\/strong>. Ha vuelto a ocurrir. La ministra de Juventud e Infancia, <strong>Sira Rego<\/strong>, ha pedido formalmente a Hacienda que los pr\u00f3ximos Presupuestos Generales del Estado incluyan una <strong>Prestaci\u00f3n Universal por Crianza de 200 euros mensuales por hijo hasta los 18 a\u00f1os<\/strong>. Y, antes incluso de conocer los detalles de la propuesta, <strong>ya han llegado las cr\u00edticas habituales<\/strong>: asistencialismo, dinero regalado, otra subvenci\u00f3n m\u00e1s.<\/p>\n<div>\n<div id=\"copilot-message-_r_iv_\" class=\"fai-CopilotMessage__content r1izxv8h ___7qar2c0 fcthzvy\" dir=\"auto\">\n<div dir=\"auto\">\n<div class=\"___1vve6yh f22iagw f1vx9l62 f122n59 f3bhgqh f1mnxvew fly5x3f\">\n<div class=\"___j4vmuw0 f22iagw f1vx9l62 f1869bpl fly5x3f fbc6vix\">\n<div tabindex=\"-1\" data-testid=\"loading-message\">\n<div id=\"response-id_r_it_\" class=\"___1yop6mf f336tjw f9ijwd5 fz7g6wx fod5ikn f1s184ao\" data-testid=\"lastChatMessage\">\n<div class=\"___1peis63 f22iagw f1063pyq f6jr5hl f1c88k3p\">\n<div class=\"___4htdyp0 fz7g6wx fy77jfu\">\n<div class=\"___1j4t0a1 f1lmfglv f1abmfm4\" dir=\"auto\" aria-hidden=\"false\" data-testid=\"markdown-reply\" data-message-id=\"85ca2ca3-a9c8-4fbc-b947-5416bbb55a54\" data-message-type=\"Chat\">\n<div class=\"___1ddt6wa f22iagw f1vx9l62 fkmyikg fk15e71 f1k953kz f137keqj f1rncccw f1stllg3 f1w4kmmc f1tric3v f10dk5ic fx8cdsv f16nlwsl f1eookvz fhjrts3 fqugt2f f18d18k8 f1v1vhmp f1hdmul3 f198vjnp f2dshw1 fjpjndq fnmj2pj ffrrb40 f1mon110 fhajzam fimndk6 fxv4dng fb1rn9k f59wlhv f1xmfh30 f18yf5o5 fmr6chf fw8qy2q ff161sd f1qr7t77 f1yyogn1 foogchg fp5872b f1tpb8gf f1hdgrc8 f1vatr43 frkxccd f9pdzkb f158oiaz ft5kggy f5l4ui7 f13j03li f18xdoka f8off4e f1go6zfc f128n2ra f1jpxw2j f1lwd9n0 fy0b8hm f1g2633v fx4kvgi fkvolse f1gxrt3a f1os76ua f1js9cnw f1g87ej0 freluf8 f1yggaq6 f2i3chp f1151osp florpoh f35kzfz ftp9m57 f1e288vi fz62hnz fixvuys f1nmofwh fc1c6mv f18a2er7 fhvkrdl fhxnn68 f1oce4bo fvhlfan f7tc0t0 f1ngf1n2 ffrzq6x f1yjiq2m f1aqdgql f1huvaf f10ij78l f1k94sa4 fkmfumq f1jvzkyl f1eu24ob f1xbfc1f fmf0lwf f107dsy8 f3w566c f4648sl f13zpkng f7unjfp f8p1rz fzu6h1w f1i1bi6h f1smo7hi f1sk1xod f1kgogdq f1gjktkp ft608jz f1o9wiiv fg3xr24 fhd155k f1b8gl2e fg4b9ou flb4lo fdicbfk fgwcyh1 f1jbds0d f1fb9uea f1stuka4 fcrtu6g fwqh0xn f11w66yg f6e0e65 f1vvgu0 f1607507 fgct6un f1ec1nbe fg3fpv7 f1m9bycv f1ntoah8 f1b694rt faql4r2 fpjuhzh fmavl6h f1d9bsk fmzhlt0 f145l92p fwkyaqm f129obh1 f19la9g f127w39w fr0ux9m fxhidck f1cu4h9j f1wnbo7v f1eueg4z fy9c24f f1h2o91j f1iw08fq f19n0e5 f196z6ca fsbhmxc f1mth4z6\">\n<p>Conviene detenerse un momento. Porque detr\u00e1s de esa etiqueta simplista <strong>hay un debate que buena parte de Europa resolvi\u00f3 hace d\u00e9cadas y que Espa\u00f1a sigue sin afrontar seriamente.<\/strong><\/p>\n<h4><strong>Lo que realmente se propone<\/strong><\/h4>\n<p>No estamos hablando de un subsidio para personas con bajos ingresos ni de una ayuda condicionada. Se trata de una prestaci\u00f3n que parte de una idea sencilla: <strong>criar hijos tiene un coste enorme que hoy asumen casi en exclusiva las familias, aunque los beneficios de esa inversi\u00f3n los reciba toda la sociedad<\/strong>.<\/p>\n<p>La propia ministra lo ha expresado en esos t\u00e9rminos. No ser\u00eda un subsidio, sino una renta de ciudadan\u00eda que reconoce que los ni\u00f1os y ni\u00f1as son ciudadanos de pleno derecho y que <strong>el Estado tambi\u00e9n tiene responsabilidades en su cuidado y desarrollo.<\/strong><\/p>\n<p>Los datos explican por qu\u00e9 la medida tiene sentido. Por un lado, <strong>uno de cada tres menores en Espa\u00f1a est\u00e1 en riesgo de pobreza o exclusi\u00f3n social<\/strong>, una cifra dif\u00edcilmente asumible para la cuarta econom\u00eda de la Uni\u00f3n Europea. Por otro, el pa\u00eds atraviesa una profunda crisis demogr\u00e1fica: la tasa de fecundidad se sit\u00faa en torno a <strong>1,1 hijos por mujer<\/strong>, una de las m\u00e1s bajas de Europa y muy lejos del 2,1 necesario para garantizar el relevo generacional.<\/p>\n<p>Pobreza infantil y desplome de la natalidad son, en realidad, dos manifestaciones del mismo problema: Espa\u00f1a ha convertido la crianza en un esfuerzo econ\u00f3mico cada vez m\u00e1s dif\u00edcil de asumir. En este contexto, <strong>200 euros al mes no son una \u00abpaguita\u00bb, sino una pol\u00edtica p\u00fablica b\u00e1sica que ha llegado con d\u00e9cadas de retraso<\/strong>.<\/p>\n<h4><strong>Europa lleva mucho tiempo haci\u00e9ndolo<\/strong><\/h4>\n<p>La propuesta tampoco tiene nada de revolucionario. De hecho, Espa\u00f1a es una excepci\u00f3n dentro de su entorno.<\/p>\n<ul>\n<li><strong>Alemania<\/strong> abona el <em>Kindergeld<\/em>, una prestaci\u00f3n universal que alcanza los <strong>259 euros mensuales por hijo<\/strong>, independientemente de la renta familiar.<\/li>\n<li><strong>Italia<\/strong> puso en marcha en 2022 el <em>Assegno Unico Universale<\/em>, que unific\u00f3 gran parte de las ayudas familiares existentes en una \u00fanica prestaci\u00f3n por hijo.<\/li>\n<li><strong>Austria<\/strong> concede la <em>Familienbeihilfe<\/em> a todas las familias, con cuant\u00edas que aumentan conforme crece el menor.<\/li>\n<li><strong>Suecia<\/strong> y <strong>Finlandia<\/strong> mantienen desde hace d\u00e9cadas prestaciones universales por hijo integradas en su modelo de bienestar.<\/li>\n<li><strong>Francia<\/strong>, uno de los pa\u00edses europeos con una pol\u00edtica familiar m\u00e1s desarrollada, combina ayudas directas, beneficios fiscales y apoyos a la conciliaci\u00f3n.<\/li>\n<\/ul>\n<p>Espa\u00f1a, sin embargo, sigue siendo uno de los pocos grandes pa\u00edses de Europa occidental que carece de una prestaci\u00f3n universal por hijo. Tampoco es casualidad que figure entre los que menos recursos destinan a las pol\u00edticas de familia e infancia. Mientras la media europea supera el 2 % del PIB, Espa\u00f1a contin\u00faa muy por debajo.<\/p>\n<p>Por eso la pregunta no deber\u00eda ser por qu\u00e9 copiar una medida que ya existe en media Europa, sino por qu\u00e9 hemos tardado tanto en plantearla.<\/p>\n<h4><strong>\u00bfPor qu\u00e9 debe ser universal?<\/strong><\/h4>\n<p>Uno de los principales argumentos en contra de la propuesta es precisamente su car\u00e1cter universal. Sin embargo, esa universalidad responde a una l\u00f3gica bastante s\u00f3lida.<\/p>\n<p>En primer lugar, <strong>la redistribuci\u00f3n debe realizarse a trav\u00e9s del sistema fiscal, no mediante el acceso a la prestaci\u00f3n<\/strong>. Una familia con ingresos elevados tambi\u00e9n recibe la ayuda, s\u00ed, pero contribuye proporcionalmente m\u00e1s a trav\u00e9s de impuestos. Es una f\u00f3rmula simple, transparente y eficaz.<\/p>\n<p>En segundo lugar, <strong>las prestaciones universales suelen funcionar mejor que las ayudas condicionadas por renta<\/strong>. Las experiencias acumuladas en numerosos pa\u00edses muestran que las ayudas focalizadas suelen llegar tarde, exigen tr\u00e1mites complejos, generan estigmas y dejan fuera a personas que, aun necesitando apoyo, superan por poco los l\u00edmites establecidos.<\/p>\n<p>Espa\u00f1a conoce bien ese problema. El propio<strong> Ingreso M\u00ednimo Vital<\/strong> ha evidenciado las dificultades que presentan las prestaciones excesivamente burocratizadas. Una ayuda universal, en cambio, es autom\u00e1tica, comprensible y llega a quien tiene que llegar.<\/p>\n<h4><strong>Una cuesti\u00f3n de justicia, no de generosidad<\/strong><\/h4>\n<p>Presentar esta medida como un regalo injustificado es equivocarse de lleno.<\/p>\n<p>La primera raz\u00f3n es que <a href=\"https:\/\/conversesacatalunya.cat\/es\/gobierno-espana-la-miseria-de-tener-hijos\/\" target=\"_blank\" rel=\"noopener\">los hijos constituyen un bien social<\/a>. Los ni\u00f1os y ni\u00f1as que hoy dependen econ\u00f3micamente de sus familias ser\u00e1n quienes ma\u00f1ana sostengan las pensiones, financien la sanidad y mantengan el conjunto de los servicios p\u00fablicos. Compartir parte de los costes de su crianza no es caridad, sino una forma razonable de repartir una inversi\u00f3n colectiva.<\/p>\n<p>La segunda es m\u00e1s inmediata: <strong>tener hijos se ha convertido en uno de los mayores factores de vulnerabilidad econ\u00f3mica para muchas familias<\/strong>. Viviendas inalcanzables, salarios estancados, precariedad laboral y enormes dificultades para conciliar hacen que ser padre o madre implique asumir un coste extraordinario.<\/p>\n<p>Doscientos euros al mes no resolver\u00e1n ninguno de esos problemas por s\u00ed solos. Pero s\u00ed enviar\u00edan una se\u00f1al pol\u00edtica clara: que<strong> la sociedad reconoce el esfuerzo que supone criar hijos y est\u00e1 dispuesta a compartir, al menos en parte, esa carga.<\/strong><\/p>\n<h4><strong>Que no se quede en otro anuncio<\/strong><\/h4>\n<p>Dicho todo esto, resulta dif\u00edcil ser optimista. Los antecedentes y las dificultades del Gobierno para aprobar nuevos presupuestos invitan al escepticismo. Existe el riesgo de que la propuesta termine engrosando la larga lista de anuncios que nunca llegan a materializarse.<\/p>\n<p>Y ser\u00eda una l\u00e1stima. Porque hablamos de una medida relativamente sencilla de implantar, alineada con los modelos europeos, eficaz para combatir la pobreza infantil y razonable desde el punto de vista demogr\u00e1fico.<\/p>\n<p>Lo extra\u00f1o no es que se proponga ahora. Lo verdaderamente extra\u00f1o es que <strong>en Espa\u00f1a todav\u00eda haya que justificar que la crianza merece apoyo p\u00fablico<\/strong>, mientras apenas se cuestionan otros muchos gastos asumidos colectivamente.<\/p>\n<span class='bctt-click-to-tweet'><span class='bctt-ctt-text'><a href='https:\/\/x.com\/intent\/tweet?url=https%3A%2F%2Fconversesacatalunya.cat%2Fes%2Fpor-una-vez-sumar-tiene-razon-200-euros-por-hijo%2F&#038;text=200%20euros%20por%20hijo%20no%20es%20una%20paguita%3A%20es%20la%20ayuda%20p%C3%BAblica%20a%20la%20crianza%20que%20funciona%20en%20gran%20parte%20de%20Europa.&#038;via=conversesacat&#038;related=conversesacat' target='_blank'rel=\"noopener noreferrer\">200 euros por hijo no es una paguita: es la ayuda p\u00fablica a la crianza que funciona en gran parte de Europa. <\/a><\/span><a href='https:\/\/x.com\/intent\/tweet?url=https%3A%2F%2Fconversesacatalunya.cat%2Fes%2Fpor-una-vez-sumar-tiene-razon-200-euros-por-hijo%2F&#038;text=200%20euros%20por%20hijo%20no%20es%20una%20paguita%3A%20es%20la%20ayuda%20p%C3%BAblica%20a%20la%20crianza%20que%20funciona%20en%20gran%20parte%20de%20Europa.&#038;via=conversesacat&#038;related=conversesacat' target='_blank' class='bctt-ctt-btn'rel=\"noopener noreferrer\">Compartir en X<\/a><\/span>\n<\/div>\n<\/div>\n<\/div>\n<\/div>\n<\/div>\n<\/div>\n<\/div>\n<\/div>\n<\/div>\n<\/div>\n<\/div>\n","protected":false},"excerpt":{"rendered":"<p>Cada vez que en Espa\u00f1a se plantea una medida para apoyar a las familias, aparece la misma palabra: paguita. Ha vuelto a ocurrir. La ministra de Juventud e Infancia, Sira Rego, ha pedido formalmente a Hacienda que los pr\u00f3ximos Presupuestos Generales del Estado incluyan una Prestaci\u00f3n Universal por Crianza de 200 euros mensuales por hijo hasta los 18 a\u00f1os. Y, antes incluso de conocer los detalles de la propuesta, ya han llegado las cr\u00edticas habituales: asistencialismo, dinero regalado, otra subvenci\u00f3n m\u00e1s. Conviene detenerse un momento. Porque detr\u00e1s de esa etiqueta simplista hay un debate que buena parte de Europa resolvi\u00f3 hace d\u00e9cadas y que Espa\u00f1a sigue sin afrontar seriamente. Lo que realmente se propone No estamos hablando de un subsidio para personas con bajos ingresos ni de una ayuda condicionada. Se trata de una prestaci\u00f3n que parte de una idea sencilla: criar hijos tiene un coste enorme que hoy asumen casi en exclusiva las familias, aunque los beneficios de esa inversi\u00f3n los reciba toda la sociedad. La propia ministra lo ha expresado en esos t\u00e9rminos. No ser\u00eda un subsidio, sino una renta de ciudadan\u00eda que reconoce que los ni\u00f1os y ni\u00f1as son ciudadanos de pleno derecho y que el Estado tambi\u00e9n tiene responsabilidades en su cuidado y desarrollo. Los datos explican por qu\u00e9 la medida tiene sentido. Por un lado, uno de cada tres menores en Espa\u00f1a est\u00e1 en riesgo de pobreza o exclusi\u00f3n social, una cifra dif\u00edcilmente asumible para la cuarta econom\u00eda de la Uni\u00f3n Europea. Por otro, el pa\u00eds atraviesa una profunda crisis demogr\u00e1fica: la tasa de fecundidad se sit\u00faa en torno a 1,1 hijos por mujer, una de las m\u00e1s bajas de Europa y muy lejos del 2,1 necesario para garantizar el relevo generacional. Pobreza infantil y desplome de la natalidad son, en realidad, dos manifestaciones del mismo problema: Espa\u00f1a ha convertido la crianza en un esfuerzo econ\u00f3mico cada vez m\u00e1s dif\u00edcil de asumir. En este contexto, 200 euros al mes no son una \u00abpaguita\u00bb, sino una pol\u00edtica p\u00fablica b\u00e1sica que ha llegado con d\u00e9cadas de retraso. Europa lleva mucho tiempo haci\u00e9ndolo La propuesta tampoco tiene nada de revolucionario. De hecho, Espa\u00f1a es una excepci\u00f3n dentro de su entorno. Alemania abona el Kindergeld, una prestaci\u00f3n universal que alcanza los 259 euros mensuales por hijo, independientemente de la renta familiar. Italia puso en marcha en 2022 el Assegno Unico Universale, que unific\u00f3 gran parte de las ayudas familiares existentes en una \u00fanica prestaci\u00f3n por hijo. Austria concede la Familienbeihilfe a todas las familias, con cuant\u00edas que aumentan conforme crece el menor. Suecia y Finlandia mantienen desde hace d\u00e9cadas prestaciones universales por hijo integradas en su modelo de bienestar. Francia, uno de los pa\u00edses europeos con una pol\u00edtica familiar m\u00e1s desarrollada, combina ayudas directas, beneficios fiscales y apoyos a la conciliaci\u00f3n. Espa\u00f1a, sin embargo, sigue siendo uno de los pocos grandes pa\u00edses de Europa occidental que carece de una prestaci\u00f3n universal por hijo. Tampoco es casualidad que figure entre los que menos recursos destinan a las pol\u00edticas de familia e infancia. Mientras la media europea supera el 2 % del PIB, Espa\u00f1a contin\u00faa muy por debajo. Por eso la pregunta no deber\u00eda ser por qu\u00e9 copiar una medida que ya existe en media Europa, sino por qu\u00e9 hemos tardado tanto en plantearla. \u00bfPor qu\u00e9 debe ser universal? Uno de los principales argumentos en contra de la propuesta es precisamente su car\u00e1cter universal. Sin embargo, esa universalidad responde a una l\u00f3gica bastante s\u00f3lida. En primer lugar, la redistribuci\u00f3n debe realizarse a trav\u00e9s del sistema fiscal, no mediante el acceso a la prestaci\u00f3n. Una familia con ingresos elevados tambi\u00e9n recibe la ayuda, s\u00ed, pero contribuye proporcionalmente m\u00e1s a trav\u00e9s de impuestos. Es una f\u00f3rmula simple, transparente y eficaz. En segundo lugar, las prestaciones universales suelen funcionar mejor que las ayudas condicionadas por renta. Las experiencias acumuladas en numerosos pa\u00edses muestran que las ayudas focalizadas suelen llegar tarde, exigen tr\u00e1mites complejos, generan estigmas y dejan fuera a personas que, aun necesitando apoyo, superan por poco los l\u00edmites establecidos. Espa\u00f1a conoce bien ese problema. El propio Ingreso M\u00ednimo Vital ha evidenciado las dificultades que presentan las prestaciones excesivamente burocratizadas. Una ayuda universal, en cambio, es autom\u00e1tica, comprensible y llega a quien tiene que llegar. Una cuesti\u00f3n de justicia, no de generosidad Presentar esta medida como un regalo injustificado es equivocarse de lleno. La primera raz\u00f3n es que los hijos constituyen un bien social. Los ni\u00f1os y ni\u00f1as que hoy dependen econ\u00f3micamente de sus familias ser\u00e1n quienes ma\u00f1ana sostengan las pensiones, financien la sanidad y mantengan el conjunto de los servicios p\u00fablicos. Compartir parte de los costes de su crianza no es caridad, sino una forma razonable de repartir una inversi\u00f3n colectiva. La segunda es m\u00e1s inmediata: tener hijos se ha convertido en uno de los mayores factores de vulnerabilidad econ\u00f3mica para muchas familias. Viviendas inalcanzables, salarios estancados, precariedad laboral y enormes dificultades para conciliar hacen que ser padre o madre implique asumir un coste extraordinario. Doscientos euros al mes no resolver\u00e1n ninguno de esos problemas por s\u00ed solos. Pero s\u00ed enviar\u00edan una se\u00f1al pol\u00edtica clara: que la sociedad reconoce el esfuerzo que supone criar hijos y est\u00e1 dispuesta a compartir, al menos en parte, esa carga. Que no se quede en otro anuncio Dicho todo esto, resulta dif\u00edcil ser optimista. Los antecedentes y las dificultades del Gobierno para aprobar nuevos presupuestos invitan al escepticismo. Existe el riesgo de que la propuesta termine engrosando la larga lista de anuncios que nunca llegan a materializarse. Y ser\u00eda una l\u00e1stima. Porque hablamos de una medida relativamente sencilla de implantar, alineada con los modelos europeos, eficaz para combatir la pobreza infantil y razonable desde el punto de vista demogr\u00e1fico. Lo extra\u00f1o no es que se proponga ahora. Lo verdaderamente extra\u00f1o es que en Espa\u00f1a todav\u00eda haya que justificar que la crianza merece apoyo p\u00fablico, mientras apenas se cuestionan otros muchos gastos asumidos colectivamente.<\/p>\n","protected":false},"author":24,"featured_media":101072,"comment_status":"open","ping_status":"open","sticky":false,"template":"","format":"standard","meta":{"_FSMCFIC_featured_image_caption":"","_FSMCFIC_featured_image_nocaption":"","_FSMCFIC_featured_image_hide":"","footnotes":""},"categories":[806],"tags":[2154,1312],"class_list":["post-101067","post","type-post","status-publish","format-standard","has-post-thumbnail","hentry","category-punts-claus-del-dia-es","tag-ayudas-sociales","tag-demografia-es"],"yoast_head":"<!-- This site is optimized with the Yoast SEO plugin v26.8 - https:\/\/yoast.com\/product\/yoast-seo-wordpress\/ -->\n<title>Por una vez, Sumar tiene raz\u00f3n, pero probablemente no lo har\u00e1 - Converses a Catalunya<\/title>\n<meta name=\"description\" content=\"200 euros por hijo: la ayuda universal a la crianza que media Europa ya aplica y que Espa\u00f1a sigue sin implantar\" \/>\n<meta name=\"robots\" content=\"index, follow, max-snippet:-1, max-image-preview:large, max-video-preview:-1\" \/>\n<link rel=\"canonical\" href=\"https:\/\/conversesacatalunya.cat\/es\/por-una-vez-sumar-tiene-razon-200-euros-por-hijo\/\" \/>\n<meta property=\"og:locale\" content=\"es_ES\" \/>\n<meta property=\"og:type\" content=\"article\" \/>\n<meta property=\"og:title\" content=\"Por una vez, Sumar tiene raz\u00f3n, pero probablemente no lo har\u00e1 - Converses a Catalunya\" \/>\n<meta property=\"og:description\" content=\"200 euros por hijo: la ayuda universal a la crianza que media Europa ya aplica y que Espa\u00f1a sigue sin implantar\" \/>\n<meta property=\"og:url\" content=\"https:\/\/conversesacatalunya.cat\/es\/por-una-vez-sumar-tiene-razon-200-euros-por-hijo\/\" \/>\n<meta property=\"og:site_name\" content=\"Converses a Catalunya\" \/>\n<meta property=\"article:published_time\" content=\"2026-09-02T07:11:18+00:00\" \/>\n<meta property=\"article:modified_time\" content=\"2026-09-02T07:41:24+00:00\" \/>\n<meta property=\"og:image\" content=\"https:\/\/conversesacatalunya.cat\/wp-content\/uploads\/2026\/09\/200.jpg\" \/>\n\t<meta property=\"og:image:width\" content=\"640\" \/>\n\t<meta property=\"og:image:height\" content=\"427\" \/>\n\t<meta property=\"og:image:type\" content=\"image\/jpeg\" \/>\n<meta name=\"author\" content=\"Marc Mir\u00f3\" \/>\n<meta name=\"twitter:card\" content=\"summary_large_image\" \/>\n<meta name=\"twitter:label1\" content=\"Escrito por\" \/>\n\t<meta name=\"twitter:data1\" content=\"Marc Mir\u00f3\" \/>\n\t<meta name=\"twitter:label2\" content=\"Tiempo de lectura\" \/>\n\t<meta name=\"twitter:data2\" content=\"5 minutos\" \/>\n<script type=\"application\/ld+json\" class=\"yoast-schema-graph\">{\"@context\":\"https:\/\/schema.org\",\"@graph\":[{\"@type\":\"Article\",\"@id\":\"https:\/\/conversesacatalunya.cat\/es\/por-una-vez-sumar-tiene-razon-200-euros-por-hijo\/#article\",\"isPartOf\":{\"@id\":\"https:\/\/conversesacatalunya.cat\/es\/por-una-vez-sumar-tiene-razon-200-euros-por-hijo\/\"},\"author\":{\"name\":\"Marc Mir\u00f3\",\"@id\":\"https:\/\/conversesacatalunya.cat\/#\/schema\/person\/f0cffd5beca4d58e40dc71414f560573\"},\"headline\":\"Por una vez, Sumar tiene raz\u00f3n, pero probablemente no lo har\u00e1\",\"datePublished\":\"2026-09-02T07:11:18+00:00\",\"dateModified\":\"2026-09-02T07:41:24+00:00\",\"mainEntityOfPage\":{\"@id\":\"https:\/\/conversesacatalunya.cat\/es\/por-una-vez-sumar-tiene-razon-200-euros-por-hijo\/\"},\"wordCount\":1098,\"commentCount\":0,\"image\":{\"@id\":\"https:\/\/conversesacatalunya.cat\/es\/por-una-vez-sumar-tiene-razon-200-euros-por-hijo\/#primaryimage\"},\"thumbnailUrl\":\"https:\/\/conversesacatalunya.cat\/wp-content\/uploads\/2026\/09\/200.jpg\",\"keywords\":[\"Ayudas sociales\",\"Demografia\"],\"articleSection\":[\"Punts clau del dia (ES)\"],\"inLanguage\":\"es\",\"potentialAction\":[{\"@type\":\"CommentAction\",\"name\":\"Comment\",\"target\":[\"https:\/\/conversesacatalunya.cat\/es\/por-una-vez-sumar-tiene-razon-200-euros-por-hijo\/#respond\"]}]},{\"@type\":\"WebPage\",\"@id\":\"https:\/\/conversesacatalunya.cat\/es\/por-una-vez-sumar-tiene-razon-200-euros-por-hijo\/\",\"url\":\"https:\/\/conversesacatalunya.cat\/es\/por-una-vez-sumar-tiene-razon-200-euros-por-hijo\/\",\"name\":\"Por una vez, Sumar tiene raz\u00f3n, pero probablemente no lo har\u00e1 - Converses a Catalunya\",\"isPartOf\":{\"@id\":\"https:\/\/conversesacatalunya.cat\/#website\"},\"primaryImageOfPage\":{\"@id\":\"https:\/\/conversesacatalunya.cat\/es\/por-una-vez-sumar-tiene-razon-200-euros-por-hijo\/#primaryimage\"},\"image\":{\"@id\":\"https:\/\/conversesacatalunya.cat\/es\/por-una-vez-sumar-tiene-razon-200-euros-por-hijo\/#primaryimage\"},\"thumbnailUrl\":\"https:\/\/conversesacatalunya.cat\/wp-content\/uploads\/2026\/09\/200.jpg\",\"datePublished\":\"2026-09-02T07:11:18+00:00\",\"dateModified\":\"2026-09-02T07:41:24+00:00\",\"author\":{\"@id\":\"https:\/\/conversesacatalunya.cat\/#\/schema\/person\/f0cffd5beca4d58e40dc71414f560573\"},\"description\":\"200 euros por hijo: la ayuda universal a la crianza que media Europa ya aplica y que Espa\u00f1a sigue sin implantar\",\"breadcrumb\":{\"@id\":\"https:\/\/conversesacatalunya.cat\/es\/por-una-vez-sumar-tiene-razon-200-euros-por-hijo\/#breadcrumb\"},\"inLanguage\":\"es\",\"potentialAction\":[{\"@type\":\"ReadAction\",\"target\":[\"https:\/\/conversesacatalunya.cat\/es\/por-una-vez-sumar-tiene-razon-200-euros-por-hijo\/\"]}]},{\"@type\":\"ImageObject\",\"inLanguage\":\"es\",\"@id\":\"https:\/\/conversesacatalunya.cat\/es\/por-una-vez-sumar-tiene-razon-200-euros-por-hijo\/#primaryimage\",\"url\":\"https:\/\/conversesacatalunya.cat\/wp-content\/uploads\/2026\/09\/200.jpg\",\"contentUrl\":\"https:\/\/conversesacatalunya.cat\/wp-content\/uploads\/2026\/09\/200.jpg\",\"width\":640,\"height\":427,\"caption\":\"200 euros por hijo\"},{\"@type\":\"BreadcrumbList\",\"@id\":\"https:\/\/conversesacatalunya.cat\/es\/por-una-vez-sumar-tiene-razon-200-euros-por-hijo\/#breadcrumb\",\"itemListElement\":[{\"@type\":\"ListItem\",\"position\":1,\"name\":\"Inici\",\"item\":\"https:\/\/conversesacatalunya.cat\/es\/\"},{\"@type\":\"ListItem\",\"position\":2,\"name\":\"Por una vez, Sumar tiene raz\u00f3n, pero probablemente no lo har\u00e1\"}]},{\"@type\":\"WebSite\",\"@id\":\"https:\/\/conversesacatalunya.cat\/#website\",\"url\":\"https:\/\/conversesacatalunya.cat\/\",\"name\":\"Converses a Catalunya\",\"description\":\"\",\"potentialAction\":[{\"@type\":\"SearchAction\",\"target\":{\"@type\":\"EntryPoint\",\"urlTemplate\":\"https:\/\/conversesacatalunya.cat\/?s={search_term_string}\"},\"query-input\":{\"@type\":\"PropertyValueSpecification\",\"valueRequired\":true,\"valueName\":\"search_term_string\"}}],\"inLanguage\":\"es\"},{\"@type\":\"Person\",\"@id\":\"https:\/\/conversesacatalunya.cat\/#\/schema\/person\/f0cffd5beca4d58e40dc71414f560573\",\"name\":\"Marc Mir\u00f3\",\"image\":{\"@type\":\"ImageObject\",\"inLanguage\":\"es\",\"@id\":\"https:\/\/conversesacatalunya.cat\/#\/schema\/person\/image\/\",\"url\":\"https:\/\/secure.gravatar.com\/avatar\/004f135c5977db6c8fad031a9f6ff496?s=96&d=mm&r=g\",\"contentUrl\":\"https:\/\/secure.gravatar.com\/avatar\/004f135c5977db6c8fad031a9f6ff496?s=96&d=mm&r=g\",\"caption\":\"Marc Mir\u00f3\"},\"url\":\"https:\/\/conversesacatalunya.cat\/es\/author\/marc__miro\/\"}]}<\/script>\n<!-- \/ Yoast SEO plugin. -->","yoast_head_json":{"title":"Por una vez, Sumar tiene raz\u00f3n, pero probablemente no lo har\u00e1 - Converses a Catalunya","description":"200 euros por hijo: la ayuda universal a la crianza que media Europa ya aplica y que Espa\u00f1a sigue sin implantar","robots":{"index":"index","follow":"follow","max-snippet":"max-snippet:-1","max-image-preview":"max-image-preview:large","max-video-preview":"max-video-preview:-1"},"canonical":"https:\/\/conversesacatalunya.cat\/es\/por-una-vez-sumar-tiene-razon-200-euros-por-hijo\/","og_locale":"es_ES","og_type":"article","og_title":"Por una vez, Sumar tiene raz\u00f3n, pero probablemente no lo har\u00e1 - Converses a Catalunya","og_description":"200 euros por hijo: la ayuda universal a la crianza que media Europa ya aplica y que Espa\u00f1a sigue sin implantar","og_url":"https:\/\/conversesacatalunya.cat\/es\/por-una-vez-sumar-tiene-razon-200-euros-por-hijo\/","og_site_name":"Converses a Catalunya","article_published_time":"2026-09-02T07:11:18+00:00","article_modified_time":"2026-09-02T07:41:24+00:00","og_image":[{"width":640,"height":427,"url":"https:\/\/conversesacatalunya.cat\/wp-content\/uploads\/2026\/09\/200.jpg","type":"image\/jpeg"}],"author":"Marc Mir\u00f3","twitter_card":"summary_large_image","twitter_misc":{"Escrito por":"Marc Mir\u00f3","Tiempo de lectura":"5 minutos"},"schema":{"@context":"https:\/\/schema.org","@graph":[{"@type":"Article","@id":"https:\/\/conversesacatalunya.cat\/es\/por-una-vez-sumar-tiene-razon-200-euros-por-hijo\/#article","isPartOf":{"@id":"https:\/\/conversesacatalunya.cat\/es\/por-una-vez-sumar-tiene-razon-200-euros-por-hijo\/"},"author":{"name":"Marc Mir\u00f3","@id":"https:\/\/conversesacatalunya.cat\/#\/schema\/person\/f0cffd5beca4d58e40dc71414f560573"},"headline":"Por una vez, Sumar tiene raz\u00f3n, pero probablemente no lo har\u00e1","datePublished":"2026-09-02T07:11:18+00:00","dateModified":"2026-09-02T07:41:24+00:00","mainEntityOfPage":{"@id":"https:\/\/conversesacatalunya.cat\/es\/por-una-vez-sumar-tiene-razon-200-euros-por-hijo\/"},"wordCount":1098,"commentCount":0,"image":{"@id":"https:\/\/conversesacatalunya.cat\/es\/por-una-vez-sumar-tiene-razon-200-euros-por-hijo\/#primaryimage"},"thumbnailUrl":"https:\/\/conversesacatalunya.cat\/wp-content\/uploads\/2026\/09\/200.jpg","keywords":["Ayudas sociales","Demografia"],"articleSection":["Punts clau del dia (ES)"],"inLanguage":"es","potentialAction":[{"@type":"CommentAction","name":"Comment","target":["https:\/\/conversesacatalunya.cat\/es\/por-una-vez-sumar-tiene-razon-200-euros-por-hijo\/#respond"]}]},{"@type":"WebPage","@id":"https:\/\/conversesacatalunya.cat\/es\/por-una-vez-sumar-tiene-razon-200-euros-por-hijo\/","url":"https:\/\/conversesacatalunya.cat\/es\/por-una-vez-sumar-tiene-razon-200-euros-por-hijo\/","name":"Por una vez, Sumar tiene raz\u00f3n, pero probablemente no lo har\u00e1 - Converses a Catalunya","isPartOf":{"@id":"https:\/\/conversesacatalunya.cat\/#website"},"primaryImageOfPage":{"@id":"https:\/\/conversesacatalunya.cat\/es\/por-una-vez-sumar-tiene-razon-200-euros-por-hijo\/#primaryimage"},"image":{"@id":"https:\/\/conversesacatalunya.cat\/es\/por-una-vez-sumar-tiene-razon-200-euros-por-hijo\/#primaryimage"},"thumbnailUrl":"https:\/\/conversesacatalunya.cat\/wp-content\/uploads\/2026\/09\/200.jpg","datePublished":"2026-09-02T07:11:18+00:00","dateModified":"2026-09-02T07:41:24+00:00","author":{"@id":"https:\/\/conversesacatalunya.cat\/#\/schema\/person\/f0cffd5beca4d58e40dc71414f560573"},"description":"200 euros por hijo: la ayuda universal a la crianza que media Europa ya aplica y que Espa\u00f1a sigue sin implantar","breadcrumb":{"@id":"https:\/\/conversesacatalunya.cat\/es\/por-una-vez-sumar-tiene-razon-200-euros-por-hijo\/#breadcrumb"},"inLanguage":"es","potentialAction":[{"@type":"ReadAction","target":["https:\/\/conversesacatalunya.cat\/es\/por-una-vez-sumar-tiene-razon-200-euros-por-hijo\/"]}]},{"@type":"ImageObject","inLanguage":"es","@id":"https:\/\/conversesacatalunya.cat\/es\/por-una-vez-sumar-tiene-razon-200-euros-por-hijo\/#primaryimage","url":"https:\/\/conversesacatalunya.cat\/wp-content\/uploads\/2026\/09\/200.jpg","contentUrl":"https:\/\/conversesacatalunya.cat\/wp-content\/uploads\/2026\/09\/200.jpg","width":640,"height":427,"caption":"200 euros por hijo"},{"@type":"BreadcrumbList","@id":"https:\/\/conversesacatalunya.cat\/es\/por-una-vez-sumar-tiene-razon-200-euros-por-hijo\/#breadcrumb","itemListElement":[{"@type":"ListItem","position":1,"name":"Inici","item":"https:\/\/conversesacatalunya.cat\/es\/"},{"@type":"ListItem","position":2,"name":"Por una vez, Sumar tiene raz\u00f3n, pero probablemente no lo har\u00e1"}]},{"@type":"WebSite","@id":"https:\/\/conversesacatalunya.cat\/#website","url":"https:\/\/conversesacatalunya.cat\/","name":"Converses a Catalunya","description":"","potentialAction":[{"@type":"SearchAction","target":{"@type":"EntryPoint","urlTemplate":"https:\/\/conversesacatalunya.cat\/?s={search_term_string}"},"query-input":{"@type":"PropertyValueSpecification","valueRequired":true,"valueName":"search_term_string"}}],"inLanguage":"es"},{"@type":"Person","@id":"https:\/\/conversesacatalunya.cat\/#\/schema\/person\/f0cffd5beca4d58e40dc71414f560573","name":"Marc Mir\u00f3","image":{"@type":"ImageObject","inLanguage":"es","@id":"https:\/\/conversesacatalunya.cat\/#\/schema\/person\/image\/","url":"https:\/\/secure.gravatar.com\/avatar\/004f135c5977db6c8fad031a9f6ff496?s=96&d=mm&r=g","contentUrl":"https:\/\/secure.gravatar.com\/avatar\/004f135c5977db6c8fad031a9f6ff496?s=96&d=mm&r=g","caption":"Marc Mir\u00f3"},"url":"https:\/\/conversesacatalunya.cat\/es\/author\/marc__miro\/"}]}},"wps_subtitle":"La prestaci\u00f3n universal de 200 euros al mes por hijo que propone el Ministerio de Juventud e Infancia no es una \"paguita\": es una cuesti\u00f3n de justicia social que buena parte de Europa aplica desde hace d\u00e9cadas.","_links":{"self":[{"href":"https:\/\/conversesacatalunya.cat\/es\/wp-json\/wp\/v2\/posts\/101067","targetHints":{"allow":["GET"]}}],"collection":[{"href":"https:\/\/conversesacatalunya.cat\/es\/wp-json\/wp\/v2\/posts"}],"about":[{"href":"https:\/\/conversesacatalunya.cat\/es\/wp-json\/wp\/v2\/types\/post"}],"author":[{"embeddable":true,"href":"https:\/\/conversesacatalunya.cat\/es\/wp-json\/wp\/v2\/users\/24"}],"replies":[{"embeddable":true,"href":"https:\/\/conversesacatalunya.cat\/es\/wp-json\/wp\/v2\/comments?post=101067"}],"version-history":[{"count":4,"href":"https:\/\/conversesacatalunya.cat\/es\/wp-json\/wp\/v2\/posts\/101067\/revisions"}],"predecessor-version":[{"id":101070,"href":"https:\/\/conversesacatalunya.cat\/es\/wp-json\/wp\/v2\/posts\/101067\/revisions\/101070"}],"wp:featuredmedia":[{"embeddable":true,"href":"https:\/\/conversesacatalunya.cat\/es\/wp-json\/wp\/v2\/media\/101072"}],"wp:attachment":[{"href":"https:\/\/conversesacatalunya.cat\/es\/wp-json\/wp\/v2\/media?parent=101067"}],"wp:term":[{"taxonomy":"category","embeddable":true,"href":"https:\/\/conversesacatalunya.cat\/es\/wp-json\/wp\/v2\/categories?post=101067"},{"taxonomy":"post_tag","embeddable":true,"href":"https:\/\/conversesacatalunya.cat\/es\/wp-json\/wp\/v2\/tags?post=101067"}],"curies":[{"name":"wp","href":"https:\/\/api.w.org\/{rel}","templated":true}]}}