{"id":101056,"date":"2026-09-02T05:43:33","date_gmt":"2026-09-02T03:43:33","guid":{"rendered":"https:\/\/conversesacatalunya.cat\/?p=101056"},"modified":"2026-09-02T06:19:58","modified_gmt":"2026-09-02T04:19:58","slug":"ocho-catastrofes-sanchez-covid-ceuta","status":"publish","type":"post","link":"https:\/\/conversesacatalunya.cat\/es\/ocho-catastrofes-sanchez-covid-ceuta\/","title":{"rendered":"Las ocho gestiones catastr\u00f3ficas de S\u00e1nchez: gobernar es culpar a los dem\u00e1s"},"content":{"rendered":"<p class=\"isSelectedEnd\"><span><span dir=\"auto\"><span class=\"VIpgJd-yAWNEb-VIpgJd-fmcmS-sn54Q\" dir=\"auto\">No se sabe muy bien\u00a0<\/span><\/span><strong><span dir=\"auto\"><span class=\"VIpgJd-yAWNEb-VIpgJd-fmcmS-sn54Q\" dir=\"auto\">por qu\u00e9 Pedro S\u00e1nchez es tan poco juzgado por su incapacidad para gobernar.<\/span><\/span><\/strong><span dir=\"auto\"><span class=\"VIpgJd-yAWNEb-VIpgJd-fmcmS-sn54Q\" dir=\"auto\">\u00a0Quiz\u00e1s porque, en su caso, gobernar ha dejado de significar prever, coordinar, ejecutar y rendir cuentas. Significa dominar el relato. Cuando llega el desastre, la Moncloa no busca primero la causa: busca al culpable. Y, con una regularidad admirable, siempre le encuentra fuera del Consejo de Ministros.<\/span><\/span><\/span><\/p>\n<h5><strong><span dir=\"auto\">Las ocho cat\u00e1strofes de S\u00e1nchez, de la COVID a Ceuta<\/span><\/strong><\/h5>\n<p><span><strong><span dir=\"auto\">La primera gran prueba fue la COVID.<\/span><\/strong><span dir=\"auto\">\u00a0Un grupo de cient\u00edficos espa\u00f1oles denunci\u00f3 a\u00a0<\/span><\/span><em><span><span dir=\"auto\">The Lancet<\/span><\/span><\/em><span><span dir=\"auto\">\u00a0la\u00a0<\/span><\/span><a href=\"https:\/\/pmc.ncbi.nlm.nih.gov\/articles\/PMC7831872\/\" target=\"_blank\" rel=\"noopener\"><span><span dir=\"auto\">falta de preparaci\u00f3n, la reacci\u00f3n tard\u00eda y la mala coordinaci\u00f3n<\/span><\/span><\/a>.<span><span dir=\"auto\">\u00a0En agosto del 2020 calculaba ya unos 44.000 muertos en exceso. Espa\u00f1a impuso un confinamiento extremo\u00a0<\/span><\/span><span><span dir=\"auto\">\u2014<a href=\"https:\/\/www.boe.es\/buscar\/doc.php?id=BOE-A-2021-13032\" target=\"_blank\" rel=\"noopener\">parcialmente anulado despu\u00e9s por el Tribunal Constitucional<\/a>\u2014<\/span><\/span><span><span dir=\"auto\">\u00a0y, sin embargo, sufri\u00f3 una mortalidad extraordinaria y una ca\u00edda del PIB del 10,9%, la mayor de la UE. Francia trasladaba a enfermos en TGV medicalizados; Renfe prepar\u00f3 tres, pero\u00a0<\/span><\/span><span><span dir=\"auto\">Sanidad no lleg\u00f3 a autorizarlos<\/span><\/span><span><span dir=\"auto\">. El ministro era Salvador Illa, promocionado despu\u00e9s como modelo de gestor sereno. La pose tensa, al parecer, puede sustituir los resultados.<\/span><\/span><\/p>\n<p class=\"isSelectedEnd\"><span><strong><span dir=\"auto\"><span class=\"VIpgJd-yAWNEb-VIpgJd-fmcmS-sn54Q\" dir=\"auto\">La segunda cat\u00e1strofe es la vivienda.<\/span><\/span><\/strong><span dir=\"auto\"><span class=\"VIpgJd-yAWNEb-VIpgJd-fmcmS-sn54Q\" dir=\"auto\">\u00a0Desde 2018, el Gobierno ha preferido regular precios, multiplicar anuncios y culpabilizar a propietarios antes que atacar la ra\u00edz: falta de suelo disponible, licencias lentas, inseguridad jur\u00eddica y producci\u00f3n insuficiente. El\u00a0<\/span><\/span><\/span><a href=\"https:\/\/www.bde.es\/wbe\/es\/publicaciones\/informes-memorias-anuales\/informe-anual\/informe-anual-2025.html\" target=\"_blank\" rel=\"noopener\"><span><span dir=\"auto\"><span class=\"VIpgJd-yAWNEb-VIpgJd-fmcmS-sn54Q\" dir=\"auto\">Banco de Espa\u00f1a<\/span><\/span><\/span><\/a><span><span dir=\"auto\"><span class=\"VIpgJd-yAWNEb-VIpgJd-fmcmS-sn54Q\" dir=\"auto\">\u00a0calcula un d\u00e9ficit acumulado de 750.000 viviendas entre 2021 y 2025. Solo en 2025 se terminaron 92.000 viviendas mientras se creaban 240.000 hogares. El Gobierno ha combatido el incendio discutiendo el term\u00f3metro.<\/span><\/span><\/span><\/p>\n<p class=\"isSelectedEnd\"><span><strong><span dir=\"auto\">La tercera es la inmigraci\u00f3n.<\/span><\/strong><span dir=\"auto\">\u00a0Espa\u00f1a necesita inmigraci\u00f3n, pero necesidad no significa improvisaci\u00f3n. El\u00a0<\/span><\/span><a href=\"https:\/\/www.ine.es\/dyngs\/Prensa\/EMCR2024.htm\" target=\"_blank\" rel=\"noopener\"><span><span dir=\"auto\">saldo migratorio exterior fue de 626.268 personas en 2024<\/span><\/span><\/a><span><span dir=\"auto\">\u00a0y el pa\u00eds superaba ya los\u00a0<\/span><\/span><span><span dir=\"auto\">diez millones de residentes nacidos en el extranjero\u00a0<\/span><\/span><span><span dir=\"auto\">el 1 de enero de 2026. No ha habido una pol\u00edtica que vinculara las entradas con la vivienda, la escuela, la sanidad, el empleo, la integraci\u00f3n y la capacidad territorial. Lo que en Espa\u00f1a provocaba menor tensi\u00f3n que en otros pa\u00edses europeos se ha convertido en un conflicto pol\u00edtico de primer orden.<\/span><\/span><\/p>\n<p class=\"isSelectedEnd\"><span><strong><span dir=\"auto\">La cuarta es demogr\u00e1fica y familiar.<\/span><\/strong><span dir=\"auto\">\u00a0En 2024 solo nacieron\u00a0<\/span><\/span><span><span dir=\"auto\">318.005 ni\u00f1os y la fecundidad baj\u00f3 a 1,10 hijos por mujer.<\/span><\/span><span><span dir=\"auto\">\u00a0FEDEA calcula que en 2025 el\u00a0<\/span><\/span><span><span dir=\"auto\">33,8% de los menores estaba en riesgo de pobreza o exclusi\u00f3n<\/span><\/span><span><span dir=\"auto\">, frente al 19,7% de los mayores de 65 a\u00f1os. El sistema protege mucho mejor el retiro que la crianza. <a href=\"https:\/\/conversesacatalunya.cat\/es\/gobierno-espana-la-miseria-de-tener-hijos\/\" target=\"_blank\" rel=\"noopener\">Tener hijos<\/a> sigue penalizando las rentas medias y bajas, sin una prestaci\u00f3n universal suficiente ni una fiscalidad que reconozca el coste de formar a la generaci\u00f3n futura. La maternidad es tratada como una preferencia privada; las pensiones, con raz\u00f3n, como asunto de Estado. El desequilibrio es colosal.<\/span><\/span><\/p>\n<p class=\"isSelectedEnd\"><span><strong><span dir=\"auto\">La quinta fue la DANA valenciana.<\/span><\/strong><span dir=\"auto\">\u00a0La Generalitat fracas\u00f3 en la alerta y Carlos Maz\u00f3n pag\u00f3 su precio pol\u00edtico. Pero convertirlo en el \u00fanico culpable fue una operaci\u00f3n de blanqueo estatal. De los 228 fallecidos contabilizados,\u00a0<\/span><\/span><a href=\"https:\/\/www.rtve.es\/noticias\/20250725\/guardia-civil-destaca-falta-avisos-confederacion-hidrografica-jucar-pese-crecida-poyo\/16677513.shtml\" target=\"_blank\" rel=\"noopener\"><span><span dir=\"auto\">192 se produjeron en los municipios del barranco del Poyo<\/span><\/span><\/a>.<span><span dir=\"auto\">\u00a0La Guardia Civil se\u00f1al\u00f3 la carencia de avisos de la Confederaci\u00f3n Hidrogr\u00e1fica del J\u00facar durante la crecida cr\u00edtica. Y las\u00a0<\/span><\/span><span><span dir=\"auto\">obras de protecci\u00f3n, proyectadas desde el 2006,<\/span><\/span><span><span dir=\"auto\">\u00a0hab\u00edan quedado sin ejecutar bajo gobiernos del PP y del PSOE. La responsabilidad era compartida; la propaganda, no.<\/span><\/span><\/p>\n<p class=\"isSelectedEnd\"><span><strong><span dir=\"auto\"><span class=\"VIpgJd-yAWNEb-VIpgJd-fmcmS-sn54Q\" dir=\"auto\">La sexta fue el gran apag\u00f3n<\/span><\/span><\/strong><span dir=\"auto\"><span class=\"VIpgJd-yAWNEb-VIpgJd-fmcmS-sn54Q\" dir=\"auto\">\u00a0del 28 de abril de 2025, el peor incidente el\u00e9ctrico europeo en m\u00e1s de dos d\u00e9cadas. El\u00a0<\/span><\/span><\/span><span><span dir=\"auto\"><span class=\"VIpgJd-yAWNEb-VIpgJd-fmcmS-sn54Q\" dir=\"auto\">informe final de ENTSO-E\u00a0<\/span><\/span><\/span><span><span dir=\"auto\"><span class=\"VIpgJd-yAWNEb-VIpgJd-fmcmS-sn54Q\" dir=\"auto\">describe oscilaciones, deficiencias en el control de tensi\u00f3n y potencia reactiva y desconexiones en cascada. No culpa solo a las renovables: retrata un sistema incapaz de integrarlas con suficiente red, almacenamiento, regulaci\u00f3n y flexibilidad. La operaci\u00f3n reforzada posterior ya hab\u00eda costado<a href=\"https:\/\/www.rtve.es\/noticias\/20260428\/coste-apagon-mas-impacto-bolsillo-ciudadano-macroeconomia\/17037580.shtml\" target=\"_blank\" rel=\"noopener\">\u00a0<\/a><\/span><\/span><\/span><span><span dir=\"auto\"><span class=\"VIpgJd-yAWNEb-VIpgJd-fmcmS-sn54Q\" dir=\"auto\">666 millones hasta marzo de 2026<\/span><\/span><\/span>.<span><span dir=\"auto\"><span class=\"VIpgJd-yAWNEb-VIpgJd-fmcmS-sn54Q\" dir=\"auto\">\u00a0Nadie dimiti\u00f3.<\/span><\/span><\/span><\/p>\n<p class=\"isSelectedEnd\"><strong><span dir=\"auto\">La s\u00e9ptima es Adamuz.<\/span><\/strong><span><span dir=\"auto\">\u00a0El choque ferroviario del 18 de enero del 2026 caus\u00f3 46 muertos y cort\u00f3 durante casi un mes la alta velocidad Madrid-Andaluc\u00eda. La\u00a0<\/span><\/span><span><span dir=\"auto\">investigaci\u00f3n contin\u00faa;<\/span><\/span><span><span dir=\"auto\">\u00a0la principal hip\u00f3tesis es la fractura de un carril o soldadura, y la\u00a0<\/span><\/span><a href=\"https:\/\/www.eppo.europa.eu\/media\/news\/spain-eppo-launches-investigation-possible-fraud-involving-eu-funds-maintenance-madrid-seville-high-2026-03-20_en\" target=\"_blank\" rel=\"noopener\"><span><span dir=\"auto\">Fiscal\u00eda Europea investiga un posible fraude<\/span><\/span><\/a><span><span dir=\"auto\">\u00a0con los fondos destinados al mantenimiento del tramo. Antes de conocer la causa, el Govern ya conoc\u00eda su inocencia.<\/span><\/span><\/p>\n<p class=\"isSelectedEnd\"><span><strong><span dir=\"auto\"><span class=\"\" dir=\"auto\"><a href=\"https:\/\/conversesacatalunya.cat\/es\/solucion-sanchez-ceuta-victima-gobierno\/\" target=\"_blank\" rel=\"noopener\">Y la octava es Ceuta<\/a>.<\/span><\/span><\/strong><span dir=\"auto\"><span class=\"\" dir=\"auto\">\u00a0El 30 de julio de 2026 entraron unas 72.000 personas; la mayor\u00eda regres\u00f3, pero miles permanecieron all\u00ed y la tragedia ya acumulaba m\u00e1s<\/span><\/span><\/span><span><span dir=\"auto\"><span class=\"\" dir=\"auto\">\u00a0de ochenta muertes en el lado espa\u00f1ol<\/span><\/span><\/span><span><span dir=\"auto\"><span class=\"\" dir=\"auto\">. S\u00e1nchez tard\u00f3 26<\/span><\/span><\/span><span><span dir=\"auto\"><span class=\"\" dir=\"auto\">\u00a0d\u00edas en convocar al Consejo de Seguridad Nacional<\/span><\/span><\/span><span><span dir=\"auto\"><span class=\"\" dir=\"auto\">, despu\u00e9s de veinte d\u00edas de vacaciones. Interior y Defensa ofrecieron versiones\u00a0 <\/span><\/span><\/span><span><span dir=\"auto\"><span class=\"\" dir=\"auto\">contradictorias sobre los avisos previos<\/span><\/span><\/span><span><span dir=\"auto\"><span class=\"\" dir=\"auto\">. Ceuta resume todas las crisis anteriores: imprevisi\u00f3n, descoordinaci\u00f3n, dependencia de Marruecos, colapso humanitario, ausencia presidencial y propaganda.<\/span><\/span><\/span><\/p>\n<p><span><strong><span dir=\"auto\">Ocho cat\u00e1strofes, una sola forma de gobernar:<\/span><\/strong><span dir=\"auto\">\u00a0no anticipar, no coordinar, no explicar, no dimitir y acusar a los dem\u00e1s. S\u00e1nchez no ha eliminado la responsabilidad pol\u00edtica. Ha logrado algo m\u00e1s extraordinario: que solo exista para sus adversarios.<\/span><\/span><\/p>\n<span class='bctt-click-to-tweet'><span class='bctt-ctt-text'><a href='https:\/\/x.com\/intent\/tweet?url=https%3A%2F%2Fconversesacatalunya.cat%2Fes%2Focho-catastrofes-sanchez-covid-ceuta%2F&#038;text=Ocho%20cat%C3%A1strofes%2C%20una%20sola%20forma%20de%20gobernar%3A%20no%20anticipar%2C%20no%20coordinar%2C%20no%20explicar%2C%20no%20dimitir%20y%20acusar%20a%20los%20dem%C3%A1s.%20%23PedroS%C3%A1nchez&#038;via=conversesacat&#038;related=conversesacat' target='_blank'rel=\"noopener noreferrer\">Ocho cat\u00e1strofes, una sola forma de gobernar: no anticipar, no coordinar, no explicar, no dimitir y acusar a los dem\u00e1s. #PedroS\u00e1nchez <\/a><\/span><a href='https:\/\/x.com\/intent\/tweet?url=https%3A%2F%2Fconversesacatalunya.cat%2Fes%2Focho-catastrofes-sanchez-covid-ceuta%2F&#038;text=Ocho%20cat%C3%A1strofes%2C%20una%20sola%20forma%20de%20gobernar%3A%20no%20anticipar%2C%20no%20coordinar%2C%20no%20explicar%2C%20no%20dimitir%20y%20acusar%20a%20los%20dem%C3%A1s.%20%23PedroS%C3%A1nchez&#038;via=conversesacat&#038;related=conversesacat' target='_blank' class='bctt-ctt-btn'rel=\"noopener noreferrer\">Compartir en X<\/a><\/span>\n<div id=\"polls-337\" class=\"wp-polls\">\n\t<form id=\"polls_form_337\" class=\"wp-polls-form\" action=\"\/index.php\" method=\"post\">\n\t\t<p style=\"display: none;\"><input type=\"hidden\" id=\"poll_337_nonce\" name=\"wp-polls-nonce\" value=\"fa79c49f45\" \/><\/p>\n\t\t<p style=\"display: none;\"><input type=\"hidden\" name=\"poll_id\" value=\"337\" \/><\/p>\n\t\t<p style=\"text-align: center\"><strong>De 0 a 4, com valores la gesti\u00f3 de la crisi de Ceuta per part de S\u00e1nchez?<\/strong><\/p><div id=\"polls-337-ans\" class=\"wp-polls-ans\"><ul class=\"wp-polls-ul\">\n\t\t<li><input type=\"radio\" id=\"poll-answer-970\" name=\"poll_337\" value=\"970\" \/> <label for=\"poll-answer-970\">0- Molt malament<\/label><\/li>\n\t\t<li><input type=\"radio\" id=\"poll-answer-971\" name=\"poll_337\" value=\"971\" \/> <label for=\"poll-answer-971\">1- Malament<\/label><\/li>\n\t\t<li><input type=\"radio\" id=\"poll-answer-972\" name=\"poll_337\" value=\"972\" \/> <label for=\"poll-answer-972\">2- Regular<\/label><\/li>\n\t\t<li><input type=\"radio\" id=\"poll-answer-973\" name=\"poll_337\" value=\"973\" \/> <label for=\"poll-answer-973\">3- B\u00e9<\/label><\/li>\n\t\t<li><input type=\"radio\" id=\"poll-answer-974\" name=\"poll_337\" value=\"974\" \/> <label for=\"poll-answer-974\">4- Molt b\u00e9<\/label><\/li>\n\t\t<\/ul><p style=\"text-align: center\"><input type=\"button\" name=\"vote\" value=\"   Vota   \" class=\"Buttons\" onclick=\"poll_vote(337);\" \/><\/p><p style=\"text-align: center\"><a href=\"#ViewPollResults\" onclick=\"poll_result(337); return false;\" title=\"View Results Of This Poll\">Mira els resultats<\/a><\/p><\/div>\n\t<\/form>\n<\/div>\n<div id=\"polls-337-loading\" class=\"wp-polls-loading\"><img decoding=\"async\" data-src=\"https:\/\/conversesacatalunya.cat\/wp-content\/plugins\/wp-polls\/images\/loading.gif\" width=\"16\" height=\"16\" alt=\"Cargando ...\" title=\"Cargando ...\" class=\"wp-polls-image lazyload\" src=\"data:image\/svg+xml;base64,PHN2ZyB3aWR0aD0iMSIgaGVpZ2h0PSIxIiB4bWxucz0iaHR0cDovL3d3dy53My5vcmcvMjAwMC9zdmciPjwvc3ZnPg==\" style=\"--smush-placeholder-width: 16px; --smush-placeholder-aspect-ratio: 16\/16;\" \/>&nbsp;Cargando ...<\/div>\n\n","protected":false},"excerpt":{"rendered":"<p>No se sabe muy bien\u00a0por qu\u00e9 Pedro S\u00e1nchez es tan poco juzgado por su incapacidad para gobernar.\u00a0Quiz\u00e1s porque, en su caso, gobernar ha dejado de significar prever, coordinar, ejecutar y rendir cuentas. Significa dominar el relato. Cuando llega el desastre, la Moncloa no busca primero la causa: busca al culpable. Y, con una regularidad admirable, siempre le encuentra fuera del Consejo de Ministros. Las ocho cat\u00e1strofes de S\u00e1nchez, de la COVID a Ceuta La primera gran prueba fue la COVID.\u00a0Un grupo de cient\u00edficos espa\u00f1oles denunci\u00f3 a\u00a0The Lancet\u00a0la\u00a0falta de preparaci\u00f3n, la reacci\u00f3n tard\u00eda y la mala coordinaci\u00f3n.\u00a0En agosto del 2020 calculaba ya unos 44.000 muertos en exceso. Espa\u00f1a impuso un confinamiento extremo\u00a0\u2014parcialmente anulado despu\u00e9s por el Tribunal Constitucional\u2014\u00a0y, sin embargo, sufri\u00f3 una mortalidad extraordinaria y una ca\u00edda del PIB del 10,9%, la mayor de la UE. Francia trasladaba a enfermos en TGV medicalizados; Renfe prepar\u00f3 tres, pero\u00a0Sanidad no lleg\u00f3 a autorizarlos. El ministro era Salvador Illa, promocionado despu\u00e9s como modelo de gestor sereno. La pose tensa, al parecer, puede sustituir los resultados. La segunda cat\u00e1strofe es la vivienda.\u00a0Desde 2018, el Gobierno ha preferido regular precios, multiplicar anuncios y culpabilizar a propietarios antes que atacar la ra\u00edz: falta de suelo disponible, licencias lentas, inseguridad jur\u00eddica y producci\u00f3n insuficiente. El\u00a0Banco de Espa\u00f1a\u00a0calcula un d\u00e9ficit acumulado de 750.000 viviendas entre 2021 y 2025. Solo en 2025 se terminaron 92.000 viviendas mientras se creaban 240.000 hogares. El Gobierno ha combatido el incendio discutiendo el term\u00f3metro. La tercera es la inmigraci\u00f3n.\u00a0Espa\u00f1a necesita inmigraci\u00f3n, pero necesidad no significa improvisaci\u00f3n. El\u00a0saldo migratorio exterior fue de 626.268 personas en 2024\u00a0y el pa\u00eds superaba ya los\u00a0diez millones de residentes nacidos en el extranjero\u00a0el 1 de enero de 2026. No ha habido una pol\u00edtica que vinculara las entradas con la vivienda, la escuela, la sanidad, el empleo, la integraci\u00f3n y la capacidad territorial. Lo que en Espa\u00f1a provocaba menor tensi\u00f3n que en otros pa\u00edses europeos se ha convertido en un conflicto pol\u00edtico de primer orden. La cuarta es demogr\u00e1fica y familiar.\u00a0En 2024 solo nacieron\u00a0318.005 ni\u00f1os y la fecundidad baj\u00f3 a 1,10 hijos por mujer.\u00a0FEDEA calcula que en 2025 el\u00a033,8% de los menores estaba en riesgo de pobreza o exclusi\u00f3n, frente al 19,7% de los mayores de 65 a\u00f1os. El sistema protege mucho mejor el retiro que la crianza. Tener hijos sigue penalizando las rentas medias y bajas, sin una prestaci\u00f3n universal suficiente ni una fiscalidad que reconozca el coste de formar a la generaci\u00f3n futura. La maternidad es tratada como una preferencia privada; las pensiones, con raz\u00f3n, como asunto de Estado. El desequilibrio es colosal. La quinta fue la DANA valenciana.\u00a0La Generalitat fracas\u00f3 en la alerta y Carlos Maz\u00f3n pag\u00f3 su precio pol\u00edtico. Pero convertirlo en el \u00fanico culpable fue una operaci\u00f3n de blanqueo estatal. De los 228 fallecidos contabilizados,\u00a0192 se produjeron en los municipios del barranco del Poyo.\u00a0La Guardia Civil se\u00f1al\u00f3 la carencia de avisos de la Confederaci\u00f3n Hidrogr\u00e1fica del J\u00facar durante la crecida cr\u00edtica. Y las\u00a0obras de protecci\u00f3n, proyectadas desde el 2006,\u00a0hab\u00edan quedado sin ejecutar bajo gobiernos del PP y del PSOE. La responsabilidad era compartida; la propaganda, no. La sexta fue el gran apag\u00f3n\u00a0del 28 de abril de 2025, el peor incidente el\u00e9ctrico europeo en m\u00e1s de dos d\u00e9cadas. El\u00a0informe final de ENTSO-E\u00a0describe oscilaciones, deficiencias en el control de tensi\u00f3n y potencia reactiva y desconexiones en cascada. No culpa solo a las renovables: retrata un sistema incapaz de integrarlas con suficiente red, almacenamiento, regulaci\u00f3n y flexibilidad. La operaci\u00f3n reforzada posterior ya hab\u00eda costado\u00a0666 millones hasta marzo de 2026.\u00a0Nadie dimiti\u00f3. La s\u00e9ptima es Adamuz.\u00a0El choque ferroviario del 18 de enero del 2026 caus\u00f3 46 muertos y cort\u00f3 durante casi un mes la alta velocidad Madrid-Andaluc\u00eda. La\u00a0investigaci\u00f3n contin\u00faa;\u00a0la principal hip\u00f3tesis es la fractura de un carril o soldadura, y la\u00a0Fiscal\u00eda Europea investiga un posible fraude\u00a0con los fondos destinados al mantenimiento del tramo. Antes de conocer la causa, el Govern ya conoc\u00eda su inocencia. Y la octava es Ceuta.\u00a0El 30 de julio de 2026 entraron unas 72.000 personas; la mayor\u00eda regres\u00f3, pero miles permanecieron all\u00ed y la tragedia ya acumulaba m\u00e1s\u00a0de ochenta muertes en el lado espa\u00f1ol. S\u00e1nchez tard\u00f3 26\u00a0d\u00edas en convocar al Consejo de Seguridad Nacional, despu\u00e9s de veinte d\u00edas de vacaciones. Interior y Defensa ofrecieron versiones\u00a0 contradictorias sobre los avisos previos. Ceuta resume todas las crisis anteriores: imprevisi\u00f3n, descoordinaci\u00f3n, dependencia de Marruecos, colapso humanitario, ausencia presidencial y propaganda. Ocho cat\u00e1strofes, una sola forma de gobernar:\u00a0no anticipar, no coordinar, no explicar, no dimitir y acusar a los dem\u00e1s. S\u00e1nchez no ha eliminado la responsabilidad pol\u00edtica. Ha logrado algo m\u00e1s extraordinario: que solo exista para sus adversarios.<\/p>\n","protected":false},"author":80,"featured_media":101052,"comment_status":"open","ping_status":"open","sticky":false,"template":"","format":"standard","meta":{"_FSMCFIC_featured_image_caption":"El gran apag\u00f3n del 28 de abril de 2025.","_FSMCFIC_featured_image_nocaption":"","_FSMCFIC_featured_image_hide":"","footnotes":""},"categories":[806],"tags":[1157],"class_list":["post-101056","post","type-post","status-publish","format-standard","has-post-thumbnail","hentry","category-punts-claus-del-dia-es","tag-pedro-sanchez-es"],"yoast_head":"<!-- This site is optimized with the Yoast SEO plugin v26.8 - https:\/\/yoast.com\/product\/yoast-seo-wordpress\/ -->\n<title>Las ocho cat\u00e1strofes de S\u00e1nchez, de la covid a Ceuta<\/title>\n<meta name=\"description\" content=\"Ocho cat\u00e1strofes de S\u00e1nchez revelan un mismo m\u00e9todo de gobierno: imprevisi\u00f3n, descoordinaci\u00f3n, propaganda y ausencia de responsabilidades.\" \/>\n<meta name=\"robots\" content=\"index, follow, max-snippet:-1, max-image-preview:large, max-video-preview:-1\" \/>\n<link rel=\"canonical\" href=\"https:\/\/conversesacatalunya.cat\/es\/ocho-catastrofes-sanchez-covid-ceuta\/\" \/>\n<meta property=\"og:locale\" content=\"es_ES\" \/>\n<meta property=\"og:type\" content=\"article\" \/>\n<meta property=\"og:title\" content=\"Las ocho cat\u00e1strofes de S\u00e1nchez, de la covid a Ceuta\" \/>\n<meta property=\"og:description\" content=\"Ocho cat\u00e1strofes de S\u00e1nchez revelan un mismo m\u00e9todo de gobierno: imprevisi\u00f3n, descoordinaci\u00f3n, propaganda y ausencia de responsabilidades.\" \/>\n<meta property=\"og:url\" content=\"https:\/\/conversesacatalunya.cat\/es\/ocho-catastrofes-sanchez-covid-ceuta\/\" \/>\n<meta property=\"og:site_name\" content=\"Converses a Catalunya\" \/>\n<meta property=\"article:published_time\" content=\"2026-09-02T03:43:33+00:00\" \/>\n<meta property=\"article:modified_time\" content=\"2026-09-02T04:19:58+00:00\" \/>\n<meta property=\"og:image\" content=\"https:\/\/conversesacatalunya.cat\/wp-content\/uploads\/2026\/09\/apagon_100kb.jpg\" \/>\n\t<meta property=\"og:image:width\" content=\"1536\" \/>\n\t<meta property=\"og:image:height\" content=\"1024\" \/>\n\t<meta property=\"og:image:type\" content=\"image\/jpeg\" \/>\n<meta name=\"author\" content=\"N\u00faria Freixa\" \/>\n<meta name=\"twitter:card\" content=\"summary_large_image\" \/>\n<meta name=\"twitter:label1\" content=\"Escrito por\" \/>\n\t<meta name=\"twitter:data1\" content=\"N\u00faria Freixa\" \/>\n\t<meta name=\"twitter:label2\" content=\"Tiempo de lectura\" \/>\n\t<meta name=\"twitter:data2\" content=\"4 minutos\" \/>\n<script type=\"application\/ld+json\" class=\"yoast-schema-graph\">{\"@context\":\"https:\/\/schema.org\",\"@graph\":[{\"@type\":\"Article\",\"@id\":\"https:\/\/conversesacatalunya.cat\/es\/ocho-catastrofes-sanchez-covid-ceuta\/#article\",\"isPartOf\":{\"@id\":\"https:\/\/conversesacatalunya.cat\/es\/ocho-catastrofes-sanchez-covid-ceuta\/\"},\"author\":{\"name\":\"N\u00faria Freixa\",\"@id\":\"https:\/\/conversesacatalunya.cat\/#\/schema\/person\/b734752c25b328c819a407cbea568c1f\"},\"headline\":\"Las ocho gestiones catastr\u00f3ficas de S\u00e1nchez: gobernar es culpar a los dem\u00e1s\",\"datePublished\":\"2026-09-02T03:43:33+00:00\",\"dateModified\":\"2026-09-02T04:19:58+00:00\",\"mainEntityOfPage\":{\"@id\":\"https:\/\/conversesacatalunya.cat\/es\/ocho-catastrofes-sanchez-covid-ceuta\/\"},\"wordCount\":885,\"commentCount\":0,\"image\":{\"@id\":\"https:\/\/conversesacatalunya.cat\/es\/ocho-catastrofes-sanchez-covid-ceuta\/#primaryimage\"},\"thumbnailUrl\":\"https:\/\/conversesacatalunya.cat\/wp-content\/uploads\/2026\/09\/apagon_100kb.jpg\",\"keywords\":[\"Pedro S\u00e1nchez\"],\"articleSection\":[\"Punts clau del dia (ES)\"],\"inLanguage\":\"es\",\"potentialAction\":[{\"@type\":\"CommentAction\",\"name\":\"Comment\",\"target\":[\"https:\/\/conversesacatalunya.cat\/es\/ocho-catastrofes-sanchez-covid-ceuta\/#respond\"]}]},{\"@type\":\"WebPage\",\"@id\":\"https:\/\/conversesacatalunya.cat\/es\/ocho-catastrofes-sanchez-covid-ceuta\/\",\"url\":\"https:\/\/conversesacatalunya.cat\/es\/ocho-catastrofes-sanchez-covid-ceuta\/\",\"name\":\"Las ocho cat\u00e1strofes de S\u00e1nchez, de la covid a Ceuta\",\"isPartOf\":{\"@id\":\"https:\/\/conversesacatalunya.cat\/#website\"},\"primaryImageOfPage\":{\"@id\":\"https:\/\/conversesacatalunya.cat\/es\/ocho-catastrofes-sanchez-covid-ceuta\/#primaryimage\"},\"image\":{\"@id\":\"https:\/\/conversesacatalunya.cat\/es\/ocho-catastrofes-sanchez-covid-ceuta\/#primaryimage\"},\"thumbnailUrl\":\"https:\/\/conversesacatalunya.cat\/wp-content\/uploads\/2026\/09\/apagon_100kb.jpg\",\"datePublished\":\"2026-09-02T03:43:33+00:00\",\"dateModified\":\"2026-09-02T04:19:58+00:00\",\"author\":{\"@id\":\"https:\/\/conversesacatalunya.cat\/#\/schema\/person\/b734752c25b328c819a407cbea568c1f\"},\"description\":\"Ocho cat\u00e1strofes de S\u00e1nchez revelan un mismo m\u00e9todo de gobierno: imprevisi\u00f3n, descoordinaci\u00f3n, propaganda y ausencia de responsabilidades.\",\"breadcrumb\":{\"@id\":\"https:\/\/conversesacatalunya.cat\/es\/ocho-catastrofes-sanchez-covid-ceuta\/#breadcrumb\"},\"inLanguage\":\"es\",\"potentialAction\":[{\"@type\":\"ReadAction\",\"target\":[\"https:\/\/conversesacatalunya.cat\/es\/ocho-catastrofes-sanchez-covid-ceuta\/\"]}]},{\"@type\":\"ImageObject\",\"inLanguage\":\"es\",\"@id\":\"https:\/\/conversesacatalunya.cat\/es\/ocho-catastrofes-sanchez-covid-ceuta\/#primaryimage\",\"url\":\"https:\/\/conversesacatalunya.cat\/wp-content\/uploads\/2026\/09\/apagon_100kb.jpg\",\"contentUrl\":\"https:\/\/conversesacatalunya.cat\/wp-content\/uploads\/2026\/09\/apagon_100kb.jpg\",\"width\":1536,\"height\":1024,\"caption\":\"Ocho cat\u00e1strofes de S\u00e1nchez\"},{\"@type\":\"BreadcrumbList\",\"@id\":\"https:\/\/conversesacatalunya.cat\/es\/ocho-catastrofes-sanchez-covid-ceuta\/#breadcrumb\",\"itemListElement\":[{\"@type\":\"ListItem\",\"position\":1,\"name\":\"Inici\",\"item\":\"https:\/\/conversesacatalunya.cat\/es\/\"},{\"@type\":\"ListItem\",\"position\":2,\"name\":\"Las ocho gestiones catastr\u00f3ficas de S\u00e1nchez: gobernar es culpar a los dem\u00e1s\"}]},{\"@type\":\"WebSite\",\"@id\":\"https:\/\/conversesacatalunya.cat\/#website\",\"url\":\"https:\/\/conversesacatalunya.cat\/\",\"name\":\"Converses a Catalunya\",\"description\":\"\",\"potentialAction\":[{\"@type\":\"SearchAction\",\"target\":{\"@type\":\"EntryPoint\",\"urlTemplate\":\"https:\/\/conversesacatalunya.cat\/?s={search_term_string}\"},\"query-input\":{\"@type\":\"PropertyValueSpecification\",\"valueRequired\":true,\"valueName\":\"search_term_string\"}}],\"inLanguage\":\"es\"},{\"@type\":\"Person\",\"@id\":\"https:\/\/conversesacatalunya.cat\/#\/schema\/person\/b734752c25b328c819a407cbea568c1f\",\"name\":\"N\u00faria Freixa\",\"image\":{\"@type\":\"ImageObject\",\"inLanguage\":\"es\",\"@id\":\"https:\/\/conversesacatalunya.cat\/#\/schema\/person\/image\/\",\"url\":\"https:\/\/secure.gravatar.com\/avatar\/6b36ffa9402ecae01cba1c904694b520?s=96&d=mm&r=g\",\"contentUrl\":\"https:\/\/secure.gravatar.com\/avatar\/6b36ffa9402ecae01cba1c904694b520?s=96&d=mm&r=g\",\"caption\":\"N\u00faria Freixa\"},\"url\":\"https:\/\/conversesacatalunya.cat\/es\/author\/nuria_freixa\/\"}]}<\/script>\n<!-- \/ Yoast SEO plugin. -->","yoast_head_json":{"title":"Las ocho cat\u00e1strofes de S\u00e1nchez, de la covid a Ceuta","description":"Ocho cat\u00e1strofes de S\u00e1nchez revelan un mismo m\u00e9todo de gobierno: imprevisi\u00f3n, descoordinaci\u00f3n, propaganda y ausencia de responsabilidades.","robots":{"index":"index","follow":"follow","max-snippet":"max-snippet:-1","max-image-preview":"max-image-preview:large","max-video-preview":"max-video-preview:-1"},"canonical":"https:\/\/conversesacatalunya.cat\/es\/ocho-catastrofes-sanchez-covid-ceuta\/","og_locale":"es_ES","og_type":"article","og_title":"Las ocho cat\u00e1strofes de S\u00e1nchez, de la covid a Ceuta","og_description":"Ocho cat\u00e1strofes de S\u00e1nchez revelan un mismo m\u00e9todo de gobierno: imprevisi\u00f3n, descoordinaci\u00f3n, propaganda y ausencia de responsabilidades.","og_url":"https:\/\/conversesacatalunya.cat\/es\/ocho-catastrofes-sanchez-covid-ceuta\/","og_site_name":"Converses a Catalunya","article_published_time":"2026-09-02T03:43:33+00:00","article_modified_time":"2026-09-02T04:19:58+00:00","og_image":[{"width":1536,"height":1024,"url":"https:\/\/conversesacatalunya.cat\/wp-content\/uploads\/2026\/09\/apagon_100kb.jpg","type":"image\/jpeg"}],"author":"N\u00faria Freixa","twitter_card":"summary_large_image","twitter_misc":{"Escrito por":"N\u00faria Freixa","Tiempo de lectura":"4 minutos"},"schema":{"@context":"https:\/\/schema.org","@graph":[{"@type":"Article","@id":"https:\/\/conversesacatalunya.cat\/es\/ocho-catastrofes-sanchez-covid-ceuta\/#article","isPartOf":{"@id":"https:\/\/conversesacatalunya.cat\/es\/ocho-catastrofes-sanchez-covid-ceuta\/"},"author":{"name":"N\u00faria Freixa","@id":"https:\/\/conversesacatalunya.cat\/#\/schema\/person\/b734752c25b328c819a407cbea568c1f"},"headline":"Las ocho gestiones catastr\u00f3ficas de S\u00e1nchez: gobernar es culpar a los dem\u00e1s","datePublished":"2026-09-02T03:43:33+00:00","dateModified":"2026-09-02T04:19:58+00:00","mainEntityOfPage":{"@id":"https:\/\/conversesacatalunya.cat\/es\/ocho-catastrofes-sanchez-covid-ceuta\/"},"wordCount":885,"commentCount":0,"image":{"@id":"https:\/\/conversesacatalunya.cat\/es\/ocho-catastrofes-sanchez-covid-ceuta\/#primaryimage"},"thumbnailUrl":"https:\/\/conversesacatalunya.cat\/wp-content\/uploads\/2026\/09\/apagon_100kb.jpg","keywords":["Pedro S\u00e1nchez"],"articleSection":["Punts clau del dia (ES)"],"inLanguage":"es","potentialAction":[{"@type":"CommentAction","name":"Comment","target":["https:\/\/conversesacatalunya.cat\/es\/ocho-catastrofes-sanchez-covid-ceuta\/#respond"]}]},{"@type":"WebPage","@id":"https:\/\/conversesacatalunya.cat\/es\/ocho-catastrofes-sanchez-covid-ceuta\/","url":"https:\/\/conversesacatalunya.cat\/es\/ocho-catastrofes-sanchez-covid-ceuta\/","name":"Las ocho cat\u00e1strofes de S\u00e1nchez, de la covid a Ceuta","isPartOf":{"@id":"https:\/\/conversesacatalunya.cat\/#website"},"primaryImageOfPage":{"@id":"https:\/\/conversesacatalunya.cat\/es\/ocho-catastrofes-sanchez-covid-ceuta\/#primaryimage"},"image":{"@id":"https:\/\/conversesacatalunya.cat\/es\/ocho-catastrofes-sanchez-covid-ceuta\/#primaryimage"},"thumbnailUrl":"https:\/\/conversesacatalunya.cat\/wp-content\/uploads\/2026\/09\/apagon_100kb.jpg","datePublished":"2026-09-02T03:43:33+00:00","dateModified":"2026-09-02T04:19:58+00:00","author":{"@id":"https:\/\/conversesacatalunya.cat\/#\/schema\/person\/b734752c25b328c819a407cbea568c1f"},"description":"Ocho cat\u00e1strofes de S\u00e1nchez revelan un mismo m\u00e9todo de gobierno: imprevisi\u00f3n, descoordinaci\u00f3n, propaganda y ausencia de responsabilidades.","breadcrumb":{"@id":"https:\/\/conversesacatalunya.cat\/es\/ocho-catastrofes-sanchez-covid-ceuta\/#breadcrumb"},"inLanguage":"es","potentialAction":[{"@type":"ReadAction","target":["https:\/\/conversesacatalunya.cat\/es\/ocho-catastrofes-sanchez-covid-ceuta\/"]}]},{"@type":"ImageObject","inLanguage":"es","@id":"https:\/\/conversesacatalunya.cat\/es\/ocho-catastrofes-sanchez-covid-ceuta\/#primaryimage","url":"https:\/\/conversesacatalunya.cat\/wp-content\/uploads\/2026\/09\/apagon_100kb.jpg","contentUrl":"https:\/\/conversesacatalunya.cat\/wp-content\/uploads\/2026\/09\/apagon_100kb.jpg","width":1536,"height":1024,"caption":"Ocho cat\u00e1strofes de S\u00e1nchez"},{"@type":"BreadcrumbList","@id":"https:\/\/conversesacatalunya.cat\/es\/ocho-catastrofes-sanchez-covid-ceuta\/#breadcrumb","itemListElement":[{"@type":"ListItem","position":1,"name":"Inici","item":"https:\/\/conversesacatalunya.cat\/es\/"},{"@type":"ListItem","position":2,"name":"Las ocho gestiones catastr\u00f3ficas de S\u00e1nchez: gobernar es culpar a los dem\u00e1s"}]},{"@type":"WebSite","@id":"https:\/\/conversesacatalunya.cat\/#website","url":"https:\/\/conversesacatalunya.cat\/","name":"Converses a Catalunya","description":"","potentialAction":[{"@type":"SearchAction","target":{"@type":"EntryPoint","urlTemplate":"https:\/\/conversesacatalunya.cat\/?s={search_term_string}"},"query-input":{"@type":"PropertyValueSpecification","valueRequired":true,"valueName":"search_term_string"}}],"inLanguage":"es"},{"@type":"Person","@id":"https:\/\/conversesacatalunya.cat\/#\/schema\/person\/b734752c25b328c819a407cbea568c1f","name":"N\u00faria Freixa","image":{"@type":"ImageObject","inLanguage":"es","@id":"https:\/\/conversesacatalunya.cat\/#\/schema\/person\/image\/","url":"https:\/\/secure.gravatar.com\/avatar\/6b36ffa9402ecae01cba1c904694b520?s=96&d=mm&r=g","contentUrl":"https:\/\/secure.gravatar.com\/avatar\/6b36ffa9402ecae01cba1c904694b520?s=96&d=mm&r=g","caption":"N\u00faria Freixa"},"url":"https:\/\/conversesacatalunya.cat\/es\/author\/nuria_freixa\/"}]}},"wps_subtitle":"Ocho crisis distintas revelan un mismo patr\u00f3n: el Gobierno no prev\u00e9, no coordina y nunca asume responsabilidades.","_links":{"self":[{"href":"https:\/\/conversesacatalunya.cat\/es\/wp-json\/wp\/v2\/posts\/101056","targetHints":{"allow":["GET"]}}],"collection":[{"href":"https:\/\/conversesacatalunya.cat\/es\/wp-json\/wp\/v2\/posts"}],"about":[{"href":"https:\/\/conversesacatalunya.cat\/es\/wp-json\/wp\/v2\/types\/post"}],"author":[{"embeddable":true,"href":"https:\/\/conversesacatalunya.cat\/es\/wp-json\/wp\/v2\/users\/80"}],"replies":[{"embeddable":true,"href":"https:\/\/conversesacatalunya.cat\/es\/wp-json\/wp\/v2\/comments?post=101056"}],"version-history":[{"count":7,"href":"https:\/\/conversesacatalunya.cat\/es\/wp-json\/wp\/v2\/posts\/101056\/revisions"}],"predecessor-version":[{"id":101065,"href":"https:\/\/conversesacatalunya.cat\/es\/wp-json\/wp\/v2\/posts\/101056\/revisions\/101065"}],"wp:featuredmedia":[{"embeddable":true,"href":"https:\/\/conversesacatalunya.cat\/es\/wp-json\/wp\/v2\/media\/101052"}],"wp:attachment":[{"href":"https:\/\/conversesacatalunya.cat\/es\/wp-json\/wp\/v2\/media?parent=101056"}],"wp:term":[{"taxonomy":"category","embeddable":true,"href":"https:\/\/conversesacatalunya.cat\/es\/wp-json\/wp\/v2\/categories?post=101056"},{"taxonomy":"post_tag","embeddable":true,"href":"https:\/\/conversesacatalunya.cat\/es\/wp-json\/wp\/v2\/tags?post=101056"}],"curies":[{"name":"wp","href":"https:\/\/api.w.org\/{rel}","templated":true}]}}