{"id":101038,"date":"2026-09-01T08:37:05","date_gmt":"2026-09-01T06:37:05","guid":{"rendered":"https:\/\/conversesacatalunya.cat\/?p=101038"},"modified":"2026-09-01T08:58:57","modified_gmt":"2026-09-01T06:58:57","slug":"crisis-servicios-publicos-catalunya","status":"publish","type":"post","link":"https:\/\/conversesacatalunya.cat\/es\/crisis-servicios-publicos-catalunya\/","title":{"rendered":"Antes de hablar de 2035: el balance pendiente de Salvador Illa (II)"},"content":{"rendered":"<p class=\"isSelectedEnd\"><span><span dir=\"auto\">Cuando Salvador Illa explique en el Museu Mar\u00edtim, el 14 de septiembre, que <strong>\u00abel futuro ya est\u00e1 aqu\u00ed\u00bb<\/strong>, muchos catalanes estar\u00e1n de acuerdo. El futuro es esperar a un autob\u00fas porque el tren no pasa, tres a\u00f1os para que la Audiencia resuelva un recurso o una explicaci\u00f3n sobre c\u00f3mo unos presos entraron en la red inform\u00e1tica de Justicia. Es un futuro extraordinariamente moderno:\u00a0<\/span><strong><span dir=\"auto\">todo est\u00e1 digitalizado, menos la responsabilidad.<\/span><\/strong><\/span><\/p>\n<h4><strong><span dir=\"auto\">Seguridad<\/span><\/strong><\/h4>\n<p class=\"isSelectedEnd\"><span><span dir=\"auto\">Empecemos por la seguridad, sin hacer trampa con los datos. La criminalidad registrada descendi\u00f3 un 7,6% durante el primer semestre de 2026. Pero, dentro de esta mejora general, hay una se\u00f1al grave: siete homicidios y 27 heridos con armas de fuego, mayoritariamente vinculados al narcotr\u00e1fico y al crimen organizado. A principios de julio ya se hab\u00edan contabilizado siete muertos a tiros.<\/span><\/span><\/p>\n<p class=\"isSelectedEnd\"><span><span dir=\"auto\">No es una percepci\u00f3n fabricada cuando hay tiroteos y muertes en la Zona Franca, Sant Andreu o la calle Balmes, este \u00faltimo episodio frente a una comisar\u00eda y en plena visita del Papa. El problema no son solo los episodios; es el tipo de organizaci\u00f3n que revelan.<\/span><\/span><\/p>\n<p class=\"isSelectedEnd\"><span><span dir=\"auto\"><span class=\"VIpgJd-yAWNEb-VIpgJd-fmcmS-sn54Q\" dir=\"auto\">Catalunya es productora y exportadora de marihuana, corredor del tr\u00e1fico por la AP-7 y puerta de entrada de coca\u00edna por el puerto de Barcelona. El fiscal antidroga\u00a0<\/span><\/span><strong><span dir=\"auto\"><span class=\"VIpgJd-yAWNEb-VIpgJd-fmcmS-sn54Q\" dir=\"auto\">Gerardo Cavero<\/span><\/span><\/strong><span dir=\"auto\"><span class=\"VIpgJd-yAWNEb-VIpgJd-fmcmS-sn54Q\" dir=\"auto\">\u00a0ha advertido que las bandas ya mueven \u00abdinero y cantidades de droga descomunales\u00bb y que los territorios productores pueden iniciar el camino hacia un\u00a0<\/span><\/span><strong><span dir=\"auto\"><span class=\"VIpgJd-yAWNEb-VIpgJd-fmcmS-sn54Q\" dir=\"auto\">narcoestado:<\/span><\/span><\/strong><span dir=\"auto\"><span class=\"VIpgJd-yAWNEb-VIpgJd-fmcmS-sn54Q\" dir=\"auto\">\u00a0primero se arraigan, luego corrompen y, finalmente, aspiran a influir en el poder econ\u00f3mico y pol\u00edtico.<\/span><\/span><\/span><\/p>\n<p class=\"isSelectedEnd\"><span><span dir=\"auto\">Durante el primer semestre, el 112 recibi\u00f3 en Barcelona 3.500 avisos vinculados a drogas, mil m\u00e1s que un a\u00f1o antes.<\/span><\/span><\/p>\n<p class=\"isSelectedEnd\"><span><span dir=\"auto\"><span class=\"\" dir=\"auto\">Esto no significa que Catalunya sea Suecia o Pa\u00edses Bajos, donde los narcos le hacen el pulso al Estado; al menos todav\u00eda no. Significa que est\u00e1 a tiempo de no recorrer el mismo camino. Es necesaria una unidad estable contra el crimen organizado, m\u00e1s inteligencia patrimonial y portuaria, persecuci\u00f3n del blanqueo de capitales y una estrategia espec\u00edfica contra las armas de fuego.\u00a0<\/span><\/span><strong><span dir=\"auto\"><span class=\"\" dir=\"auto\">Negar la alarma porque bajan los hurtos<\/span><\/span><\/strong><span dir=\"auto\"><span class=\"\" dir=\"auto\">\u00a0ser\u00eda tan sensato como celebrar que el barco tiene menos goteras mientras se incendia la sala de m\u00e1quinas.<\/span><\/span><\/span><\/p>\n<h4><strong><span dir=\"auto\">Justicia<\/span><\/strong><\/h4>\n<p class=\"isSelectedEnd\"><span><span dir=\"auto\">La respuesta penal, adem\u00e1s, alcanza unos juzgados saturados. El presidente de la Audiencia de Barcelona,\u00a0<\/span><strong><span dir=\"auto\">\u200b\u200bAntonio Recio,<\/span><\/strong><span dir=\"auto\"> present\u00f3 una cifra demoledora: 40.135 asuntos civiles pendientes. Aunque no entrase ninguno nuevo, har\u00edan falta tres a\u00f1os para resolverlos.\u00a0<\/span><strong><span dir=\"auto\">Recio reclama cerca de cincuenta jueces adicionales, pr\u00e1cticamente doblar la planta civil.<\/span><\/strong><span dir=\"auto\">\u00a0El Govern celebr\u00f3 la creaci\u00f3n de nuevas plazas judiciales; el presidente de la Audiencia responde que sigue \u00ababsolutamente superado\u00bb. Alguien tendr\u00e1 que explicar la diferencia entre el anuncio y la capacidad real.<\/span><\/span><\/p>\n<p class=\"isSelectedEnd\"><span><strong><span dir=\"auto\">El Pacto de Bola\u00f1os con Espadaler,<\/span><\/strong><span dir=\"auto\">\u00a0como todos los pactos con el Govern, suena a m\u00fasica celestial, pero no resuelve el problema de fondo si no va acompa\u00f1ado de recursos, personal y capacidad efectiva para hacer funcionar la justicia. Los anuncios institucionales no pueden sustituir a los resultados.<\/span><\/span><\/p>\n<p class=\"isSelectedEnd\"><span><span dir=\"auto\">La ciberseguridad ha ofrecido una escena que, de no ser peligrosa, ser\u00eda c\u00f3mica.\u00a0<\/span><strong><span dir=\"auto\">Tres internos de Puig de les Basses accedieron desde los terminales de la c\u00e1rcel a carpetas compartidas de la red de Just\u00edcia<\/span><\/strong><span dir=\"auto\">. Seg\u00fan UGT, el acceso se habr\u00eda extendido desde febrero a doce carpetas y unos 26.000 documentos, incluidos nombres, DNI, tel\u00e9fonos y matr\u00edculas de funcionarios. La Generalitat tiene una Agencia de Ciberseguridad; los presos al parecer ten\u00edan una pantalla t\u00e1ctil y tiempo libre.<\/span><\/span><\/p>\n<h4><strong><span dir=\"auto\">Cercan\u00edas<\/span><\/strong><\/h4>\n<p class=\"isSelectedEnd\"><span><span dir=\"auto\"><span class=\"VIpgJd-yAWNEb-VIpgJd-fmcmS-sn54Q\" dir=\"auto\">Y despu\u00e9s est\u00e1 Cercan\u00edas, la instituci\u00f3n catalana que ha logrado que el autob\u00fas parezca alta tecnolog\u00eda. El accidente mortal de Gelida y la suspensi\u00f3n general de enero revelaron la fragilidad de la red y\u00a0<\/span><\/span><strong><span dir=\"auto\"><span class=\"VIpgJd-yAWNEb-VIpgJd-fmcmS-sn54Q\" dir=\"auto\">la descoordinaci\u00f3n entre Adif, Renfe, maquinistas y Generalitat.<\/span><\/span><\/strong><\/span><\/p>\n<p class=\"isSelectedEnd\"><span><span dir=\"auto\"><span class=\"\" dir=\"auto\">El traspaso anunciado no ha mejorado todav\u00eda la experiencia del usuario. La<\/span><\/span><strong><span dir=\"auto\"><span class=\"\" dir=\"auto\">\u00a0R3<\/span><\/span><\/strong><span dir=\"auto\"><span class=\"\" dir=\"auto\">\u00a0sufre un corte de diecis\u00e9is meses por unas obras de desdoblamiento que deber\u00edan haber llegado d\u00e9cadas antes; el uso de los autobuses interurbanos entre Vic y Barcelona creci\u00f3 un 40% en el primer mes.<\/span><\/span><\/span><\/p>\n<p class=\"isSelectedEnd\"><span><a href=\"https:\/\/conversesacatalunya.cat\/es\/gobierno-illa-caos-eclipse-aguaceros-es-alert\/\" target=\"_blank\" rel=\"noopener\"><strong><span dir=\"auto\"><span class=\"\" dir=\"auto\">El eclipse del 12 de agosto<\/span><\/span><\/strong><\/a><span dir=\"auto\"><span class=\"\" dir=\"auto\">\u00a0resumi\u00f3 el problema. La Generalitat recomend\u00f3 el transporte p\u00fablico para ir hacia el sur, pero ni ella ni Renfe dimensionaron el operativo para la demanda. M\u00e1s de 26.000 personas se concentraron en Tarragona; las aglomeraciones obligaron a los Mossos a limitar el acceso a las estaciones. Renfe hab\u00eda doblado las plazas de la R16 hasta las 3.600 y hab\u00eda aumentado las de la R15 hasta las 1.600. Reforz\u00f3 el servicio, s\u00ed; pero el refuerzo demostraba que el c\u00e1lculo segu\u00eda lejos de la realidad.<\/span><\/span><\/span><\/p>\n<p class=\"isSelectedEnd\"><span><strong><span dir=\"auto\">El robo de cobre completa el cuadro.<\/span><\/strong><span dir=\"auto\">\u00a0En apenas seis meses, Adif denunci\u00f3 152 sustracciones en Catalunya: casi una cada d\u00eda y el 37,8% de todas las registradas en Espa\u00f1a. Despu\u00e9s de a\u00f1os de sabotajes, todav\u00eda no existe una combinaci\u00f3n eficaz de vigilancia, trazabilidad del metal, protecci\u00f3n f\u00edsica y persecuci\u00f3n de las redes receptadoras.<\/span><\/span><\/p>\n<p><span><strong><span dir=\"auto\"><span class=\"VIpgJd-yAWNEb-VIpgJd-fmcmS-sn54Q\" dir=\"auto\">Adif y Renfe son responsabilidad estatal; los Mossos y la titularidad del servicio, catalana.<\/span><\/span><\/strong><span dir=\"auto\"><span class=\"VIpgJd-yAWNEb-VIpgJd-fmcmS-sn54Q\" dir=\"auto\">\u00a0Precisamente por eso, la excusa permanente es inadmisible. Gobernar consiste en coordinar lo que depende de varios. Lo dem\u00e1s es dar conferencias sobre el futuro mientras los ciudadanos buscan el autob\u00fas.<\/span><\/span><\/span><\/p>\n<p><a href=\"https:\/\/conversesacatalunya.cat\/es\/dgaia-dependencia-escuela-balance-gobierno-illa\/\" target=\"_blank\" rel=\"noopener\"><strong><span dir=\"auto\">Antes de hablar de 2035: el balance pendiente de Salvador Illa (I)<\/span><\/strong><\/a><\/p>\n<span class='bctt-click-to-tweet'><span class='bctt-ctt-text'><a href='https:\/\/x.com\/intent\/tweet?url=https%3A%2F%2Fconversesacatalunya.cat%2Fes%2Fcrisis-servicios-publicos-catalunya%2F&#038;text=El%20fiscal%20antidroga%20advierte%3A%20las%20bandas%20mueven%20ya%20cantidades%20descomunales%20de%20droga%20y%20buscan%20poder%20econ%C3%B3mico%20y%20pol%C3%ADtico.%20A%C3%BAn%20estamos%20a%20tiempo%20de%20evitar%20el%20modelo%20neerland%C3%A9s%20o%20sueco.%20%23Narcotr%C3%A1fico&#038;via=conversesacat&#038;related=conversesacat' target='_blank'rel=\"noopener noreferrer\">El fiscal antidroga advierte: las bandas mueven ya cantidades descomunales de droga y buscan poder econ\u00f3mico y pol\u00edtico. A\u00fan estamos a tiempo de evitar el modelo neerland\u00e9s o sueco. #Narcotr\u00e1fico <\/a><\/span><a href='https:\/\/x.com\/intent\/tweet?url=https%3A%2F%2Fconversesacatalunya.cat%2Fes%2Fcrisis-servicios-publicos-catalunya%2F&#038;text=El%20fiscal%20antidroga%20advierte%3A%20las%20bandas%20mueven%20ya%20cantidades%20descomunales%20de%20droga%20y%20buscan%20poder%20econ%C3%B3mico%20y%20pol%C3%ADtico.%20A%C3%BAn%20estamos%20a%20tiempo%20de%20evitar%20el%20modelo%20neerland%C3%A9s%20o%20sueco.%20%23Narcotr%C3%A1fico&#038;via=conversesacat&#038;related=conversesacat' target='_blank' class='bctt-ctt-btn'rel=\"noopener noreferrer\">Compartir en X<\/a><\/span>\n","protected":false},"excerpt":{"rendered":"<p>Cuando Salvador Illa explique en el Museu Mar\u00edtim, el 14 de septiembre, que \u00abel futuro ya est\u00e1 aqu\u00ed\u00bb, muchos catalanes estar\u00e1n de acuerdo. El futuro es esperar a un autob\u00fas porque el tren no pasa, tres a\u00f1os para que la Audiencia resuelva un recurso o una explicaci\u00f3n sobre c\u00f3mo unos presos entraron en la red inform\u00e1tica de Justicia. Es un futuro extraordinariamente moderno:\u00a0todo est\u00e1 digitalizado, menos la responsabilidad. Seguridad Empecemos por la seguridad, sin hacer trampa con los datos. La criminalidad registrada descendi\u00f3 un 7,6% durante el primer semestre de 2026. Pero, dentro de esta mejora general, hay una se\u00f1al grave: siete homicidios y 27 heridos con armas de fuego, mayoritariamente vinculados al narcotr\u00e1fico y al crimen organizado. A principios de julio ya se hab\u00edan contabilizado siete muertos a tiros. No es una percepci\u00f3n fabricada cuando hay tiroteos y muertes en la Zona Franca, Sant Andreu o la calle Balmes, este \u00faltimo episodio frente a una comisar\u00eda y en plena visita del Papa. El problema no son solo los episodios; es el tipo de organizaci\u00f3n que revelan. Catalunya es productora y exportadora de marihuana, corredor del tr\u00e1fico por la AP-7 y puerta de entrada de coca\u00edna por el puerto de Barcelona. El fiscal antidroga\u00a0Gerardo Cavero\u00a0ha advertido que las bandas ya mueven \u00abdinero y cantidades de droga descomunales\u00bb y que los territorios productores pueden iniciar el camino hacia un\u00a0narcoestado:\u00a0primero se arraigan, luego corrompen y, finalmente, aspiran a influir en el poder econ\u00f3mico y pol\u00edtico. Durante el primer semestre, el 112 recibi\u00f3 en Barcelona 3.500 avisos vinculados a drogas, mil m\u00e1s que un a\u00f1o antes. Esto no significa que Catalunya sea Suecia o Pa\u00edses Bajos, donde los narcos le hacen el pulso al Estado; al menos todav\u00eda no. Significa que est\u00e1 a tiempo de no recorrer el mismo camino. Es necesaria una unidad estable contra el crimen organizado, m\u00e1s inteligencia patrimonial y portuaria, persecuci\u00f3n del blanqueo de capitales y una estrategia espec\u00edfica contra las armas de fuego.\u00a0Negar la alarma porque bajan los hurtos\u00a0ser\u00eda tan sensato como celebrar que el barco tiene menos goteras mientras se incendia la sala de m\u00e1quinas. Justicia La respuesta penal, adem\u00e1s, alcanza unos juzgados saturados. El presidente de la Audiencia de Barcelona,\u00a0\u200b\u200bAntonio Recio, present\u00f3 una cifra demoledora: 40.135 asuntos civiles pendientes. Aunque no entrase ninguno nuevo, har\u00edan falta tres a\u00f1os para resolverlos.\u00a0Recio reclama cerca de cincuenta jueces adicionales, pr\u00e1cticamente doblar la planta civil.\u00a0El Govern celebr\u00f3 la creaci\u00f3n de nuevas plazas judiciales; el presidente de la Audiencia responde que sigue \u00ababsolutamente superado\u00bb. Alguien tendr\u00e1 que explicar la diferencia entre el anuncio y la capacidad real. El Pacto de Bola\u00f1os con Espadaler,\u00a0como todos los pactos con el Govern, suena a m\u00fasica celestial, pero no resuelve el problema de fondo si no va acompa\u00f1ado de recursos, personal y capacidad efectiva para hacer funcionar la justicia. Los anuncios institucionales no pueden sustituir a los resultados. La ciberseguridad ha ofrecido una escena que, de no ser peligrosa, ser\u00eda c\u00f3mica.\u00a0Tres internos de Puig de les Basses accedieron desde los terminales de la c\u00e1rcel a carpetas compartidas de la red de Just\u00edcia. Seg\u00fan UGT, el acceso se habr\u00eda extendido desde febrero a doce carpetas y unos 26.000 documentos, incluidos nombres, DNI, tel\u00e9fonos y matr\u00edculas de funcionarios. La Generalitat tiene una Agencia de Ciberseguridad; los presos al parecer ten\u00edan una pantalla t\u00e1ctil y tiempo libre. Cercan\u00edas Y despu\u00e9s est\u00e1 Cercan\u00edas, la instituci\u00f3n catalana que ha logrado que el autob\u00fas parezca alta tecnolog\u00eda. El accidente mortal de Gelida y la suspensi\u00f3n general de enero revelaron la fragilidad de la red y\u00a0la descoordinaci\u00f3n entre Adif, Renfe, maquinistas y Generalitat. El traspaso anunciado no ha mejorado todav\u00eda la experiencia del usuario. La\u00a0R3\u00a0sufre un corte de diecis\u00e9is meses por unas obras de desdoblamiento que deber\u00edan haber llegado d\u00e9cadas antes; el uso de los autobuses interurbanos entre Vic y Barcelona creci\u00f3 un 40% en el primer mes. El eclipse del 12 de agosto\u00a0resumi\u00f3 el problema. La Generalitat recomend\u00f3 el transporte p\u00fablico para ir hacia el sur, pero ni ella ni Renfe dimensionaron el operativo para la demanda. M\u00e1s de 26.000 personas se concentraron en Tarragona; las aglomeraciones obligaron a los Mossos a limitar el acceso a las estaciones. Renfe hab\u00eda doblado las plazas de la R16 hasta las 3.600 y hab\u00eda aumentado las de la R15 hasta las 1.600. Reforz\u00f3 el servicio, s\u00ed; pero el refuerzo demostraba que el c\u00e1lculo segu\u00eda lejos de la realidad. El robo de cobre completa el cuadro.\u00a0En apenas seis meses, Adif denunci\u00f3 152 sustracciones en Catalunya: casi una cada d\u00eda y el 37,8% de todas las registradas en Espa\u00f1a. Despu\u00e9s de a\u00f1os de sabotajes, todav\u00eda no existe una combinaci\u00f3n eficaz de vigilancia, trazabilidad del metal, protecci\u00f3n f\u00edsica y persecuci\u00f3n de las redes receptadoras. Adif y Renfe son responsabilidad estatal; los Mossos y la titularidad del servicio, catalana.\u00a0Precisamente por eso, la excusa permanente es inadmisible. Gobernar consiste en coordinar lo que depende de varios. Lo dem\u00e1s es dar conferencias sobre el futuro mientras los ciudadanos buscan el autob\u00fas. Antes de hablar de 2035: el balance pendiente de Salvador Illa (I)<\/p>\n","protected":false},"author":81,"featured_media":101036,"comment_status":"open","ping_status":"open","sticky":false,"template":"","format":"standard","meta":{"_FSMCFIC_featured_image_caption":"","_FSMCFIC_featured_image_nocaption":"","_FSMCFIC_featured_image_hide":"","footnotes":""},"categories":[806],"tags":[865,845,5629],"class_list":["post-101038","post","type-post","status-publish","format-standard","has-post-thumbnail","hentry","category-punts-claus-del-dia-es","tag-cataluna","tag-catalunya-es","tag-govern-illa"],"yoast_head":"<!-- This site is optimized with the Yoast SEO plugin v26.8 - https:\/\/yoast.com\/product\/yoast-seo-wordpress\/ -->\n<title>Antes de hablar de 2035: el balance pendiente de Salvador Illa (II) - Converses a Catalunya<\/title>\n<meta name=\"description\" content=\"Crisis de los servicios p\u00fablicos en Catalunya: Armas de fuego, crimen organizado, juzgados colapsados, brecha inform\u00e1tica en prisi\u00f3n, cercan\u00edas\" \/>\n<meta name=\"robots\" content=\"index, follow, max-snippet:-1, max-image-preview:large, max-video-preview:-1\" \/>\n<link rel=\"canonical\" href=\"https:\/\/conversesacatalunya.cat\/es\/crisis-servicios-publicos-catalunya\/\" \/>\n<meta property=\"og:locale\" content=\"es_ES\" \/>\n<meta property=\"og:type\" content=\"article\" \/>\n<meta property=\"og:title\" content=\"Antes de hablar de 2035: el balance pendiente de Salvador Illa (II) - Converses a Catalunya\" \/>\n<meta property=\"og:description\" content=\"Crisis de los servicios p\u00fablicos en Catalunya: Armas de fuego, crimen organizado, juzgados colapsados, brecha inform\u00e1tica en prisi\u00f3n, cercan\u00edas\" \/>\n<meta property=\"og:url\" content=\"https:\/\/conversesacatalunya.cat\/es\/crisis-servicios-publicos-catalunya\/\" \/>\n<meta property=\"og:site_name\" content=\"Converses a Catalunya\" \/>\n<meta property=\"article:published_time\" content=\"2026-09-01T06:37:05+00:00\" \/>\n<meta property=\"article:modified_time\" content=\"2026-09-01T06:58:57+00:00\" \/>\n<meta property=\"og:image\" content=\"https:\/\/conversesacatalunya.cat\/wp-content\/uploads\/2026\/09\/imatge_article_100kb1.jpg\" \/>\n\t<meta property=\"og:image:width\" content=\"1536\" \/>\n\t<meta property=\"og:image:height\" content=\"1024\" \/>\n\t<meta property=\"og:image:type\" content=\"image\/jpeg\" \/>\n<meta name=\"author\" content=\"Emili Clos\" \/>\n<meta name=\"twitter:card\" content=\"summary_large_image\" \/>\n<meta name=\"twitter:label1\" content=\"Escrito por\" \/>\n\t<meta name=\"twitter:data1\" content=\"Emili Clos\" \/>\n\t<meta name=\"twitter:label2\" content=\"Tiempo de lectura\" \/>\n\t<meta name=\"twitter:data2\" content=\"5 minutos\" \/>\n<script type=\"application\/ld+json\" class=\"yoast-schema-graph\">{\"@context\":\"https:\/\/schema.org\",\"@graph\":[{\"@type\":\"Article\",\"@id\":\"https:\/\/conversesacatalunya.cat\/es\/crisis-servicios-publicos-catalunya\/#article\",\"isPartOf\":{\"@id\":\"https:\/\/conversesacatalunya.cat\/es\/crisis-servicios-publicos-catalunya\/\"},\"author\":{\"name\":\"Emili Clos\",\"@id\":\"https:\/\/conversesacatalunya.cat\/#\/schema\/person\/46306de4129bccb959ed5e1720c4e3e7\"},\"headline\":\"Antes de hablar de 2035: el balance pendiente de Salvador Illa (II)\",\"datePublished\":\"2026-09-01T06:37:05+00:00\",\"dateModified\":\"2026-09-01T06:58:57+00:00\",\"mainEntityOfPage\":{\"@id\":\"https:\/\/conversesacatalunya.cat\/es\/crisis-servicios-publicos-catalunya\/\"},\"wordCount\":958,\"commentCount\":0,\"image\":{\"@id\":\"https:\/\/conversesacatalunya.cat\/es\/crisis-servicios-publicos-catalunya\/#primaryimage\"},\"thumbnailUrl\":\"https:\/\/conversesacatalunya.cat\/wp-content\/uploads\/2026\/09\/imatge_article_100kb1.jpg\",\"keywords\":[\"Catalu\u00f1a\",\"Catalunya\",\"Govern Illa\"],\"articleSection\":[\"Punts clau del dia (ES)\"],\"inLanguage\":\"es\",\"potentialAction\":[{\"@type\":\"CommentAction\",\"name\":\"Comment\",\"target\":[\"https:\/\/conversesacatalunya.cat\/es\/crisis-servicios-publicos-catalunya\/#respond\"]}]},{\"@type\":\"WebPage\",\"@id\":\"https:\/\/conversesacatalunya.cat\/es\/crisis-servicios-publicos-catalunya\/\",\"url\":\"https:\/\/conversesacatalunya.cat\/es\/crisis-servicios-publicos-catalunya\/\",\"name\":\"Antes de hablar de 2035: el balance pendiente de Salvador Illa (II) - Converses a Catalunya\",\"isPartOf\":{\"@id\":\"https:\/\/conversesacatalunya.cat\/#website\"},\"primaryImageOfPage\":{\"@id\":\"https:\/\/conversesacatalunya.cat\/es\/crisis-servicios-publicos-catalunya\/#primaryimage\"},\"image\":{\"@id\":\"https:\/\/conversesacatalunya.cat\/es\/crisis-servicios-publicos-catalunya\/#primaryimage\"},\"thumbnailUrl\":\"https:\/\/conversesacatalunya.cat\/wp-content\/uploads\/2026\/09\/imatge_article_100kb1.jpg\",\"datePublished\":\"2026-09-01T06:37:05+00:00\",\"dateModified\":\"2026-09-01T06:58:57+00:00\",\"author\":{\"@id\":\"https:\/\/conversesacatalunya.cat\/#\/schema\/person\/46306de4129bccb959ed5e1720c4e3e7\"},\"description\":\"Crisis de los servicios p\u00fablicos en Catalunya: Armas de fuego, crimen organizado, juzgados colapsados, brecha inform\u00e1tica en prisi\u00f3n, cercan\u00edas\",\"breadcrumb\":{\"@id\":\"https:\/\/conversesacatalunya.cat\/es\/crisis-servicios-publicos-catalunya\/#breadcrumb\"},\"inLanguage\":\"es\",\"potentialAction\":[{\"@type\":\"ReadAction\",\"target\":[\"https:\/\/conversesacatalunya.cat\/es\/crisis-servicios-publicos-catalunya\/\"]}]},{\"@type\":\"ImageObject\",\"inLanguage\":\"es\",\"@id\":\"https:\/\/conversesacatalunya.cat\/es\/crisis-servicios-publicos-catalunya\/#primaryimage\",\"url\":\"https:\/\/conversesacatalunya.cat\/wp-content\/uploads\/2026\/09\/imatge_article_100kb1.jpg\",\"contentUrl\":\"https:\/\/conversesacatalunya.cat\/wp-content\/uploads\/2026\/09\/imatge_article_100kb1.jpg\",\"width\":1536,\"height\":1024,\"caption\":\"Crisis de los servicios p\u00fablicos en Catalunya\"},{\"@type\":\"BreadcrumbList\",\"@id\":\"https:\/\/conversesacatalunya.cat\/es\/crisis-servicios-publicos-catalunya\/#breadcrumb\",\"itemListElement\":[{\"@type\":\"ListItem\",\"position\":1,\"name\":\"Inici\",\"item\":\"https:\/\/conversesacatalunya.cat\/es\/\"},{\"@type\":\"ListItem\",\"position\":2,\"name\":\"Antes de hablar de 2035: el balance pendiente de Salvador Illa (II)\"}]},{\"@type\":\"WebSite\",\"@id\":\"https:\/\/conversesacatalunya.cat\/#website\",\"url\":\"https:\/\/conversesacatalunya.cat\/\",\"name\":\"Converses a Catalunya\",\"description\":\"\",\"potentialAction\":[{\"@type\":\"SearchAction\",\"target\":{\"@type\":\"EntryPoint\",\"urlTemplate\":\"https:\/\/conversesacatalunya.cat\/?s={search_term_string}\"},\"query-input\":{\"@type\":\"PropertyValueSpecification\",\"valueRequired\":true,\"valueName\":\"search_term_string\"}}],\"inLanguage\":\"es\"},{\"@type\":\"Person\",\"@id\":\"https:\/\/conversesacatalunya.cat\/#\/schema\/person\/46306de4129bccb959ed5e1720c4e3e7\",\"name\":\"Emili Clos\",\"image\":{\"@type\":\"ImageObject\",\"inLanguage\":\"es\",\"@id\":\"https:\/\/conversesacatalunya.cat\/#\/schema\/person\/image\/\",\"url\":\"https:\/\/secure.gravatar.com\/avatar\/670219f2fafbd743255954580aa63f7f?s=96&d=mm&r=g\",\"contentUrl\":\"https:\/\/secure.gravatar.com\/avatar\/670219f2fafbd743255954580aa63f7f?s=96&d=mm&r=g\",\"caption\":\"Emili Clos\"},\"url\":\"https:\/\/conversesacatalunya.cat\/es\/author\/emili_clos\/\"}]}<\/script>\n<!-- \/ Yoast SEO plugin. -->","yoast_head_json":{"title":"Antes de hablar de 2035: el balance pendiente de Salvador Illa (II) - Converses a Catalunya","description":"Crisis de los servicios p\u00fablicos en Catalunya: Armas de fuego, crimen organizado, juzgados colapsados, brecha inform\u00e1tica en prisi\u00f3n, cercan\u00edas","robots":{"index":"index","follow":"follow","max-snippet":"max-snippet:-1","max-image-preview":"max-image-preview:large","max-video-preview":"max-video-preview:-1"},"canonical":"https:\/\/conversesacatalunya.cat\/es\/crisis-servicios-publicos-catalunya\/","og_locale":"es_ES","og_type":"article","og_title":"Antes de hablar de 2035: el balance pendiente de Salvador Illa (II) - Converses a Catalunya","og_description":"Crisis de los servicios p\u00fablicos en Catalunya: Armas de fuego, crimen organizado, juzgados colapsados, brecha inform\u00e1tica en prisi\u00f3n, cercan\u00edas","og_url":"https:\/\/conversesacatalunya.cat\/es\/crisis-servicios-publicos-catalunya\/","og_site_name":"Converses a Catalunya","article_published_time":"2026-09-01T06:37:05+00:00","article_modified_time":"2026-09-01T06:58:57+00:00","og_image":[{"width":1536,"height":1024,"url":"https:\/\/conversesacatalunya.cat\/wp-content\/uploads\/2026\/09\/imatge_article_100kb1.jpg","type":"image\/jpeg"}],"author":"Emili Clos","twitter_card":"summary_large_image","twitter_misc":{"Escrito por":"Emili Clos","Tiempo de lectura":"5 minutos"},"schema":{"@context":"https:\/\/schema.org","@graph":[{"@type":"Article","@id":"https:\/\/conversesacatalunya.cat\/es\/crisis-servicios-publicos-catalunya\/#article","isPartOf":{"@id":"https:\/\/conversesacatalunya.cat\/es\/crisis-servicios-publicos-catalunya\/"},"author":{"name":"Emili Clos","@id":"https:\/\/conversesacatalunya.cat\/#\/schema\/person\/46306de4129bccb959ed5e1720c4e3e7"},"headline":"Antes de hablar de 2035: el balance pendiente de Salvador Illa (II)","datePublished":"2026-09-01T06:37:05+00:00","dateModified":"2026-09-01T06:58:57+00:00","mainEntityOfPage":{"@id":"https:\/\/conversesacatalunya.cat\/es\/crisis-servicios-publicos-catalunya\/"},"wordCount":958,"commentCount":0,"image":{"@id":"https:\/\/conversesacatalunya.cat\/es\/crisis-servicios-publicos-catalunya\/#primaryimage"},"thumbnailUrl":"https:\/\/conversesacatalunya.cat\/wp-content\/uploads\/2026\/09\/imatge_article_100kb1.jpg","keywords":["Catalu\u00f1a","Catalunya","Govern Illa"],"articleSection":["Punts clau del dia (ES)"],"inLanguage":"es","potentialAction":[{"@type":"CommentAction","name":"Comment","target":["https:\/\/conversesacatalunya.cat\/es\/crisis-servicios-publicos-catalunya\/#respond"]}]},{"@type":"WebPage","@id":"https:\/\/conversesacatalunya.cat\/es\/crisis-servicios-publicos-catalunya\/","url":"https:\/\/conversesacatalunya.cat\/es\/crisis-servicios-publicos-catalunya\/","name":"Antes de hablar de 2035: el balance pendiente de Salvador Illa (II) - Converses a Catalunya","isPartOf":{"@id":"https:\/\/conversesacatalunya.cat\/#website"},"primaryImageOfPage":{"@id":"https:\/\/conversesacatalunya.cat\/es\/crisis-servicios-publicos-catalunya\/#primaryimage"},"image":{"@id":"https:\/\/conversesacatalunya.cat\/es\/crisis-servicios-publicos-catalunya\/#primaryimage"},"thumbnailUrl":"https:\/\/conversesacatalunya.cat\/wp-content\/uploads\/2026\/09\/imatge_article_100kb1.jpg","datePublished":"2026-09-01T06:37:05+00:00","dateModified":"2026-09-01T06:58:57+00:00","author":{"@id":"https:\/\/conversesacatalunya.cat\/#\/schema\/person\/46306de4129bccb959ed5e1720c4e3e7"},"description":"Crisis de los servicios p\u00fablicos en Catalunya: Armas de fuego, crimen organizado, juzgados colapsados, brecha inform\u00e1tica en prisi\u00f3n, cercan\u00edas","breadcrumb":{"@id":"https:\/\/conversesacatalunya.cat\/es\/crisis-servicios-publicos-catalunya\/#breadcrumb"},"inLanguage":"es","potentialAction":[{"@type":"ReadAction","target":["https:\/\/conversesacatalunya.cat\/es\/crisis-servicios-publicos-catalunya\/"]}]},{"@type":"ImageObject","inLanguage":"es","@id":"https:\/\/conversesacatalunya.cat\/es\/crisis-servicios-publicos-catalunya\/#primaryimage","url":"https:\/\/conversesacatalunya.cat\/wp-content\/uploads\/2026\/09\/imatge_article_100kb1.jpg","contentUrl":"https:\/\/conversesacatalunya.cat\/wp-content\/uploads\/2026\/09\/imatge_article_100kb1.jpg","width":1536,"height":1024,"caption":"Crisis de los servicios p\u00fablicos en Catalunya"},{"@type":"BreadcrumbList","@id":"https:\/\/conversesacatalunya.cat\/es\/crisis-servicios-publicos-catalunya\/#breadcrumb","itemListElement":[{"@type":"ListItem","position":1,"name":"Inici","item":"https:\/\/conversesacatalunya.cat\/es\/"},{"@type":"ListItem","position":2,"name":"Antes de hablar de 2035: el balance pendiente de Salvador Illa (II)"}]},{"@type":"WebSite","@id":"https:\/\/conversesacatalunya.cat\/#website","url":"https:\/\/conversesacatalunya.cat\/","name":"Converses a Catalunya","description":"","potentialAction":[{"@type":"SearchAction","target":{"@type":"EntryPoint","urlTemplate":"https:\/\/conversesacatalunya.cat\/?s={search_term_string}"},"query-input":{"@type":"PropertyValueSpecification","valueRequired":true,"valueName":"search_term_string"}}],"inLanguage":"es"},{"@type":"Person","@id":"https:\/\/conversesacatalunya.cat\/#\/schema\/person\/46306de4129bccb959ed5e1720c4e3e7","name":"Emili Clos","image":{"@type":"ImageObject","inLanguage":"es","@id":"https:\/\/conversesacatalunya.cat\/#\/schema\/person\/image\/","url":"https:\/\/secure.gravatar.com\/avatar\/670219f2fafbd743255954580aa63f7f?s=96&d=mm&r=g","contentUrl":"https:\/\/secure.gravatar.com\/avatar\/670219f2fafbd743255954580aa63f7f?s=96&d=mm&r=g","caption":"Emili Clos"},"url":"https:\/\/conversesacatalunya.cat\/es\/author\/emili_clos\/"}]}},"wps_subtitle":"El pa\u00eds que falla en lo elemental: seguridad, justicia y trenes","_links":{"self":[{"href":"https:\/\/conversesacatalunya.cat\/es\/wp-json\/wp\/v2\/posts\/101038","targetHints":{"allow":["GET"]}}],"collection":[{"href":"https:\/\/conversesacatalunya.cat\/es\/wp-json\/wp\/v2\/posts"}],"about":[{"href":"https:\/\/conversesacatalunya.cat\/es\/wp-json\/wp\/v2\/types\/post"}],"author":[{"embeddable":true,"href":"https:\/\/conversesacatalunya.cat\/es\/wp-json\/wp\/v2\/users\/81"}],"replies":[{"embeddable":true,"href":"https:\/\/conversesacatalunya.cat\/es\/wp-json\/wp\/v2\/comments?post=101038"}],"version-history":[{"count":2,"href":"https:\/\/conversesacatalunya.cat\/es\/wp-json\/wp\/v2\/posts\/101038\/revisions"}],"predecessor-version":[{"id":101041,"href":"https:\/\/conversesacatalunya.cat\/es\/wp-json\/wp\/v2\/posts\/101038\/revisions\/101041"}],"wp:featuredmedia":[{"embeddable":true,"href":"https:\/\/conversesacatalunya.cat\/es\/wp-json\/wp\/v2\/media\/101036"}],"wp:attachment":[{"href":"https:\/\/conversesacatalunya.cat\/es\/wp-json\/wp\/v2\/media?parent=101038"}],"wp:term":[{"taxonomy":"category","embeddable":true,"href":"https:\/\/conversesacatalunya.cat\/es\/wp-json\/wp\/v2\/categories?post=101038"},{"taxonomy":"post_tag","embeddable":true,"href":"https:\/\/conversesacatalunya.cat\/es\/wp-json\/wp\/v2\/tags?post=101038"}],"curies":[{"name":"wp","href":"https:\/\/api.w.org\/{rel}","templated":true}]}}