{"id":101018,"date":"2026-09-01T08:00:40","date_gmt":"2026-09-01T06:00:40","guid":{"rendered":"https:\/\/conversesacatalunya.cat\/?p=101018"},"modified":"2026-09-01T08:02:22","modified_gmt":"2026-09-01T06:02:22","slug":"gobierno-espana-la-miseria-de-tener-hijos","status":"publish","type":"post","link":"https:\/\/conversesacatalunya.cat\/es\/gobierno-espana-la-miseria-de-tener-hijos\/","title":{"rendered":"Gobierno de Espa\u00f1a: la miseria de tener hijos"},"content":{"rendered":"<p dir=\"ltr\"><span dir=\"auto\">Un pa\u00eds sigue adelante porque nacen ni\u00f1os y porque los adultos pueden criarlos. Esto parece sencillo. En Espa\u00f1a ha dejado de serlo.<\/span><\/p>\n<p dir=\"ltr\"><span dir=\"auto\">En 2025 hubo<span>\u00a0<\/span><\/span><a href=\"https:\/\/www.ine.es\/dyngs\/Prensa\/EDES_EMN2025.htm\" target=\"_blank\" rel=\"noopener\"><span dir=\"auto\">122.167 muertes m\u00e1s que nacimientos<\/span><\/a>.<span dir=\"auto\">\u00a0El saldo vegetativo es negativo desde 2017. Pero la poblaci\u00f3n creci\u00f3 en<span>\u00a0<\/span><\/span><a href=\"https:\/\/www.ine.es\/dyngs\/Prensa\/ECP4T25.htm\" target=\"_blank\" rel=\"noopener\"><span dir=\"auto\">442.428 personas<\/span><\/a><span dir=\"auto\"><span>\u00a0<\/span>y super\u00f3 los 49,5 millones. Tambi\u00e9n super\u00f3, por primera vez, a los diez millones de residentes nacidos en el extranjero. El INE lo dice sin adjetivos:<strong> el crecimiento se debe a la poblaci\u00f3n nacida fuera, porque la nacida en Espa\u00f1a disminuye.<\/strong><\/span><\/p>\n<p dir=\"ltr\"><span dir=\"auto\">No hay misterio. Hay una pol\u00edtica. O la ausencia de una pol\u00edtica.<\/span><\/p>\n<p dir=\"ltr\"><span dir=\"auto\"><span class=\"\" dir=\"auto\">Espa\u00f1a no ha afrontado su quiebra demogr\u00e1fica. La ha cubierto con inmigraci\u00f3n. Una inmigraci\u00f3n masiva que puede ser necesaria, pero que ha crecido sin una programaci\u00f3n seria del volumen, las calificaciones, el territorio, la vivienda, la escuela, la sanidad y la integraci\u00f3n.<span>\u00a0<\/span><\/span><\/span><strong><span dir=\"auto\"><span class=\"\" dir=\"auto\">La inmigraci\u00f3n no es culpable del desorden. El desorden es de quien gobierna.<\/span><\/span><\/strong><span dir=\"auto\"><span class=\"\" dir=\"auto\"><span>\u00a0<\/span>Importar poblaci\u00f3n sin ordenar sus condiciones no es una pol\u00edtica demogr\u00e1fica. Es contabilidad de emergencia.<\/span><\/span><\/p>\n<p dir=\"ltr\"><span dir=\"auto\"><span class=\"\" dir=\"auto\">Mientras, el pa\u00eds envejece. Las personas de 65 y m\u00e1s a\u00f1os ya representan el 21,1% de la poblaci\u00f3n.<span>\u00a0<\/span><\/span><\/span><a href=\"https:\/\/www.ine.es\/dyngs\/Prensa\/PROP20262076.htm\" target=\"_blank\" rel=\"noopener\"><span dir=\"auto\"><span class=\"\" dir=\"auto\">El INE proyecta que alcanzar\u00e1n el 30,9%<\/span><\/span><\/a>.<span dir=\"auto\"><span class=\"\" dir=\"auto\">\u00a0Habr\u00e1 m\u00e1s pensionistas. Vivir\u00e1n m\u00e1s a\u00f1os. Y habr\u00e1 proporcionalmente menos adultos en edad de trabajar. La inmigraci\u00f3n puede frenar el golpe. No elimina el problema. Los inmigrantes tambi\u00e9n envejecen, forman familias y necesitan vivienda, escuelas y servicios.<\/span><\/span><\/p>\n<h5 dir=\"ltr\"><strong><span dir=\"auto\">En ese punto aparece el gran error espa\u00f1ol. El Estado protege el resultado de la vida, pero castiga su comienzo.<\/span><\/strong><\/h5>\n<p dir=\"ltr\"><span dir=\"auto\">El estudio<span> <strong><a href=\"https:\/\/documentos.fedea.net\/pubs\/ap\/2026\/ap2026-20.pdf\" target=\"_blank\" rel=\"noopener\"><em>Hijos, ciclo vital y pobreza en Espa\u00f1a: 2008-2025<\/em>,<\/a><\/strong><\/span><\/span><span dir=\"auto\"><span>\u00a0<\/span>de Jos\u00e9 Ignacio Conde-Ruiz y Marialejandra Garay Aguirre, lo muestra con una frialdad impecable. En 2008, la pobreza monetaria afectaba al 27,1% de los menores y al 25,3% de las personas de 65 a\u00f1os y m\u00e1s. En 2025 afectaba al 28,3% de los menores y solo al 16,4% de los mayores.<\/span><\/p>\n<blockquote>\n<p dir=\"ltr\"><strong><span dir=\"auto\"><span class=\"VIpgJd-yAWNEb-VIpgJd-fmcmS-sn54Q\" dir=\"auto\">En diecisiete a\u00f1os, la pobreza infantil aument\u00f3 1,2 puntos. La de los mayores cay\u00f3 8,9 puntos.<\/span><\/span><\/strong><\/p>\n<\/blockquote>\n<p dir=\"ltr\"><span dir=\"auto\">Esto no es un detalle. Es el retrato del sistema.<\/span><\/p>\n<p dir=\"ltr\"><span dir=\"auto\"><span class=\"VIpgJd-yAWNEb-VIpgJd-fmcmS-sn54Q\" dir=\"auto\">En 2025 hab\u00eda 2,07 millones de menores pobres. El AROPE infantil alcanzaba el 33,8%. En los hogares monoparentales era de 50,3%. En las parejas con tres o m\u00e1s hijos, del 46,8%. Y tener hijos antes de los treinta a\u00f1os se asociaba a un aumento de 7,26 puntos en la probabilidad de sufrir carencia material severa. Una penalizaci\u00f3n entre seis y diez veces superior a la de las dem\u00e1s edades.<\/span><\/span><\/p>\n<blockquote>\n<p dir=\"ltr\"><strong><span dir=\"auto\"><span class=\"VIpgJd-yAWNEb-VIpgJd-fmcmS-sn54Q\" dir=\"auto\">Tener hijos es una puerta abierta a la pobreza: \u00e9ste es el resultado de las pol\u00edticas de S\u00e1nchez.<\/span><\/span><\/strong><\/p>\n<\/blockquote>\n<p dir=\"ltr\"><span dir=\"auto\"><span class=\"VIpgJd-yAWNEb-VIpgJd-fmcmS-sn54Q\" dir=\"auto\">Tener hijos no empobrece por ley natural. Empobrece cuando coinciden un salario bajo, un contrato inseguro, un alquiler alto, poco ahorro e insuficientes servicios de conciliaci\u00f3n. Es decir, cuando coincide con la juventud real de hoy. Y cuando el gobierno no aporta ayudas m\u00ednimamente suficientes como s\u00ed hacen el resto de pa\u00edses europeos. Tenemos a los jubilados mejor pagados, aunque algunos tengan ingresos muy bajos, y las familias con hijos m\u00e1s pobres de Europa.<\/span><\/span><\/p>\n<p dir=\"ltr\"><span dir=\"auto\">Con las pensiones ocurre lo contrario. En 2026, las contributivas se han revalorizado un 2,7% con el IPC. Las m\u00ednimas subieron un 7%; las no contributivas y determinadas pensiones de viudedad, un 11,4%.<span>\u00a0<\/span><\/span><span dir=\"auto\"><a href=\"https:\/\/revista.seg-social.es\/-\/la-pension-media-del-sistema-de-seguridad-social-se-situa-en-1.363-4-euros-al-mes-en-enero-de-2026-un-4-5-mas-alta-que-hace-un-a%C3%B1o\" target=\"_blank\" rel=\"noopener\">La garant\u00eda alcanza a unos 9,4 millones de pensionistas<\/a>.<\/span><span dir=\"auto\">\u00a0Es bueno que las personas mayores no sean pobres. El fracaso no es protegerlas.<span>\u00a0<\/span><\/span><strong><span dir=\"auto\">El fracaso es no haber construido una protecci\u00f3n comparable para quienes tienen hijos.<\/span><\/strong><\/p>\n<p dir=\"ltr\"><span dir=\"auto\">El mensaje p\u00fablico es claro. Al pensionista, actualizaci\u00f3n autom\u00e1tica. A la familia, umbrales, formularios, deducciones que no cobra si no tiene suficiente cuota y ayudas pobres y dispersas.<\/span><\/p>\n<blockquote>\n<p dir=\"ltr\"><strong><span dir=\"auto\"><span class=\"VIpgJd-yAWNEb-VIpgJd-fmcmS-sn54Q\" dir=\"auto\">Espa\u00f1a socializa el coste de envejecer y privatiza el coste de criar.<\/span><\/span><\/strong><\/p>\n<\/blockquote>\n<p dir=\"ltr\"><span dir=\"auto\">Tambi\u00e9n existe una aritm\u00e9tica electoral. No hace falta imaginar una confesi\u00f3n en la Moncloa. Basta con mirar los incentivos. En la<a href=\"https:\/\/libreria.cis.es\/media\/pdf\/ELEC_14_cap_7.pdf\" target=\"_blank\" rel=\"noopener\"> encuesta postelectoral del CIS<\/a><\/span><span dir=\"auto\"><span>\u00a0<\/span>sobre las generales de 2023, declar\u00f3 haber votado el 92,5% de los jubilados; entre los ocupados, el 88,6%; entre los estudiantes, el 84,6%; entre los desempleados, el 83,6%.<\/span><\/p>\n<p dir=\"ltr\"><span dir=\"auto\">Los mayores son muchos. Votan m\u00e1s. Y cobran cada mes del Estado. S\u00e1nchez no ha inventado esa aritm\u00e9tica.<span>\u00a0<\/span><\/span><strong><span dir=\"auto\">La ha convertido en gobierno.<\/span><\/strong><\/p>\n<p dir=\"ltr\"><span dir=\"auto\">La factura queda para quienes todav\u00eda no tienen fuerza electoral y para quienes todav\u00eda no han nacido.<span>\u00a0<\/span><\/span><a href=\"https:\/\/www.airef.es\/es\/centro-documental\/informes\/informe-sobre-la-regla-de-gasto-de-pensiones\/\" target=\"_blank\" rel=\"noopener\"><span dir=\"auto\">AIReF estima que el gasto en pensiones crecer\u00e1 3,4 puntos del PIB hasta 2050<\/span>.<\/a><\/p>\n<blockquote>\n<p dir=\"ltr\"><strong><span dir=\"auto\"><span class=\"VIpgJd-yAWNEb-VIpgJd-fmcmS-sn54Q\" dir=\"auto\">La generaci\u00f3n pobre de hoy tendr\u00e1 que pagar el fuerte sistema de ma\u00f1ana.<\/span><\/span><\/strong><\/p>\n<\/blockquote>\n<p dir=\"ltr\"><span dir=\"auto\"><span class=\"VIpgJd-yAWNEb-VIpgJd-fmcmS-sn54Q\" dir=\"auto\">Es necesario cambiar el orden de las prioridades.<span>\u00a0<\/span><\/span><\/span><strong><span dir=\"auto\"><span class=\"VIpgJd-yAWNEb-VIpgJd-fmcmS-sn54Q\" dir=\"auto\">Prestaci\u00f3n mensual por hijo,<\/span><\/span><\/strong><span dir=\"auto\"><span class=\"VIpgJd-yAWNEb-VIpgJd-fmcmS-sn54Q\" dir=\"auto\">\u00a0universal o casi universal. Deducci\u00f3n reembolsable. Apoyo reforzado a los padres j\u00f3venes y en los hogares monoparentales. Vivienda familiar asequible. Escuela infantil y conciliaci\u00f3n real. Y una pol\u00edtica migratoria vinculada a la capacidad econ\u00f3mica y social del pa\u00eds.<\/span><\/span><\/p>\n<p dir=\"ltr\"><a href=\"https:\/\/conversesacatalunya.cat\/es\/jovenes-futuro-el-caso-dramatico-seguridad-social\/\" target=\"_blank\" rel=\"noopener\"><span dir=\"auto\">Una pensi\u00f3n es un derecho ganado.<span>\u00a0<\/span><\/span><\/a><strong><span dir=\"auto\">Un hijo no es un lujo privado.<\/span><\/strong><span dir=\"auto\">\u00a0Es el futuro com\u00fan. Un pa\u00eds que olvida esto puede cuadrar las elecciones. No cuadrar\u00e1 la historia.<\/span><\/p>\n<p dir=\"ltr\"><span class='bctt-click-to-tweet'><span class='bctt-ctt-text'><a href='https:\/\/x.com\/intent\/tweet?url=https%3A%2F%2Fconversesacatalunya.cat%2Fes%2Fgobierno-espana-la-miseria-de-tener-hijos%2F&#038;text=Espa%C3%B1a%20socializa%20el%20coste%20de%20envejecer%2C%20pero%20sigue%20privatizando%20el%20coste%20de%20tener%20y%20educar%20a%20hijos.%20El%20resultado%20es%20pobreza%20infantil%2C%20baja%20natalidad%20y%20desigualdad.%20%23Demograf%C3%ADa%20%23Familia&#038;via=conversesacat&#038;related=conversesacat' target='_blank'rel=\"noopener noreferrer\">Espa\u00f1a socializa el coste de envejecer, pero sigue privatizando el coste de tener y educar a hijos. El resultado es pobreza infantil, baja natalidad y desigualdad. #Demograf\u00eda #Familia <\/a><\/span><a href='https:\/\/x.com\/intent\/tweet?url=https%3A%2F%2Fconversesacatalunya.cat%2Fes%2Fgobierno-espana-la-miseria-de-tener-hijos%2F&#038;text=Espa%C3%B1a%20socializa%20el%20coste%20de%20envejecer%2C%20pero%20sigue%20privatizando%20el%20coste%20de%20tener%20y%20educar%20a%20hijos.%20El%20resultado%20es%20pobreza%20infantil%2C%20baja%20natalidad%20y%20desigualdad.%20%23Demograf%C3%ADa%20%23Familia&#038;via=conversesacat&#038;related=conversesacat' target='_blank' class='bctt-ctt-btn'rel=\"noopener noreferrer\">Compartir en X<\/a><\/span>\n","protected":false},"excerpt":{"rendered":"<p>Un pa\u00eds sigue adelante porque nacen ni\u00f1os y porque los adultos pueden criarlos. Esto parece sencillo. En Espa\u00f1a ha dejado de serlo. En 2025 hubo\u00a0122.167 muertes m\u00e1s que nacimientos.\u00a0El saldo vegetativo es negativo desde 2017. Pero la poblaci\u00f3n creci\u00f3 en\u00a0442.428 personas\u00a0y super\u00f3 los 49,5 millones. Tambi\u00e9n super\u00f3, por primera vez, a los diez millones de residentes nacidos en el extranjero. El INE lo dice sin adjetivos: el crecimiento se debe a la poblaci\u00f3n nacida fuera, porque la nacida en Espa\u00f1a disminuye. No hay misterio. Hay una pol\u00edtica. O la ausencia de una pol\u00edtica. Espa\u00f1a no ha afrontado su quiebra demogr\u00e1fica. La ha cubierto con inmigraci\u00f3n. Una inmigraci\u00f3n masiva que puede ser necesaria, pero que ha crecido sin una programaci\u00f3n seria del volumen, las calificaciones, el territorio, la vivienda, la escuela, la sanidad y la integraci\u00f3n.\u00a0La inmigraci\u00f3n no es culpable del desorden. El desorden es de quien gobierna.\u00a0Importar poblaci\u00f3n sin ordenar sus condiciones no es una pol\u00edtica demogr\u00e1fica. Es contabilidad de emergencia. Mientras, el pa\u00eds envejece. Las personas de 65 y m\u00e1s a\u00f1os ya representan el 21,1% de la poblaci\u00f3n.\u00a0El INE proyecta que alcanzar\u00e1n el 30,9%.\u00a0Habr\u00e1 m\u00e1s pensionistas. Vivir\u00e1n m\u00e1s a\u00f1os. Y habr\u00e1 proporcionalmente menos adultos en edad de trabajar. La inmigraci\u00f3n puede frenar el golpe. No elimina el problema. Los inmigrantes tambi\u00e9n envejecen, forman familias y necesitan vivienda, escuelas y servicios. En ese punto aparece el gran error espa\u00f1ol. El Estado protege el resultado de la vida, pero castiga su comienzo. El estudio Hijos, ciclo vital y pobreza en Espa\u00f1a: 2008-2025,\u00a0de Jos\u00e9 Ignacio Conde-Ruiz y Marialejandra Garay Aguirre, lo muestra con una frialdad impecable. En 2008, la pobreza monetaria afectaba al 27,1% de los menores y al 25,3% de las personas de 65 a\u00f1os y m\u00e1s. En 2025 afectaba al 28,3% de los menores y solo al 16,4% de los mayores. En diecisiete a\u00f1os, la pobreza infantil aument\u00f3 1,2 puntos. La de los mayores cay\u00f3 8,9 puntos. Esto no es un detalle. Es el retrato del sistema. En 2025 hab\u00eda 2,07 millones de menores pobres. El AROPE infantil alcanzaba el 33,8%. En los hogares monoparentales era de 50,3%. En las parejas con tres o m\u00e1s hijos, del 46,8%. Y tener hijos antes de los treinta a\u00f1os se asociaba a un aumento de 7,26 puntos en la probabilidad de sufrir carencia material severa. Una penalizaci\u00f3n entre seis y diez veces superior a la de las dem\u00e1s edades. Tener hijos es una puerta abierta a la pobreza: \u00e9ste es el resultado de las pol\u00edticas de S\u00e1nchez. Tener hijos no empobrece por ley natural. Empobrece cuando coinciden un salario bajo, un contrato inseguro, un alquiler alto, poco ahorro e insuficientes servicios de conciliaci\u00f3n. Es decir, cuando coincide con la juventud real de hoy. Y cuando el gobierno no aporta ayudas m\u00ednimamente suficientes como s\u00ed hacen el resto de pa\u00edses europeos. Tenemos a los jubilados mejor pagados, aunque algunos tengan ingresos muy bajos, y las familias con hijos m\u00e1s pobres de Europa. Con las pensiones ocurre lo contrario. En 2026, las contributivas se han revalorizado un 2,7% con el IPC. Las m\u00ednimas subieron un 7%; las no contributivas y determinadas pensiones de viudedad, un 11,4%.\u00a0La garant\u00eda alcanza a unos 9,4 millones de pensionistas.\u00a0Es bueno que las personas mayores no sean pobres. El fracaso no es protegerlas.\u00a0El fracaso es no haber construido una protecci\u00f3n comparable para quienes tienen hijos. El mensaje p\u00fablico es claro. Al pensionista, actualizaci\u00f3n autom\u00e1tica. A la familia, umbrales, formularios, deducciones que no cobra si no tiene suficiente cuota y ayudas pobres y dispersas. Espa\u00f1a socializa el coste de envejecer y privatiza el coste de criar. Tambi\u00e9n existe una aritm\u00e9tica electoral. No hace falta imaginar una confesi\u00f3n en la Moncloa. Basta con mirar los incentivos. En la encuesta postelectoral del CIS\u00a0sobre las generales de 2023, declar\u00f3 haber votado el 92,5% de los jubilados; entre los ocupados, el 88,6%; entre los estudiantes, el 84,6%; entre los desempleados, el 83,6%. Los mayores son muchos. Votan m\u00e1s. Y cobran cada mes del Estado. S\u00e1nchez no ha inventado esa aritm\u00e9tica.\u00a0La ha convertido en gobierno. La factura queda para quienes todav\u00eda no tienen fuerza electoral y para quienes todav\u00eda no han nacido.\u00a0AIReF estima que el gasto en pensiones crecer\u00e1 3,4 puntos del PIB hasta 2050. La generaci\u00f3n pobre de hoy tendr\u00e1 que pagar el fuerte sistema de ma\u00f1ana. Es necesario cambiar el orden de las prioridades.\u00a0Prestaci\u00f3n mensual por hijo,\u00a0universal o casi universal. Deducci\u00f3n reembolsable. Apoyo reforzado a los padres j\u00f3venes y en los hogares monoparentales. Vivienda familiar asequible. Escuela infantil y conciliaci\u00f3n real. Y una pol\u00edtica migratoria vinculada a la capacidad econ\u00f3mica y social del pa\u00eds. Una pensi\u00f3n es un derecho ganado.\u00a0Un hijo no es un lujo privado.\u00a0Es el futuro com\u00fan. Un pa\u00eds que olvida esto puede cuadrar las elecciones. No cuadrar\u00e1 la historia.<\/p>\n","protected":false},"author":93,"featured_media":101016,"comment_status":"open","ping_status":"open","sticky":false,"template":"","format":"standard","meta":{"_FSMCFIC_featured_image_caption":"Pixabay","_FSMCFIC_featured_image_nocaption":"1","_FSMCFIC_featured_image_hide":"","footnotes":""},"categories":[806],"tags":[946,1122],"class_list":["post-101018","post","type-post","status-publish","format-standard","has-post-thumbnail","hentry","category-punts-claus-del-dia-es","tag-pensiones","tag-pensions-es"],"yoast_head":"<!-- This site is optimized with the Yoast SEO plugin v26.8 - https:\/\/yoast.com\/product\/yoast-seo-wordpress\/ -->\n<title>Gobierno de Espa\u00f1a: la miseria de tener hijos - Converses a Catalunya<\/title>\n<meta name=\"description\" content=\"Pobreza infantil en Espa\u00f1a 2025 mientras se protege mucho mejor a los pensionistas que a los ni\u00f1os y las familias j\u00f3venes.\" \/>\n<meta name=\"robots\" content=\"index, follow, max-snippet:-1, max-image-preview:large, max-video-preview:-1\" \/>\n<link rel=\"canonical\" href=\"https:\/\/conversesacatalunya.cat\/es\/gobierno-espana-la-miseria-de-tener-hijos\/\" \/>\n<meta property=\"og:locale\" content=\"es_ES\" \/>\n<meta property=\"og:type\" content=\"article\" \/>\n<meta property=\"og:title\" content=\"Gobierno de Espa\u00f1a: la miseria de tener hijos - Converses a Catalunya\" \/>\n<meta property=\"og:description\" content=\"Pobreza infantil en Espa\u00f1a 2025 mientras se protege mucho mejor a los pensionistas que a los ni\u00f1os y las familias j\u00f3venes.\" \/>\n<meta property=\"og:url\" content=\"https:\/\/conversesacatalunya.cat\/es\/gobierno-espana-la-miseria-de-tener-hijos\/\" \/>\n<meta property=\"og:site_name\" content=\"Converses a Catalunya\" \/>\n<meta property=\"article:published_time\" content=\"2026-09-01T06:00:40+00:00\" \/>\n<meta property=\"article:modified_time\" content=\"2026-09-01T06:02:22+00:00\" \/>\n<meta property=\"og:image\" content=\"https:\/\/conversesacatalunya.cat\/wp-content\/uploads\/2026\/08\/pasja1000-hat-5333130_640.jpg\" \/>\n\t<meta property=\"og:image:width\" content=\"640\" \/>\n\t<meta property=\"og:image:height\" content=\"439\" \/>\n\t<meta property=\"og:image:type\" content=\"image\/jpeg\" \/>\n<meta name=\"author\" content=\"Maria Roca\" \/>\n<meta name=\"twitter:card\" content=\"summary_large_image\" \/>\n<meta name=\"twitter:label1\" content=\"Escrito por\" \/>\n\t<meta name=\"twitter:data1\" content=\"Maria Roca\" \/>\n\t<meta name=\"twitter:label2\" content=\"Tiempo de lectura\" \/>\n\t<meta name=\"twitter:data2\" content=\"4 minutos\" \/>\n<script type=\"application\/ld+json\" class=\"yoast-schema-graph\">{\"@context\":\"https:\/\/schema.org\",\"@graph\":[{\"@type\":\"Article\",\"@id\":\"https:\/\/conversesacatalunya.cat\/es\/gobierno-espana-la-miseria-de-tener-hijos\/#article\",\"isPartOf\":{\"@id\":\"https:\/\/conversesacatalunya.cat\/es\/gobierno-espana-la-miseria-de-tener-hijos\/\"},\"author\":{\"name\":\"Maria Roca\",\"@id\":\"https:\/\/conversesacatalunya.cat\/#\/schema\/person\/b3736236ba9ce76021ac7bfa148af34a\"},\"headline\":\"Gobierno de Espa\u00f1a: la miseria de tener hijos\",\"datePublished\":\"2026-09-01T06:00:40+00:00\",\"dateModified\":\"2026-09-01T06:02:22+00:00\",\"mainEntityOfPage\":{\"@id\":\"https:\/\/conversesacatalunya.cat\/es\/gobierno-espana-la-miseria-de-tener-hijos\/\"},\"wordCount\":888,\"commentCount\":0,\"image\":{\"@id\":\"https:\/\/conversesacatalunya.cat\/es\/gobierno-espana-la-miseria-de-tener-hijos\/#primaryimage\"},\"thumbnailUrl\":\"https:\/\/conversesacatalunya.cat\/wp-content\/uploads\/2026\/08\/pasja1000-hat-5333130_640.jpg\",\"keywords\":[\"Pensiones\",\"Pensions\"],\"articleSection\":[\"Punts clau del dia (ES)\"],\"inLanguage\":\"es\",\"potentialAction\":[{\"@type\":\"CommentAction\",\"name\":\"Comment\",\"target\":[\"https:\/\/conversesacatalunya.cat\/es\/gobierno-espana-la-miseria-de-tener-hijos\/#respond\"]}]},{\"@type\":\"WebPage\",\"@id\":\"https:\/\/conversesacatalunya.cat\/es\/gobierno-espana-la-miseria-de-tener-hijos\/\",\"url\":\"https:\/\/conversesacatalunya.cat\/es\/gobierno-espana-la-miseria-de-tener-hijos\/\",\"name\":\"Gobierno de Espa\u00f1a: la miseria de tener hijos - Converses a Catalunya\",\"isPartOf\":{\"@id\":\"https:\/\/conversesacatalunya.cat\/#website\"},\"primaryImageOfPage\":{\"@id\":\"https:\/\/conversesacatalunya.cat\/es\/gobierno-espana-la-miseria-de-tener-hijos\/#primaryimage\"},\"image\":{\"@id\":\"https:\/\/conversesacatalunya.cat\/es\/gobierno-espana-la-miseria-de-tener-hijos\/#primaryimage\"},\"thumbnailUrl\":\"https:\/\/conversesacatalunya.cat\/wp-content\/uploads\/2026\/08\/pasja1000-hat-5333130_640.jpg\",\"datePublished\":\"2026-09-01T06:00:40+00:00\",\"dateModified\":\"2026-09-01T06:02:22+00:00\",\"author\":{\"@id\":\"https:\/\/conversesacatalunya.cat\/#\/schema\/person\/b3736236ba9ce76021ac7bfa148af34a\"},\"description\":\"Pobreza infantil en Espa\u00f1a 2025 mientras se protege mucho mejor a los pensionistas que a los ni\u00f1os y las familias j\u00f3venes.\",\"breadcrumb\":{\"@id\":\"https:\/\/conversesacatalunya.cat\/es\/gobierno-espana-la-miseria-de-tener-hijos\/#breadcrumb\"},\"inLanguage\":\"es\",\"potentialAction\":[{\"@type\":\"ReadAction\",\"target\":[\"https:\/\/conversesacatalunya.cat\/es\/gobierno-espana-la-miseria-de-tener-hijos\/\"]}]},{\"@type\":\"ImageObject\",\"inLanguage\":\"es\",\"@id\":\"https:\/\/conversesacatalunya.cat\/es\/gobierno-espana-la-miseria-de-tener-hijos\/#primaryimage\",\"url\":\"https:\/\/conversesacatalunya.cat\/wp-content\/uploads\/2026\/08\/pasja1000-hat-5333130_640.jpg\",\"contentUrl\":\"https:\/\/conversesacatalunya.cat\/wp-content\/uploads\/2026\/08\/pasja1000-hat-5333130_640.jpg\",\"width\":640,\"height\":439,\"caption\":\"pobreza infantil en Espa\u00f1a 2025\"},{\"@type\":\"BreadcrumbList\",\"@id\":\"https:\/\/conversesacatalunya.cat\/es\/gobierno-espana-la-miseria-de-tener-hijos\/#breadcrumb\",\"itemListElement\":[{\"@type\":\"ListItem\",\"position\":1,\"name\":\"Inici\",\"item\":\"https:\/\/conversesacatalunya.cat\/es\/\"},{\"@type\":\"ListItem\",\"position\":2,\"name\":\"Gobierno de Espa\u00f1a: la miseria de tener hijos\"}]},{\"@type\":\"WebSite\",\"@id\":\"https:\/\/conversesacatalunya.cat\/#website\",\"url\":\"https:\/\/conversesacatalunya.cat\/\",\"name\":\"Converses a Catalunya\",\"description\":\"\",\"potentialAction\":[{\"@type\":\"SearchAction\",\"target\":{\"@type\":\"EntryPoint\",\"urlTemplate\":\"https:\/\/conversesacatalunya.cat\/?s={search_term_string}\"},\"query-input\":{\"@type\":\"PropertyValueSpecification\",\"valueRequired\":true,\"valueName\":\"search_term_string\"}}],\"inLanguage\":\"es\"},{\"@type\":\"Person\",\"@id\":\"https:\/\/conversesacatalunya.cat\/#\/schema\/person\/b3736236ba9ce76021ac7bfa148af34a\",\"name\":\"Maria Roca\",\"image\":{\"@type\":\"ImageObject\",\"inLanguage\":\"es\",\"@id\":\"https:\/\/conversesacatalunya.cat\/#\/schema\/person\/image\/\",\"url\":\"https:\/\/secure.gravatar.com\/avatar\/e08239342c4b5275e55b05a2d6ae53f3?s=96&d=mm&r=g\",\"contentUrl\":\"https:\/\/secure.gravatar.com\/avatar\/e08239342c4b5275e55b05a2d6ae53f3?s=96&d=mm&r=g\",\"caption\":\"Maria Roca\"},\"url\":\"https:\/\/conversesacatalunya.cat\/es\/author\/maria-roca\/\"}]}<\/script>\n<!-- \/ Yoast SEO plugin. -->","yoast_head_json":{"title":"Gobierno de Espa\u00f1a: la miseria de tener hijos - Converses a Catalunya","description":"Pobreza infantil en Espa\u00f1a 2025 mientras se protege mucho mejor a los pensionistas que a los ni\u00f1os y las familias j\u00f3venes.","robots":{"index":"index","follow":"follow","max-snippet":"max-snippet:-1","max-image-preview":"max-image-preview:large","max-video-preview":"max-video-preview:-1"},"canonical":"https:\/\/conversesacatalunya.cat\/es\/gobierno-espana-la-miseria-de-tener-hijos\/","og_locale":"es_ES","og_type":"article","og_title":"Gobierno de Espa\u00f1a: la miseria de tener hijos - Converses a Catalunya","og_description":"Pobreza infantil en Espa\u00f1a 2025 mientras se protege mucho mejor a los pensionistas que a los ni\u00f1os y las familias j\u00f3venes.","og_url":"https:\/\/conversesacatalunya.cat\/es\/gobierno-espana-la-miseria-de-tener-hijos\/","og_site_name":"Converses a Catalunya","article_published_time":"2026-09-01T06:00:40+00:00","article_modified_time":"2026-09-01T06:02:22+00:00","og_image":[{"width":640,"height":439,"url":"https:\/\/conversesacatalunya.cat\/wp-content\/uploads\/2026\/08\/pasja1000-hat-5333130_640.jpg","type":"image\/jpeg"}],"author":"Maria Roca","twitter_card":"summary_large_image","twitter_misc":{"Escrito por":"Maria Roca","Tiempo de lectura":"4 minutos"},"schema":{"@context":"https:\/\/schema.org","@graph":[{"@type":"Article","@id":"https:\/\/conversesacatalunya.cat\/es\/gobierno-espana-la-miseria-de-tener-hijos\/#article","isPartOf":{"@id":"https:\/\/conversesacatalunya.cat\/es\/gobierno-espana-la-miseria-de-tener-hijos\/"},"author":{"name":"Maria Roca","@id":"https:\/\/conversesacatalunya.cat\/#\/schema\/person\/b3736236ba9ce76021ac7bfa148af34a"},"headline":"Gobierno de Espa\u00f1a: la miseria de tener hijos","datePublished":"2026-09-01T06:00:40+00:00","dateModified":"2026-09-01T06:02:22+00:00","mainEntityOfPage":{"@id":"https:\/\/conversesacatalunya.cat\/es\/gobierno-espana-la-miseria-de-tener-hijos\/"},"wordCount":888,"commentCount":0,"image":{"@id":"https:\/\/conversesacatalunya.cat\/es\/gobierno-espana-la-miseria-de-tener-hijos\/#primaryimage"},"thumbnailUrl":"https:\/\/conversesacatalunya.cat\/wp-content\/uploads\/2026\/08\/pasja1000-hat-5333130_640.jpg","keywords":["Pensiones","Pensions"],"articleSection":["Punts clau del dia (ES)"],"inLanguage":"es","potentialAction":[{"@type":"CommentAction","name":"Comment","target":["https:\/\/conversesacatalunya.cat\/es\/gobierno-espana-la-miseria-de-tener-hijos\/#respond"]}]},{"@type":"WebPage","@id":"https:\/\/conversesacatalunya.cat\/es\/gobierno-espana-la-miseria-de-tener-hijos\/","url":"https:\/\/conversesacatalunya.cat\/es\/gobierno-espana-la-miseria-de-tener-hijos\/","name":"Gobierno de Espa\u00f1a: la miseria de tener hijos - Converses a Catalunya","isPartOf":{"@id":"https:\/\/conversesacatalunya.cat\/#website"},"primaryImageOfPage":{"@id":"https:\/\/conversesacatalunya.cat\/es\/gobierno-espana-la-miseria-de-tener-hijos\/#primaryimage"},"image":{"@id":"https:\/\/conversesacatalunya.cat\/es\/gobierno-espana-la-miseria-de-tener-hijos\/#primaryimage"},"thumbnailUrl":"https:\/\/conversesacatalunya.cat\/wp-content\/uploads\/2026\/08\/pasja1000-hat-5333130_640.jpg","datePublished":"2026-09-01T06:00:40+00:00","dateModified":"2026-09-01T06:02:22+00:00","author":{"@id":"https:\/\/conversesacatalunya.cat\/#\/schema\/person\/b3736236ba9ce76021ac7bfa148af34a"},"description":"Pobreza infantil en Espa\u00f1a 2025 mientras se protege mucho mejor a los pensionistas que a los ni\u00f1os y las familias j\u00f3venes.","breadcrumb":{"@id":"https:\/\/conversesacatalunya.cat\/es\/gobierno-espana-la-miseria-de-tener-hijos\/#breadcrumb"},"inLanguage":"es","potentialAction":[{"@type":"ReadAction","target":["https:\/\/conversesacatalunya.cat\/es\/gobierno-espana-la-miseria-de-tener-hijos\/"]}]},{"@type":"ImageObject","inLanguage":"es","@id":"https:\/\/conversesacatalunya.cat\/es\/gobierno-espana-la-miseria-de-tener-hijos\/#primaryimage","url":"https:\/\/conversesacatalunya.cat\/wp-content\/uploads\/2026\/08\/pasja1000-hat-5333130_640.jpg","contentUrl":"https:\/\/conversesacatalunya.cat\/wp-content\/uploads\/2026\/08\/pasja1000-hat-5333130_640.jpg","width":640,"height":439,"caption":"pobreza infantil en Espa\u00f1a 2025"},{"@type":"BreadcrumbList","@id":"https:\/\/conversesacatalunya.cat\/es\/gobierno-espana-la-miseria-de-tener-hijos\/#breadcrumb","itemListElement":[{"@type":"ListItem","position":1,"name":"Inici","item":"https:\/\/conversesacatalunya.cat\/es\/"},{"@type":"ListItem","position":2,"name":"Gobierno de Espa\u00f1a: la miseria de tener hijos"}]},{"@type":"WebSite","@id":"https:\/\/conversesacatalunya.cat\/#website","url":"https:\/\/conversesacatalunya.cat\/","name":"Converses a Catalunya","description":"","potentialAction":[{"@type":"SearchAction","target":{"@type":"EntryPoint","urlTemplate":"https:\/\/conversesacatalunya.cat\/?s={search_term_string}"},"query-input":{"@type":"PropertyValueSpecification","valueRequired":true,"valueName":"search_term_string"}}],"inLanguage":"es"},{"@type":"Person","@id":"https:\/\/conversesacatalunya.cat\/#\/schema\/person\/b3736236ba9ce76021ac7bfa148af34a","name":"Maria Roca","image":{"@type":"ImageObject","inLanguage":"es","@id":"https:\/\/conversesacatalunya.cat\/#\/schema\/person\/image\/","url":"https:\/\/secure.gravatar.com\/avatar\/e08239342c4b5275e55b05a2d6ae53f3?s=96&d=mm&r=g","contentUrl":"https:\/\/secure.gravatar.com\/avatar\/e08239342c4b5275e55b05a2d6ae53f3?s=96&d=mm&r=g","caption":"Maria Roca"},"url":"https:\/\/conversesacatalunya.cat\/es\/author\/maria-roca\/"}]}},"wps_subtitle":"Espa\u00f1a compensa el d\u00e9ficit vegetativo con inmigraci\u00f3n masiva mientras protege mucho mejor a los pensionistas que a los ni\u00f1os y las familias j\u00f3venes. El resultado es un modelo social que asegura el pasado e hipoteca el futuro.","_links":{"self":[{"href":"https:\/\/conversesacatalunya.cat\/es\/wp-json\/wp\/v2\/posts\/101018","targetHints":{"allow":["GET"]}}],"collection":[{"href":"https:\/\/conversesacatalunya.cat\/es\/wp-json\/wp\/v2\/posts"}],"about":[{"href":"https:\/\/conversesacatalunya.cat\/es\/wp-json\/wp\/v2\/types\/post"}],"author":[{"embeddable":true,"href":"https:\/\/conversesacatalunya.cat\/es\/wp-json\/wp\/v2\/users\/93"}],"replies":[{"embeddable":true,"href":"https:\/\/conversesacatalunya.cat\/es\/wp-json\/wp\/v2\/comments?post=101018"}],"version-history":[{"count":4,"href":"https:\/\/conversesacatalunya.cat\/es\/wp-json\/wp\/v2\/posts\/101018\/revisions"}],"predecessor-version":[{"id":101023,"href":"https:\/\/conversesacatalunya.cat\/es\/wp-json\/wp\/v2\/posts\/101018\/revisions\/101023"}],"wp:featuredmedia":[{"embeddable":true,"href":"https:\/\/conversesacatalunya.cat\/es\/wp-json\/wp\/v2\/media\/101016"}],"wp:attachment":[{"href":"https:\/\/conversesacatalunya.cat\/es\/wp-json\/wp\/v2\/media?parent=101018"}],"wp:term":[{"taxonomy":"category","embeddable":true,"href":"https:\/\/conversesacatalunya.cat\/es\/wp-json\/wp\/v2\/categories?post=101018"},{"taxonomy":"post_tag","embeddable":true,"href":"https:\/\/conversesacatalunya.cat\/es\/wp-json\/wp\/v2\/tags?post=101018"}],"curies":[{"name":"wp","href":"https:\/\/api.w.org\/{rel}","templated":true}]}}