{"id":100999,"date":"2026-08-31T09:20:51","date_gmt":"2026-08-31T07:20:51","guid":{"rendered":"https:\/\/conversesacatalunya.cat\/?p=100999"},"modified":"2026-08-31T12:43:01","modified_gmt":"2026-08-31T10:43:01","slug":"dgaia-dependencia-escuela-balance-gobierno-illa","status":"publish","type":"post","link":"https:\/\/conversesacatalunya.cat\/es\/dgaia-dependencia-escuela-balance-gobierno-illa\/","title":{"rendered":"Antes de hablar de 2035: el balance pendiente de Salvador Illa (I)"},"content":{"rendered":"<p><span><span dir=\"auto\">El presidente Salvador Illa pronunciar\u00e1 el\u00a0<\/span><strong><span dir=\"auto\">14 de septiembre,<\/span><\/strong><span dir=\"auto\">\u00a0en el Museo Mar\u00edtimo de Barcelona, \u200b\u200buna conferencia titulada\u00a0<\/span><strong><em><span dir=\"auto\">El futuro ya est\u00e1 aqu\u00ed<\/span><\/em><\/strong><span dir=\"auto\">. Quiere hacer balance y, sobre todo, explicar las directrices del Gobierno para la pr\u00f3xima d\u00e9cada.<\/span><\/span><\/p>\n<p><span><span dir=\"auto\">Es una respetable ambici\u00f3n. Pero,\u00a0<\/span><strong><span dir=\"auto\">antes de administrar el 2035, convendr\u00eda explicar el 2026<\/span><\/strong><span dir=\"auto\">. Hay problemas que no pueden esperar diez a\u00f1os porque afectan a menores, personas dependientes y alumnos que solo cursar\u00e1n una vez la primaria.<\/span><\/span><\/p>\n<h4><strong><span dir=\"auto\">Menores tutelados<\/span><\/strong><\/h4>\n<p><span><span dir=\"auto\">El caso m\u00e1s oscuro es el de\u00a0<\/span><strong><span dir=\"auto\">la antigua DGAIA,<\/span><\/strong><span dir=\"auto\">\u00a0rebautizada en 2025 como Direcci\u00f3n General de Prevenci\u00f3n y Protecci\u00f3n a la Infancia y la Adolescencia. El cambio de r\u00f3tulo no ha resuelto el problema.<\/span><\/span><\/p>\n<p><span><span dir=\"auto\"><span class=\"VIpgJd-yAWNEb-VIpgJd-fmcmS-sn54Q\" dir=\"auto\">El 22 de julio, el Parlament aprob\u00f3 por un solo voto -68 contra 67, con PSC, ERC y Comuns a favor- unas conclusiones que describen un sistema desbordado, mal controlado y dependiente de la gesti\u00f3n privada, con \u00ablucro opaco\u00bb, pero sin atribuir\u00a0<\/span><\/span><strong><span dir=\"auto\"><span class=\"VIpgJd-yAWNEb-VIpgJd-fmcmS-sn54Q\" dir=\"auto\">responsabilidad pol\u00edtica alguna.<\/span><\/span><\/strong><\/span><\/p>\n<p><span><span dir=\"auto\">Solo el 5% de las plazas residenciales son de gesti\u00f3n p\u00fablica y 150 de los 157 centros son gestionados por entidades. El tripartito parlamentario ha encontrado a culpables abstractos y responsables inexistentes.<\/span><\/span><\/p>\n<p><span><strong><span dir=\"auto\">La Sindicatura de Comptes<\/span><\/strong><span dir=\"auto\">\u00a0hab\u00eda detectado 167,5 millones de euros en pagos indebidos de prestaciones sociales entre 2016 y 2024; de estos,\u00a0<\/span><strong><span dir=\"auto\">4,7 millones correspond\u00edan a ayudas a extutelados.<\/span><\/strong><\/span><\/p>\n<p><span><strong><span dir=\"auto\">Anticorrupci\u00f3n investiga<\/span><\/strong><span dir=\"auto\">\u00a0ahora presuntas irregularidades en el seguimiento de estas ayudas y los llamados \u00abpisos fantasma\u00bb. Es una investigaci\u00f3n abierta, no una condena, pero ya invalida la confortable teor\u00eda de que solo hab\u00eda desorden administrativo. Adem\u00e1s, las fundaciones se\u00f1aladas hab\u00edan recibido m\u00e1s de 350 millones de euros en una d\u00e9cada.<\/span><\/span><\/p>\n<p><span><span dir=\"auto\">Es necesario ser exactos.\u00a0<\/span><strong><span dir=\"auto\">La Administraci\u00f3n no \u00abretira la patria potestad\u00bb definitivamente mediante un funcionario:<\/span><\/strong><span dir=\"auto\">\u00a0declara el desamparo, asume la tutela y suspende el ejercicio de la potestad parental, con control judicial posterior.<\/span><\/span><\/p>\n<p><span><span dir=\"auto\">La cr\u00edtica seria es que una decisi\u00f3n que separa a un ni\u00f1o de la familia se toma primero administrativamente, mientras que la revisi\u00f3n judicial llega despu\u00e9s, a menudo en una relaci\u00f3n de fuerzas profundamente desigual.<\/span><\/span><\/p>\n<p><span><strong><span dir=\"auto\">El nuevo \u00f3rgano de expertos para los casos complejos es una mejora<\/span><\/strong><span dir=\"auto\">, pero todav\u00eda no equivale a una garant\u00eda judicial previa.<\/span><\/span><\/p>\n<p><span><span dir=\"auto\">La protecci\u00f3n efectiva tampoco se ha garantizado dentro de los centros. La\u00a0<\/span><strong><span dir=\"auto\">Generalitat deber\u00e1 indemnizar con 12.500 euros a un ni\u00f1o<\/span><\/strong><span dir=\"auto\">\u00a0que, con ocho a\u00f1os, fue agredido sexualmente por un interno de quince a\u00f1os en un centro tutelado. Un juzgado ya hab\u00eda considerado desproporcionada la separaci\u00f3n de su familia.<\/span><\/span><\/p>\n<p><span><span dir=\"auto\"><span class=\"VIpgJd-yAWNEb-VIpgJd-fmcmS-sn54Q\" dir=\"auto\">La s\u00edndica de greuges tambi\u00e9n advirti\u00f3 de que el caso de una menor de doce a\u00f1os captada por una red de pederastia mientras viv\u00eda en un centro no parec\u00eda algo aislado. Ante esto,\u00a0<\/span><\/span><strong><span dir=\"auto\"><span class=\"VIpgJd-yAWNEb-VIpgJd-fmcmS-sn54Q\" dir=\"auto\">negar datos completos sobre agresiones sexuales a menores tutelados deja de ser prudencia: es opacidad.<\/span><\/span><\/strong><\/span><\/p>\n<p><span><span dir=\"auto\">El caso de Noelia Castillo exige igualmente rigor. Estuvo bajo protecci\u00f3n p\u00fablica entre 2015 y 2019, pero no est\u00e1 acreditado que las agresiones sexuales que relat\u00f3 m\u00e1s tarde se produjeran durante la tutela.<\/span><\/span><\/p>\n<p><span><span dir=\"auto\">Precisamente por ello es necesario un seguimiento longitudinal transparente de los extutelados, y no utilizar biograf\u00edas tr\u00e1gicas como consigna a favor o en contra del sistema. Su eutanasia se practic\u00f3 el 26 de marzo de 2026, despu\u00e9s de 601 d\u00edas de litigio.<\/span><\/span><\/p>\n<h4><strong><span dir=\"auto\">Dependencia<\/span><\/strong><\/h4>\n<p><span><span dir=\"auto\"><span class=\"VIpgJd-yAWNEb-VIpgJd-fmcmS-sn54Q\" dir=\"auto\">La dependencia ofrece otra versi\u00f3n de la propia administraci\u00f3n.\u00a0<\/span><\/span><strong><span dir=\"auto\"><span class=\"VIpgJd-yAWNEb-VIpgJd-fmcmS-sn54Q\" dir=\"auto\">La actriz Assumpta Serna,<\/span><\/span><\/strong><span dir=\"auto\"><span class=\"VIpgJd-yAWNEb-VIpgJd-fmcmS-sn54Q\" dir=\"auto\">\u00a0cuidadora de su madre de cien a\u00f1os, necesit\u00f3 un v\u00eddeo viral para contar un laberinto que miles de familias conocen.<\/span><\/span><\/span><\/p>\n<p><span><span dir=\"auto\">Catalunya encabezaba en junio la lista de espera estatal, con 80.827 personas, el 30,4% del total espa\u00f1ol.\u00a0<\/span><strong><span dir=\"auto\">Cuando un derecho solo se mueve despu\u00e9s de un esc\u00e1ndalo en las redes, no existe sistema: hay loter\u00eda.<\/span><\/strong><\/span><\/p>\n<h4><strong><span dir=\"auto\">Escuela<\/span><\/strong><\/h4>\n<p><span><span dir=\"auto\">Y queda la escuela. Catalunya ha quedado fuera de la comparaci\u00f3n regional de\u00a0<\/span><a href=\"https:\/\/conversesacatalunya.cat\/es\/engano-de-pisa-no-puede-continuar-todo-igual\/\" target=\"_blank\" rel=\"noopener\"><strong><span dir=\"auto\">PISA 2025<\/span><\/strong><\/a><span dir=\"auto\">\u00a0porque se excluy\u00f3 el 23,22% de la muestra -591 alumnos-, cuando la OCDE fija un m\u00e1ximo recomendado del 5%.<\/span><\/span><\/p>\n<p><span><span dir=\"auto\"><span class=\"VIpgJd-yAWNEb-VIpgJd-fmcmS-sn54Q\" dir=\"auto\">Solo hizo la prueba el 70% de los alumnos seleccionados. Esto no demuestra que las pruebas internas hayan sido manipuladas, pero s\u00ed fallaron la supervisi\u00f3n, alertas y responsabilidades. Las puntuaciones catalanas no podr\u00e1n compararse ni con otros territorios ni con a\u00f1os anteriores.<\/span><\/span><\/span><\/p>\n<p><span><span dir=\"auto\">El espejo dom\u00e9stico tampoco consuela: en sexto de primaria, el 15,8% de los alumnos presenta un nivel bajo en catal\u00e1n y el 17,5% en matem\u00e1ticas. La graduaci\u00f3n en la ESO ha ca\u00eddo del 93% al 87% entre 2020 y 2024.<\/span><\/span><\/p>\n<p><span><a href=\"https:\/\/www.equitat.org\/es\" target=\"_blank\" rel=\"noopener\"><strong><span dir=\"auto\">Equitat.org<\/span><\/strong><\/a><span dir=\"auto\">\u00a0habla de estancamiento, pobreza y falta de personal de soporte. Que<\/span><strong><span dir=\"auto\">\u00a0Oriol Junqueras<\/span><\/strong><span dir=\"auto\">\u00a0proponga ahora un equipo de expertos que gobierne Educaci\u00f3 durante doce a\u00f1os es menos una soluci\u00f3n que una confesi\u00f3n: los partidos que la han dirigido ya no se f\u00edan de su propia manera de dirigirla.<\/span><\/span><\/p>\n<p><strong><span dir=\"auto\">Illa puede hablar del futuro. Pero deber\u00eda empezar explicando qui\u00e9n responde por el presente.<\/span><\/strong><\/p>\n<p><span><span dir=\"auto\">Los menores tutelados, dependientes y alumnos no viven en una d\u00e9cada imaginaria.\u00a0<\/span><\/span><span><span dir=\"auto\">Viven ahora.<\/span><\/span><\/p>\n<span class='bctt-click-to-tweet'><span class='bctt-ctt-text'><a href='https:\/\/x.com\/intent\/tweet?url=https%3A%2F%2Fconversesacatalunya.cat%2Fes%2Fdgaia-dependencia-escuela-balance-gobierno-illa%2F&#038;text=Illa%20puede%20hablar%20del%20futuro%2C%20pero%20los%20menores%20tutelados%2C%20las%20personas%20dependientes%20y%20los%20alumnos%20viven%20ahora.%20%23SalvadorIlla%20%23Catalunya&#038;via=conversesacat&#038;related=conversesacat' target='_blank'rel=\"noopener noreferrer\">Illa puede hablar del futuro, pero los menores tutelados, las personas dependientes y los alumnos viven ahora. #SalvadorIlla #Catalunya <\/a><\/span><a href='https:\/\/x.com\/intent\/tweet?url=https%3A%2F%2Fconversesacatalunya.cat%2Fes%2Fdgaia-dependencia-escuela-balance-gobierno-illa%2F&#038;text=Illa%20puede%20hablar%20del%20futuro%2C%20pero%20los%20menores%20tutelados%2C%20las%20personas%20dependientes%20y%20los%20alumnos%20viven%20ahora.%20%23SalvadorIlla%20%23Catalunya&#038;via=conversesacat&#038;related=conversesacat' target='_blank' class='bctt-ctt-btn'rel=\"noopener noreferrer\">Compartir en X<\/a><\/span>\n<div id=\"polls-337\" class=\"wp-polls\">\n\t<form id=\"polls_form_337\" class=\"wp-polls-form\" action=\"\/index.php\" method=\"post\">\n\t\t<p style=\"display: none;\"><input type=\"hidden\" id=\"poll_337_nonce\" name=\"wp-polls-nonce\" value=\"c76f32ac40\" \/><\/p>\n\t\t<p style=\"display: none;\"><input type=\"hidden\" name=\"poll_id\" value=\"337\" \/><\/p>\n\t\t<p style=\"text-align: center\"><strong>De 0 a 4, com valores la gesti\u00f3 de la crisi de Ceuta per part de S\u00e1nchez?<\/strong><\/p><div id=\"polls-337-ans\" class=\"wp-polls-ans\"><ul class=\"wp-polls-ul\">\n\t\t<li><input type=\"radio\" id=\"poll-answer-970\" name=\"poll_337\" value=\"970\" \/> <label for=\"poll-answer-970\">0- Molt malament<\/label><\/li>\n\t\t<li><input type=\"radio\" id=\"poll-answer-971\" name=\"poll_337\" value=\"971\" \/> <label for=\"poll-answer-971\">1- Malament<\/label><\/li>\n\t\t<li><input type=\"radio\" id=\"poll-answer-972\" name=\"poll_337\" value=\"972\" \/> <label for=\"poll-answer-972\">2- Regular<\/label><\/li>\n\t\t<li><input type=\"radio\" id=\"poll-answer-973\" name=\"poll_337\" value=\"973\" \/> <label for=\"poll-answer-973\">3- B\u00e9<\/label><\/li>\n\t\t<li><input type=\"radio\" id=\"poll-answer-974\" name=\"poll_337\" value=\"974\" \/> <label for=\"poll-answer-974\">4- Molt b\u00e9<\/label><\/li>\n\t\t<\/ul><p style=\"text-align: center\"><input type=\"button\" name=\"vote\" value=\"   Vota   \" class=\"Buttons\" onclick=\"poll_vote(337);\" \/><\/p><p style=\"text-align: center\"><a href=\"#ViewPollResults\" onclick=\"poll_result(337); return false;\" title=\"View Results Of This Poll\">Mira els resultats<\/a><\/p><\/div>\n\t<\/form>\n<\/div>\n<div id=\"polls-337-loading\" class=\"wp-polls-loading\"><img decoding=\"async\" data-src=\"https:\/\/conversesacatalunya.cat\/wp-content\/plugins\/wp-polls\/images\/loading.gif\" width=\"16\" height=\"16\" alt=\"Cargando ...\" title=\"Cargando ...\" class=\"wp-polls-image lazyload\" src=\"data:image\/svg+xml;base64,PHN2ZyB3aWR0aD0iMSIgaGVpZ2h0PSIxIiB4bWxucz0iaHR0cDovL3d3dy53My5vcmcvMjAwMC9zdmciPjwvc3ZnPg==\" style=\"--smush-placeholder-width: 16px; --smush-placeholder-aspect-ratio: 16\/16;\" \/>&nbsp;Cargando ...<\/div>\n\n","protected":false},"excerpt":{"rendered":"<p>El presidente Salvador Illa pronunciar\u00e1 el\u00a014 de septiembre,\u00a0en el Museo Mar\u00edtimo de Barcelona, \u200b\u200buna conferencia titulada\u00a0El futuro ya est\u00e1 aqu\u00ed. Quiere hacer balance y, sobre todo, explicar las directrices del Gobierno para la pr\u00f3xima d\u00e9cada. Es una respetable ambici\u00f3n. Pero,\u00a0antes de administrar el 2035, convendr\u00eda explicar el 2026. Hay problemas que no pueden esperar diez a\u00f1os porque afectan a menores, personas dependientes y alumnos que solo cursar\u00e1n una vez la primaria. Menores tutelados El caso m\u00e1s oscuro es el de\u00a0la antigua DGAIA,\u00a0rebautizada en 2025 como Direcci\u00f3n General de Prevenci\u00f3n y Protecci\u00f3n a la Infancia y la Adolescencia. El cambio de r\u00f3tulo no ha resuelto el problema. El 22 de julio, el Parlament aprob\u00f3 por un solo voto -68 contra 67, con PSC, ERC y Comuns a favor- unas conclusiones que describen un sistema desbordado, mal controlado y dependiente de la gesti\u00f3n privada, con \u00ablucro opaco\u00bb, pero sin atribuir\u00a0responsabilidad pol\u00edtica alguna. Solo el 5% de las plazas residenciales son de gesti\u00f3n p\u00fablica y 150 de los 157 centros son gestionados por entidades. El tripartito parlamentario ha encontrado a culpables abstractos y responsables inexistentes. La Sindicatura de Comptes\u00a0hab\u00eda detectado 167,5 millones de euros en pagos indebidos de prestaciones sociales entre 2016 y 2024; de estos,\u00a04,7 millones correspond\u00edan a ayudas a extutelados. Anticorrupci\u00f3n investiga\u00a0ahora presuntas irregularidades en el seguimiento de estas ayudas y los llamados \u00abpisos fantasma\u00bb. Es una investigaci\u00f3n abierta, no una condena, pero ya invalida la confortable teor\u00eda de que solo hab\u00eda desorden administrativo. Adem\u00e1s, las fundaciones se\u00f1aladas hab\u00edan recibido m\u00e1s de 350 millones de euros en una d\u00e9cada. Es necesario ser exactos.\u00a0La Administraci\u00f3n no \u00abretira la patria potestad\u00bb definitivamente mediante un funcionario:\u00a0declara el desamparo, asume la tutela y suspende el ejercicio de la potestad parental, con control judicial posterior. La cr\u00edtica seria es que una decisi\u00f3n que separa a un ni\u00f1o de la familia se toma primero administrativamente, mientras que la revisi\u00f3n judicial llega despu\u00e9s, a menudo en una relaci\u00f3n de fuerzas profundamente desigual. El nuevo \u00f3rgano de expertos para los casos complejos es una mejora, pero todav\u00eda no equivale a una garant\u00eda judicial previa. La protecci\u00f3n efectiva tampoco se ha garantizado dentro de los centros. La\u00a0Generalitat deber\u00e1 indemnizar con 12.500 euros a un ni\u00f1o\u00a0que, con ocho a\u00f1os, fue agredido sexualmente por un interno de quince a\u00f1os en un centro tutelado. Un juzgado ya hab\u00eda considerado desproporcionada la separaci\u00f3n de su familia. La s\u00edndica de greuges tambi\u00e9n advirti\u00f3 de que el caso de una menor de doce a\u00f1os captada por una red de pederastia mientras viv\u00eda en un centro no parec\u00eda algo aislado. Ante esto,\u00a0negar datos completos sobre agresiones sexuales a menores tutelados deja de ser prudencia: es opacidad. El caso de Noelia Castillo exige igualmente rigor. Estuvo bajo protecci\u00f3n p\u00fablica entre 2015 y 2019, pero no est\u00e1 acreditado que las agresiones sexuales que relat\u00f3 m\u00e1s tarde se produjeran durante la tutela. Precisamente por ello es necesario un seguimiento longitudinal transparente de los extutelados, y no utilizar biograf\u00edas tr\u00e1gicas como consigna a favor o en contra del sistema. Su eutanasia se practic\u00f3 el 26 de marzo de 2026, despu\u00e9s de 601 d\u00edas de litigio. Dependencia La dependencia ofrece otra versi\u00f3n de la propia administraci\u00f3n.\u00a0La actriz Assumpta Serna,\u00a0cuidadora de su madre de cien a\u00f1os, necesit\u00f3 un v\u00eddeo viral para contar un laberinto que miles de familias conocen. Catalunya encabezaba en junio la lista de espera estatal, con 80.827 personas, el 30,4% del total espa\u00f1ol.\u00a0Cuando un derecho solo se mueve despu\u00e9s de un esc\u00e1ndalo en las redes, no existe sistema: hay loter\u00eda. Escuela Y queda la escuela. Catalunya ha quedado fuera de la comparaci\u00f3n regional de\u00a0PISA 2025\u00a0porque se excluy\u00f3 el 23,22% de la muestra -591 alumnos-, cuando la OCDE fija un m\u00e1ximo recomendado del 5%. Solo hizo la prueba el 70% de los alumnos seleccionados. Esto no demuestra que las pruebas internas hayan sido manipuladas, pero s\u00ed fallaron la supervisi\u00f3n, alertas y responsabilidades. Las puntuaciones catalanas no podr\u00e1n compararse ni con otros territorios ni con a\u00f1os anteriores. El espejo dom\u00e9stico tampoco consuela: en sexto de primaria, el 15,8% de los alumnos presenta un nivel bajo en catal\u00e1n y el 17,5% en matem\u00e1ticas. La graduaci\u00f3n en la ESO ha ca\u00eddo del 93% al 87% entre 2020 y 2024. Equitat.org\u00a0habla de estancamiento, pobreza y falta de personal de soporte. Que\u00a0Oriol Junqueras\u00a0proponga ahora un equipo de expertos que gobierne Educaci\u00f3 durante doce a\u00f1os es menos una soluci\u00f3n que una confesi\u00f3n: los partidos que la han dirigido ya no se f\u00edan de su propia manera de dirigirla. Illa puede hablar del futuro. Pero deber\u00eda empezar explicando qui\u00e9n responde por el presente. Los menores tutelados, dependientes y alumnos no viven en una d\u00e9cada imaginaria.\u00a0Viven ahora.<\/p>\n","protected":false},"author":81,"featured_media":100996,"comment_status":"open","ping_status":"open","sticky":false,"template":"","format":"standard","meta":{"_FSMCFIC_featured_image_caption":"Imagen generada con IA","_FSMCFIC_featured_image_nocaption":"","_FSMCFIC_featured_image_hide":"","footnotes":""},"categories":[806],"tags":[865,845,5629],"class_list":["post-100999","post","type-post","status-publish","format-standard","has-post-thumbnail","hentry","category-punts-claus-del-dia-es","tag-cataluna","tag-catalunya-es","tag-govern-illa"],"yoast_head":"<!-- This site is optimized with the Yoast SEO plugin v26.8 - https:\/\/yoast.com\/product\/yoast-seo-wordpress\/ -->\n<title>DGAIA, dependencia y escuela: el balance pendiente de Illa<\/title>\n<meta name=\"description\" content=\"Los problemas sociales que el Govern Illa debe explicar antes del 2035: DGAIA, abusos a tutelados, listas de dependencia y exclusi\u00f3n de PISA.\" \/>\n<meta name=\"robots\" content=\"index, follow, max-snippet:-1, max-image-preview:large, max-video-preview:-1\" \/>\n<link rel=\"canonical\" href=\"https:\/\/conversesacatalunya.cat\/es\/dgaia-dependencia-escuela-balance-gobierno-illa\/\" \/>\n<meta property=\"og:locale\" content=\"es_ES\" \/>\n<meta property=\"og:type\" content=\"article\" \/>\n<meta property=\"og:title\" content=\"DGAIA, dependencia y escuela: el balance pendiente de Illa\" \/>\n<meta property=\"og:description\" content=\"Los problemas sociales que el Govern Illa debe explicar antes del 2035: DGAIA, abusos a tutelados, listas de dependencia y exclusi\u00f3n de PISA.\" \/>\n<meta property=\"og:url\" content=\"https:\/\/conversesacatalunya.cat\/es\/dgaia-dependencia-escuela-balance-gobierno-illa\/\" \/>\n<meta property=\"og:site_name\" content=\"Converses a Catalunya\" \/>\n<meta property=\"article:published_time\" content=\"2026-08-31T07:20:51+00:00\" \/>\n<meta property=\"article:modified_time\" content=\"2026-08-31T10:43:01+00:00\" \/>\n<meta property=\"og:image\" content=\"https:\/\/conversesacatalunya.cat\/wp-content\/uploads\/2026\/08\/imatge_article_100kb.jpg\" \/>\n\t<meta property=\"og:image:width\" content=\"536\" \/>\n\t<meta property=\"og:image:height\" content=\"357\" \/>\n\t<meta property=\"og:image:type\" content=\"image\/jpeg\" \/>\n<meta name=\"author\" content=\"Emili Clos\" \/>\n<meta name=\"twitter:card\" content=\"summary_large_image\" \/>\n<meta name=\"twitter:label1\" content=\"Escrito por\" \/>\n\t<meta name=\"twitter:data1\" content=\"Emili Clos\" \/>\n\t<meta name=\"twitter:label2\" content=\"Tiempo de lectura\" \/>\n\t<meta name=\"twitter:data2\" content=\"4 minutos\" \/>\n<script type=\"application\/ld+json\" class=\"yoast-schema-graph\">{\"@context\":\"https:\/\/schema.org\",\"@graph\":[{\"@type\":\"Article\",\"@id\":\"https:\/\/conversesacatalunya.cat\/es\/dgaia-dependencia-escuela-balance-gobierno-illa\/#article\",\"isPartOf\":{\"@id\":\"https:\/\/conversesacatalunya.cat\/es\/dgaia-dependencia-escuela-balance-gobierno-illa\/\"},\"author\":{\"name\":\"Emili Clos\",\"@id\":\"https:\/\/conversesacatalunya.cat\/#\/schema\/person\/46306de4129bccb959ed5e1720c4e3e7\"},\"headline\":\"Antes de hablar de 2035: el balance pendiente de Salvador Illa (I)\",\"datePublished\":\"2026-08-31T07:20:51+00:00\",\"dateModified\":\"2026-08-31T10:43:01+00:00\",\"mainEntityOfPage\":{\"@id\":\"https:\/\/conversesacatalunya.cat\/es\/dgaia-dependencia-escuela-balance-gobierno-illa\/\"},\"wordCount\":876,\"commentCount\":0,\"image\":{\"@id\":\"https:\/\/conversesacatalunya.cat\/es\/dgaia-dependencia-escuela-balance-gobierno-illa\/#primaryimage\"},\"thumbnailUrl\":\"https:\/\/conversesacatalunya.cat\/wp-content\/uploads\/2026\/08\/imatge_article_100kb.jpg\",\"keywords\":[\"Catalu\u00f1a\",\"Catalunya\",\"Govern Illa\"],\"articleSection\":[\"Punts clau del dia (ES)\"],\"inLanguage\":\"es\",\"potentialAction\":[{\"@type\":\"CommentAction\",\"name\":\"Comment\",\"target\":[\"https:\/\/conversesacatalunya.cat\/es\/dgaia-dependencia-escuela-balance-gobierno-illa\/#respond\"]}]},{\"@type\":\"WebPage\",\"@id\":\"https:\/\/conversesacatalunya.cat\/es\/dgaia-dependencia-escuela-balance-gobierno-illa\/\",\"url\":\"https:\/\/conversesacatalunya.cat\/es\/dgaia-dependencia-escuela-balance-gobierno-illa\/\",\"name\":\"DGAIA, dependencia y escuela: el balance pendiente de Illa\",\"isPartOf\":{\"@id\":\"https:\/\/conversesacatalunya.cat\/#website\"},\"primaryImageOfPage\":{\"@id\":\"https:\/\/conversesacatalunya.cat\/es\/dgaia-dependencia-escuela-balance-gobierno-illa\/#primaryimage\"},\"image\":{\"@id\":\"https:\/\/conversesacatalunya.cat\/es\/dgaia-dependencia-escuela-balance-gobierno-illa\/#primaryimage\"},\"thumbnailUrl\":\"https:\/\/conversesacatalunya.cat\/wp-content\/uploads\/2026\/08\/imatge_article_100kb.jpg\",\"datePublished\":\"2026-08-31T07:20:51+00:00\",\"dateModified\":\"2026-08-31T10:43:01+00:00\",\"author\":{\"@id\":\"https:\/\/conversesacatalunya.cat\/#\/schema\/person\/46306de4129bccb959ed5e1720c4e3e7\"},\"description\":\"Los problemas sociales que el Govern Illa debe explicar antes del 2035: DGAIA, abusos a tutelados, listas de dependencia y exclusi\u00f3n de PISA.\",\"breadcrumb\":{\"@id\":\"https:\/\/conversesacatalunya.cat\/es\/dgaia-dependencia-escuela-balance-gobierno-illa\/#breadcrumb\"},\"inLanguage\":\"es\",\"potentialAction\":[{\"@type\":\"ReadAction\",\"target\":[\"https:\/\/conversesacatalunya.cat\/es\/dgaia-dependencia-escuela-balance-gobierno-illa\/\"]}]},{\"@type\":\"ImageObject\",\"inLanguage\":\"es\",\"@id\":\"https:\/\/conversesacatalunya.cat\/es\/dgaia-dependencia-escuela-balance-gobierno-illa\/#primaryimage\",\"url\":\"https:\/\/conversesacatalunya.cat\/wp-content\/uploads\/2026\/08\/imatge_article_100kb.jpg\",\"contentUrl\":\"https:\/\/conversesacatalunya.cat\/wp-content\/uploads\/2026\/08\/imatge_article_100kb.jpg\",\"width\":536,\"height\":357,\"caption\":\"problemas sociales del Govern Illa\"},{\"@type\":\"BreadcrumbList\",\"@id\":\"https:\/\/conversesacatalunya.cat\/es\/dgaia-dependencia-escuela-balance-gobierno-illa\/#breadcrumb\",\"itemListElement\":[{\"@type\":\"ListItem\",\"position\":1,\"name\":\"Inici\",\"item\":\"https:\/\/conversesacatalunya.cat\/es\/\"},{\"@type\":\"ListItem\",\"position\":2,\"name\":\"Antes de hablar de 2035: el balance pendiente de Salvador Illa (I)\"}]},{\"@type\":\"WebSite\",\"@id\":\"https:\/\/conversesacatalunya.cat\/#website\",\"url\":\"https:\/\/conversesacatalunya.cat\/\",\"name\":\"Converses a Catalunya\",\"description\":\"\",\"potentialAction\":[{\"@type\":\"SearchAction\",\"target\":{\"@type\":\"EntryPoint\",\"urlTemplate\":\"https:\/\/conversesacatalunya.cat\/?s={search_term_string}\"},\"query-input\":{\"@type\":\"PropertyValueSpecification\",\"valueRequired\":true,\"valueName\":\"search_term_string\"}}],\"inLanguage\":\"es\"},{\"@type\":\"Person\",\"@id\":\"https:\/\/conversesacatalunya.cat\/#\/schema\/person\/46306de4129bccb959ed5e1720c4e3e7\",\"name\":\"Emili Clos\",\"image\":{\"@type\":\"ImageObject\",\"inLanguage\":\"es\",\"@id\":\"https:\/\/conversesacatalunya.cat\/#\/schema\/person\/image\/\",\"url\":\"https:\/\/secure.gravatar.com\/avatar\/670219f2fafbd743255954580aa63f7f?s=96&d=mm&r=g\",\"contentUrl\":\"https:\/\/secure.gravatar.com\/avatar\/670219f2fafbd743255954580aa63f7f?s=96&d=mm&r=g\",\"caption\":\"Emili Clos\"},\"url\":\"https:\/\/conversesacatalunya.cat\/es\/author\/emili_clos\/\"}]}<\/script>\n<!-- \/ Yoast SEO plugin. -->","yoast_head_json":{"title":"DGAIA, dependencia y escuela: el balance pendiente de Illa","description":"Los problemas sociales que el Govern Illa debe explicar antes del 2035: DGAIA, abusos a tutelados, listas de dependencia y exclusi\u00f3n de PISA.","robots":{"index":"index","follow":"follow","max-snippet":"max-snippet:-1","max-image-preview":"max-image-preview:large","max-video-preview":"max-video-preview:-1"},"canonical":"https:\/\/conversesacatalunya.cat\/es\/dgaia-dependencia-escuela-balance-gobierno-illa\/","og_locale":"es_ES","og_type":"article","og_title":"DGAIA, dependencia y escuela: el balance pendiente de Illa","og_description":"Los problemas sociales que el Govern Illa debe explicar antes del 2035: DGAIA, abusos a tutelados, listas de dependencia y exclusi\u00f3n de PISA.","og_url":"https:\/\/conversesacatalunya.cat\/es\/dgaia-dependencia-escuela-balance-gobierno-illa\/","og_site_name":"Converses a Catalunya","article_published_time":"2026-08-31T07:20:51+00:00","article_modified_time":"2026-08-31T10:43:01+00:00","og_image":[{"width":536,"height":357,"url":"https:\/\/conversesacatalunya.cat\/wp-content\/uploads\/2026\/08\/imatge_article_100kb.jpg","type":"image\/jpeg"}],"author":"Emili Clos","twitter_card":"summary_large_image","twitter_misc":{"Escrito por":"Emili Clos","Tiempo de lectura":"4 minutos"},"schema":{"@context":"https:\/\/schema.org","@graph":[{"@type":"Article","@id":"https:\/\/conversesacatalunya.cat\/es\/dgaia-dependencia-escuela-balance-gobierno-illa\/#article","isPartOf":{"@id":"https:\/\/conversesacatalunya.cat\/es\/dgaia-dependencia-escuela-balance-gobierno-illa\/"},"author":{"name":"Emili Clos","@id":"https:\/\/conversesacatalunya.cat\/#\/schema\/person\/46306de4129bccb959ed5e1720c4e3e7"},"headline":"Antes de hablar de 2035: el balance pendiente de Salvador Illa (I)","datePublished":"2026-08-31T07:20:51+00:00","dateModified":"2026-08-31T10:43:01+00:00","mainEntityOfPage":{"@id":"https:\/\/conversesacatalunya.cat\/es\/dgaia-dependencia-escuela-balance-gobierno-illa\/"},"wordCount":876,"commentCount":0,"image":{"@id":"https:\/\/conversesacatalunya.cat\/es\/dgaia-dependencia-escuela-balance-gobierno-illa\/#primaryimage"},"thumbnailUrl":"https:\/\/conversesacatalunya.cat\/wp-content\/uploads\/2026\/08\/imatge_article_100kb.jpg","keywords":["Catalu\u00f1a","Catalunya","Govern Illa"],"articleSection":["Punts clau del dia (ES)"],"inLanguage":"es","potentialAction":[{"@type":"CommentAction","name":"Comment","target":["https:\/\/conversesacatalunya.cat\/es\/dgaia-dependencia-escuela-balance-gobierno-illa\/#respond"]}]},{"@type":"WebPage","@id":"https:\/\/conversesacatalunya.cat\/es\/dgaia-dependencia-escuela-balance-gobierno-illa\/","url":"https:\/\/conversesacatalunya.cat\/es\/dgaia-dependencia-escuela-balance-gobierno-illa\/","name":"DGAIA, dependencia y escuela: el balance pendiente de Illa","isPartOf":{"@id":"https:\/\/conversesacatalunya.cat\/#website"},"primaryImageOfPage":{"@id":"https:\/\/conversesacatalunya.cat\/es\/dgaia-dependencia-escuela-balance-gobierno-illa\/#primaryimage"},"image":{"@id":"https:\/\/conversesacatalunya.cat\/es\/dgaia-dependencia-escuela-balance-gobierno-illa\/#primaryimage"},"thumbnailUrl":"https:\/\/conversesacatalunya.cat\/wp-content\/uploads\/2026\/08\/imatge_article_100kb.jpg","datePublished":"2026-08-31T07:20:51+00:00","dateModified":"2026-08-31T10:43:01+00:00","author":{"@id":"https:\/\/conversesacatalunya.cat\/#\/schema\/person\/46306de4129bccb959ed5e1720c4e3e7"},"description":"Los problemas sociales que el Govern Illa debe explicar antes del 2035: DGAIA, abusos a tutelados, listas de dependencia y exclusi\u00f3n de PISA.","breadcrumb":{"@id":"https:\/\/conversesacatalunya.cat\/es\/dgaia-dependencia-escuela-balance-gobierno-illa\/#breadcrumb"},"inLanguage":"es","potentialAction":[{"@type":"ReadAction","target":["https:\/\/conversesacatalunya.cat\/es\/dgaia-dependencia-escuela-balance-gobierno-illa\/"]}]},{"@type":"ImageObject","inLanguage":"es","@id":"https:\/\/conversesacatalunya.cat\/es\/dgaia-dependencia-escuela-balance-gobierno-illa\/#primaryimage","url":"https:\/\/conversesacatalunya.cat\/wp-content\/uploads\/2026\/08\/imatge_article_100kb.jpg","contentUrl":"https:\/\/conversesacatalunya.cat\/wp-content\/uploads\/2026\/08\/imatge_article_100kb.jpg","width":536,"height":357,"caption":"problemas sociales del Govern Illa"},{"@type":"BreadcrumbList","@id":"https:\/\/conversesacatalunya.cat\/es\/dgaia-dependencia-escuela-balance-gobierno-illa\/#breadcrumb","itemListElement":[{"@type":"ListItem","position":1,"name":"Inici","item":"https:\/\/conversesacatalunya.cat\/es\/"},{"@type":"ListItem","position":2,"name":"Antes de hablar de 2035: el balance pendiente de Salvador Illa (I)"}]},{"@type":"WebSite","@id":"https:\/\/conversesacatalunya.cat\/#website","url":"https:\/\/conversesacatalunya.cat\/","name":"Converses a Catalunya","description":"","potentialAction":[{"@type":"SearchAction","target":{"@type":"EntryPoint","urlTemplate":"https:\/\/conversesacatalunya.cat\/?s={search_term_string}"},"query-input":{"@type":"PropertyValueSpecification","valueRequired":true,"valueName":"search_term_string"}}],"inLanguage":"es"},{"@type":"Person","@id":"https:\/\/conversesacatalunya.cat\/#\/schema\/person\/46306de4129bccb959ed5e1720c4e3e7","name":"Emili Clos","image":{"@type":"ImageObject","inLanguage":"es","@id":"https:\/\/conversesacatalunya.cat\/#\/schema\/person\/image\/","url":"https:\/\/secure.gravatar.com\/avatar\/670219f2fafbd743255954580aa63f7f?s=96&d=mm&r=g","contentUrl":"https:\/\/secure.gravatar.com\/avatar\/670219f2fafbd743255954580aa63f7f?s=96&d=mm&r=g","caption":"Emili Clos"},"url":"https:\/\/conversesacatalunya.cat\/es\/author\/emili_clos\/"}]}},"wps_subtitle":"Quienes no pueden esperar: menores tutelados, dependencia y escuela","_links":{"self":[{"href":"https:\/\/conversesacatalunya.cat\/es\/wp-json\/wp\/v2\/posts\/100999","targetHints":{"allow":["GET"]}}],"collection":[{"href":"https:\/\/conversesacatalunya.cat\/es\/wp-json\/wp\/v2\/posts"}],"about":[{"href":"https:\/\/conversesacatalunya.cat\/es\/wp-json\/wp\/v2\/types\/post"}],"author":[{"embeddable":true,"href":"https:\/\/conversesacatalunya.cat\/es\/wp-json\/wp\/v2\/users\/81"}],"replies":[{"embeddable":true,"href":"https:\/\/conversesacatalunya.cat\/es\/wp-json\/wp\/v2\/comments?post=100999"}],"version-history":[{"count":3,"href":"https:\/\/conversesacatalunya.cat\/es\/wp-json\/wp\/v2\/posts\/100999\/revisions"}],"predecessor-version":[{"id":101027,"href":"https:\/\/conversesacatalunya.cat\/es\/wp-json\/wp\/v2\/posts\/100999\/revisions\/101027"}],"wp:featuredmedia":[{"embeddable":true,"href":"https:\/\/conversesacatalunya.cat\/es\/wp-json\/wp\/v2\/media\/100996"}],"wp:attachment":[{"href":"https:\/\/conversesacatalunya.cat\/es\/wp-json\/wp\/v2\/media?parent=100999"}],"wp:term":[{"taxonomy":"category","embeddable":true,"href":"https:\/\/conversesacatalunya.cat\/es\/wp-json\/wp\/v2\/categories?post=100999"},{"taxonomy":"post_tag","embeddable":true,"href":"https:\/\/conversesacatalunya.cat\/es\/wp-json\/wp\/v2\/tags?post=100999"}],"curies":[{"name":"wp","href":"https:\/\/api.w.org\/{rel}","templated":true}]}}