{"id":100980,"date":"2026-08-31T06:39:42","date_gmt":"2026-08-31T04:39:42","guid":{"rendered":"https:\/\/conversesacatalunya.cat\/?p=100980"},"modified":"2026-08-31T12:44:14","modified_gmt":"2026-08-31T10:44:14","slug":"colapso-ap7-carreteras-cercanias-catalunya","status":"publish","type":"post","link":"https:\/\/conversesacatalunya.cat\/es\/colapso-ap7-carreteras-cercanias-catalunya\/","title":{"rendered":"AP-7, carreteras y Cercan\u00edas: el colapso catal\u00e1n en tres actos"},"content":{"rendered":"<p class=\"isSelectedEnd\"><span><span dir=\"auto\"><span class=\"VIpgJd-yAWNEb-VIpgJd-fmcmS-sn54Q\" dir=\"auto\">Hay problemas complejos y despu\u00e9s est\u00e1\u00a0<\/span><\/span><strong><span dir=\"auto\"><span class=\"VIpgJd-yAWNEb-VIpgJd-fmcmS-sn54Q\" dir=\"auto\">el problema catal\u00e1n de la movilidad,<\/span><\/span><\/strong><span dir=\"auto\"><span class=\"VIpgJd-yAWNEb-VIpgJd-fmcmS-sn54Q\" dir=\"auto\">\u00a0que hemos conseguido complicar met\u00f3dicamente. Primero concentramos al pa\u00eds en un gran corredor litoral. Luego dejamos envejecer las carreteras interiores. Mientras, permitimos que el ferrocarril se convirtiera en una aventura. Y, finalmente, suprimimos los peajes sin disponer de un plan solvente para absorber sus consecuencias. La obra es completa: una autopista colapsada, unas carreteras convencionales peligrosas y un tren que recomienda paciencia.<\/span><\/span><\/span><\/p>\n<p class=\"isSelectedEnd\"><span><span dir=\"auto\">El 1 de septiembre de 2021, el Gobierno espa\u00f1ol levant\u00f3 las barreras de 262 kil\u00f3metros de la AP-7 y 215 de la AP-2. La\u00a0<\/span><\/span><a href=\"https:\/\/www.lamoncloa.gob.es\/serviciosdeprensa\/notasprensa\/transportes\/paginas\/2021\/310821-peajes.aspx\" target=\"_blank\" rel=\"noopener\"><span><span dir=\"auto\">nota oficial de La Moncloa<\/span><\/span><\/a><span><span dir=\"auto\">\u00a0celebraba un ahorro de 752 millones de euros anuales para los usuarios y auguraba una mejor distribuci\u00f3n del tr\u00e1fico, menor congesti\u00f3n, mayor seguridad y menor contaminaci\u00f3n. Todo a la vez.\u00a0<\/span><strong><span dir=\"auto\">El Estado estaba a\u00fan elaborando \u00abun estudio previo de demanda y necesidades\u00bb<\/span><\/strong><span dir=\"auto\">, pero las barreras ya sub\u00edan. Es una forma muy moderna de planificar: primero se adopta la decisi\u00f3n y despu\u00e9s se estudia qu\u00e9 puede pasar.<\/span><\/span><\/p>\n<p class=\"isSelectedEnd\"><span><span dir=\"auto\"><span class=\"VIpgJd-yAWNEb-VIpgJd-fmcmS-sn54Q\" dir=\"auto\">Cinco a\u00f1os m\u00e1s tarde, las\u00a0<\/span><\/span><\/span><a href=\"https:\/\/www.3cat.cat\/3catinfo\/tornarem-a-pagar-peatge-a-lap-7-un-debat-espinos-que-ja-fa-uns-anys-que-sarrossega\/noticia\/3418457\/\" target=\"_blank\" rel=\"noopener\"><span><span dir=\"auto\"><span class=\"VIpgJd-yAWNEb-VIpgJd-fmcmS-sn54Q\" dir=\"auto\">estimaciones recogidas por 3Cat<\/span><\/span><\/span><\/a><span><span dir=\"auto\"><span class=\"VIpgJd-yAWNEb-VIpgJd-fmcmS-sn54Q\" dir=\"auto\">\u00a0sit\u00faan el aumento del tr\u00e1fico de turismos en torno al 50% y el de los camiones en el 66%. La AP-7 es hoy la gran arteria del pa\u00eds y, a su vez, su principal trombo. Cuando hay un accidente, una aver\u00eda o una operaci\u00f3n salida, el sistema se detiene porque\u00a0<\/span><\/span><strong><span dir=\"auto\"><span class=\"VIpgJd-yAWNEb-VIpgJd-fmcmS-sn54Q\" dir=\"auto\">apenas dispone de v\u00edas alternativas.<\/span><\/span><\/strong><span dir=\"auto\"><span class=\"VIpgJd-yAWNEb-VIpgJd-fmcmS-sn54Q\" dir=\"auto\"> En el tramo ebrense, con solo dos carriles por sentido, unos 12.000 camiones diarios convierten cualquier incidencia en una crisis territorial.<\/span><\/span><\/span><\/p>\n<p class=\"isSelectedEnd\"><span><span dir=\"auto\"><span class=\"VIpgJd-yAWNEb-VIpgJd-fmcmS-sn54Q\" dir=\"auto\">Una autopista sigue siendo mucho m\u00e1s segura que una carretera convencional: calzadas separadas, accesos controlados, ausencia de cruces al mismo nivel y menor riesgo de colisiones frontales. Pero esa superioridad no hace inocua la saturaci\u00f3n. Seg\u00fan el\u00a0<\/span><\/span><\/span><a href=\"https:\/\/corporativa.racc.cat\/irap-tarragona\/\" target=\"_blank\" rel=\"noopener\"><span><span dir=\"auto\"><span class=\"VIpgJd-yAWNEb-VIpgJd-fmcmS-sn54Q\" dir=\"auto\">Mapa de riesgo iRAP del RACC y el Servei Catal\u00e0 de Tr\u00e0nsit<\/span><\/span><\/span><\/a>,<span><span dir=\"auto\"><span class=\"VIpgJd-yAWNEb-VIpgJd-fmcmS-sn54Q\" dir=\"auto\">\u00a0en Tarragona los accidentes graves y mortales crecieron un 11,5% en el trienio 2022-2024, mientras que la movilidad lo hizo un 5,6%. El riesgo por veh\u00edculo aument\u00f3 un 4,9%.<\/span><\/span><\/span><\/p>\n<p class=\"isSelectedEnd\"><span><span dir=\"auto\">Los camiones, adem\u00e1s, aparecen en el 41,7% de los accidentes graves de la AP-7 tarraconense, pese a representar el 25,9% del tr\u00e1fico. Esto no significa que el camionero sea culpable de cada siniestro, sino que la masa de los veh\u00edculos, la distancia de frenado y la ocupaci\u00f3n de la calzada pueden agravar sus consecuencias. En Girona, el\u00a0<\/span><\/span><a href=\"https:\/\/corporativa.racc.cat\/camions-irap\/\" target=\"_blank\" rel=\"noopener\"><span><span dir=\"auto\">\u00faltimo estudio del RACC<\/span><\/span><\/a><span><span dir=\"auto\">\u00a0eleva al 55,3% la presencia de camiones en los accidentes graves de los tramos de la AP-7.<\/span><\/span><\/p>\n<p class=\"isSelectedEnd\"><span><strong><span dir=\"auto\">Ante esta situaci\u00f3n, el Gobierno de Illa ha descubierto el peaje.<\/span><\/strong><span dir=\"auto\">\u00a0Es posible que una vi\u00f1eta o un pago por uso sean necesarios para financiar el mantenimiento. Pero financiar y descongestionar no son lo mismo. Si el precio expulsa veh\u00edculos \u2014sobre todo camiones\u2014 hacia las v\u00edas convencionales, la contabilidad puede mejorar mientras empeora la seguridad.<\/span><\/span><\/p>\n<p class=\"isSelectedEnd\"><span><span dir=\"auto\"><span class=\"\" dir=\"auto\">En Tarragona, el riesgo de accidente grave o mortal en una carretera convencional es cuatro veces superior al de una v\u00eda desdoblada; en Girona, seis veces. La raz\u00f3n es f\u00edsica: un carril por sentido, circulaciones opuestas sin separaci\u00f3n, adelantamientos, intersecciones, curvas y arcenes insuficientes. Por eso,\u00a0<\/span><\/span><strong><span dir=\"auto\"><span class=\"\" dir=\"auto\">un eventual sistema de pago por uso<\/span><\/span><\/strong><span dir=\"auto\"><span class=\"\" dir=\"auto\">\u00a0deber\u00eda modularse seg\u00fan los kil\u00f3metros recorridos, el peso, las emisiones y el tipo de uso, pero manteniendo el transporte pesado de largo recorrido dentro de las v\u00edas de alta capacidad.<\/span><\/span><\/span><\/p>\n<p class=\"isSelectedEnd\"><span><strong><span dir=\"auto\"><span class=\"\" dir=\"auto\">La C-26 entre Solsona y Berga resume a la otra Catalunya.<\/span><\/span><\/strong><span dir=\"auto\"><span class=\"\" dir=\"auto\">\u00a0Una conexi\u00f3n entre dos capitales comarcales que todav\u00eda conserva tramos estrechos, sinuosos e inadecuados. La propia Generalitat reconoce el problema cuando proyecta\u00a0<\/span><\/span><\/span><a href=\"https:\/\/govern.cat\/salapremsa\/notes-premsa\/461562\/territori-impulsa-redaccio-del-projecte-un-nou-tracat-c-26-naves-montmajor\" target=\"_blank\" rel=\"noopener\"><span><span dir=\"auto\"><span class=\"\" dir=\"auto\">nuevos trazados entre Nav\u00e8s y Montmajor<\/span><\/span><\/span><\/a><span><span dir=\"auto\"><span class=\"\" dir=\"auto\">\u00a0para suavizar curvas y ensanchar la calzada. El pa\u00eds ha pasado de los seis millones de habitantes de 1987 a los m\u00e1s de ocho millones actuales, pero parte de su red interior a\u00fan parece dise\u00f1ada para una \u00e9poca en la que los viajes se med\u00edan en jornadas.<\/span><\/span><\/span><\/p>\n<p class=\"isSelectedEnd\"><span><strong><span dir=\"auto\">Y queda el ferrocarril, que deber\u00eda ser la alternativa.<\/span><\/strong><span dir=\"auto\">\u00a0En junio de 2026, solo el 50,5% de los<a href=\"https:\/\/conversesacatalunya.cat\/es\/rodalies-sigue-colapso-8-anos-gobernando\/\" target=\"_blank\" rel=\"noopener\">\u00a0<\/a><\/span><a href=\"https:\/\/conversesacatalunya.cat\/es\/rodalies-sigue-colapso-8-anos-gobernando\/\" target=\"_blank\" rel=\"noopener\"><span dir=\"auto\">trenes de Cercan\u00edas<\/span><\/a><span dir=\"auto\">\u00a0cumpli\u00f3 el horario programado, y los que llegaron tarde acumularon una demora media de 22,3 minutos, seg\u00fan los\u00a0<\/span><\/span><span><span dir=\"auto\">datos de Renfe publicados por\u00a0<\/span><\/span><em><span><span dir=\"auto\">El Pa\u00eds.<\/span><\/span><\/em><span><span dir=\"auto\">\u00a0El nuevo\u00a0<\/span><\/span><a href=\"https:\/\/territori.gencat.cat\/ca\/detalls\/Article\/pla-rodalies-2026-30-00001\" target=\"_blank\" rel=\"noopener\"><span><span dir=\"auto\">Plan de Cercan\u00edas 2026-2030<\/span><\/span><\/a><span><span dir=\"auto\">\u00a0promete 8.037 millones de euros, mayor mantenimiento, 110 trenes y 287 actuaciones. Los verbos siguen en futuro, que es el tiempo verbal predilecto de las infraestructuras catalanas.<\/span><\/span><\/p>\n<p class=\"isSelectedEnd\"><span><span dir=\"auto\">La soluci\u00f3n no es un peaje solitario, ni un tercer carril desconectado, ni otro plan ferroviario. Es necesario descongestionar la AP-7, ampliar los tramos cr\u00edticos, hacer seguras las carreteras convencionales, modernizar los enlaces intercomarcales y convertir Cercan\u00edas y Regionales en una alternativa cre\u00edble.<\/span><\/span><\/p>\n<p><span><span dir=\"auto\">Parece un programa extraordinariamente ambicioso. En realidad, es simplemente lo que exige un pa\u00eds normal.<\/span><\/span><\/p>\n<span class='bctt-click-to-tweet'><span class='bctt-ctt-text'><a href='https:\/\/x.com\/intent\/tweet?url=https%3A%2F%2Fconversesacatalunya.cat%2Fes%2Fcolapso-ap7-carreteras-cercanias-catalunya%2F&#038;text=Suprimimos%20los%20peajes%20antes%20de%20terminar%20el%20estudio%20sobre%20qu%C3%A9%20pasar%C3%ADa.%20Cinco%20a%C3%B1os%20despu%C3%A9s%2C%20estudiamos%20volver%20a%20ponerlos.%20Planificaci%C3%B3n%20catalana%20en%20estado%20puro.%20%23AP7%20%23Catalunya&#038;via=conversesacat&#038;related=conversesacat' target='_blank'rel=\"noopener noreferrer\">Suprimimos los peajes antes de terminar el estudio sobre qu\u00e9 pasar\u00eda. Cinco a\u00f1os despu\u00e9s, estudiamos volver a ponerlos. Planificaci\u00f3n catalana en estado puro. #AP7 #Catalunya <\/a><\/span><a href='https:\/\/x.com\/intent\/tweet?url=https%3A%2F%2Fconversesacatalunya.cat%2Fes%2Fcolapso-ap7-carreteras-cercanias-catalunya%2F&#038;text=Suprimimos%20los%20peajes%20antes%20de%20terminar%20el%20estudio%20sobre%20qu%C3%A9%20pasar%C3%ADa.%20Cinco%20a%C3%B1os%20despu%C3%A9s%2C%20estudiamos%20volver%20a%20ponerlos.%20Planificaci%C3%B3n%20catalana%20en%20estado%20puro.%20%23AP7%20%23Catalunya&#038;via=conversesacat&#038;related=conversesacat' target='_blank' class='bctt-ctt-btn'rel=\"noopener noreferrer\">Compartir en X<\/a><\/span>\n<div id=\"polls-337\" class=\"wp-polls\">\n\t<form id=\"polls_form_337\" class=\"wp-polls-form\" action=\"\/index.php\" method=\"post\">\n\t\t<p style=\"display: none;\"><input type=\"hidden\" id=\"poll_337_nonce\" name=\"wp-polls-nonce\" value=\"c76f32ac40\" \/><\/p>\n\t\t<p style=\"display: none;\"><input type=\"hidden\" name=\"poll_id\" value=\"337\" \/><\/p>\n\t\t<p style=\"text-align: center\"><strong>De 0 a 4, com valores la gesti\u00f3 de la crisi de Ceuta per part de S\u00e1nchez?<\/strong><\/p><div id=\"polls-337-ans\" class=\"wp-polls-ans\"><ul class=\"wp-polls-ul\">\n\t\t<li><input type=\"radio\" id=\"poll-answer-970\" name=\"poll_337\" value=\"970\" \/> <label for=\"poll-answer-970\">0- Molt malament<\/label><\/li>\n\t\t<li><input type=\"radio\" id=\"poll-answer-971\" name=\"poll_337\" value=\"971\" \/> <label for=\"poll-answer-971\">1- Malament<\/label><\/li>\n\t\t<li><input type=\"radio\" id=\"poll-answer-972\" name=\"poll_337\" value=\"972\" \/> <label for=\"poll-answer-972\">2- Regular<\/label><\/li>\n\t\t<li><input type=\"radio\" id=\"poll-answer-973\" name=\"poll_337\" value=\"973\" \/> <label for=\"poll-answer-973\">3- B\u00e9<\/label><\/li>\n\t\t<li><input type=\"radio\" id=\"poll-answer-974\" name=\"poll_337\" value=\"974\" \/> <label for=\"poll-answer-974\">4- Molt b\u00e9<\/label><\/li>\n\t\t<\/ul><p style=\"text-align: center\"><input type=\"button\" name=\"vote\" value=\"   Vota   \" class=\"Buttons\" onclick=\"poll_vote(337);\" \/><\/p><p style=\"text-align: center\"><a href=\"#ViewPollResults\" onclick=\"poll_result(337); return false;\" title=\"View Results Of This Poll\">Mira els resultats<\/a><\/p><\/div>\n\t<\/form>\n<\/div>\n<div id=\"polls-337-loading\" class=\"wp-polls-loading\"><img decoding=\"async\" data-src=\"https:\/\/conversesacatalunya.cat\/wp-content\/plugins\/wp-polls\/images\/loading.gif\" width=\"16\" height=\"16\" alt=\"Cargando ...\" title=\"Cargando ...\" class=\"wp-polls-image lazyload\" src=\"data:image\/svg+xml;base64,PHN2ZyB3aWR0aD0iMSIgaGVpZ2h0PSIxIiB4bWxucz0iaHR0cDovL3d3dy53My5vcmcvMjAwMC9zdmciPjwvc3ZnPg==\" style=\"--smush-placeholder-width: 16px; --smush-placeholder-aspect-ratio: 16\/16;\" \/>&nbsp;Cargando ...<\/div>\n\n","protected":false},"excerpt":{"rendered":"<p>Hay problemas complejos y despu\u00e9s est\u00e1\u00a0el problema catal\u00e1n de la movilidad,\u00a0que hemos conseguido complicar met\u00f3dicamente. Primero concentramos al pa\u00eds en un gran corredor litoral. Luego dejamos envejecer las carreteras interiores. Mientras, permitimos que el ferrocarril se convirtiera en una aventura. Y, finalmente, suprimimos los peajes sin disponer de un plan solvente para absorber sus consecuencias. La obra es completa: una autopista colapsada, unas carreteras convencionales peligrosas y un tren que recomienda paciencia. El 1 de septiembre de 2021, el Gobierno espa\u00f1ol levant\u00f3 las barreras de 262 kil\u00f3metros de la AP-7 y 215 de la AP-2. La\u00a0nota oficial de La Moncloa\u00a0celebraba un ahorro de 752 millones de euros anuales para los usuarios y auguraba una mejor distribuci\u00f3n del tr\u00e1fico, menor congesti\u00f3n, mayor seguridad y menor contaminaci\u00f3n. Todo a la vez.\u00a0El Estado estaba a\u00fan elaborando \u00abun estudio previo de demanda y necesidades\u00bb, pero las barreras ya sub\u00edan. Es una forma muy moderna de planificar: primero se adopta la decisi\u00f3n y despu\u00e9s se estudia qu\u00e9 puede pasar. Cinco a\u00f1os m\u00e1s tarde, las\u00a0estimaciones recogidas por 3Cat\u00a0sit\u00faan el aumento del tr\u00e1fico de turismos en torno al 50% y el de los camiones en el 66%. La AP-7 es hoy la gran arteria del pa\u00eds y, a su vez, su principal trombo. Cuando hay un accidente, una aver\u00eda o una operaci\u00f3n salida, el sistema se detiene porque\u00a0apenas dispone de v\u00edas alternativas. En el tramo ebrense, con solo dos carriles por sentido, unos 12.000 camiones diarios convierten cualquier incidencia en una crisis territorial. Una autopista sigue siendo mucho m\u00e1s segura que una carretera convencional: calzadas separadas, accesos controlados, ausencia de cruces al mismo nivel y menor riesgo de colisiones frontales. Pero esa superioridad no hace inocua la saturaci\u00f3n. Seg\u00fan el\u00a0Mapa de riesgo iRAP del RACC y el Servei Catal\u00e0 de Tr\u00e0nsit,\u00a0en Tarragona los accidentes graves y mortales crecieron un 11,5% en el trienio 2022-2024, mientras que la movilidad lo hizo un 5,6%. El riesgo por veh\u00edculo aument\u00f3 un 4,9%. Los camiones, adem\u00e1s, aparecen en el 41,7% de los accidentes graves de la AP-7 tarraconense, pese a representar el 25,9% del tr\u00e1fico. Esto no significa que el camionero sea culpable de cada siniestro, sino que la masa de los veh\u00edculos, la distancia de frenado y la ocupaci\u00f3n de la calzada pueden agravar sus consecuencias. En Girona, el\u00a0\u00faltimo estudio del RACC\u00a0eleva al 55,3% la presencia de camiones en los accidentes graves de los tramos de la AP-7. Ante esta situaci\u00f3n, el Gobierno de Illa ha descubierto el peaje.\u00a0Es posible que una vi\u00f1eta o un pago por uso sean necesarios para financiar el mantenimiento. Pero financiar y descongestionar no son lo mismo. Si el precio expulsa veh\u00edculos \u2014sobre todo camiones\u2014 hacia las v\u00edas convencionales, la contabilidad puede mejorar mientras empeora la seguridad. En Tarragona, el riesgo de accidente grave o mortal en una carretera convencional es cuatro veces superior al de una v\u00eda desdoblada; en Girona, seis veces. La raz\u00f3n es f\u00edsica: un carril por sentido, circulaciones opuestas sin separaci\u00f3n, adelantamientos, intersecciones, curvas y arcenes insuficientes. Por eso,\u00a0un eventual sistema de pago por uso\u00a0deber\u00eda modularse seg\u00fan los kil\u00f3metros recorridos, el peso, las emisiones y el tipo de uso, pero manteniendo el transporte pesado de largo recorrido dentro de las v\u00edas de alta capacidad. La C-26 entre Solsona y Berga resume a la otra Catalunya.\u00a0Una conexi\u00f3n entre dos capitales comarcales que todav\u00eda conserva tramos estrechos, sinuosos e inadecuados. La propia Generalitat reconoce el problema cuando proyecta\u00a0nuevos trazados entre Nav\u00e8s y Montmajor\u00a0para suavizar curvas y ensanchar la calzada. El pa\u00eds ha pasado de los seis millones de habitantes de 1987 a los m\u00e1s de ocho millones actuales, pero parte de su red interior a\u00fan parece dise\u00f1ada para una \u00e9poca en la que los viajes se med\u00edan en jornadas. Y queda el ferrocarril, que deber\u00eda ser la alternativa.\u00a0En junio de 2026, solo el 50,5% de los\u00a0trenes de Cercan\u00edas\u00a0cumpli\u00f3 el horario programado, y los que llegaron tarde acumularon una demora media de 22,3 minutos, seg\u00fan los\u00a0datos de Renfe publicados por\u00a0El Pa\u00eds.\u00a0El nuevo\u00a0Plan de Cercan\u00edas 2026-2030\u00a0promete 8.037 millones de euros, mayor mantenimiento, 110 trenes y 287 actuaciones. Los verbos siguen en futuro, que es el tiempo verbal predilecto de las infraestructuras catalanas. La soluci\u00f3n no es un peaje solitario, ni un tercer carril desconectado, ni otro plan ferroviario. Es necesario descongestionar la AP-7, ampliar los tramos cr\u00edticos, hacer seguras las carreteras convencionales, modernizar los enlaces intercomarcales y convertir Cercan\u00edas y Regionales en una alternativa cre\u00edble. Parece un programa extraordinariamente ambicioso. En realidad, es simplemente lo que exige un pa\u00eds normal.<\/p>\n","protected":false},"author":78,"featured_media":100978,"comment_status":"open","ping_status":"open","sticky":false,"template":"","format":"standard","meta":{"_FSMCFIC_featured_image_caption":"creada amb IA","_FSMCFIC_featured_image_nocaption":"1","_FSMCFIC_featured_image_hide":"","footnotes":""},"categories":[806],"tags":[4756,5258,5257],"class_list":["post-100980","post","type-post","status-publish","format-standard","has-post-thumbnail","hentry","category-punts-claus-del-dia-es","tag-ap-7-es","tag-cercanias","tag-rodalies-es"],"yoast_head":"<!-- This site is optimized with the Yoast SEO plugin v26.8 - https:\/\/yoast.com\/product\/yoast-seo-wordpress\/ -->\n<title>AP-7, carreteras y Cercan\u00edas: el colapso catal\u00e1n en tres actos - Converses a Catalunya<\/title>\n<meta name=\"description\" content=\"Colapso de la AP-7 en Catalunya. Carreteras convencionales peligrosas y unas Cercan\u00edas incapaces de ofrecer una alternativa fiable.\" \/>\n<meta name=\"robots\" content=\"index, follow, max-snippet:-1, max-image-preview:large, max-video-preview:-1\" \/>\n<link rel=\"canonical\" href=\"https:\/\/conversesacatalunya.cat\/es\/colapso-ap7-carreteras-cercanias-catalunya\/\" \/>\n<meta property=\"og:locale\" content=\"es_ES\" \/>\n<meta property=\"og:type\" content=\"article\" \/>\n<meta property=\"og:title\" content=\"AP-7, carreteras y Cercan\u00edas: el colapso catal\u00e1n en tres actos - Converses a Catalunya\" \/>\n<meta property=\"og:description\" content=\"Colapso de la AP-7 en Catalunya. Carreteras convencionales peligrosas y unas Cercan\u00edas incapaces de ofrecer una alternativa fiable.\" \/>\n<meta property=\"og:url\" content=\"https:\/\/conversesacatalunya.cat\/es\/colapso-ap7-carreteras-cercanias-catalunya\/\" \/>\n<meta property=\"og:site_name\" content=\"Converses a Catalunya\" \/>\n<meta property=\"article:published_time\" content=\"2026-08-31T04:39:42+00:00\" \/>\n<meta property=\"article:modified_time\" content=\"2026-08-31T10:44:14+00:00\" \/>\n<meta property=\"og:image\" content=\"https:\/\/conversesacatalunya.cat\/wp-content\/uploads\/2026\/08\/AP7_Tarragona_100KB.jpg\" \/>\n\t<meta property=\"og:image:width\" content=\"1400\" \/>\n\t<meta property=\"og:image:height\" content=\"933\" \/>\n\t<meta property=\"og:image:type\" content=\"image\/jpeg\" \/>\n<meta name=\"author\" content=\"Joan Masip\" \/>\n<meta name=\"twitter:card\" content=\"summary_large_image\" \/>\n<meta name=\"twitter:label1\" content=\"Escrito por\" \/>\n\t<meta name=\"twitter:data1\" content=\"Joan Masip\" \/>\n\t<meta name=\"twitter:label2\" content=\"Tiempo de lectura\" \/>\n\t<meta name=\"twitter:data2\" content=\"4 minutos\" \/>\n<script type=\"application\/ld+json\" class=\"yoast-schema-graph\">{\"@context\":\"https:\/\/schema.org\",\"@graph\":[{\"@type\":\"Article\",\"@id\":\"https:\/\/conversesacatalunya.cat\/es\/colapso-ap7-carreteras-cercanias-catalunya\/#article\",\"isPartOf\":{\"@id\":\"https:\/\/conversesacatalunya.cat\/es\/colapso-ap7-carreteras-cercanias-catalunya\/\"},\"author\":{\"name\":\"Joan Masip\",\"@id\":\"https:\/\/conversesacatalunya.cat\/#\/schema\/person\/311d0bf53def217d5124c78a7bc42275\"},\"headline\":\"AP-7, carreteras y Cercan\u00edas: el colapso catal\u00e1n en tres actos\",\"datePublished\":\"2026-08-31T04:39:42+00:00\",\"dateModified\":\"2026-08-31T10:44:14+00:00\",\"mainEntityOfPage\":{\"@id\":\"https:\/\/conversesacatalunya.cat\/es\/colapso-ap7-carreteras-cercanias-catalunya\/\"},\"wordCount\":858,\"commentCount\":0,\"image\":{\"@id\":\"https:\/\/conversesacatalunya.cat\/es\/colapso-ap7-carreteras-cercanias-catalunya\/#primaryimage\"},\"thumbnailUrl\":\"https:\/\/conversesacatalunya.cat\/wp-content\/uploads\/2026\/08\/AP7_Tarragona_100KB.jpg\",\"keywords\":[\"AP-7\",\"cercan\u00edas\",\"rodalies\"],\"articleSection\":[\"Punts clau del dia (ES)\"],\"inLanguage\":\"es\",\"potentialAction\":[{\"@type\":\"CommentAction\",\"name\":\"Comment\",\"target\":[\"https:\/\/conversesacatalunya.cat\/es\/colapso-ap7-carreteras-cercanias-catalunya\/#respond\"]}]},{\"@type\":\"WebPage\",\"@id\":\"https:\/\/conversesacatalunya.cat\/es\/colapso-ap7-carreteras-cercanias-catalunya\/\",\"url\":\"https:\/\/conversesacatalunya.cat\/es\/colapso-ap7-carreteras-cercanias-catalunya\/\",\"name\":\"AP-7, carreteras y Cercan\u00edas: el colapso catal\u00e1n en tres actos - Converses a Catalunya\",\"isPartOf\":{\"@id\":\"https:\/\/conversesacatalunya.cat\/#website\"},\"primaryImageOfPage\":{\"@id\":\"https:\/\/conversesacatalunya.cat\/es\/colapso-ap7-carreteras-cercanias-catalunya\/#primaryimage\"},\"image\":{\"@id\":\"https:\/\/conversesacatalunya.cat\/es\/colapso-ap7-carreteras-cercanias-catalunya\/#primaryimage\"},\"thumbnailUrl\":\"https:\/\/conversesacatalunya.cat\/wp-content\/uploads\/2026\/08\/AP7_Tarragona_100KB.jpg\",\"datePublished\":\"2026-08-31T04:39:42+00:00\",\"dateModified\":\"2026-08-31T10:44:14+00:00\",\"author\":{\"@id\":\"https:\/\/conversesacatalunya.cat\/#\/schema\/person\/311d0bf53def217d5124c78a7bc42275\"},\"description\":\"Colapso de la AP-7 en Catalunya. Carreteras convencionales peligrosas y unas Cercan\u00edas incapaces de ofrecer una alternativa fiable.\",\"breadcrumb\":{\"@id\":\"https:\/\/conversesacatalunya.cat\/es\/colapso-ap7-carreteras-cercanias-catalunya\/#breadcrumb\"},\"inLanguage\":\"es\",\"potentialAction\":[{\"@type\":\"ReadAction\",\"target\":[\"https:\/\/conversesacatalunya.cat\/es\/colapso-ap7-carreteras-cercanias-catalunya\/\"]}]},{\"@type\":\"ImageObject\",\"inLanguage\":\"es\",\"@id\":\"https:\/\/conversesacatalunya.cat\/es\/colapso-ap7-carreteras-cercanias-catalunya\/#primaryimage\",\"url\":\"https:\/\/conversesacatalunya.cat\/wp-content\/uploads\/2026\/08\/AP7_Tarragona_100KB.jpg\",\"contentUrl\":\"https:\/\/conversesacatalunya.cat\/wp-content\/uploads\/2026\/08\/AP7_Tarragona_100KB.jpg\",\"width\":1400,\"height\":933,\"caption\":\"colapso de la AP-7 en Catalunya\"},{\"@type\":\"BreadcrumbList\",\"@id\":\"https:\/\/conversesacatalunya.cat\/es\/colapso-ap7-carreteras-cercanias-catalunya\/#breadcrumb\",\"itemListElement\":[{\"@type\":\"ListItem\",\"position\":1,\"name\":\"Inici\",\"item\":\"https:\/\/conversesacatalunya.cat\/es\/\"},{\"@type\":\"ListItem\",\"position\":2,\"name\":\"AP-7, carreteras y Cercan\u00edas: el colapso catal\u00e1n en tres actos\"}]},{\"@type\":\"WebSite\",\"@id\":\"https:\/\/conversesacatalunya.cat\/#website\",\"url\":\"https:\/\/conversesacatalunya.cat\/\",\"name\":\"Converses a Catalunya\",\"description\":\"\",\"potentialAction\":[{\"@type\":\"SearchAction\",\"target\":{\"@type\":\"EntryPoint\",\"urlTemplate\":\"https:\/\/conversesacatalunya.cat\/?s={search_term_string}\"},\"query-input\":{\"@type\":\"PropertyValueSpecification\",\"valueRequired\":true,\"valueName\":\"search_term_string\"}}],\"inLanguage\":\"es\"},{\"@type\":\"Person\",\"@id\":\"https:\/\/conversesacatalunya.cat\/#\/schema\/person\/311d0bf53def217d5124c78a7bc42275\",\"name\":\"Joan Masip\",\"image\":{\"@type\":\"ImageObject\",\"inLanguage\":\"es\",\"@id\":\"https:\/\/conversesacatalunya.cat\/#\/schema\/person\/image\/\",\"url\":\"https:\/\/secure.gravatar.com\/avatar\/f645c87d7ac29612cfb5b33f70f29ae4?s=96&d=mm&r=g\",\"contentUrl\":\"https:\/\/secure.gravatar.com\/avatar\/f645c87d7ac29612cfb5b33f70f29ae4?s=96&d=mm&r=g\",\"caption\":\"Joan Masip\"},\"url\":\"https:\/\/conversesacatalunya.cat\/es\/author\/joan-masip\/\"}]}<\/script>\n<!-- \/ Yoast SEO plugin. -->","yoast_head_json":{"title":"AP-7, carreteras y Cercan\u00edas: el colapso catal\u00e1n en tres actos - Converses a Catalunya","description":"Colapso de la AP-7 en Catalunya. Carreteras convencionales peligrosas y unas Cercan\u00edas incapaces de ofrecer una alternativa fiable.","robots":{"index":"index","follow":"follow","max-snippet":"max-snippet:-1","max-image-preview":"max-image-preview:large","max-video-preview":"max-video-preview:-1"},"canonical":"https:\/\/conversesacatalunya.cat\/es\/colapso-ap7-carreteras-cercanias-catalunya\/","og_locale":"es_ES","og_type":"article","og_title":"AP-7, carreteras y Cercan\u00edas: el colapso catal\u00e1n en tres actos - Converses a Catalunya","og_description":"Colapso de la AP-7 en Catalunya. Carreteras convencionales peligrosas y unas Cercan\u00edas incapaces de ofrecer una alternativa fiable.","og_url":"https:\/\/conversesacatalunya.cat\/es\/colapso-ap7-carreteras-cercanias-catalunya\/","og_site_name":"Converses a Catalunya","article_published_time":"2026-08-31T04:39:42+00:00","article_modified_time":"2026-08-31T10:44:14+00:00","og_image":[{"width":1400,"height":933,"url":"https:\/\/conversesacatalunya.cat\/wp-content\/uploads\/2026\/08\/AP7_Tarragona_100KB.jpg","type":"image\/jpeg"}],"author":"Joan Masip","twitter_card":"summary_large_image","twitter_misc":{"Escrito por":"Joan Masip","Tiempo de lectura":"4 minutos"},"schema":{"@context":"https:\/\/schema.org","@graph":[{"@type":"Article","@id":"https:\/\/conversesacatalunya.cat\/es\/colapso-ap7-carreteras-cercanias-catalunya\/#article","isPartOf":{"@id":"https:\/\/conversesacatalunya.cat\/es\/colapso-ap7-carreteras-cercanias-catalunya\/"},"author":{"name":"Joan Masip","@id":"https:\/\/conversesacatalunya.cat\/#\/schema\/person\/311d0bf53def217d5124c78a7bc42275"},"headline":"AP-7, carreteras y Cercan\u00edas: el colapso catal\u00e1n en tres actos","datePublished":"2026-08-31T04:39:42+00:00","dateModified":"2026-08-31T10:44:14+00:00","mainEntityOfPage":{"@id":"https:\/\/conversesacatalunya.cat\/es\/colapso-ap7-carreteras-cercanias-catalunya\/"},"wordCount":858,"commentCount":0,"image":{"@id":"https:\/\/conversesacatalunya.cat\/es\/colapso-ap7-carreteras-cercanias-catalunya\/#primaryimage"},"thumbnailUrl":"https:\/\/conversesacatalunya.cat\/wp-content\/uploads\/2026\/08\/AP7_Tarragona_100KB.jpg","keywords":["AP-7","cercan\u00edas","rodalies"],"articleSection":["Punts clau del dia (ES)"],"inLanguage":"es","potentialAction":[{"@type":"CommentAction","name":"Comment","target":["https:\/\/conversesacatalunya.cat\/es\/colapso-ap7-carreteras-cercanias-catalunya\/#respond"]}]},{"@type":"WebPage","@id":"https:\/\/conversesacatalunya.cat\/es\/colapso-ap7-carreteras-cercanias-catalunya\/","url":"https:\/\/conversesacatalunya.cat\/es\/colapso-ap7-carreteras-cercanias-catalunya\/","name":"AP-7, carreteras y Cercan\u00edas: el colapso catal\u00e1n en tres actos - Converses a Catalunya","isPartOf":{"@id":"https:\/\/conversesacatalunya.cat\/#website"},"primaryImageOfPage":{"@id":"https:\/\/conversesacatalunya.cat\/es\/colapso-ap7-carreteras-cercanias-catalunya\/#primaryimage"},"image":{"@id":"https:\/\/conversesacatalunya.cat\/es\/colapso-ap7-carreteras-cercanias-catalunya\/#primaryimage"},"thumbnailUrl":"https:\/\/conversesacatalunya.cat\/wp-content\/uploads\/2026\/08\/AP7_Tarragona_100KB.jpg","datePublished":"2026-08-31T04:39:42+00:00","dateModified":"2026-08-31T10:44:14+00:00","author":{"@id":"https:\/\/conversesacatalunya.cat\/#\/schema\/person\/311d0bf53def217d5124c78a7bc42275"},"description":"Colapso de la AP-7 en Catalunya. Carreteras convencionales peligrosas y unas Cercan\u00edas incapaces de ofrecer una alternativa fiable.","breadcrumb":{"@id":"https:\/\/conversesacatalunya.cat\/es\/colapso-ap7-carreteras-cercanias-catalunya\/#breadcrumb"},"inLanguage":"es","potentialAction":[{"@type":"ReadAction","target":["https:\/\/conversesacatalunya.cat\/es\/colapso-ap7-carreteras-cercanias-catalunya\/"]}]},{"@type":"ImageObject","inLanguage":"es","@id":"https:\/\/conversesacatalunya.cat\/es\/colapso-ap7-carreteras-cercanias-catalunya\/#primaryimage","url":"https:\/\/conversesacatalunya.cat\/wp-content\/uploads\/2026\/08\/AP7_Tarragona_100KB.jpg","contentUrl":"https:\/\/conversesacatalunya.cat\/wp-content\/uploads\/2026\/08\/AP7_Tarragona_100KB.jpg","width":1400,"height":933,"caption":"colapso de la AP-7 en Catalunya"},{"@type":"BreadcrumbList","@id":"https:\/\/conversesacatalunya.cat\/es\/colapso-ap7-carreteras-cercanias-catalunya\/#breadcrumb","itemListElement":[{"@type":"ListItem","position":1,"name":"Inici","item":"https:\/\/conversesacatalunya.cat\/es\/"},{"@type":"ListItem","position":2,"name":"AP-7, carreteras y Cercan\u00edas: el colapso catal\u00e1n en tres actos"}]},{"@type":"WebSite","@id":"https:\/\/conversesacatalunya.cat\/#website","url":"https:\/\/conversesacatalunya.cat\/","name":"Converses a Catalunya","description":"","potentialAction":[{"@type":"SearchAction","target":{"@type":"EntryPoint","urlTemplate":"https:\/\/conversesacatalunya.cat\/?s={search_term_string}"},"query-input":{"@type":"PropertyValueSpecification","valueRequired":true,"valueName":"search_term_string"}}],"inLanguage":"es"},{"@type":"Person","@id":"https:\/\/conversesacatalunya.cat\/#\/schema\/person\/311d0bf53def217d5124c78a7bc42275","name":"Joan Masip","image":{"@type":"ImageObject","inLanguage":"es","@id":"https:\/\/conversesacatalunya.cat\/#\/schema\/person\/image\/","url":"https:\/\/secure.gravatar.com\/avatar\/f645c87d7ac29612cfb5b33f70f29ae4?s=96&d=mm&r=g","contentUrl":"https:\/\/secure.gravatar.com\/avatar\/f645c87d7ac29612cfb5b33f70f29ae4?s=96&d=mm&r=g","caption":"Joan Masip"},"url":"https:\/\/conversesacatalunya.cat\/es\/author\/joan-masip\/"}]}},"wps_subtitle":"El debate sobre los peajes esconde una crisis m\u00e1s profunda: Catalunya no dispone de una red integrada de autopistas, carreteras seguras y ferrocarriles fiables.","_links":{"self":[{"href":"https:\/\/conversesacatalunya.cat\/es\/wp-json\/wp\/v2\/posts\/100980","targetHints":{"allow":["GET"]}}],"collection":[{"href":"https:\/\/conversesacatalunya.cat\/es\/wp-json\/wp\/v2\/posts"}],"about":[{"href":"https:\/\/conversesacatalunya.cat\/es\/wp-json\/wp\/v2\/types\/post"}],"author":[{"embeddable":true,"href":"https:\/\/conversesacatalunya.cat\/es\/wp-json\/wp\/v2\/users\/78"}],"replies":[{"embeddable":true,"href":"https:\/\/conversesacatalunya.cat\/es\/wp-json\/wp\/v2\/comments?post=100980"}],"version-history":[{"count":11,"href":"https:\/\/conversesacatalunya.cat\/es\/wp-json\/wp\/v2\/posts\/100980\/revisions"}],"predecessor-version":[{"id":101029,"href":"https:\/\/conversesacatalunya.cat\/es\/wp-json\/wp\/v2\/posts\/100980\/revisions\/101029"}],"wp:featuredmedia":[{"embeddable":true,"href":"https:\/\/conversesacatalunya.cat\/es\/wp-json\/wp\/v2\/media\/100978"}],"wp:attachment":[{"href":"https:\/\/conversesacatalunya.cat\/es\/wp-json\/wp\/v2\/media?parent=100980"}],"wp:term":[{"taxonomy":"category","embeddable":true,"href":"https:\/\/conversesacatalunya.cat\/es\/wp-json\/wp\/v2\/categories?post=100980"},{"taxonomy":"post_tag","embeddable":true,"href":"https:\/\/conversesacatalunya.cat\/es\/wp-json\/wp\/v2\/tags?post=100980"}],"curies":[{"name":"wp","href":"https:\/\/api.w.org\/{rel}","templated":true}]}}